{"id":9288,"date":"2019-11-23T18:59:22","date_gmt":"2019-11-23T17:59:22","guid":{"rendered":"https:\/\/www.wetter-center.de\/blog\/?p=9288"},"modified":"2020-12-03T08:24:56","modified_gmt":"2020-12-03T07:24:56","slug":"winterurlaub-auf-mallorca","status":"publish","type":"post","link":"https:\/\/www.wetter-center.de\/blog\/winterurlaub-auf-mallorca\/","title":{"rendered":"Winterurlaub auf Mallorca?"},"content":{"rendered":"\n<p>Mallorca, beliebtes Reiseziel vieler Deutscher und deshalb oft scherzhaft als 17. Bundesland bezeichnet, ist nicht nur im Sommer eine Reise Wert. Schaut man sich das Klima der Insel genauer an, findet man zum Teil \u00fcberraschendes.<\/p>\n\n\n\n<figure class=\"wp-block-image is-resized\"><img loading=\"lazy\" decoding=\"async\" src=\"http:\/\/www.wetter-center.de\/blog\/wp-content\/uploads\/2011\/10\/800px-cala_ratjada.JPG\" alt=\"Cala Ratjada\" width=\"520\" height=\"400\"\/><\/figure>\n\n\n\n<p>Wer die&nbsp;<strong>W\u00e4rme<\/strong>&nbsp;liebt, sollte am ehesten in den Monaten&nbsp;<strong>Juni bis September<\/strong>&nbsp;nach Mallorca reisen, entsprechende Reiseveranstalter mit Bewertungen findet man auf  <a rel=\"noreferrer noopener\" aria-label=\" (\u00f6ffnet in einem neuem Tab)\" href=\"https:\/\/erfahrungenscout.de\/bewertungen\/urlaub\" target=\"_blank\">ErfahrungenScout<\/a>. Die H\u00f6chstwerte liegen im Sommer in der Regel zwischen 27 und 31\u00b0C, es kann aber durchaus auch unangenehm hei\u00df werden, wenn Sahara-Luft aus Afrika heranweht. Der Temperaturrekord f\u00fcr Palma liegt bei 41,4\u00b0C vom 25. Juni 2001.<\/p>\n\n\n\n<p>Im Verlauf des&nbsp;<strong>September&nbsp;<\/strong>stellt sich dann allerdings zunehmend wechselhafteres Wetter mit Schauern oder Gewittern ein, so dass im Mittel in diesem Monat knapp 50 Liter Regen pro Quadratmeter zusammenkommen, mehr als zum Beispiel in Berlin! Allerdings regnet es nur an einigen wenigen Tagen. Auch die h\u00f6chsten <strong>Wassertemperaturen<\/strong> werden in diesen Monaten erreicht, wobei der H\u00f6hepunkt im August mit Werten um 25\u00b0C erreicht wird. Bis in den Oktober hinein bleibt das Mittelmeer um Mallorca aber \u00fcber 20\u00b0C warm.<\/p>\n\n\n\n<p>Die&nbsp;<a href=\"http:\/\/www.wetter-center.de\/blog\/?p=488\">Herbstmonate<\/a>&nbsp;<strong>Oktober und November<\/strong>&nbsp;sind nicht die besten Monate f\u00fcr einen Mallorca-Urlaub. H\u00e4ufig ziehen Tiefdruckgebiete mit Schauer und Gewitter \u00fcber die Insel und regnet es im Mittel \u00fcber 60 Liter Regen pro Quadratmeter und Monat und damit mehr als doppelt so viel wie in Berlin. <\/p>\n\n\n\n<p>Im Herbst treten zudem die sogenannten &#8220;<strong>Medicanes<\/strong>&#8221; auf. Dieser Begriff bezeichnet ein <strong>mediterranes Sturmtief<\/strong>, das \u00c4hnlichkeiten zu den tropischen Hurrikanen aufweist, die im Atlantik entstehen. Der Grund daf\u00fcr, dass Medicane vor allem im Herbst auftreten, ist der zu dieser Zeit herrschende hohe <strong>Temperaturunterschied<\/strong> zwischen kalter, aus dem Norden herangef\u00fchrter Polarluft und dem noch warmen Wasser des Mittelmeers.<\/p>\n\n\n\n<p>Dieser Temperaturunterschied beg\u00fcnstigt die Entstehung <strong>hochreichender Schauer- und Gewitterwolken<\/strong>, die um das Tiefdruckzentrum herumgef\u00fchrt werden. Dadurch bildet sich eine \u00e4hnliche Struktur wie es bei den Hurrikanen der Fall ist. Manchmal bildet sich sogar ein <strong>Auge<\/strong>, ein wolkenfreier Bereich, in dem die Luft absinkt. Der Unterschied zu den tropischen St\u00fcrmen ist, dass diese innerhalb der Tropen aus gro\u00dfen Gewitterkomplexen entstehen, die schlie\u00dflich beginnen zu rotieren.<\/p>\n\n\n\n<p>Die Windgeschwindigkeiten in Medicanes erreichen selten Hurrikan-St\u00e4rke, also Windst\u00e4rke 12. Das Gef\u00e4hrlichere an diesen St\u00fcrmen sind vielmehr die Regenmassen. Doch auch fernab des Sturmtiefs kann es zu heftigen Regeng\u00fcssen und Gewittern kommen. <\/p>\n\n\n\n<p>Das f\u00fchrt dann gelegentlich zu&nbsp;<strong>\u00f6rtlichen \u00dcberschwemmungen<\/strong> und sogar Erdrutschen, wenn die Flussbetten, die sogenannten \u201cTorrents\u201d die Wassermengen nicht mehr aufnehmen k\u00f6nnen. Der absolute Monatsrekord liegt bei beachtlichen 241,8 Litern pro Quadratmeter und wurde im Oktober 1994 aufgestellt. Mit H\u00f6chstwerten um die 20\u00b0C ist es aber wenigstens noch angenehm warm.<\/p>\n\n\n\n<p>In den <strong>Wintermonaten<\/strong>&nbsp;herrscht dann oft wechselhaftes Wetter, die Regenmengen gehen aber etwas zur\u00fcck und liegen dann etwa im Bereich der Werte f\u00fcr Berlin, ganz im Gegensatz nat\u00fcrlich zu den Temperaturen, hier sind im Mittel immer noch maximal 15 bis 16\u00b0C zu erwarten, im November sogar noch bis knapp 20\u00b0C. Bei gleichzeitig 18\u00b0C Wassertemperatur kann man da sogar fast noch ans Baden denken.<\/p>\n\n\n\n<p>Im&nbsp;Winter&nbsp;kommt es auch h\u00e4ufig zu <strong>milden, windarmen Wetterlagen<\/strong>, den sogenannten \u201cCalmes\u201d, die dann h\u00e4ufig zur Mandelbl\u00fcte f\u00fchrt. Gelegentlich kann es aber auch recht kalt werden. Der absolute Tiefstwert f\u00fcr Palma wurde am 12. Februar 1956 mit -10,0\u00b0C gemessen. Man sollte also auch auf Mallorca auf eine gute Heizung achten, wenn man im Winter dorthin verreist.<\/p>\n\n\n\n<p>Ab&nbsp;<strong>April&nbsp;<\/strong>darf man dann sich wieder mit H\u00f6chstwerte um die 20\u00b0C einstellen, wobei die Niederschlagsneigung vor\u00fcbergehend wieder zunimmt. Auch im Mai kann es noch den einen oder anderen Gewitterschauer geben, bevor im Juni die Trockenheit und W\u00e4rme wieder einsetzt.<\/p>\n","protected":false},"excerpt":{"rendered":"<p>Mallorca, beliebtes Reiseziel vieler Deutscher und deshalb oft scherzhaft als 17. Bundesland bezeichnet, ist nicht nur im Sommer eine Reise Wert. Schaut man sich das Klima der Insel genauer an, findet man zum Teil&#46;&#46;&#46;<\/p>\n","protected":false},"author":1,"featured_media":9295,"comment_status":"open","ping_status":"open","sticky":false,"template":"","format":"standard","meta":{"footnotes":""},"categories":[5],"tags":[21],"class_list":["post-9288","post","type-post","status-publish","format-standard","has-post-thumbnail","hentry","category-reisewetter","tag-winter"],"yoast_head":"<!-- This site is optimized with the Yoast SEO plugin v25.5 - https:\/\/yoast.com\/wordpress\/plugins\/seo\/ -->\n<title>Winterurlaub auf Mallorca? - Wetter-Center.de<\/title>\n<meta name=\"robots\" content=\"index, follow, max-snippet:-1, max-image-preview:large, max-video-preview:-1\" \/>\n<link rel=\"canonical\" href=\"https:\/\/www.wetter-center.de\/blog\/winterurlaub-auf-mallorca\/\" \/>\n<meta property=\"og:locale\" content=\"de_DE\" \/>\n<meta property=\"og:type\" content=\"article\" \/>\n<meta property=\"og:title\" content=\"Winterurlaub auf Mallorca? - Wetter-Center.de\" \/>\n<meta property=\"og:description\" content=\"Mallorca, beliebtes Reiseziel vieler Deutscher und deshalb oft scherzhaft als 17. Bundesland bezeichnet, ist nicht nur im Sommer eine Reise Wert. Schaut man sich das Klima der Insel genauer an, findet man zum Teil&#046;&#046;&#046;\" \/>\n<meta property=\"og:url\" content=\"https:\/\/www.wetter-center.de\/blog\/winterurlaub-auf-mallorca\/\" \/>\n<meta property=\"og:site_name\" content=\"Wetter-Center.de\" \/>\n<meta property=\"article:publisher\" content=\"https:\/\/www.facebook.com\/WetterUndKlima\" \/>\n<meta property=\"article:author\" content=\"https:\/\/www.facebook.com\/WetterUndKlima\" \/>\n<meta property=\"article:published_time\" content=\"2019-11-23T17:59:22+00:00\" \/>\n<meta property=\"article:modified_time\" content=\"2020-12-03T07:24:56+00:00\" \/>\n<meta property=\"og:image\" content=\"https:\/\/www.wetter-center.de\/blog\/wp-content\/uploads\/2019\/11\/800px-cala_ratjada.jpg\" \/>\n\t<meta property=\"og:image:width\" content=\"800\" \/>\n\t<meta property=\"og:image:height\" content=\"600\" \/>\n\t<meta property=\"og:image:type\" content=\"image\/jpeg\" \/>\n<meta name=\"author\" content=\"meteomara\" \/>\n<meta name=\"twitter:card\" content=\"summary_large_image\" \/>\n<meta name=\"twitter:creator\" content=\"@https:\/\/twitter.com\/meteomara\" \/>\n<meta name=\"twitter:site\" content=\"@meteomara\" \/>\n<meta name=\"twitter:label1\" content=\"Geschrieben von\" \/>\n\t<meta name=\"twitter:data1\" content=\"meteomara\" \/>\n\t<meta name=\"twitter:label2\" content=\"Gesch\u00e4tzte Lesezeit\" \/>\n\t<meta name=\"twitter:data2\" content=\"3\u00a0Minuten\" \/>\n<script type=\"application\/ld+json\" class=\"yoast-schema-graph\">{\"@context\":\"https:\/\/schema.org\",\"@graph\":[{\"@type\":\"Article\",\"@id\":\"https:\/\/www.wetter-center.de\/blog\/winterurlaub-auf-mallorca\/#article\",\"isPartOf\":{\"@id\":\"https:\/\/www.wetter-center.de\/blog\/winterurlaub-auf-mallorca\/\"},\"author\":{\"name\":\"meteomara\",\"@id\":\"https:\/\/www.wetter-center.de\/blog\/#\/schema\/person\/6c69612ad4763a699cd157cfbbfa6667\"},\"headline\":\"Winterurlaub auf Mallorca?\",\"datePublished\":\"2019-11-23T17:59:22+00:00\",\"dateModified\":\"2020-12-03T07:24:56+00:00\",\"mainEntityOfPage\":{\"@id\":\"https:\/\/www.wetter-center.de\/blog\/winterurlaub-auf-mallorca\/\"},\"wordCount\":622,\"commentCount\":0,\"publisher\":{\"@id\":\"https:\/\/www.wetter-center.de\/blog\/#\/schema\/person\/6c69612ad4763a699cd157cfbbfa6667\"},\"image\":{\"@id\":\"https:\/\/www.wetter-center.de\/blog\/winterurlaub-auf-mallorca\/#primaryimage\"},\"thumbnailUrl\":\"https:\/\/www.wetter-center.de\/blog\/wp-content\/uploads\/2019\/11\/800px-cala_ratjada.jpg\",\"keywords\":[\"Winter\"],\"articleSection\":[\"Reisewetter\"],\"inLanguage\":\"de\",\"potentialAction\":[{\"@type\":\"CommentAction\",\"name\":\"Comment\",\"target\":[\"https:\/\/www.wetter-center.de\/blog\/winterurlaub-auf-mallorca\/#respond\"]}]},{\"@type\":\"WebPage\",\"@id\":\"https:\/\/www.wetter-center.de\/blog\/winterurlaub-auf-mallorca\/\",\"url\":\"https:\/\/www.wetter-center.de\/blog\/winterurlaub-auf-mallorca\/\",\"name\":\"Winterurlaub auf Mallorca? - Wetter-Center.de\",\"isPartOf\":{\"@id\":\"https:\/\/www.wetter-center.de\/blog\/#website\"},\"primaryImageOfPage\":{\"@id\":\"https:\/\/www.wetter-center.de\/blog\/winterurlaub-auf-mallorca\/#primaryimage\"},\"image\":{\"@id\":\"https:\/\/www.wetter-center.de\/blog\/winterurlaub-auf-mallorca\/#primaryimage\"},\"thumbnailUrl\":\"https:\/\/www.wetter-center.de\/blog\/wp-content\/uploads\/2019\/11\/800px-cala_ratjada.jpg\",\"datePublished\":\"2019-11-23T17:59:22+00:00\",\"dateModified\":\"2020-12-03T07:24:56+00:00\",\"breadcrumb\":{\"@id\":\"https:\/\/www.wetter-center.de\/blog\/winterurlaub-auf-mallorca\/#breadcrumb\"},\"inLanguage\":\"de\",\"potentialAction\":[{\"@type\":\"ReadAction\",\"target\":[\"https:\/\/www.wetter-center.de\/blog\/winterurlaub-auf-mallorca\/\"]}]},{\"@type\":\"ImageObject\",\"inLanguage\":\"de\",\"@id\":\"https:\/\/www.wetter-center.de\/blog\/winterurlaub-auf-mallorca\/#primaryimage\",\"url\":\"https:\/\/www.wetter-center.de\/blog\/wp-content\/uploads\/2019\/11\/800px-cala_ratjada.jpg\",\"contentUrl\":\"https:\/\/www.wetter-center.de\/blog\/wp-content\/uploads\/2019\/11\/800px-cala_ratjada.jpg\",\"width\":800,\"height\":600},{\"@type\":\"BreadcrumbList\",\"@id\":\"https:\/\/www.wetter-center.de\/blog\/winterurlaub-auf-mallorca\/#breadcrumb\",\"itemListElement\":[{\"@type\":\"ListItem\",\"position\":1,\"name\":\"Startseite\",\"item\":\"https:\/\/www.wetter-center.de\/blog\/\"},{\"@type\":\"ListItem\",\"position\":2,\"name\":\"Winterurlaub auf Mallorca?\"}]},{\"@type\":\"WebSite\",\"@id\":\"https:\/\/www.wetter-center.de\/blog\/#website\",\"url\":\"https:\/\/www.wetter-center.de\/blog\/\",\"name\":\"Wetter-Center.de\",\"description\":\"\",\"publisher\":{\"@id\":\"https:\/\/www.wetter-center.de\/blog\/#\/schema\/person\/6c69612ad4763a699cd157cfbbfa6667\"},\"potentialAction\":[{\"@type\":\"SearchAction\",\"target\":{\"@type\":\"EntryPoint\",\"urlTemplate\":\"https:\/\/www.wetter-center.de\/blog\/?s={search_term_string}\"},\"query-input\":{\"@type\":\"PropertyValueSpecification\",\"valueRequired\":true,\"valueName\":\"search_term_string\"}}],\"inLanguage\":\"de\"},{\"@type\":[\"Person\",\"Organization\"],\"@id\":\"https:\/\/www.wetter-center.de\/blog\/#\/schema\/person\/6c69612ad4763a699cd157cfbbfa6667\",\"name\":\"meteomara\",\"image\":{\"@type\":\"ImageObject\",\"inLanguage\":\"de\",\"@id\":\"https:\/\/www.wetter-center.de\/blog\/#\/schema\/person\/image\/\",\"url\":\"https:\/\/www.wetter-center.de\/blog\/wp-content\/uploads\/2022\/08\/sky-1551171_1280.jpg\",\"contentUrl\":\"https:\/\/www.wetter-center.de\/blog\/wp-content\/uploads\/2022\/08\/sky-1551171_1280.jpg\",\"width\":1280,\"height\":643,\"caption\":\"meteomara\"},\"logo\":{\"@id\":\"https:\/\/www.wetter-center.de\/blog\/#\/schema\/person\/image\/\"},\"sameAs\":[\"https:\/\/www.facebook.com\/WetterUndKlima\",\"https:\/\/www.instagram.com\/wettercenterde\/\",\"https:\/\/x.com\/https:\/\/twitter.com\/meteomara\"],\"url\":\"https:\/\/www.wetter-center.de\/blog\/author\/meteomara\/\"}]}<\/script>\n<!-- \/ Yoast SEO plugin. -->","yoast_head_json":{"title":"Winterurlaub auf Mallorca? - Wetter-Center.de","robots":{"index":"index","follow":"follow","max-snippet":"max-snippet:-1","max-image-preview":"max-image-preview:large","max-video-preview":"max-video-preview:-1"},"canonical":"https:\/\/www.wetter-center.de\/blog\/winterurlaub-auf-mallorca\/","og_locale":"de_DE","og_type":"article","og_title":"Winterurlaub auf Mallorca? - Wetter-Center.de","og_description":"Mallorca, beliebtes Reiseziel vieler Deutscher und deshalb oft scherzhaft als 17. Bundesland bezeichnet, ist nicht nur im Sommer eine Reise Wert. Schaut man sich das Klima der Insel genauer an, findet man zum Teil&#46;&#46;&#46;","og_url":"https:\/\/www.wetter-center.de\/blog\/winterurlaub-auf-mallorca\/","og_site_name":"Wetter-Center.de","article_publisher":"https:\/\/www.facebook.com\/WetterUndKlima","article_author":"https:\/\/www.facebook.com\/WetterUndKlima","article_published_time":"2019-11-23T17:59:22+00:00","article_modified_time":"2020-12-03T07:24:56+00:00","og_image":[{"width":800,"height":600,"url":"https:\/\/www.wetter-center.de\/blog\/wp-content\/uploads\/2019\/11\/800px-cala_ratjada.jpg","type":"image\/jpeg"}],"author":"meteomara","twitter_card":"summary_large_image","twitter_creator":"@https:\/\/twitter.com\/meteomara","twitter_site":"@meteomara","twitter_misc":{"Geschrieben von":"meteomara","Gesch\u00e4tzte Lesezeit":"3\u00a0Minuten"},"schema":{"@context":"https:\/\/schema.org","@graph":[{"@type":"Article","@id":"https:\/\/www.wetter-center.de\/blog\/winterurlaub-auf-mallorca\/#article","isPartOf":{"@id":"https:\/\/www.wetter-center.de\/blog\/winterurlaub-auf-mallorca\/"},"author":{"name":"meteomara","@id":"https:\/\/www.wetter-center.de\/blog\/#\/schema\/person\/6c69612ad4763a699cd157cfbbfa6667"},"headline":"Winterurlaub auf Mallorca?","datePublished":"2019-11-23T17:59:22+00:00","dateModified":"2020-12-03T07:24:56+00:00","mainEntityOfPage":{"@id":"https:\/\/www.wetter-center.de\/blog\/winterurlaub-auf-mallorca\/"},"wordCount":622,"commentCount":0,"publisher":{"@id":"https:\/\/www.wetter-center.de\/blog\/#\/schema\/person\/6c69612ad4763a699cd157cfbbfa6667"},"image":{"@id":"https:\/\/www.wetter-center.de\/blog\/winterurlaub-auf-mallorca\/#primaryimage"},"thumbnailUrl":"https:\/\/www.wetter-center.de\/blog\/wp-content\/uploads\/2019\/11\/800px-cala_ratjada.jpg","keywords":["Winter"],"articleSection":["Reisewetter"],"inLanguage":"de","potentialAction":[{"@type":"CommentAction","name":"Comment","target":["https:\/\/www.wetter-center.de\/blog\/winterurlaub-auf-mallorca\/#respond"]}]},{"@type":"WebPage","@id":"https:\/\/www.wetter-center.de\/blog\/winterurlaub-auf-mallorca\/","url":"https:\/\/www.wetter-center.de\/blog\/winterurlaub-auf-mallorca\/","name":"Winterurlaub auf Mallorca? - Wetter-Center.de","isPartOf":{"@id":"https:\/\/www.wetter-center.de\/blog\/#website"},"primaryImageOfPage":{"@id":"https:\/\/www.wetter-center.de\/blog\/winterurlaub-auf-mallorca\/#primaryimage"},"image":{"@id":"https:\/\/www.wetter-center.de\/blog\/winterurlaub-auf-mallorca\/#primaryimage"},"thumbnailUrl":"https:\/\/www.wetter-center.de\/blog\/wp-content\/uploads\/2019\/11\/800px-cala_ratjada.jpg","datePublished":"2019-11-23T17:59:22+00:00","dateModified":"2020-12-03T07:24:56+00:00","breadcrumb":{"@id":"https:\/\/www.wetter-center.de\/blog\/winterurlaub-auf-mallorca\/#breadcrumb"},"inLanguage":"de","potentialAction":[{"@type":"ReadAction","target":["https:\/\/www.wetter-center.de\/blog\/winterurlaub-auf-mallorca\/"]}]},{"@type":"ImageObject","inLanguage":"de","@id":"https:\/\/www.wetter-center.de\/blog\/winterurlaub-auf-mallorca\/#primaryimage","url":"https:\/\/www.wetter-center.de\/blog\/wp-content\/uploads\/2019\/11\/800px-cala_ratjada.jpg","contentUrl":"https:\/\/www.wetter-center.de\/blog\/wp-content\/uploads\/2019\/11\/800px-cala_ratjada.jpg","width":800,"height":600},{"@type":"BreadcrumbList","@id":"https:\/\/www.wetter-center.de\/blog\/winterurlaub-auf-mallorca\/#breadcrumb","itemListElement":[{"@type":"ListItem","position":1,"name":"Startseite","item":"https:\/\/www.wetter-center.de\/blog\/"},{"@type":"ListItem","position":2,"name":"Winterurlaub auf Mallorca?"}]},{"@type":"WebSite","@id":"https:\/\/www.wetter-center.de\/blog\/#website","url":"https:\/\/www.wetter-center.de\/blog\/","name":"Wetter-Center.de","description":"","publisher":{"@id":"https:\/\/www.wetter-center.de\/blog\/#\/schema\/person\/6c69612ad4763a699cd157cfbbfa6667"},"potentialAction":[{"@type":"SearchAction","target":{"@type":"EntryPoint","urlTemplate":"https:\/\/www.wetter-center.de\/blog\/?s={search_term_string}"},"query-input":{"@type":"PropertyValueSpecification","valueRequired":true,"valueName":"search_term_string"}}],"inLanguage":"de"},{"@type":["Person","Organization"],"@id":"https:\/\/www.wetter-center.de\/blog\/#\/schema\/person\/6c69612ad4763a699cd157cfbbfa6667","name":"meteomara","image":{"@type":"ImageObject","inLanguage":"de","@id":"https:\/\/www.wetter-center.de\/blog\/#\/schema\/person\/image\/","url":"https:\/\/www.wetter-center.de\/blog\/wp-content\/uploads\/2022\/08\/sky-1551171_1280.jpg","contentUrl":"https:\/\/www.wetter-center.de\/blog\/wp-content\/uploads\/2022\/08\/sky-1551171_1280.jpg","width":1280,"height":643,"caption":"meteomara"},"logo":{"@id":"https:\/\/www.wetter-center.de\/blog\/#\/schema\/person\/image\/"},"sameAs":["https:\/\/www.facebook.com\/WetterUndKlima","https:\/\/www.instagram.com\/wettercenterde\/","https:\/\/x.com\/https:\/\/twitter.com\/meteomara"],"url":"https:\/\/www.wetter-center.de\/blog\/author\/meteomara\/"}]}},"amp_enabled":true,"_links":{"self":[{"href":"https:\/\/www.wetter-center.de\/blog\/wp-json\/wp\/v2\/posts\/9288","targetHints":{"allow":["GET"]}}],"collection":[{"href":"https:\/\/www.wetter-center.de\/blog\/wp-json\/wp\/v2\/posts"}],"about":[{"href":"https:\/\/www.wetter-center.de\/blog\/wp-json\/wp\/v2\/types\/post"}],"author":[{"embeddable":true,"href":"https:\/\/www.wetter-center.de\/blog\/wp-json\/wp\/v2\/users\/1"}],"replies":[{"embeddable":true,"href":"https:\/\/www.wetter-center.de\/blog\/wp-json\/wp\/v2\/comments?post=9288"}],"version-history":[{"count":0,"href":"https:\/\/www.wetter-center.de\/blog\/wp-json\/wp\/v2\/posts\/9288\/revisions"}],"wp:featuredmedia":[{"embeddable":true,"href":"https:\/\/www.wetter-center.de\/blog\/wp-json\/wp\/v2\/media\/9295"}],"wp:attachment":[{"href":"https:\/\/www.wetter-center.de\/blog\/wp-json\/wp\/v2\/media?parent=9288"}],"wp:term":[{"taxonomy":"category","embeddable":true,"href":"https:\/\/www.wetter-center.de\/blog\/wp-json\/wp\/v2\/categories?post=9288"},{"taxonomy":"post_tag","embeddable":true,"href":"https:\/\/www.wetter-center.de\/blog\/wp-json\/wp\/v2\/tags?post=9288"}],"curies":[{"name":"wp","href":"https:\/\/api.w.org\/{rel}","templated":true}]}}