{"id":887,"date":"2014-04-19T23:20:04","date_gmt":"2014-04-19T21:20:04","guid":{"rendered":"http:\/\/www.wetter-center.de\/blog\/?p=887"},"modified":"2014-04-19T23:20:04","modified_gmt":"2014-04-19T21:20:04","slug":"neue-erkenntnisse-zum-groenlandeis","status":"publish","type":"post","link":"https:\/\/www.wetter-center.de\/blog\/neue-erkenntnisse-zum-groenlandeis\/","title":{"rendered":"Neue Erkenntnisse zum Gr\u00f6nlandeis"},"content":{"rendered":"<p>Forscher der University of Vermont haben nach der Analyse eines Eisbohrkerns \u00fcberraschende <a href=\"http:\/\/www.sciencedaily.com\/releases\/2014\/04\/140417141818.htm\" target=\"_blank\">Erkenntnisse<\/a> zum gr\u00f6nl\u00e4ndischen Eis gewonnen: Der Eisschild ist h\u00f6chstwahrscheinlich viel \u00e4lter als bisher angenommen und hat damit wohl auch Warmzeiten \u00fcberlebt, in denen es viel w\u00e4rmer warm als die Klimamodelle f\u00fcr die Zukunft prophezeien.<\/p>\n<p><img loading=\"lazy\" decoding=\"async\" class=\"alignleft wp-image-888\" src=\"http:\/\/www.wetter-center.de\/blog\/wp-content\/uploads\/2014\/04\/140417141818-large.jpg\" alt=\"GISP2 Eisbohrkern Gr\u00f6nland\" width=\"300\" height=\"448\" srcset=\"https:\/\/www.wetter-center.de\/blog\/wp-content\/uploads\/2014\/04\/140417141818-large.jpg 500w, https:\/\/www.wetter-center.de\/blog\/wp-content\/uploads\/2014\/04\/140417141818-large-201x300.jpg 201w, https:\/\/www.wetter-center.de\/blog\/wp-content\/uploads\/2014\/04\/140417141818-large-100x150.jpg 100w\" sizes=\"auto, (max-width: 300px) 100vw, 300px\" \/>Die Wissenschaftler untersuchten 17 Proben aus den untersten 14 Metern des 3.050 Meter langen Eisbohrkern GISP2 (links im Bild), der im Jahre 1993 in <a title=\"Gr\u00f6nland: 4.000 Jahre Temperaturhistorie rekonstruiert\" href=\"http:\/\/www.wetter-center.de\/blog\/?p=496\">Zentralgr\u00f6nland<\/a> nahe der Station Summit geborgen wurde. Diese Proben sind stark mit Sedimenten verschmutzt. In diesen Verschmutzungen wurde die Konzentration von\u00a0<strong>Beryllium-10<\/strong> bestimmt.<\/p>\n<p>Dieses Isotop bildet sich\u00a0durch den Einfluss der <a title=\"Experiment best\u00e4tigt Bedeutung der Kosmischen Strahlung\" href=\"http:\/\/www.wetter-center.de\/blog\/?p=717\">Kosmischen Strahlung<\/a> in der Atmosph\u00e4re, f\u00e4llt dann vom Himmel und reichert sich im Boden an. Je l\u00e4nger\u00a0der Boden\u00a0<strong>unbedeckt<\/strong> ist, desto h\u00f6her ist der Beryllium-10-Gehalt. Mit dieser Methode kann man also um Umkehrschluss herausfinden, wie lange eine Region von Eis bedeckt war.<\/p>\n<p style=\"color: #070809;\">Die Forscher erwarteten, nur geringe Mengen an\u00a0Beryllium-10 zu finden,\u00a0da die Gletscher nach der\u00a0\u00fcblichen Vorstellung den Boden erodieren und dieser dann nur kurzzeitig exponiert ist. Doch die\u00a0Isotopkonzentration wahr\u00a0so hoch, dass der Boden <strong>200.000 bis eine Million Jahre<\/strong> freigelegen haben muss. Zur weiteren Interpretation dieser Daten wurde noch die Konzentration von Kohlen- und Stickstoff bestimmt, auch hier wurden bedeutende Mengen festgestellt.<\/p>\n<p style=\"color: #070809;\">Das hei\u00dft, dass Gr\u00f6nland vor Millionen von Jahren von einer Art <strong>Tundra<\/strong> bedeckt war. Die Tatsache, dass die\u00a0Sedimente\u00a0etwa 2,7 Millionen Jahre alt sind, beweisen zudem, dass der Eisschild auch in den Warmzeiten nicht vollst\u00e4ndig abgeschmolzen ist, so dass die Tundravegetation im Eis konserviert werden konnte. Diese Konservierung verlief mit nur minimaler\u00a0Erosion ab, nicht so wie bei heutigen Gletschern \u00fcblich.<\/p>\n","protected":false},"excerpt":{"rendered":"<p>Forscher der University of Vermont haben nach der Analyse eines Eisbohrkerns \u00fcberraschende Erkenntnisse zum gr\u00f6nl\u00e4ndischen Eis gewonnen: Der Eisschild ist h\u00f6chstwahrscheinlich viel \u00e4lter als bisher angenommen und hat damit wohl auch Warmzeiten \u00fcberlebt, in&#46;&#46;&#46;<\/p>\n","protected":false},"author":1,"featured_media":0,"comment_status":"open","ping_status":"open","sticky":false,"template":"","format":"standard","meta":{"footnotes":""},"categories":[4],"tags":[20,25,37,11,97],"class_list":["post-887","post","type-post","status-publish","format-standard","hentry","category-klimawandel","tag-eis","tag-gletscher","tag-groenland","tag-klima","tag-klimawandel"],"yoast_head":"<!-- This site is optimized with the Yoast SEO plugin v25.5 - https:\/\/yoast.com\/wordpress\/plugins\/seo\/ -->\n<title>Neue Erkenntnisse zum Gr\u00f6nlandeis - Wetter-Center.de<\/title>\n<meta name=\"robots\" content=\"index, follow, max-snippet:-1, max-image-preview:large, max-video-preview:-1\" \/>\n<link rel=\"canonical\" href=\"https:\/\/www.wetter-center.de\/blog\/neue-erkenntnisse-zum-groenlandeis\/\" \/>\n<meta property=\"og:locale\" content=\"de_DE\" \/>\n<meta property=\"og:type\" content=\"article\" \/>\n<meta property=\"og:title\" content=\"Neue Erkenntnisse zum Gr\u00f6nlandeis - Wetter-Center.de\" \/>\n<meta property=\"og:description\" content=\"Forscher der University of Vermont haben nach der Analyse eines Eisbohrkerns \u00fcberraschende Erkenntnisse zum gr\u00f6nl\u00e4ndischen Eis gewonnen: Der Eisschild ist h\u00f6chstwahrscheinlich viel \u00e4lter als bisher angenommen und hat damit wohl auch Warmzeiten \u00fcberlebt, in&#046;&#046;&#046;\" \/>\n<meta property=\"og:url\" content=\"https:\/\/www.wetter-center.de\/blog\/neue-erkenntnisse-zum-groenlandeis\/\" \/>\n<meta property=\"og:site_name\" content=\"Wetter-Center.de\" \/>\n<meta property=\"article:publisher\" content=\"https:\/\/www.facebook.com\/WetterUndKlima\" \/>\n<meta property=\"article:author\" content=\"https:\/\/www.facebook.com\/WetterUndKlima\" \/>\n<meta property=\"article:published_time\" content=\"2014-04-19T21:20:04+00:00\" \/>\n<meta property=\"og:image\" content=\"http:\/\/www.wetter-center.de\/blog\/wp-content\/uploads\/2014\/04\/140417141818-large.jpg\" \/>\n<meta name=\"author\" content=\"meteomara\" \/>\n<meta name=\"twitter:card\" content=\"summary_large_image\" \/>\n<meta name=\"twitter:creator\" content=\"@https:\/\/twitter.com\/meteomara\" \/>\n<meta name=\"twitter:site\" content=\"@meteomara\" \/>\n<meta name=\"twitter:label1\" content=\"Geschrieben von\" \/>\n\t<meta name=\"twitter:data1\" content=\"meteomara\" \/>\n\t<meta name=\"twitter:label2\" content=\"Gesch\u00e4tzte Lesezeit\" \/>\n\t<meta name=\"twitter:data2\" content=\"1\u00a0Minute\" \/>\n<script type=\"application\/ld+json\" class=\"yoast-schema-graph\">{\"@context\":\"https:\/\/schema.org\",\"@graph\":[{\"@type\":\"Article\",\"@id\":\"https:\/\/www.wetter-center.de\/blog\/neue-erkenntnisse-zum-groenlandeis\/#article\",\"isPartOf\":{\"@id\":\"https:\/\/www.wetter-center.de\/blog\/neue-erkenntnisse-zum-groenlandeis\/\"},\"author\":{\"name\":\"meteomara\",\"@id\":\"https:\/\/www.wetter-center.de\/blog\/#\/schema\/person\/6c69612ad4763a699cd157cfbbfa6667\"},\"headline\":\"Neue Erkenntnisse zum Gr\u00f6nlandeis\",\"datePublished\":\"2014-04-19T21:20:04+00:00\",\"mainEntityOfPage\":{\"@id\":\"https:\/\/www.wetter-center.de\/blog\/neue-erkenntnisse-zum-groenlandeis\/\"},\"wordCount\":283,\"commentCount\":2,\"publisher\":{\"@id\":\"https:\/\/www.wetter-center.de\/blog\/#\/schema\/person\/6c69612ad4763a699cd157cfbbfa6667\"},\"image\":{\"@id\":\"https:\/\/www.wetter-center.de\/blog\/neue-erkenntnisse-zum-groenlandeis\/#primaryimage\"},\"thumbnailUrl\":\"http:\/\/www.wetter-center.de\/blog\/wp-content\/uploads\/2014\/04\/140417141818-large.jpg\",\"keywords\":[\"Eis\",\"Gletscher\",\"Gr\u00f6nland\",\"Klima\",\"Klimawandel\"],\"articleSection\":[\"Klimawandel\"],\"inLanguage\":\"de\",\"potentialAction\":[{\"@type\":\"CommentAction\",\"name\":\"Comment\",\"target\":[\"https:\/\/www.wetter-center.de\/blog\/neue-erkenntnisse-zum-groenlandeis\/#respond\"]}]},{\"@type\":\"WebPage\",\"@id\":\"https:\/\/www.wetter-center.de\/blog\/neue-erkenntnisse-zum-groenlandeis\/\",\"url\":\"https:\/\/www.wetter-center.de\/blog\/neue-erkenntnisse-zum-groenlandeis\/\",\"name\":\"Neue Erkenntnisse zum Gr\u00f6nlandeis - Wetter-Center.de\",\"isPartOf\":{\"@id\":\"https:\/\/www.wetter-center.de\/blog\/#website\"},\"primaryImageOfPage\":{\"@id\":\"https:\/\/www.wetter-center.de\/blog\/neue-erkenntnisse-zum-groenlandeis\/#primaryimage\"},\"image\":{\"@id\":\"https:\/\/www.wetter-center.de\/blog\/neue-erkenntnisse-zum-groenlandeis\/#primaryimage\"},\"thumbnailUrl\":\"http:\/\/www.wetter-center.de\/blog\/wp-content\/uploads\/2014\/04\/140417141818-large.jpg\",\"datePublished\":\"2014-04-19T21:20:04+00:00\",\"breadcrumb\":{\"@id\":\"https:\/\/www.wetter-center.de\/blog\/neue-erkenntnisse-zum-groenlandeis\/#breadcrumb\"},\"inLanguage\":\"de\",\"potentialAction\":[{\"@type\":\"ReadAction\",\"target\":[\"https:\/\/www.wetter-center.de\/blog\/neue-erkenntnisse-zum-groenlandeis\/\"]}]},{\"@type\":\"ImageObject\",\"inLanguage\":\"de\",\"@id\":\"https:\/\/www.wetter-center.de\/blog\/neue-erkenntnisse-zum-groenlandeis\/#primaryimage\",\"url\":\"http:\/\/www.wetter-center.de\/blog\/wp-content\/uploads\/2014\/04\/140417141818-large.jpg\",\"contentUrl\":\"http:\/\/www.wetter-center.de\/blog\/wp-content\/uploads\/2014\/04\/140417141818-large.jpg\"},{\"@type\":\"BreadcrumbList\",\"@id\":\"https:\/\/www.wetter-center.de\/blog\/neue-erkenntnisse-zum-groenlandeis\/#breadcrumb\",\"itemListElement\":[{\"@type\":\"ListItem\",\"position\":1,\"name\":\"Startseite\",\"item\":\"https:\/\/www.wetter-center.de\/blog\/\"},{\"@type\":\"ListItem\",\"position\":2,\"name\":\"Neue Erkenntnisse zum Gr\u00f6nlandeis\"}]},{\"@type\":\"WebSite\",\"@id\":\"https:\/\/www.wetter-center.de\/blog\/#website\",\"url\":\"https:\/\/www.wetter-center.de\/blog\/\",\"name\":\"Wetter-Center.de\",\"description\":\"\",\"publisher\":{\"@id\":\"https:\/\/www.wetter-center.de\/blog\/#\/schema\/person\/6c69612ad4763a699cd157cfbbfa6667\"},\"potentialAction\":[{\"@type\":\"SearchAction\",\"target\":{\"@type\":\"EntryPoint\",\"urlTemplate\":\"https:\/\/www.wetter-center.de\/blog\/?s={search_term_string}\"},\"query-input\":{\"@type\":\"PropertyValueSpecification\",\"valueRequired\":true,\"valueName\":\"search_term_string\"}}],\"inLanguage\":\"de\"},{\"@type\":[\"Person\",\"Organization\"],\"@id\":\"https:\/\/www.wetter-center.de\/blog\/#\/schema\/person\/6c69612ad4763a699cd157cfbbfa6667\",\"name\":\"meteomara\",\"image\":{\"@type\":\"ImageObject\",\"inLanguage\":\"de\",\"@id\":\"https:\/\/www.wetter-center.de\/blog\/#\/schema\/person\/image\/\",\"url\":\"https:\/\/www.wetter-center.de\/blog\/wp-content\/uploads\/2022\/08\/sky-1551171_1280.jpg\",\"contentUrl\":\"https:\/\/www.wetter-center.de\/blog\/wp-content\/uploads\/2022\/08\/sky-1551171_1280.jpg\",\"width\":1280,\"height\":643,\"caption\":\"meteomara\"},\"logo\":{\"@id\":\"https:\/\/www.wetter-center.de\/blog\/#\/schema\/person\/image\/\"},\"sameAs\":[\"https:\/\/www.facebook.com\/WetterUndKlima\",\"https:\/\/www.instagram.com\/wettercenterde\/\",\"https:\/\/x.com\/https:\/\/twitter.com\/meteomara\"],\"url\":\"https:\/\/www.wetter-center.de\/blog\/author\/meteomara\/\"}]}<\/script>\n<!-- \/ Yoast SEO plugin. -->","yoast_head_json":{"title":"Neue Erkenntnisse zum Gr\u00f6nlandeis - Wetter-Center.de","robots":{"index":"index","follow":"follow","max-snippet":"max-snippet:-1","max-image-preview":"max-image-preview:large","max-video-preview":"max-video-preview:-1"},"canonical":"https:\/\/www.wetter-center.de\/blog\/neue-erkenntnisse-zum-groenlandeis\/","og_locale":"de_DE","og_type":"article","og_title":"Neue Erkenntnisse zum Gr\u00f6nlandeis - Wetter-Center.de","og_description":"Forscher der University of Vermont haben nach der Analyse eines Eisbohrkerns \u00fcberraschende Erkenntnisse zum gr\u00f6nl\u00e4ndischen Eis gewonnen: Der Eisschild ist h\u00f6chstwahrscheinlich viel \u00e4lter als bisher angenommen und hat damit wohl auch Warmzeiten \u00fcberlebt, in&#46;&#46;&#46;","og_url":"https:\/\/www.wetter-center.de\/blog\/neue-erkenntnisse-zum-groenlandeis\/","og_site_name":"Wetter-Center.de","article_publisher":"https:\/\/www.facebook.com\/WetterUndKlima","article_author":"https:\/\/www.facebook.com\/WetterUndKlima","article_published_time":"2014-04-19T21:20:04+00:00","og_image":[{"url":"http:\/\/www.wetter-center.de\/blog\/wp-content\/uploads\/2014\/04\/140417141818-large.jpg","type":"","width":"","height":""}],"author":"meteomara","twitter_card":"summary_large_image","twitter_creator":"@https:\/\/twitter.com\/meteomara","twitter_site":"@meteomara","twitter_misc":{"Geschrieben von":"meteomara","Gesch\u00e4tzte Lesezeit":"1\u00a0Minute"},"schema":{"@context":"https:\/\/schema.org","@graph":[{"@type":"Article","@id":"https:\/\/www.wetter-center.de\/blog\/neue-erkenntnisse-zum-groenlandeis\/#article","isPartOf":{"@id":"https:\/\/www.wetter-center.de\/blog\/neue-erkenntnisse-zum-groenlandeis\/"},"author":{"name":"meteomara","@id":"https:\/\/www.wetter-center.de\/blog\/#\/schema\/person\/6c69612ad4763a699cd157cfbbfa6667"},"headline":"Neue Erkenntnisse zum Gr\u00f6nlandeis","datePublished":"2014-04-19T21:20:04+00:00","mainEntityOfPage":{"@id":"https:\/\/www.wetter-center.de\/blog\/neue-erkenntnisse-zum-groenlandeis\/"},"wordCount":283,"commentCount":2,"publisher":{"@id":"https:\/\/www.wetter-center.de\/blog\/#\/schema\/person\/6c69612ad4763a699cd157cfbbfa6667"},"image":{"@id":"https:\/\/www.wetter-center.de\/blog\/neue-erkenntnisse-zum-groenlandeis\/#primaryimage"},"thumbnailUrl":"http:\/\/www.wetter-center.de\/blog\/wp-content\/uploads\/2014\/04\/140417141818-large.jpg","keywords":["Eis","Gletscher","Gr\u00f6nland","Klima","Klimawandel"],"articleSection":["Klimawandel"],"inLanguage":"de","potentialAction":[{"@type":"CommentAction","name":"Comment","target":["https:\/\/www.wetter-center.de\/blog\/neue-erkenntnisse-zum-groenlandeis\/#respond"]}]},{"@type":"WebPage","@id":"https:\/\/www.wetter-center.de\/blog\/neue-erkenntnisse-zum-groenlandeis\/","url":"https:\/\/www.wetter-center.de\/blog\/neue-erkenntnisse-zum-groenlandeis\/","name":"Neue Erkenntnisse zum Gr\u00f6nlandeis - Wetter-Center.de","isPartOf":{"@id":"https:\/\/www.wetter-center.de\/blog\/#website"},"primaryImageOfPage":{"@id":"https:\/\/www.wetter-center.de\/blog\/neue-erkenntnisse-zum-groenlandeis\/#primaryimage"},"image":{"@id":"https:\/\/www.wetter-center.de\/blog\/neue-erkenntnisse-zum-groenlandeis\/#primaryimage"},"thumbnailUrl":"http:\/\/www.wetter-center.de\/blog\/wp-content\/uploads\/2014\/04\/140417141818-large.jpg","datePublished":"2014-04-19T21:20:04+00:00","breadcrumb":{"@id":"https:\/\/www.wetter-center.de\/blog\/neue-erkenntnisse-zum-groenlandeis\/#breadcrumb"},"inLanguage":"de","potentialAction":[{"@type":"ReadAction","target":["https:\/\/www.wetter-center.de\/blog\/neue-erkenntnisse-zum-groenlandeis\/"]}]},{"@type":"ImageObject","inLanguage":"de","@id":"https:\/\/www.wetter-center.de\/blog\/neue-erkenntnisse-zum-groenlandeis\/#primaryimage","url":"http:\/\/www.wetter-center.de\/blog\/wp-content\/uploads\/2014\/04\/140417141818-large.jpg","contentUrl":"http:\/\/www.wetter-center.de\/blog\/wp-content\/uploads\/2014\/04\/140417141818-large.jpg"},{"@type":"BreadcrumbList","@id":"https:\/\/www.wetter-center.de\/blog\/neue-erkenntnisse-zum-groenlandeis\/#breadcrumb","itemListElement":[{"@type":"ListItem","position":1,"name":"Startseite","item":"https:\/\/www.wetter-center.de\/blog\/"},{"@type":"ListItem","position":2,"name":"Neue Erkenntnisse zum Gr\u00f6nlandeis"}]},{"@type":"WebSite","@id":"https:\/\/www.wetter-center.de\/blog\/#website","url":"https:\/\/www.wetter-center.de\/blog\/","name":"Wetter-Center.de","description":"","publisher":{"@id":"https:\/\/www.wetter-center.de\/blog\/#\/schema\/person\/6c69612ad4763a699cd157cfbbfa6667"},"potentialAction":[{"@type":"SearchAction","target":{"@type":"EntryPoint","urlTemplate":"https:\/\/www.wetter-center.de\/blog\/?s={search_term_string}"},"query-input":{"@type":"PropertyValueSpecification","valueRequired":true,"valueName":"search_term_string"}}],"inLanguage":"de"},{"@type":["Person","Organization"],"@id":"https:\/\/www.wetter-center.de\/blog\/#\/schema\/person\/6c69612ad4763a699cd157cfbbfa6667","name":"meteomara","image":{"@type":"ImageObject","inLanguage":"de","@id":"https:\/\/www.wetter-center.de\/blog\/#\/schema\/person\/image\/","url":"https:\/\/www.wetter-center.de\/blog\/wp-content\/uploads\/2022\/08\/sky-1551171_1280.jpg","contentUrl":"https:\/\/www.wetter-center.de\/blog\/wp-content\/uploads\/2022\/08\/sky-1551171_1280.jpg","width":1280,"height":643,"caption":"meteomara"},"logo":{"@id":"https:\/\/www.wetter-center.de\/blog\/#\/schema\/person\/image\/"},"sameAs":["https:\/\/www.facebook.com\/WetterUndKlima","https:\/\/www.instagram.com\/wettercenterde\/","https:\/\/x.com\/https:\/\/twitter.com\/meteomara"],"url":"https:\/\/www.wetter-center.de\/blog\/author\/meteomara\/"}]}},"amp_enabled":true,"_links":{"self":[{"href":"https:\/\/www.wetter-center.de\/blog\/wp-json\/wp\/v2\/posts\/887","targetHints":{"allow":["GET"]}}],"collection":[{"href":"https:\/\/www.wetter-center.de\/blog\/wp-json\/wp\/v2\/posts"}],"about":[{"href":"https:\/\/www.wetter-center.de\/blog\/wp-json\/wp\/v2\/types\/post"}],"author":[{"embeddable":true,"href":"https:\/\/www.wetter-center.de\/blog\/wp-json\/wp\/v2\/users\/1"}],"replies":[{"embeddable":true,"href":"https:\/\/www.wetter-center.de\/blog\/wp-json\/wp\/v2\/comments?post=887"}],"version-history":[{"count":0,"href":"https:\/\/www.wetter-center.de\/blog\/wp-json\/wp\/v2\/posts\/887\/revisions"}],"wp:attachment":[{"href":"https:\/\/www.wetter-center.de\/blog\/wp-json\/wp\/v2\/media?parent=887"}],"wp:term":[{"taxonomy":"category","embeddable":true,"href":"https:\/\/www.wetter-center.de\/blog\/wp-json\/wp\/v2\/categories?post=887"},{"taxonomy":"post_tag","embeddable":true,"href":"https:\/\/www.wetter-center.de\/blog\/wp-json\/wp\/v2\/tags?post=887"}],"curies":[{"name":"wp","href":"https:\/\/api.w.org\/{rel}","templated":true}]}}