{"id":726,"date":"2013-10-05T21:57:14","date_gmt":"2013-10-05T19:57:14","guid":{"rendered":"http:\/\/www.wetter-center.de\/blog\/?p=726"},"modified":"2014-02-11T11:13:32","modified_gmt":"2014-02-11T10:13:32","slug":"forscher-modellieren-elektrizitat-in-der-globalen-atmosphare","status":"publish","type":"post","link":"https:\/\/www.wetter-center.de\/blog\/forscher-modellieren-elektrizitat-in-der-globalen-atmosphare\/","title":{"rendered":"Forscher modellieren Elektrizit\u00e4t in der globalen Atmosph\u00e4re"},"content":{"rendered":"<p>Elektrische Ladungen aus <strong>Gewittern<\/strong> k\u00f6nnen sich in der Atmosph\u00e4re um den ganzen Globus herum ausbreiten. Die Ladungen sind selbst dort nachweisbar, wo keine Gewitteraktivit\u00e4t herrscht. Bisher war jedoch den Forscher nicht so richtig bekannt, wie die elektrische Leitf\u00e4higkeit in der Atmosph\u00e4re variiert und wie dadurch der Fluss der Ladungen beeinflusst wird.<\/p>\n<p><img decoding=\"async\" src=\"http:\/\/www.wetter-center.de\/blog\/wp-content\/uploads\/2013\/10\/2926143475_7ef9d74356.jpg\" hspace=\"5\" align=\"left\" title=\"Blitze in Hermosillo, Sonora, Mexiko\" style=\"width: 320px\" alt=\"Blitze in Hermosillo, Sonora, Mexiko\" width=\"320\" \/>Ein Forschungsteam unter F\u00fchrung der University of Colorado Boulder hat ein globales <strong>Stromkreis-Modell<\/strong> der Atmosph\u00e4re <a href=\"http:\/\/www.colorado.edu\/news\/releases\/2013\/10\/03\/cu-boulder-researchers-use-climate-model-better-understand-electricity-air\" target=\"_blank\">entwickelt<\/a>, das auf einem Klimamodell des National Center for Atmospheric Research (NCAR) aufsetzt. Die Forscher f\u00fcgten dem Modell eine weitere &#8220;Schicht&#8221; hinzu.<\/p>\n<p>Die Ionen, die die elektrischen Str\u00f6me erm\u00f6glichen, werden einerseits in der oberen Atmosph\u00e4re gebildet, wo st\u00e4ndig die hochenergetische <a href=\"http:\/\/www.wetter-center.de\/blog\/?p=717\"><strong>Kosmische Strahlung<\/strong><\/a> aus dem Weltall auf die Luftteilchen trifft. Andererseits werden aber auch in Bodenn\u00e4he Ionen gebildet, da durch den nat\u00fcrlichen <strong>radioaktiven Zerfall<\/strong> im Erdboden radioaktives <a href=\"http:\/\/de.wikipedia.org\/wiki\/Radon\" target=\"_blank\">Radon<\/a> entsteht, das hier auf die Luftteilchen trifft.<\/p>\n<p>Diese Ionen k\u00f6nnen aber auf verschiedene Weise auch wieder verschwinden. Ein Teil reagiert miteinander und bildet wieder &#8220;normale Luftmolek\u00fcle&#8221;, ein anderer Teil lagert sich an <strong>Aerosole<\/strong> und <strong>Wassertr\u00f6pfchen<\/strong> an. In beiden F\u00e4llen verlieren die Teilchen dann ihre F\u00e4higkeit zu leiten. Die elektrische Leitf\u00e4higkeit wird also einerseits von den Wolken beeinflusst, andererseits aber auch von Aerosolquellen wie Schornsteinen, Vulkanen oder Staubst\u00fcrmen. Das neue Stromkreis-Modell beschreibt die Entstehung und die Umwandlung dieser Ionen.<\/p>\n<p>Die Forscher fanden heraus, dass die Atmosph\u00e4re im Mittel <strong>weniger leitf\u00e4hig<\/strong> ist, wo <strong>viele Aerosoloquellen<\/strong> vorhanden sind, insbesondere in S\u00fcdostasien. Au\u00dferdem ist im Mittel \u00fcber dem <strong>\u00c4quator<\/strong> die Leitf\u00e4higkeit <strong>geringer <\/strong>als \u00fcber den Polen, wo mehr Kosmische Strahlung auf die Atmosph\u00e4re trifft als \u00fcber dem \u00c4quator. Zudem gibt es eine <strong>Abh\u00e4ngigkeit von der Jahreszeit<\/strong>, im Juni und Juli ist die Leitf\u00e4higkeit geringer als im Dezember und Januar. Als n\u00e4chstes soll nun unter Verwendung von realen Gewitterdaten untersucht werden, wie sich die die elektrischen Ladungen bei Blitzen fortbewegen.<\/p>\n<p><font size=\"-2\">Bildquelle: <a href=\"http:\/\/www.flickr.com\/photos\/jegomezr\/2926143475\/\" target=\"_blank\">Flickr\/jegomezr<\/a><\/font><\/p>\n","protected":false},"excerpt":{"rendered":"<p>Elektrische Ladungen aus Gewittern k\u00f6nnen sich in der Atmosph\u00e4re um den ganzen Globus herum ausbreiten. Die Ladungen sind selbst dort nachweisbar, wo keine Gewitteraktivit\u00e4t herrscht. Bisher war jedoch den Forscher nicht so richtig bekannt,&#46;&#46;&#46;<\/p>\n","protected":false},"author":1,"featured_media":0,"comment_status":"open","ping_status":"open","sticky":false,"template":"","format":"standard","meta":{"footnotes":""},"categories":[4],"tags":[100,27,11],"class_list":["post-726","post","type-post","status-publish","format-standard","hentry","category-klimawandel","tag-forschung","tag-gewitter","tag-klima"],"yoast_head":"<!-- This site is optimized with the Yoast SEO plugin v25.5 - https:\/\/yoast.com\/wordpress\/plugins\/seo\/ -->\n<title>Forscher modellieren Elektrizit\u00e4t in der globalen Atmosph\u00e4re - Wetter-Center.de<\/title>\n<meta name=\"robots\" content=\"index, follow, max-snippet:-1, max-image-preview:large, max-video-preview:-1\" \/>\n<link rel=\"canonical\" href=\"https:\/\/www.wetter-center.de\/blog\/forscher-modellieren-elektrizitat-in-der-globalen-atmosphare\/\" \/>\n<meta property=\"og:locale\" content=\"de_DE\" \/>\n<meta property=\"og:type\" content=\"article\" \/>\n<meta property=\"og:title\" content=\"Forscher modellieren Elektrizit\u00e4t in der globalen Atmosph\u00e4re - Wetter-Center.de\" \/>\n<meta property=\"og:description\" content=\"Elektrische Ladungen aus Gewittern k\u00f6nnen sich in der Atmosph\u00e4re um den ganzen Globus herum ausbreiten. Die Ladungen sind selbst dort nachweisbar, wo keine Gewitteraktivit\u00e4t herrscht. Bisher war jedoch den Forscher nicht so richtig bekannt,&#046;&#046;&#046;\" \/>\n<meta property=\"og:url\" content=\"https:\/\/www.wetter-center.de\/blog\/forscher-modellieren-elektrizitat-in-der-globalen-atmosphare\/\" \/>\n<meta property=\"og:site_name\" content=\"Wetter-Center.de\" \/>\n<meta property=\"article:publisher\" content=\"https:\/\/www.facebook.com\/WetterUndKlima\" \/>\n<meta property=\"article:author\" content=\"https:\/\/www.facebook.com\/WetterUndKlima\" \/>\n<meta property=\"article:published_time\" content=\"2013-10-05T19:57:14+00:00\" \/>\n<meta property=\"article:modified_time\" content=\"2014-02-11T10:13:32+00:00\" \/>\n<meta property=\"og:image\" content=\"http:\/\/www.wetter-center.de\/blog\/wp-content\/uploads\/2013\/10\/2926143475_7ef9d74356.jpg\" \/>\n<meta name=\"author\" content=\"meteomara\" \/>\n<meta name=\"twitter:card\" content=\"summary_large_image\" \/>\n<meta name=\"twitter:creator\" content=\"@https:\/\/twitter.com\/meteomara\" \/>\n<meta name=\"twitter:site\" content=\"@meteomara\" \/>\n<meta name=\"twitter:label1\" content=\"Geschrieben von\" \/>\n\t<meta name=\"twitter:data1\" content=\"meteomara\" \/>\n\t<meta name=\"twitter:label2\" content=\"Gesch\u00e4tzte Lesezeit\" \/>\n\t<meta name=\"twitter:data2\" content=\"2\u00a0Minuten\" \/>\n<script type=\"application\/ld+json\" class=\"yoast-schema-graph\">{\"@context\":\"https:\/\/schema.org\",\"@graph\":[{\"@type\":\"Article\",\"@id\":\"https:\/\/www.wetter-center.de\/blog\/forscher-modellieren-elektrizitat-in-der-globalen-atmosphare\/#article\",\"isPartOf\":{\"@id\":\"https:\/\/www.wetter-center.de\/blog\/forscher-modellieren-elektrizitat-in-der-globalen-atmosphare\/\"},\"author\":{\"name\":\"meteomara\",\"@id\":\"https:\/\/www.wetter-center.de\/blog\/#\/schema\/person\/6c69612ad4763a699cd157cfbbfa6667\"},\"headline\":\"Forscher modellieren Elektrizit\u00e4t in der globalen Atmosph\u00e4re\",\"datePublished\":\"2013-10-05T19:57:14+00:00\",\"dateModified\":\"2014-02-11T10:13:32+00:00\",\"mainEntityOfPage\":{\"@id\":\"https:\/\/www.wetter-center.de\/blog\/forscher-modellieren-elektrizitat-in-der-globalen-atmosphare\/\"},\"wordCount\":340,\"commentCount\":0,\"publisher\":{\"@id\":\"https:\/\/www.wetter-center.de\/blog\/#\/schema\/person\/6c69612ad4763a699cd157cfbbfa6667\"},\"image\":{\"@id\":\"https:\/\/www.wetter-center.de\/blog\/forscher-modellieren-elektrizitat-in-der-globalen-atmosphare\/#primaryimage\"},\"thumbnailUrl\":\"http:\/\/www.wetter-center.de\/blog\/wp-content\/uploads\/2013\/10\/2926143475_7ef9d74356.jpg\",\"keywords\":[\"Forschung\",\"Gewitter\",\"Klima\"],\"articleSection\":[\"Klimawandel\"],\"inLanguage\":\"de\",\"potentialAction\":[{\"@type\":\"CommentAction\",\"name\":\"Comment\",\"target\":[\"https:\/\/www.wetter-center.de\/blog\/forscher-modellieren-elektrizitat-in-der-globalen-atmosphare\/#respond\"]}]},{\"@type\":\"WebPage\",\"@id\":\"https:\/\/www.wetter-center.de\/blog\/forscher-modellieren-elektrizitat-in-der-globalen-atmosphare\/\",\"url\":\"https:\/\/www.wetter-center.de\/blog\/forscher-modellieren-elektrizitat-in-der-globalen-atmosphare\/\",\"name\":\"Forscher modellieren Elektrizit\u00e4t in der globalen Atmosph\u00e4re - Wetter-Center.de\",\"isPartOf\":{\"@id\":\"https:\/\/www.wetter-center.de\/blog\/#website\"},\"primaryImageOfPage\":{\"@id\":\"https:\/\/www.wetter-center.de\/blog\/forscher-modellieren-elektrizitat-in-der-globalen-atmosphare\/#primaryimage\"},\"image\":{\"@id\":\"https:\/\/www.wetter-center.de\/blog\/forscher-modellieren-elektrizitat-in-der-globalen-atmosphare\/#primaryimage\"},\"thumbnailUrl\":\"http:\/\/www.wetter-center.de\/blog\/wp-content\/uploads\/2013\/10\/2926143475_7ef9d74356.jpg\",\"datePublished\":\"2013-10-05T19:57:14+00:00\",\"dateModified\":\"2014-02-11T10:13:32+00:00\",\"breadcrumb\":{\"@id\":\"https:\/\/www.wetter-center.de\/blog\/forscher-modellieren-elektrizitat-in-der-globalen-atmosphare\/#breadcrumb\"},\"inLanguage\":\"de\",\"potentialAction\":[{\"@type\":\"ReadAction\",\"target\":[\"https:\/\/www.wetter-center.de\/blog\/forscher-modellieren-elektrizitat-in-der-globalen-atmosphare\/\"]}]},{\"@type\":\"ImageObject\",\"inLanguage\":\"de\",\"@id\":\"https:\/\/www.wetter-center.de\/blog\/forscher-modellieren-elektrizitat-in-der-globalen-atmosphare\/#primaryimage\",\"url\":\"http:\/\/www.wetter-center.de\/blog\/wp-content\/uploads\/2013\/10\/2926143475_7ef9d74356.jpg\",\"contentUrl\":\"http:\/\/www.wetter-center.de\/blog\/wp-content\/uploads\/2013\/10\/2926143475_7ef9d74356.jpg\"},{\"@type\":\"BreadcrumbList\",\"@id\":\"https:\/\/www.wetter-center.de\/blog\/forscher-modellieren-elektrizitat-in-der-globalen-atmosphare\/#breadcrumb\",\"itemListElement\":[{\"@type\":\"ListItem\",\"position\":1,\"name\":\"Startseite\",\"item\":\"https:\/\/www.wetter-center.de\/blog\/\"},{\"@type\":\"ListItem\",\"position\":2,\"name\":\"Forscher modellieren Elektrizit\u00e4t in der globalen Atmosph\u00e4re\"}]},{\"@type\":\"WebSite\",\"@id\":\"https:\/\/www.wetter-center.de\/blog\/#website\",\"url\":\"https:\/\/www.wetter-center.de\/blog\/\",\"name\":\"Wetter-Center.de\",\"description\":\"\",\"publisher\":{\"@id\":\"https:\/\/www.wetter-center.de\/blog\/#\/schema\/person\/6c69612ad4763a699cd157cfbbfa6667\"},\"potentialAction\":[{\"@type\":\"SearchAction\",\"target\":{\"@type\":\"EntryPoint\",\"urlTemplate\":\"https:\/\/www.wetter-center.de\/blog\/?s={search_term_string}\"},\"query-input\":{\"@type\":\"PropertyValueSpecification\",\"valueRequired\":true,\"valueName\":\"search_term_string\"}}],\"inLanguage\":\"de\"},{\"@type\":[\"Person\",\"Organization\"],\"@id\":\"https:\/\/www.wetter-center.de\/blog\/#\/schema\/person\/6c69612ad4763a699cd157cfbbfa6667\",\"name\":\"meteomara\",\"image\":{\"@type\":\"ImageObject\",\"inLanguage\":\"de\",\"@id\":\"https:\/\/www.wetter-center.de\/blog\/#\/schema\/person\/image\/\",\"url\":\"https:\/\/www.wetter-center.de\/blog\/wp-content\/uploads\/2022\/08\/sky-1551171_1280.jpg\",\"contentUrl\":\"https:\/\/www.wetter-center.de\/blog\/wp-content\/uploads\/2022\/08\/sky-1551171_1280.jpg\",\"width\":1280,\"height\":643,\"caption\":\"meteomara\"},\"logo\":{\"@id\":\"https:\/\/www.wetter-center.de\/blog\/#\/schema\/person\/image\/\"},\"sameAs\":[\"https:\/\/www.facebook.com\/WetterUndKlima\",\"https:\/\/www.instagram.com\/wettercenterde\/\",\"https:\/\/x.com\/https:\/\/twitter.com\/meteomara\"],\"url\":\"https:\/\/www.wetter-center.de\/blog\/author\/meteomara\/\"}]}<\/script>\n<!-- \/ Yoast SEO plugin. -->","yoast_head_json":{"title":"Forscher modellieren Elektrizit\u00e4t in der globalen Atmosph\u00e4re - Wetter-Center.de","robots":{"index":"index","follow":"follow","max-snippet":"max-snippet:-1","max-image-preview":"max-image-preview:large","max-video-preview":"max-video-preview:-1"},"canonical":"https:\/\/www.wetter-center.de\/blog\/forscher-modellieren-elektrizitat-in-der-globalen-atmosphare\/","og_locale":"de_DE","og_type":"article","og_title":"Forscher modellieren Elektrizit\u00e4t in der globalen Atmosph\u00e4re - Wetter-Center.de","og_description":"Elektrische Ladungen aus Gewittern k\u00f6nnen sich in der Atmosph\u00e4re um den ganzen Globus herum ausbreiten. Die Ladungen sind selbst dort nachweisbar, wo keine Gewitteraktivit\u00e4t herrscht. Bisher war jedoch den Forscher nicht so richtig bekannt,&#46;&#46;&#46;","og_url":"https:\/\/www.wetter-center.de\/blog\/forscher-modellieren-elektrizitat-in-der-globalen-atmosphare\/","og_site_name":"Wetter-Center.de","article_publisher":"https:\/\/www.facebook.com\/WetterUndKlima","article_author":"https:\/\/www.facebook.com\/WetterUndKlima","article_published_time":"2013-10-05T19:57:14+00:00","article_modified_time":"2014-02-11T10:13:32+00:00","og_image":[{"url":"http:\/\/www.wetter-center.de\/blog\/wp-content\/uploads\/2013\/10\/2926143475_7ef9d74356.jpg","type":"","width":"","height":""}],"author":"meteomara","twitter_card":"summary_large_image","twitter_creator":"@https:\/\/twitter.com\/meteomara","twitter_site":"@meteomara","twitter_misc":{"Geschrieben von":"meteomara","Gesch\u00e4tzte Lesezeit":"2\u00a0Minuten"},"schema":{"@context":"https:\/\/schema.org","@graph":[{"@type":"Article","@id":"https:\/\/www.wetter-center.de\/blog\/forscher-modellieren-elektrizitat-in-der-globalen-atmosphare\/#article","isPartOf":{"@id":"https:\/\/www.wetter-center.de\/blog\/forscher-modellieren-elektrizitat-in-der-globalen-atmosphare\/"},"author":{"name":"meteomara","@id":"https:\/\/www.wetter-center.de\/blog\/#\/schema\/person\/6c69612ad4763a699cd157cfbbfa6667"},"headline":"Forscher modellieren Elektrizit\u00e4t in der globalen Atmosph\u00e4re","datePublished":"2013-10-05T19:57:14+00:00","dateModified":"2014-02-11T10:13:32+00:00","mainEntityOfPage":{"@id":"https:\/\/www.wetter-center.de\/blog\/forscher-modellieren-elektrizitat-in-der-globalen-atmosphare\/"},"wordCount":340,"commentCount":0,"publisher":{"@id":"https:\/\/www.wetter-center.de\/blog\/#\/schema\/person\/6c69612ad4763a699cd157cfbbfa6667"},"image":{"@id":"https:\/\/www.wetter-center.de\/blog\/forscher-modellieren-elektrizitat-in-der-globalen-atmosphare\/#primaryimage"},"thumbnailUrl":"http:\/\/www.wetter-center.de\/blog\/wp-content\/uploads\/2013\/10\/2926143475_7ef9d74356.jpg","keywords":["Forschung","Gewitter","Klima"],"articleSection":["Klimawandel"],"inLanguage":"de","potentialAction":[{"@type":"CommentAction","name":"Comment","target":["https:\/\/www.wetter-center.de\/blog\/forscher-modellieren-elektrizitat-in-der-globalen-atmosphare\/#respond"]}]},{"@type":"WebPage","@id":"https:\/\/www.wetter-center.de\/blog\/forscher-modellieren-elektrizitat-in-der-globalen-atmosphare\/","url":"https:\/\/www.wetter-center.de\/blog\/forscher-modellieren-elektrizitat-in-der-globalen-atmosphare\/","name":"Forscher modellieren Elektrizit\u00e4t in der globalen Atmosph\u00e4re - Wetter-Center.de","isPartOf":{"@id":"https:\/\/www.wetter-center.de\/blog\/#website"},"primaryImageOfPage":{"@id":"https:\/\/www.wetter-center.de\/blog\/forscher-modellieren-elektrizitat-in-der-globalen-atmosphare\/#primaryimage"},"image":{"@id":"https:\/\/www.wetter-center.de\/blog\/forscher-modellieren-elektrizitat-in-der-globalen-atmosphare\/#primaryimage"},"thumbnailUrl":"http:\/\/www.wetter-center.de\/blog\/wp-content\/uploads\/2013\/10\/2926143475_7ef9d74356.jpg","datePublished":"2013-10-05T19:57:14+00:00","dateModified":"2014-02-11T10:13:32+00:00","breadcrumb":{"@id":"https:\/\/www.wetter-center.de\/blog\/forscher-modellieren-elektrizitat-in-der-globalen-atmosphare\/#breadcrumb"},"inLanguage":"de","potentialAction":[{"@type":"ReadAction","target":["https:\/\/www.wetter-center.de\/blog\/forscher-modellieren-elektrizitat-in-der-globalen-atmosphare\/"]}]},{"@type":"ImageObject","inLanguage":"de","@id":"https:\/\/www.wetter-center.de\/blog\/forscher-modellieren-elektrizitat-in-der-globalen-atmosphare\/#primaryimage","url":"http:\/\/www.wetter-center.de\/blog\/wp-content\/uploads\/2013\/10\/2926143475_7ef9d74356.jpg","contentUrl":"http:\/\/www.wetter-center.de\/blog\/wp-content\/uploads\/2013\/10\/2926143475_7ef9d74356.jpg"},{"@type":"BreadcrumbList","@id":"https:\/\/www.wetter-center.de\/blog\/forscher-modellieren-elektrizitat-in-der-globalen-atmosphare\/#breadcrumb","itemListElement":[{"@type":"ListItem","position":1,"name":"Startseite","item":"https:\/\/www.wetter-center.de\/blog\/"},{"@type":"ListItem","position":2,"name":"Forscher modellieren Elektrizit\u00e4t in der globalen Atmosph\u00e4re"}]},{"@type":"WebSite","@id":"https:\/\/www.wetter-center.de\/blog\/#website","url":"https:\/\/www.wetter-center.de\/blog\/","name":"Wetter-Center.de","description":"","publisher":{"@id":"https:\/\/www.wetter-center.de\/blog\/#\/schema\/person\/6c69612ad4763a699cd157cfbbfa6667"},"potentialAction":[{"@type":"SearchAction","target":{"@type":"EntryPoint","urlTemplate":"https:\/\/www.wetter-center.de\/blog\/?s={search_term_string}"},"query-input":{"@type":"PropertyValueSpecification","valueRequired":true,"valueName":"search_term_string"}}],"inLanguage":"de"},{"@type":["Person","Organization"],"@id":"https:\/\/www.wetter-center.de\/blog\/#\/schema\/person\/6c69612ad4763a699cd157cfbbfa6667","name":"meteomara","image":{"@type":"ImageObject","inLanguage":"de","@id":"https:\/\/www.wetter-center.de\/blog\/#\/schema\/person\/image\/","url":"https:\/\/www.wetter-center.de\/blog\/wp-content\/uploads\/2022\/08\/sky-1551171_1280.jpg","contentUrl":"https:\/\/www.wetter-center.de\/blog\/wp-content\/uploads\/2022\/08\/sky-1551171_1280.jpg","width":1280,"height":643,"caption":"meteomara"},"logo":{"@id":"https:\/\/www.wetter-center.de\/blog\/#\/schema\/person\/image\/"},"sameAs":["https:\/\/www.facebook.com\/WetterUndKlima","https:\/\/www.instagram.com\/wettercenterde\/","https:\/\/x.com\/https:\/\/twitter.com\/meteomara"],"url":"https:\/\/www.wetter-center.de\/blog\/author\/meteomara\/"}]}},"amp_enabled":true,"_links":{"self":[{"href":"https:\/\/www.wetter-center.de\/blog\/wp-json\/wp\/v2\/posts\/726","targetHints":{"allow":["GET"]}}],"collection":[{"href":"https:\/\/www.wetter-center.de\/blog\/wp-json\/wp\/v2\/posts"}],"about":[{"href":"https:\/\/www.wetter-center.de\/blog\/wp-json\/wp\/v2\/types\/post"}],"author":[{"embeddable":true,"href":"https:\/\/www.wetter-center.de\/blog\/wp-json\/wp\/v2\/users\/1"}],"replies":[{"embeddable":true,"href":"https:\/\/www.wetter-center.de\/blog\/wp-json\/wp\/v2\/comments?post=726"}],"version-history":[{"count":0,"href":"https:\/\/www.wetter-center.de\/blog\/wp-json\/wp\/v2\/posts\/726\/revisions"}],"wp:attachment":[{"href":"https:\/\/www.wetter-center.de\/blog\/wp-json\/wp\/v2\/media?parent=726"}],"wp:term":[{"taxonomy":"category","embeddable":true,"href":"https:\/\/www.wetter-center.de\/blog\/wp-json\/wp\/v2\/categories?post=726"},{"taxonomy":"post_tag","embeddable":true,"href":"https:\/\/www.wetter-center.de\/blog\/wp-json\/wp\/v2\/tags?post=726"}],"curies":[{"name":"wp","href":"https:\/\/api.w.org\/{rel}","templated":true}]}}