{"id":704,"date":"2013-07-08T22:24:55","date_gmt":"2013-07-08T21:24:55","guid":{"rendered":"http:\/\/www.wetter-center.de\/blog\/?p=704"},"modified":"2014-04-08T13:07:33","modified_gmt":"2014-04-08T11:07:33","slug":"sommer-in-europa","status":"publish","type":"post","link":"https:\/\/www.wetter-center.de\/blog\/sommer-in-europa\/","title":{"rendered":"Sommer in Europa"},"content":{"rendered":"<p>Das Wetter in Europa hat derzeit f\u00fcr jeden Geschmack etwas zu bieten. Schaut man auf die aktuelle Prognose f\u00fcr das n\u00e4chste Wochenende, findet man in gro\u00dfen Teilen Europas sommerliche Temperaturen (Quelle: <a href=\"http:\/\/www.wetter24.de\/reisewetter\/europa.html\" target=\"_blank\">Wetter24.de<\/a>):<\/p>\n<p><img decoding=\"async\" title=\"Wettervorhersage f\u00fcr den 13.07.2013\" alt=\"Wettervorhersage f\u00fcr den 13.07.2013\" src=\"http:\/\/www.wetter-center.de\/blog\/wp-content\/uploads\/2013\/07\/wetter24.gif\" width=\"450\" \/><\/p>\n<p>Dabei hat sich die W\u00e4rme sogar bis nach <strong>England <\/strong>ausgebreitet, dort werden knapp 30\u00b0C erwartet, \u00e4hnliche Temperaturen wie in Italien. Auch <strong>Skandinavien <\/strong>hat sommerliches Wetter mit H\u00f6chstwerten bis 25\u00b0C in Schweden und immerhin noch 23\u00b0C im S\u00fcden Finnlands zu bieten.<\/p>\n<p>Der Grund f\u00fcr diese sommerlichen Wetterlage ist das ausgedehntes <strong>Hochdruckgebiet <\/strong>names &#8220;<a href=\"http:\/\/www.met.fu-berlin.de\/wetterpate\/\" target=\"_blank\"><strong>Xena<\/strong><\/a>&#8220;, das sich \u00fcber gro\u00dfen Teile Europas breit gemacht hat und die Tiefdruckgebiete weit im Norden h\u00e4lt. Das ist auch die Erkl\u00e4rung daf\u00fcr, warum es in <strong>Island <\/strong>nur bescheidene 11\u00b0C und Regen gibt.<\/p>\n<p>Bei dieser Wetterlage haben es Last-Minute-Urlauber nicht leicht beim Reisen vergleichen. Interessant sind hier sicher auch die aktuellen <strong>Wassertemperaturen<\/strong>. Sie liegen derzeit zwischen eher bescheidenen 16 und 18\u00b0C an der Ostseek\u00fcste, die Nordsee ist mit 15 bis 16\u00b0C noch einen Tick k\u00fchler. Angenehmer ist da nat\u00fcrlich das Mittelmeer mit 21\u00b0C an der Cote d&#8217;Azur, 24\u00b0C an den Str\u00e4nden von <strong>Ibiza, Mallorca, Menorca<\/strong> sowie in Italien und den griechischen Inseln. Noch w\u00e4rmer ist das Wasser mit 26\u00b0C in <strong>Zypern <\/strong>und an der t\u00fcrkischen Riviera.<\/p>\n<p>Bleibt es nun l\u00e4ngere Zeit so warm? F\u00fcr das <strong>Mittelmeer <\/strong>kann man diese Frage mit einem eindeutigen Ja beantworten. F\u00fcr Deutschland wird es dagegen schon schwieriger. Nach den neusten Prognosen der Wettermodelle soll sich das Hoch langsam in Richtung Westen auf den Nordatlantik verlagern. Dadurch w\u00fcrde Mitteleuropa im Randbereich hohen Luftdrucks bleiben, jedoch wird an der Nordostflanke des Hochs k\u00fchlere Luft herangef\u00fchrt, so dass im Laufe der n\u00e4chsten Woche mit leicht zur\u00fcckgehenden Temperaturen gerechnet werden muss.<\/p>\n<p>Diese Entwicklung ist aber noch etwas unsicher. Einige Modellrechnungen zeigen auch ein weiter nach Osten ausgedehnteres Hochdruckgebiet, das bei uns f\u00fcr sommerliches Wetter mit Temperaturen \u00fcber 25\u00b0C sorgen k\u00f6nnte.<\/p>\n","protected":false},"excerpt":{"rendered":"<p>Das Wetter in Europa hat derzeit f\u00fcr jeden Geschmack etwas zu bieten. Schaut man auf die aktuelle Prognose f\u00fcr das n\u00e4chste Wochenende, findet man in gro\u00dfen Teilen Europas sommerliche Temperaturen (Quelle: Wetter24.de): Dabei hat&#46;&#46;&#46;<\/p>\n","protected":false},"author":1,"featured_media":0,"comment_status":"open","ping_status":"open","sticky":false,"template":"","format":"standard","meta":{"footnotes":""},"categories":[1],"tags":[],"class_list":["post-704","post","type-post","status-publish","format-standard","hentry","category-allgemein"],"yoast_head":"<!-- This site is optimized with the Yoast SEO plugin v25.5 - https:\/\/yoast.com\/wordpress\/plugins\/seo\/ -->\n<title>Sommer in Europa - Wetter-Center.de<\/title>\n<meta name=\"robots\" content=\"index, follow, max-snippet:-1, max-image-preview:large, max-video-preview:-1\" \/>\n<link rel=\"canonical\" href=\"https:\/\/www.wetter-center.de\/blog\/sommer-in-europa\/\" \/>\n<meta property=\"og:locale\" content=\"de_DE\" \/>\n<meta property=\"og:type\" content=\"article\" \/>\n<meta property=\"og:title\" content=\"Sommer in Europa - Wetter-Center.de\" \/>\n<meta property=\"og:description\" content=\"Das Wetter in Europa hat derzeit f\u00fcr jeden Geschmack etwas zu bieten. Schaut man auf die aktuelle Prognose f\u00fcr das n\u00e4chste Wochenende, findet man in gro\u00dfen Teilen Europas sommerliche Temperaturen (Quelle: Wetter24.de): Dabei hat&#046;&#046;&#046;\" \/>\n<meta property=\"og:url\" content=\"https:\/\/www.wetter-center.de\/blog\/sommer-in-europa\/\" \/>\n<meta property=\"og:site_name\" content=\"Wetter-Center.de\" \/>\n<meta property=\"article:publisher\" content=\"https:\/\/www.facebook.com\/WetterUndKlima\" \/>\n<meta property=\"article:author\" content=\"https:\/\/www.facebook.com\/WetterUndKlima\" \/>\n<meta property=\"article:published_time\" content=\"2013-07-08T21:24:55+00:00\" \/>\n<meta property=\"article:modified_time\" content=\"2014-04-08T11:07:33+00:00\" \/>\n<meta property=\"og:image\" content=\"http:\/\/www.wetter-center.de\/blog\/wp-content\/uploads\/2013\/07\/wetter24.gif\" \/>\n<meta name=\"author\" content=\"meteomara\" \/>\n<meta name=\"twitter:card\" content=\"summary_large_image\" \/>\n<meta name=\"twitter:creator\" content=\"@https:\/\/twitter.com\/meteomara\" \/>\n<meta name=\"twitter:site\" content=\"@meteomara\" \/>\n<meta name=\"twitter:label1\" content=\"Geschrieben von\" \/>\n\t<meta name=\"twitter:data1\" content=\"meteomara\" \/>\n\t<meta name=\"twitter:label2\" content=\"Gesch\u00e4tzte Lesezeit\" \/>\n\t<meta name=\"twitter:data2\" content=\"2\u00a0Minuten\" \/>\n<script type=\"application\/ld+json\" class=\"yoast-schema-graph\">{\"@context\":\"https:\/\/schema.org\",\"@graph\":[{\"@type\":\"Article\",\"@id\":\"https:\/\/www.wetter-center.de\/blog\/sommer-in-europa\/#article\",\"isPartOf\":{\"@id\":\"https:\/\/www.wetter-center.de\/blog\/sommer-in-europa\/\"},\"author\":{\"name\":\"meteomara\",\"@id\":\"https:\/\/www.wetter-center.de\/blog\/#\/schema\/person\/6c69612ad4763a699cd157cfbbfa6667\"},\"headline\":\"Sommer in Europa\",\"datePublished\":\"2013-07-08T21:24:55+00:00\",\"dateModified\":\"2014-04-08T11:07:33+00:00\",\"mainEntityOfPage\":{\"@id\":\"https:\/\/www.wetter-center.de\/blog\/sommer-in-europa\/\"},\"wordCount\":335,\"commentCount\":0,\"publisher\":{\"@id\":\"https:\/\/www.wetter-center.de\/blog\/#\/schema\/person\/6c69612ad4763a699cd157cfbbfa6667\"},\"image\":{\"@id\":\"https:\/\/www.wetter-center.de\/blog\/sommer-in-europa\/#primaryimage\"},\"thumbnailUrl\":\"http:\/\/www.wetter-center.de\/blog\/wp-content\/uploads\/2013\/07\/wetter24.gif\",\"inLanguage\":\"de\",\"potentialAction\":[{\"@type\":\"CommentAction\",\"name\":\"Comment\",\"target\":[\"https:\/\/www.wetter-center.de\/blog\/sommer-in-europa\/#respond\"]}]},{\"@type\":\"WebPage\",\"@id\":\"https:\/\/www.wetter-center.de\/blog\/sommer-in-europa\/\",\"url\":\"https:\/\/www.wetter-center.de\/blog\/sommer-in-europa\/\",\"name\":\"Sommer in Europa - Wetter-Center.de\",\"isPartOf\":{\"@id\":\"https:\/\/www.wetter-center.de\/blog\/#website\"},\"primaryImageOfPage\":{\"@id\":\"https:\/\/www.wetter-center.de\/blog\/sommer-in-europa\/#primaryimage\"},\"image\":{\"@id\":\"https:\/\/www.wetter-center.de\/blog\/sommer-in-europa\/#primaryimage\"},\"thumbnailUrl\":\"http:\/\/www.wetter-center.de\/blog\/wp-content\/uploads\/2013\/07\/wetter24.gif\",\"datePublished\":\"2013-07-08T21:24:55+00:00\",\"dateModified\":\"2014-04-08T11:07:33+00:00\",\"breadcrumb\":{\"@id\":\"https:\/\/www.wetter-center.de\/blog\/sommer-in-europa\/#breadcrumb\"},\"inLanguage\":\"de\",\"potentialAction\":[{\"@type\":\"ReadAction\",\"target\":[\"https:\/\/www.wetter-center.de\/blog\/sommer-in-europa\/\"]}]},{\"@type\":\"ImageObject\",\"inLanguage\":\"de\",\"@id\":\"https:\/\/www.wetter-center.de\/blog\/sommer-in-europa\/#primaryimage\",\"url\":\"http:\/\/www.wetter-center.de\/blog\/wp-content\/uploads\/2013\/07\/wetter24.gif\",\"contentUrl\":\"http:\/\/www.wetter-center.de\/blog\/wp-content\/uploads\/2013\/07\/wetter24.gif\"},{\"@type\":\"BreadcrumbList\",\"@id\":\"https:\/\/www.wetter-center.de\/blog\/sommer-in-europa\/#breadcrumb\",\"itemListElement\":[{\"@type\":\"ListItem\",\"position\":1,\"name\":\"Startseite\",\"item\":\"https:\/\/www.wetter-center.de\/blog\/\"},{\"@type\":\"ListItem\",\"position\":2,\"name\":\"Sommer in Europa\"}]},{\"@type\":\"WebSite\",\"@id\":\"https:\/\/www.wetter-center.de\/blog\/#website\",\"url\":\"https:\/\/www.wetter-center.de\/blog\/\",\"name\":\"Wetter-Center.de\",\"description\":\"\",\"publisher\":{\"@id\":\"https:\/\/www.wetter-center.de\/blog\/#\/schema\/person\/6c69612ad4763a699cd157cfbbfa6667\"},\"potentialAction\":[{\"@type\":\"SearchAction\",\"target\":{\"@type\":\"EntryPoint\",\"urlTemplate\":\"https:\/\/www.wetter-center.de\/blog\/?s={search_term_string}\"},\"query-input\":{\"@type\":\"PropertyValueSpecification\",\"valueRequired\":true,\"valueName\":\"search_term_string\"}}],\"inLanguage\":\"de\"},{\"@type\":[\"Person\",\"Organization\"],\"@id\":\"https:\/\/www.wetter-center.de\/blog\/#\/schema\/person\/6c69612ad4763a699cd157cfbbfa6667\",\"name\":\"meteomara\",\"image\":{\"@type\":\"ImageObject\",\"inLanguage\":\"de\",\"@id\":\"https:\/\/www.wetter-center.de\/blog\/#\/schema\/person\/image\/\",\"url\":\"https:\/\/www.wetter-center.de\/blog\/wp-content\/uploads\/2022\/08\/sky-1551171_1280.jpg\",\"contentUrl\":\"https:\/\/www.wetter-center.de\/blog\/wp-content\/uploads\/2022\/08\/sky-1551171_1280.jpg\",\"width\":1280,\"height\":643,\"caption\":\"meteomara\"},\"logo\":{\"@id\":\"https:\/\/www.wetter-center.de\/blog\/#\/schema\/person\/image\/\"},\"sameAs\":[\"https:\/\/www.facebook.com\/WetterUndKlima\",\"https:\/\/www.instagram.com\/wettercenterde\/\",\"https:\/\/x.com\/https:\/\/twitter.com\/meteomara\"],\"url\":\"https:\/\/www.wetter-center.de\/blog\/author\/meteomara\/\"}]}<\/script>\n<!-- \/ Yoast SEO plugin. -->","yoast_head_json":{"title":"Sommer in Europa - Wetter-Center.de","robots":{"index":"index","follow":"follow","max-snippet":"max-snippet:-1","max-image-preview":"max-image-preview:large","max-video-preview":"max-video-preview:-1"},"canonical":"https:\/\/www.wetter-center.de\/blog\/sommer-in-europa\/","og_locale":"de_DE","og_type":"article","og_title":"Sommer in Europa - Wetter-Center.de","og_description":"Das Wetter in Europa hat derzeit f\u00fcr jeden Geschmack etwas zu bieten. Schaut man auf die aktuelle Prognose f\u00fcr das n\u00e4chste Wochenende, findet man in gro\u00dfen Teilen Europas sommerliche Temperaturen (Quelle: Wetter24.de): Dabei hat&#46;&#46;&#46;","og_url":"https:\/\/www.wetter-center.de\/blog\/sommer-in-europa\/","og_site_name":"Wetter-Center.de","article_publisher":"https:\/\/www.facebook.com\/WetterUndKlima","article_author":"https:\/\/www.facebook.com\/WetterUndKlima","article_published_time":"2013-07-08T21:24:55+00:00","article_modified_time":"2014-04-08T11:07:33+00:00","og_image":[{"url":"http:\/\/www.wetter-center.de\/blog\/wp-content\/uploads\/2013\/07\/wetter24.gif","type":"","width":"","height":""}],"author":"meteomara","twitter_card":"summary_large_image","twitter_creator":"@https:\/\/twitter.com\/meteomara","twitter_site":"@meteomara","twitter_misc":{"Geschrieben von":"meteomara","Gesch\u00e4tzte Lesezeit":"2\u00a0Minuten"},"schema":{"@context":"https:\/\/schema.org","@graph":[{"@type":"Article","@id":"https:\/\/www.wetter-center.de\/blog\/sommer-in-europa\/#article","isPartOf":{"@id":"https:\/\/www.wetter-center.de\/blog\/sommer-in-europa\/"},"author":{"name":"meteomara","@id":"https:\/\/www.wetter-center.de\/blog\/#\/schema\/person\/6c69612ad4763a699cd157cfbbfa6667"},"headline":"Sommer in Europa","datePublished":"2013-07-08T21:24:55+00:00","dateModified":"2014-04-08T11:07:33+00:00","mainEntityOfPage":{"@id":"https:\/\/www.wetter-center.de\/blog\/sommer-in-europa\/"},"wordCount":335,"commentCount":0,"publisher":{"@id":"https:\/\/www.wetter-center.de\/blog\/#\/schema\/person\/6c69612ad4763a699cd157cfbbfa6667"},"image":{"@id":"https:\/\/www.wetter-center.de\/blog\/sommer-in-europa\/#primaryimage"},"thumbnailUrl":"http:\/\/www.wetter-center.de\/blog\/wp-content\/uploads\/2013\/07\/wetter24.gif","inLanguage":"de","potentialAction":[{"@type":"CommentAction","name":"Comment","target":["https:\/\/www.wetter-center.de\/blog\/sommer-in-europa\/#respond"]}]},{"@type":"WebPage","@id":"https:\/\/www.wetter-center.de\/blog\/sommer-in-europa\/","url":"https:\/\/www.wetter-center.de\/blog\/sommer-in-europa\/","name":"Sommer in Europa - Wetter-Center.de","isPartOf":{"@id":"https:\/\/www.wetter-center.de\/blog\/#website"},"primaryImageOfPage":{"@id":"https:\/\/www.wetter-center.de\/blog\/sommer-in-europa\/#primaryimage"},"image":{"@id":"https:\/\/www.wetter-center.de\/blog\/sommer-in-europa\/#primaryimage"},"thumbnailUrl":"http:\/\/www.wetter-center.de\/blog\/wp-content\/uploads\/2013\/07\/wetter24.gif","datePublished":"2013-07-08T21:24:55+00:00","dateModified":"2014-04-08T11:07:33+00:00","breadcrumb":{"@id":"https:\/\/www.wetter-center.de\/blog\/sommer-in-europa\/#breadcrumb"},"inLanguage":"de","potentialAction":[{"@type":"ReadAction","target":["https:\/\/www.wetter-center.de\/blog\/sommer-in-europa\/"]}]},{"@type":"ImageObject","inLanguage":"de","@id":"https:\/\/www.wetter-center.de\/blog\/sommer-in-europa\/#primaryimage","url":"http:\/\/www.wetter-center.de\/blog\/wp-content\/uploads\/2013\/07\/wetter24.gif","contentUrl":"http:\/\/www.wetter-center.de\/blog\/wp-content\/uploads\/2013\/07\/wetter24.gif"},{"@type":"BreadcrumbList","@id":"https:\/\/www.wetter-center.de\/blog\/sommer-in-europa\/#breadcrumb","itemListElement":[{"@type":"ListItem","position":1,"name":"Startseite","item":"https:\/\/www.wetter-center.de\/blog\/"},{"@type":"ListItem","position":2,"name":"Sommer in Europa"}]},{"@type":"WebSite","@id":"https:\/\/www.wetter-center.de\/blog\/#website","url":"https:\/\/www.wetter-center.de\/blog\/","name":"Wetter-Center.de","description":"","publisher":{"@id":"https:\/\/www.wetter-center.de\/blog\/#\/schema\/person\/6c69612ad4763a699cd157cfbbfa6667"},"potentialAction":[{"@type":"SearchAction","target":{"@type":"EntryPoint","urlTemplate":"https:\/\/www.wetter-center.de\/blog\/?s={search_term_string}"},"query-input":{"@type":"PropertyValueSpecification","valueRequired":true,"valueName":"search_term_string"}}],"inLanguage":"de"},{"@type":["Person","Organization"],"@id":"https:\/\/www.wetter-center.de\/blog\/#\/schema\/person\/6c69612ad4763a699cd157cfbbfa6667","name":"meteomara","image":{"@type":"ImageObject","inLanguage":"de","@id":"https:\/\/www.wetter-center.de\/blog\/#\/schema\/person\/image\/","url":"https:\/\/www.wetter-center.de\/blog\/wp-content\/uploads\/2022\/08\/sky-1551171_1280.jpg","contentUrl":"https:\/\/www.wetter-center.de\/blog\/wp-content\/uploads\/2022\/08\/sky-1551171_1280.jpg","width":1280,"height":643,"caption":"meteomara"},"logo":{"@id":"https:\/\/www.wetter-center.de\/blog\/#\/schema\/person\/image\/"},"sameAs":["https:\/\/www.facebook.com\/WetterUndKlima","https:\/\/www.instagram.com\/wettercenterde\/","https:\/\/x.com\/https:\/\/twitter.com\/meteomara"],"url":"https:\/\/www.wetter-center.de\/blog\/author\/meteomara\/"}]}},"amp_enabled":true,"_links":{"self":[{"href":"https:\/\/www.wetter-center.de\/blog\/wp-json\/wp\/v2\/posts\/704","targetHints":{"allow":["GET"]}}],"collection":[{"href":"https:\/\/www.wetter-center.de\/blog\/wp-json\/wp\/v2\/posts"}],"about":[{"href":"https:\/\/www.wetter-center.de\/blog\/wp-json\/wp\/v2\/types\/post"}],"author":[{"embeddable":true,"href":"https:\/\/www.wetter-center.de\/blog\/wp-json\/wp\/v2\/users\/1"}],"replies":[{"embeddable":true,"href":"https:\/\/www.wetter-center.de\/blog\/wp-json\/wp\/v2\/comments?post=704"}],"version-history":[{"count":0,"href":"https:\/\/www.wetter-center.de\/blog\/wp-json\/wp\/v2\/posts\/704\/revisions"}],"wp:attachment":[{"href":"https:\/\/www.wetter-center.de\/blog\/wp-json\/wp\/v2\/media?parent=704"}],"wp:term":[{"taxonomy":"category","embeddable":true,"href":"https:\/\/www.wetter-center.de\/blog\/wp-json\/wp\/v2\/categories?post=704"},{"taxonomy":"post_tag","embeddable":true,"href":"https:\/\/www.wetter-center.de\/blog\/wp-json\/wp\/v2\/tags?post=704"}],"curies":[{"name":"wp","href":"https:\/\/api.w.org\/{rel}","templated":true}]}}