{"id":696,"date":"2013-06-16T21:27:51","date_gmt":"2013-06-16T20:27:51","guid":{"rendered":"http:\/\/www.wetter-center.de\/blog\/?p=696"},"modified":"2013-06-16T21:31:53","modified_gmt":"2013-06-16T20:31:53","slug":"projekt-carve-untersucht-tauenden-permafrostboden","status":"publish","type":"post","link":"https:\/\/www.wetter-center.de\/blog\/projekt-carve-untersucht-tauenden-permafrostboden\/","title":{"rendered":"Projekt CARVE untersucht tauenden Permafrostboden"},"content":{"rendered":"<p>Der <strong>Permafrostboden<\/strong> in den arktischen Breiten ist ein wichtiger Forschungsgegenstand beim Klimawandel. Der <a href=\"http:\/\/www.wetter-center.de\/blog\/?p=21\">auftauende Boden<\/a> k\u00f6nnte erhebliche Mengen der beiden Treibhausgase Kohlendioxid und Methan freisetzen und so vermutlich die globale Erw\u00e4rmung beschleunigen. Bisher ist jedoch nicht ann\u00e4hernd klar, um welche Menge genau es sich handeln k\u00f6nnte.<\/p>\n<p>Forscher sch\u00e4tzen, dass sich im Permafrostboden \u00fcber Jahrmillionen die unvorstellbare Menge von <strong>1.400 bis 1.850 Milliarden Tonnen Kohlenstoff<\/strong> in organischer Materie angesammelt hat. Das entspricht etwa der H\u00e4lfte der organischen Materie, die weltweit im Erdboden gespeichert ist. Zum Vergleich: Etwa <strong>350 Milliarden Tonnen<\/strong> Kohlenstoff wurden seit den 1850er Jahren insgesamt durch menschliche Aktivit\u00e4ten in die Atmosph\u00e4re geblasen. Ein Gro\u00dfteil dieser Materie, die durch das kalte Klima in der Arktis nicht abgebaut werden kann, befindet sich in den obersten 3 Metern des Bodens. Doch der <a href=\"http:\/\/www.wetter-center.de\/blog\/?p=322\">Permafrostboden<\/a> hat sich in den letzten 30 Jahren <strong>deutlich erw\u00e4rmt<\/strong>, etwa um 1,5 bis 2,5 Grad, viel st\u00e4rker als die Lufttemperatur.<\/p>\n<p><img decoding=\"async\" src=\"http:\/\/www.wetter-center.de\/blog\/wp-content\/uploads\/2013\/06\/754676main_earth20130610b-full.jpg\" align=\"left\" style=\"width: 310px\" width=\"310\" hspace=\"5\" title=\"NASA-Forschungsflugzeug C-23\" alt=\"NASA-Forschungsflugzeug C-23\" \/>Um den genauen Status des Permafrostbodens und seiner Treibhausgasemissionen zu erforschen, betreibt die NASA seit dem Jahre 2011 ein Projekt namens <a href=\"http:\/\/science.nasa.gov\/missions\/carve\/\" target=\"_blank\"><strong>CARVE<\/strong> (Carbon in Arctic Reservoirs Vulnerability Experiment)<\/a>, an dem 12 Forschungsinstitute beteiligt sind. Im Jahre 2013 sind sieben monatliche <a href=\"http:\/\/www.nasa.gov\/topics\/earth\/features\/earth20130610.html\" target=\"_blank\">Flugzeug-Messkampagnen<\/a> \u00fcber den <strong>arktischen Regionen von Alaska<\/strong> zu allen Jahreszeiten geplant. Von Fairbanks, Alaska aus startet die NASA mit einem Spezial-Flugzeug vom Typ C-23 und fliegt dann bis zu 8 Stunden pro Tag \u00fcber Tundra, Permafrostb\u00f6den, W\u00e4lder, Torfland und Feuchtgebiete.<\/p>\n<p>Die Fl\u00fcge erfolgen die meiste Zeit in nur etwa <strong>150 Metern H\u00f6he<\/strong>. Dies erlaubt es den Wissenschaftlern, mit Hilfe eines hochempfindlichen Spektrometers kleinr\u00e4umige Unterschiede im Kohlendioxid-, Methan- und Kohlenmonoxidgehalt der Atmosph\u00e4re zu messen. Nur gelegentlich werden kurzzeitig gr\u00f6\u00dfere H\u00f6hen geflogen, um Hintergrunddaten zu sammeln. Dieses Spektrometer ist die Flugzeug-Version des neuen NASA-Satelliten &#8220;<a href=\"http:\/\/oco.jpl.nasa.gov\/\" target=\"_blank\">Orbiting Carbon Observatory-2<\/a>&#8221; (OCO-2), der 2014 gestartet werden soll.<\/p>\n<p>Au\u00dferdem werden bei den Fl\u00fcgen direkt <strong>Luftproben<\/strong> genommen, die dann sp\u00e4ter ausgewertet und mit den Spektrometermessungen verglichen werden. Auch <strong>Vor-Ort-Messungen<\/strong> am Boden sind ein wichtiger Baustein bei diesem Projekt, um die Flugzeugmessungen kalibrieren zu k\u00f6nnen.<\/p>\n","protected":false},"excerpt":{"rendered":"<p>Der Permafrostboden in den arktischen Breiten ist ein wichtiger Forschungsgegenstand beim Klimawandel. Der auftauende Boden k\u00f6nnte erhebliche Mengen der beiden Treibhausgase Kohlendioxid und Methan freisetzen und so vermutlich die globale Erw\u00e4rmung beschleunigen. Bisher ist&#46;&#46;&#46;<\/p>\n","protected":false},"author":1,"featured_media":0,"comment_status":"open","ping_status":"open","sticky":false,"template":"","format":"standard","meta":{"footnotes":""},"categories":[],"tags":[],"class_list":["post-696","post","type-post","status-publish","format-standard","hentry"],"yoast_head":"<!-- This site is optimized with the Yoast SEO plugin v25.5 - https:\/\/yoast.com\/wordpress\/plugins\/seo\/ -->\n<title>Projekt CARVE untersucht tauenden Permafrostboden  - Wetter-Center.de<\/title>\n<meta name=\"robots\" content=\"index, follow, max-snippet:-1, max-image-preview:large, max-video-preview:-1\" \/>\n<link rel=\"canonical\" href=\"https:\/\/www.wetter-center.de\/blog\/projekt-carve-untersucht-tauenden-permafrostboden\/\" \/>\n<meta property=\"og:locale\" content=\"de_DE\" \/>\n<meta property=\"og:type\" content=\"article\" \/>\n<meta property=\"og:title\" content=\"Projekt CARVE untersucht tauenden Permafrostboden  - Wetter-Center.de\" \/>\n<meta property=\"og:description\" content=\"Der Permafrostboden in den arktischen Breiten ist ein wichtiger Forschungsgegenstand beim Klimawandel. Der auftauende Boden k\u00f6nnte erhebliche Mengen der beiden Treibhausgase Kohlendioxid und Methan freisetzen und so vermutlich die globale Erw\u00e4rmung beschleunigen. Bisher ist&#046;&#046;&#046;\" \/>\n<meta property=\"og:url\" content=\"https:\/\/www.wetter-center.de\/blog\/projekt-carve-untersucht-tauenden-permafrostboden\/\" \/>\n<meta property=\"og:site_name\" content=\"Wetter-Center.de\" \/>\n<meta property=\"article:publisher\" content=\"https:\/\/www.facebook.com\/WetterUndKlima\" \/>\n<meta property=\"article:author\" content=\"https:\/\/www.facebook.com\/WetterUndKlima\" \/>\n<meta property=\"article:published_time\" content=\"2013-06-16T20:27:51+00:00\" \/>\n<meta property=\"article:modified_time\" content=\"2013-06-16T20:31:53+00:00\" \/>\n<meta property=\"og:image\" content=\"http:\/\/www.wetter-center.de\/blog\/wp-content\/uploads\/2013\/06\/754676main_earth20130610b-full.jpg\" \/>\n<meta name=\"author\" content=\"meteomara\" \/>\n<meta name=\"twitter:card\" content=\"summary_large_image\" \/>\n<meta name=\"twitter:creator\" content=\"@https:\/\/twitter.com\/meteomara\" \/>\n<meta name=\"twitter:site\" content=\"@meteomara\" \/>\n<meta name=\"twitter:label1\" content=\"Geschrieben von\" \/>\n\t<meta name=\"twitter:data1\" content=\"meteomara\" \/>\n\t<meta name=\"twitter:label2\" content=\"Gesch\u00e4tzte Lesezeit\" \/>\n\t<meta name=\"twitter:data2\" content=\"2\u00a0Minuten\" \/>\n<script type=\"application\/ld+json\" class=\"yoast-schema-graph\">{\"@context\":\"https:\/\/schema.org\",\"@graph\":[{\"@type\":\"Article\",\"@id\":\"https:\/\/www.wetter-center.de\/blog\/projekt-carve-untersucht-tauenden-permafrostboden\/#article\",\"isPartOf\":{\"@id\":\"https:\/\/www.wetter-center.de\/blog\/projekt-carve-untersucht-tauenden-permafrostboden\/\"},\"author\":{\"name\":\"meteomara\",\"@id\":\"https:\/\/www.wetter-center.de\/blog\/#\/schema\/person\/6c69612ad4763a699cd157cfbbfa6667\"},\"headline\":\"Projekt CARVE untersucht tauenden Permafrostboden\",\"datePublished\":\"2013-06-16T20:27:51+00:00\",\"dateModified\":\"2013-06-16T20:31:53+00:00\",\"mainEntityOfPage\":{\"@id\":\"https:\/\/www.wetter-center.de\/blog\/projekt-carve-untersucht-tauenden-permafrostboden\/\"},\"wordCount\":342,\"commentCount\":0,\"publisher\":{\"@id\":\"https:\/\/www.wetter-center.de\/blog\/#\/schema\/person\/6c69612ad4763a699cd157cfbbfa6667\"},\"image\":{\"@id\":\"https:\/\/www.wetter-center.de\/blog\/projekt-carve-untersucht-tauenden-permafrostboden\/#primaryimage\"},\"thumbnailUrl\":\"http:\/\/www.wetter-center.de\/blog\/wp-content\/uploads\/2013\/06\/754676main_earth20130610b-full.jpg\",\"inLanguage\":\"de\",\"potentialAction\":[{\"@type\":\"CommentAction\",\"name\":\"Comment\",\"target\":[\"https:\/\/www.wetter-center.de\/blog\/projekt-carve-untersucht-tauenden-permafrostboden\/#respond\"]}]},{\"@type\":\"WebPage\",\"@id\":\"https:\/\/www.wetter-center.de\/blog\/projekt-carve-untersucht-tauenden-permafrostboden\/\",\"url\":\"https:\/\/www.wetter-center.de\/blog\/projekt-carve-untersucht-tauenden-permafrostboden\/\",\"name\":\"Projekt CARVE untersucht tauenden Permafrostboden - Wetter-Center.de\",\"isPartOf\":{\"@id\":\"https:\/\/www.wetter-center.de\/blog\/#website\"},\"primaryImageOfPage\":{\"@id\":\"https:\/\/www.wetter-center.de\/blog\/projekt-carve-untersucht-tauenden-permafrostboden\/#primaryimage\"},\"image\":{\"@id\":\"https:\/\/www.wetter-center.de\/blog\/projekt-carve-untersucht-tauenden-permafrostboden\/#primaryimage\"},\"thumbnailUrl\":\"http:\/\/www.wetter-center.de\/blog\/wp-content\/uploads\/2013\/06\/754676main_earth20130610b-full.jpg\",\"datePublished\":\"2013-06-16T20:27:51+00:00\",\"dateModified\":\"2013-06-16T20:31:53+00:00\",\"breadcrumb\":{\"@id\":\"https:\/\/www.wetter-center.de\/blog\/projekt-carve-untersucht-tauenden-permafrostboden\/#breadcrumb\"},\"inLanguage\":\"de\",\"potentialAction\":[{\"@type\":\"ReadAction\",\"target\":[\"https:\/\/www.wetter-center.de\/blog\/projekt-carve-untersucht-tauenden-permafrostboden\/\"]}]},{\"@type\":\"ImageObject\",\"inLanguage\":\"de\",\"@id\":\"https:\/\/www.wetter-center.de\/blog\/projekt-carve-untersucht-tauenden-permafrostboden\/#primaryimage\",\"url\":\"http:\/\/www.wetter-center.de\/blog\/wp-content\/uploads\/2013\/06\/754676main_earth20130610b-full.jpg\",\"contentUrl\":\"http:\/\/www.wetter-center.de\/blog\/wp-content\/uploads\/2013\/06\/754676main_earth20130610b-full.jpg\"},{\"@type\":\"BreadcrumbList\",\"@id\":\"https:\/\/www.wetter-center.de\/blog\/projekt-carve-untersucht-tauenden-permafrostboden\/#breadcrumb\",\"itemListElement\":[{\"@type\":\"ListItem\",\"position\":1,\"name\":\"Startseite\",\"item\":\"https:\/\/www.wetter-center.de\/blog\/\"},{\"@type\":\"ListItem\",\"position\":2,\"name\":\"Projekt CARVE untersucht tauenden Permafrostboden\"}]},{\"@type\":\"WebSite\",\"@id\":\"https:\/\/www.wetter-center.de\/blog\/#website\",\"url\":\"https:\/\/www.wetter-center.de\/blog\/\",\"name\":\"Wetter-Center.de\",\"description\":\"\",\"publisher\":{\"@id\":\"https:\/\/www.wetter-center.de\/blog\/#\/schema\/person\/6c69612ad4763a699cd157cfbbfa6667\"},\"potentialAction\":[{\"@type\":\"SearchAction\",\"target\":{\"@type\":\"EntryPoint\",\"urlTemplate\":\"https:\/\/www.wetter-center.de\/blog\/?s={search_term_string}\"},\"query-input\":{\"@type\":\"PropertyValueSpecification\",\"valueRequired\":true,\"valueName\":\"search_term_string\"}}],\"inLanguage\":\"de\"},{\"@type\":[\"Person\",\"Organization\"],\"@id\":\"https:\/\/www.wetter-center.de\/blog\/#\/schema\/person\/6c69612ad4763a699cd157cfbbfa6667\",\"name\":\"meteomara\",\"image\":{\"@type\":\"ImageObject\",\"inLanguage\":\"de\",\"@id\":\"https:\/\/www.wetter-center.de\/blog\/#\/schema\/person\/image\/\",\"url\":\"https:\/\/www.wetter-center.de\/blog\/wp-content\/uploads\/2022\/08\/sky-1551171_1280.jpg\",\"contentUrl\":\"https:\/\/www.wetter-center.de\/blog\/wp-content\/uploads\/2022\/08\/sky-1551171_1280.jpg\",\"width\":1280,\"height\":643,\"caption\":\"meteomara\"},\"logo\":{\"@id\":\"https:\/\/www.wetter-center.de\/blog\/#\/schema\/person\/image\/\"},\"sameAs\":[\"https:\/\/www.facebook.com\/WetterUndKlima\",\"https:\/\/www.instagram.com\/wettercenterde\/\",\"https:\/\/x.com\/https:\/\/twitter.com\/meteomara\"],\"url\":\"https:\/\/www.wetter-center.de\/blog\/author\/meteomara\/\"}]}<\/script>\n<!-- \/ Yoast SEO plugin. -->","yoast_head_json":{"title":"Projekt CARVE untersucht tauenden Permafrostboden  - Wetter-Center.de","robots":{"index":"index","follow":"follow","max-snippet":"max-snippet:-1","max-image-preview":"max-image-preview:large","max-video-preview":"max-video-preview:-1"},"canonical":"https:\/\/www.wetter-center.de\/blog\/projekt-carve-untersucht-tauenden-permafrostboden\/","og_locale":"de_DE","og_type":"article","og_title":"Projekt CARVE untersucht tauenden Permafrostboden  - Wetter-Center.de","og_description":"Der Permafrostboden in den arktischen Breiten ist ein wichtiger Forschungsgegenstand beim Klimawandel. Der auftauende Boden k\u00f6nnte erhebliche Mengen der beiden Treibhausgase Kohlendioxid und Methan freisetzen und so vermutlich die globale Erw\u00e4rmung beschleunigen. Bisher ist&#46;&#46;&#46;","og_url":"https:\/\/www.wetter-center.de\/blog\/projekt-carve-untersucht-tauenden-permafrostboden\/","og_site_name":"Wetter-Center.de","article_publisher":"https:\/\/www.facebook.com\/WetterUndKlima","article_author":"https:\/\/www.facebook.com\/WetterUndKlima","article_published_time":"2013-06-16T20:27:51+00:00","article_modified_time":"2013-06-16T20:31:53+00:00","og_image":[{"url":"http:\/\/www.wetter-center.de\/blog\/wp-content\/uploads\/2013\/06\/754676main_earth20130610b-full.jpg","type":"","width":"","height":""}],"author":"meteomara","twitter_card":"summary_large_image","twitter_creator":"@https:\/\/twitter.com\/meteomara","twitter_site":"@meteomara","twitter_misc":{"Geschrieben von":"meteomara","Gesch\u00e4tzte Lesezeit":"2\u00a0Minuten"},"schema":{"@context":"https:\/\/schema.org","@graph":[{"@type":"Article","@id":"https:\/\/www.wetter-center.de\/blog\/projekt-carve-untersucht-tauenden-permafrostboden\/#article","isPartOf":{"@id":"https:\/\/www.wetter-center.de\/blog\/projekt-carve-untersucht-tauenden-permafrostboden\/"},"author":{"name":"meteomara","@id":"https:\/\/www.wetter-center.de\/blog\/#\/schema\/person\/6c69612ad4763a699cd157cfbbfa6667"},"headline":"Projekt CARVE untersucht tauenden Permafrostboden","datePublished":"2013-06-16T20:27:51+00:00","dateModified":"2013-06-16T20:31:53+00:00","mainEntityOfPage":{"@id":"https:\/\/www.wetter-center.de\/blog\/projekt-carve-untersucht-tauenden-permafrostboden\/"},"wordCount":342,"commentCount":0,"publisher":{"@id":"https:\/\/www.wetter-center.de\/blog\/#\/schema\/person\/6c69612ad4763a699cd157cfbbfa6667"},"image":{"@id":"https:\/\/www.wetter-center.de\/blog\/projekt-carve-untersucht-tauenden-permafrostboden\/#primaryimage"},"thumbnailUrl":"http:\/\/www.wetter-center.de\/blog\/wp-content\/uploads\/2013\/06\/754676main_earth20130610b-full.jpg","inLanguage":"de","potentialAction":[{"@type":"CommentAction","name":"Comment","target":["https:\/\/www.wetter-center.de\/blog\/projekt-carve-untersucht-tauenden-permafrostboden\/#respond"]}]},{"@type":"WebPage","@id":"https:\/\/www.wetter-center.de\/blog\/projekt-carve-untersucht-tauenden-permafrostboden\/","url":"https:\/\/www.wetter-center.de\/blog\/projekt-carve-untersucht-tauenden-permafrostboden\/","name":"Projekt CARVE untersucht tauenden Permafrostboden - Wetter-Center.de","isPartOf":{"@id":"https:\/\/www.wetter-center.de\/blog\/#website"},"primaryImageOfPage":{"@id":"https:\/\/www.wetter-center.de\/blog\/projekt-carve-untersucht-tauenden-permafrostboden\/#primaryimage"},"image":{"@id":"https:\/\/www.wetter-center.de\/blog\/projekt-carve-untersucht-tauenden-permafrostboden\/#primaryimage"},"thumbnailUrl":"http:\/\/www.wetter-center.de\/blog\/wp-content\/uploads\/2013\/06\/754676main_earth20130610b-full.jpg","datePublished":"2013-06-16T20:27:51+00:00","dateModified":"2013-06-16T20:31:53+00:00","breadcrumb":{"@id":"https:\/\/www.wetter-center.de\/blog\/projekt-carve-untersucht-tauenden-permafrostboden\/#breadcrumb"},"inLanguage":"de","potentialAction":[{"@type":"ReadAction","target":["https:\/\/www.wetter-center.de\/blog\/projekt-carve-untersucht-tauenden-permafrostboden\/"]}]},{"@type":"ImageObject","inLanguage":"de","@id":"https:\/\/www.wetter-center.de\/blog\/projekt-carve-untersucht-tauenden-permafrostboden\/#primaryimage","url":"http:\/\/www.wetter-center.de\/blog\/wp-content\/uploads\/2013\/06\/754676main_earth20130610b-full.jpg","contentUrl":"http:\/\/www.wetter-center.de\/blog\/wp-content\/uploads\/2013\/06\/754676main_earth20130610b-full.jpg"},{"@type":"BreadcrumbList","@id":"https:\/\/www.wetter-center.de\/blog\/projekt-carve-untersucht-tauenden-permafrostboden\/#breadcrumb","itemListElement":[{"@type":"ListItem","position":1,"name":"Startseite","item":"https:\/\/www.wetter-center.de\/blog\/"},{"@type":"ListItem","position":2,"name":"Projekt CARVE untersucht tauenden Permafrostboden"}]},{"@type":"WebSite","@id":"https:\/\/www.wetter-center.de\/blog\/#website","url":"https:\/\/www.wetter-center.de\/blog\/","name":"Wetter-Center.de","description":"","publisher":{"@id":"https:\/\/www.wetter-center.de\/blog\/#\/schema\/person\/6c69612ad4763a699cd157cfbbfa6667"},"potentialAction":[{"@type":"SearchAction","target":{"@type":"EntryPoint","urlTemplate":"https:\/\/www.wetter-center.de\/blog\/?s={search_term_string}"},"query-input":{"@type":"PropertyValueSpecification","valueRequired":true,"valueName":"search_term_string"}}],"inLanguage":"de"},{"@type":["Person","Organization"],"@id":"https:\/\/www.wetter-center.de\/blog\/#\/schema\/person\/6c69612ad4763a699cd157cfbbfa6667","name":"meteomara","image":{"@type":"ImageObject","inLanguage":"de","@id":"https:\/\/www.wetter-center.de\/blog\/#\/schema\/person\/image\/","url":"https:\/\/www.wetter-center.de\/blog\/wp-content\/uploads\/2022\/08\/sky-1551171_1280.jpg","contentUrl":"https:\/\/www.wetter-center.de\/blog\/wp-content\/uploads\/2022\/08\/sky-1551171_1280.jpg","width":1280,"height":643,"caption":"meteomara"},"logo":{"@id":"https:\/\/www.wetter-center.de\/blog\/#\/schema\/person\/image\/"},"sameAs":["https:\/\/www.facebook.com\/WetterUndKlima","https:\/\/www.instagram.com\/wettercenterde\/","https:\/\/x.com\/https:\/\/twitter.com\/meteomara"],"url":"https:\/\/www.wetter-center.de\/blog\/author\/meteomara\/"}]}},"amp_enabled":true,"_links":{"self":[{"href":"https:\/\/www.wetter-center.de\/blog\/wp-json\/wp\/v2\/posts\/696","targetHints":{"allow":["GET"]}}],"collection":[{"href":"https:\/\/www.wetter-center.de\/blog\/wp-json\/wp\/v2\/posts"}],"about":[{"href":"https:\/\/www.wetter-center.de\/blog\/wp-json\/wp\/v2\/types\/post"}],"author":[{"embeddable":true,"href":"https:\/\/www.wetter-center.de\/blog\/wp-json\/wp\/v2\/users\/1"}],"replies":[{"embeddable":true,"href":"https:\/\/www.wetter-center.de\/blog\/wp-json\/wp\/v2\/comments?post=696"}],"version-history":[{"count":0,"href":"https:\/\/www.wetter-center.de\/blog\/wp-json\/wp\/v2\/posts\/696\/revisions"}],"wp:attachment":[{"href":"https:\/\/www.wetter-center.de\/blog\/wp-json\/wp\/v2\/media?parent=696"}],"wp:term":[{"taxonomy":"category","embeddable":true,"href":"https:\/\/www.wetter-center.de\/blog\/wp-json\/wp\/v2\/categories?post=696"},{"taxonomy":"post_tag","embeddable":true,"href":"https:\/\/www.wetter-center.de\/blog\/wp-json\/wp\/v2\/tags?post=696"}],"curies":[{"name":"wp","href":"https:\/\/api.w.org\/{rel}","templated":true}]}}