{"id":657,"date":"2013-01-20T23:02:08","date_gmt":"2013-01-20T22:02:08","guid":{"rendered":"http:\/\/www.wetter-center.de\/blog\/?p=657"},"modified":"2013-01-20T23:02:08","modified_gmt":"2013-01-20T22:02:08","slug":"klimaskeptizismus-wird-mainstream","status":"publish","type":"post","link":"https:\/\/www.wetter-center.de\/blog\/klimaskeptizismus-wird-mainstream\/","title":{"rendered":"Klimaskeptizismus wird Mainstream"},"content":{"rendered":"<p>Die Zeichen f\u00fcr eine <strong>langsamere Klimaerw\u00e4rmung<\/strong> als viele Klimaforscher bisher prognostizierten, sind in der letzten Zeit immer deutlicher geworden (siehe dazu die Artikel <a href=\"http:\/\/www.wetter-center.de\/blog\/?p=651\" target=\"_blank\">&#8220;Erstaunliches vom UN-Klimarat IPCC&#8221;<\/a> und &#8220;<a href=\"http:\/\/www.wetter-center.de\/blog\/?p=656\" target=\"_blank\">Britischer Wetterdienst: Globale Erw\u00e4rmung macht Pause<\/a>&#8220;). Inzwischen nehmen auch die Mainstream-Medien die Klimaskeptiker ernst.<\/p>\n<p><img decoding=\"async\" src=\"http:\/\/www.wetter-center.de\/blog\/wp-content\/uploads\/2009\/06\/2515894536_5456c9e823.jpg\" width=\"270\" hspace=\"5\" align=\"left\" title=\"Sonne und Auto\" style=\"font-size: 1em; line-height: 1.3em; width: 270px\" alt=\"Sonne und Auto\" \/>So erschien am 18. Januar 2013 ein interessanter Artikel in Spiegel Online mit dem Titel &#8220;<a href=\"http:\/\/www.spiegel.de\/wissenschaft\/natur\/stillstand-der-temperatur-erklaerungen-fuer-pause-der-klimaerwaermung-a-877941.html\" target=\"_blank\">Klimawandel: Forscher r\u00e4tseln \u00fcber Stillstand bei Erderw\u00e4rmung<\/a>&#8220;. Dort findet sich eine sch\u00f6ne Zusammenfassung der derzeitigen Diskussionen um die <strong>Entwicklung der globalen Temperaturen<\/strong>. Der Artikel zeigt auf, welche Unsicherheiten es bei den derzeitigen Klimamodellen gibt. Weitere Informationen zu diesem Thema sind auch in diesem Blog zu finden (siehe zum Beispiel die Artikel &#8220;<a href=\"http:\/\/www.wetter-center.de\/blog\/?p=190\">Neue Zweifel an Aussagekraft von Klimamodellen<\/a>&#8220;, &#8220;<a href=\"http:\/\/www.wetter-center.de\/blog\/?p=504\">Neue Studie zur Sensitivit\u00e4t von Klimamodellen<\/a>&#8221; und &#8220;<a href=\"http:\/\/www.wetter-center.de\/blog\/?p=452\">Klimamodelle \u00fcbersch\u00e4tzen Treibhauseffekt<\/a>&#8220;).<\/p>\n<p>Nicht ganz nachvollziehbar ist allerdings die Aussage, dass <strong>langfristige Prognosen<\/strong> den Forschern vertrauensw\u00fcrdiger erscheinen sollen als Klimaprognosen \u00fcber Zeitr\u00e4ume von <strong>einigen Jahren<\/strong>. Wenn die aktuellen Klimamodelle nicht erkl\u00e4ren k\u00f6nnen, warum es in den letzten Jahren mit der globalen Temperatur nicht mehr aufw\u00e4rts ging, haben diese Modelle ganz offensichtlich <strong>Defizite<\/strong>, die es zu beheben gilt. Niemand kann absch\u00e4tzen, wie die Prognosen dieser Modelle aussehen werden, nachdem dies geschehen ist. Insofern kann den langfristigen Prognosen dieser Modelle nicht mehr Vertrauen geschenkt werden als den kurzfristigen.<\/p>\n","protected":false},"excerpt":{"rendered":"<p>Die Zeichen f\u00fcr eine langsamere Klimaerw\u00e4rmung als viele Klimaforscher bisher prognostizierten, sind in der letzten Zeit immer deutlicher geworden (siehe dazu die Artikel &#8220;Erstaunliches vom UN-Klimarat IPCC&#8221; und &#8220;Britischer Wetterdienst: Globale Erw\u00e4rmung macht Pause&#8220;).&#46;&#46;&#46;<\/p>\n","protected":false},"author":1,"featured_media":0,"comment_status":"open","ping_status":"open","sticky":false,"template":"","format":"standard","meta":{"footnotes":""},"categories":[],"tags":[],"class_list":["post-657","post","type-post","status-publish","format-standard","hentry"],"yoast_head":"<!-- This site is optimized with the Yoast SEO plugin v25.5 - https:\/\/yoast.com\/wordpress\/plugins\/seo\/ -->\n<title>Klimaskeptizismus wird Mainstream - Wetter-Center.de<\/title>\n<meta name=\"robots\" content=\"index, follow, max-snippet:-1, max-image-preview:large, max-video-preview:-1\" \/>\n<link rel=\"canonical\" href=\"https:\/\/www.wetter-center.de\/blog\/klimaskeptizismus-wird-mainstream\/\" \/>\n<meta property=\"og:locale\" content=\"de_DE\" \/>\n<meta property=\"og:type\" content=\"article\" \/>\n<meta property=\"og:title\" content=\"Klimaskeptizismus wird Mainstream - Wetter-Center.de\" \/>\n<meta property=\"og:description\" content=\"Die Zeichen f\u00fcr eine langsamere Klimaerw\u00e4rmung als viele Klimaforscher bisher prognostizierten, sind in der letzten Zeit immer deutlicher geworden (siehe dazu die Artikel &#8220;Erstaunliches vom UN-Klimarat IPCC&#8221; und &#8220;Britischer Wetterdienst: Globale Erw\u00e4rmung macht Pause&#8220;).&#046;&#046;&#046;\" \/>\n<meta property=\"og:url\" content=\"https:\/\/www.wetter-center.de\/blog\/klimaskeptizismus-wird-mainstream\/\" \/>\n<meta property=\"og:site_name\" content=\"Wetter-Center.de\" \/>\n<meta property=\"article:publisher\" content=\"https:\/\/www.facebook.com\/WetterUndKlima\" \/>\n<meta property=\"article:author\" content=\"https:\/\/www.facebook.com\/WetterUndKlima\" \/>\n<meta property=\"article:published_time\" content=\"2013-01-20T22:02:08+00:00\" \/>\n<meta property=\"og:image\" content=\"http:\/\/www.wetter-center.de\/blog\/wp-content\/uploads\/2009\/06\/2515894536_5456c9e823.jpg\" \/>\n<meta name=\"author\" content=\"meteomara\" \/>\n<meta name=\"twitter:card\" content=\"summary_large_image\" \/>\n<meta name=\"twitter:creator\" content=\"@https:\/\/twitter.com\/meteomara\" \/>\n<meta name=\"twitter:site\" content=\"@meteomara\" \/>\n<meta name=\"twitter:label1\" content=\"Geschrieben von\" \/>\n\t<meta name=\"twitter:data1\" content=\"meteomara\" \/>\n\t<meta name=\"twitter:label2\" content=\"Gesch\u00e4tzte Lesezeit\" \/>\n\t<meta name=\"twitter:data2\" content=\"1\u00a0Minute\" \/>\n<script type=\"application\/ld+json\" class=\"yoast-schema-graph\">{\"@context\":\"https:\/\/schema.org\",\"@graph\":[{\"@type\":\"Article\",\"@id\":\"https:\/\/www.wetter-center.de\/blog\/klimaskeptizismus-wird-mainstream\/#article\",\"isPartOf\":{\"@id\":\"https:\/\/www.wetter-center.de\/blog\/klimaskeptizismus-wird-mainstream\/\"},\"author\":{\"name\":\"meteomara\",\"@id\":\"https:\/\/www.wetter-center.de\/blog\/#\/schema\/person\/6c69612ad4763a699cd157cfbbfa6667\"},\"headline\":\"Klimaskeptizismus wird Mainstream\",\"datePublished\":\"2013-01-20T22:02:08+00:00\",\"mainEntityOfPage\":{\"@id\":\"https:\/\/www.wetter-center.de\/blog\/klimaskeptizismus-wird-mainstream\/\"},\"wordCount\":222,\"commentCount\":1,\"publisher\":{\"@id\":\"https:\/\/www.wetter-center.de\/blog\/#\/schema\/person\/6c69612ad4763a699cd157cfbbfa6667\"},\"image\":{\"@id\":\"https:\/\/www.wetter-center.de\/blog\/klimaskeptizismus-wird-mainstream\/#primaryimage\"},\"thumbnailUrl\":\"http:\/\/www.wetter-center.de\/blog\/wp-content\/uploads\/2009\/06\/2515894536_5456c9e823.jpg\",\"inLanguage\":\"de\",\"potentialAction\":[{\"@type\":\"CommentAction\",\"name\":\"Comment\",\"target\":[\"https:\/\/www.wetter-center.de\/blog\/klimaskeptizismus-wird-mainstream\/#respond\"]}]},{\"@type\":\"WebPage\",\"@id\":\"https:\/\/www.wetter-center.de\/blog\/klimaskeptizismus-wird-mainstream\/\",\"url\":\"https:\/\/www.wetter-center.de\/blog\/klimaskeptizismus-wird-mainstream\/\",\"name\":\"Klimaskeptizismus wird Mainstream - Wetter-Center.de\",\"isPartOf\":{\"@id\":\"https:\/\/www.wetter-center.de\/blog\/#website\"},\"primaryImageOfPage\":{\"@id\":\"https:\/\/www.wetter-center.de\/blog\/klimaskeptizismus-wird-mainstream\/#primaryimage\"},\"image\":{\"@id\":\"https:\/\/www.wetter-center.de\/blog\/klimaskeptizismus-wird-mainstream\/#primaryimage\"},\"thumbnailUrl\":\"http:\/\/www.wetter-center.de\/blog\/wp-content\/uploads\/2009\/06\/2515894536_5456c9e823.jpg\",\"datePublished\":\"2013-01-20T22:02:08+00:00\",\"breadcrumb\":{\"@id\":\"https:\/\/www.wetter-center.de\/blog\/klimaskeptizismus-wird-mainstream\/#breadcrumb\"},\"inLanguage\":\"de\",\"potentialAction\":[{\"@type\":\"ReadAction\",\"target\":[\"https:\/\/www.wetter-center.de\/blog\/klimaskeptizismus-wird-mainstream\/\"]}]},{\"@type\":\"ImageObject\",\"inLanguage\":\"de\",\"@id\":\"https:\/\/www.wetter-center.de\/blog\/klimaskeptizismus-wird-mainstream\/#primaryimage\",\"url\":\"http:\/\/www.wetter-center.de\/blog\/wp-content\/uploads\/2009\/06\/2515894536_5456c9e823.jpg\",\"contentUrl\":\"http:\/\/www.wetter-center.de\/blog\/wp-content\/uploads\/2009\/06\/2515894536_5456c9e823.jpg\"},{\"@type\":\"BreadcrumbList\",\"@id\":\"https:\/\/www.wetter-center.de\/blog\/klimaskeptizismus-wird-mainstream\/#breadcrumb\",\"itemListElement\":[{\"@type\":\"ListItem\",\"position\":1,\"name\":\"Startseite\",\"item\":\"https:\/\/www.wetter-center.de\/blog\/\"},{\"@type\":\"ListItem\",\"position\":2,\"name\":\"Klimaskeptizismus wird Mainstream\"}]},{\"@type\":\"WebSite\",\"@id\":\"https:\/\/www.wetter-center.de\/blog\/#website\",\"url\":\"https:\/\/www.wetter-center.de\/blog\/\",\"name\":\"Wetter-Center.de\",\"description\":\"\",\"publisher\":{\"@id\":\"https:\/\/www.wetter-center.de\/blog\/#\/schema\/person\/6c69612ad4763a699cd157cfbbfa6667\"},\"potentialAction\":[{\"@type\":\"SearchAction\",\"target\":{\"@type\":\"EntryPoint\",\"urlTemplate\":\"https:\/\/www.wetter-center.de\/blog\/?s={search_term_string}\"},\"query-input\":{\"@type\":\"PropertyValueSpecification\",\"valueRequired\":true,\"valueName\":\"search_term_string\"}}],\"inLanguage\":\"de\"},{\"@type\":[\"Person\",\"Organization\"],\"@id\":\"https:\/\/www.wetter-center.de\/blog\/#\/schema\/person\/6c69612ad4763a699cd157cfbbfa6667\",\"name\":\"meteomara\",\"image\":{\"@type\":\"ImageObject\",\"inLanguage\":\"de\",\"@id\":\"https:\/\/www.wetter-center.de\/blog\/#\/schema\/person\/image\/\",\"url\":\"https:\/\/www.wetter-center.de\/blog\/wp-content\/uploads\/2022\/08\/sky-1551171_1280.jpg\",\"contentUrl\":\"https:\/\/www.wetter-center.de\/blog\/wp-content\/uploads\/2022\/08\/sky-1551171_1280.jpg\",\"width\":1280,\"height\":643,\"caption\":\"meteomara\"},\"logo\":{\"@id\":\"https:\/\/www.wetter-center.de\/blog\/#\/schema\/person\/image\/\"},\"sameAs\":[\"https:\/\/www.facebook.com\/WetterUndKlima\",\"https:\/\/www.instagram.com\/wettercenterde\/\",\"https:\/\/x.com\/https:\/\/twitter.com\/meteomara\"],\"url\":\"https:\/\/www.wetter-center.de\/blog\/author\/meteomara\/\"}]}<\/script>\n<!-- \/ Yoast SEO plugin. -->","yoast_head_json":{"title":"Klimaskeptizismus wird Mainstream - Wetter-Center.de","robots":{"index":"index","follow":"follow","max-snippet":"max-snippet:-1","max-image-preview":"max-image-preview:large","max-video-preview":"max-video-preview:-1"},"canonical":"https:\/\/www.wetter-center.de\/blog\/klimaskeptizismus-wird-mainstream\/","og_locale":"de_DE","og_type":"article","og_title":"Klimaskeptizismus wird Mainstream - Wetter-Center.de","og_description":"Die Zeichen f\u00fcr eine langsamere Klimaerw\u00e4rmung als viele Klimaforscher bisher prognostizierten, sind in der letzten Zeit immer deutlicher geworden (siehe dazu die Artikel &#8220;Erstaunliches vom UN-Klimarat IPCC&#8221; und &#8220;Britischer Wetterdienst: Globale Erw\u00e4rmung macht Pause&#8220;).&#46;&#46;&#46;","og_url":"https:\/\/www.wetter-center.de\/blog\/klimaskeptizismus-wird-mainstream\/","og_site_name":"Wetter-Center.de","article_publisher":"https:\/\/www.facebook.com\/WetterUndKlima","article_author":"https:\/\/www.facebook.com\/WetterUndKlima","article_published_time":"2013-01-20T22:02:08+00:00","og_image":[{"url":"http:\/\/www.wetter-center.de\/blog\/wp-content\/uploads\/2009\/06\/2515894536_5456c9e823.jpg","type":"","width":"","height":""}],"author":"meteomara","twitter_card":"summary_large_image","twitter_creator":"@https:\/\/twitter.com\/meteomara","twitter_site":"@meteomara","twitter_misc":{"Geschrieben von":"meteomara","Gesch\u00e4tzte Lesezeit":"1\u00a0Minute"},"schema":{"@context":"https:\/\/schema.org","@graph":[{"@type":"Article","@id":"https:\/\/www.wetter-center.de\/blog\/klimaskeptizismus-wird-mainstream\/#article","isPartOf":{"@id":"https:\/\/www.wetter-center.de\/blog\/klimaskeptizismus-wird-mainstream\/"},"author":{"name":"meteomara","@id":"https:\/\/www.wetter-center.de\/blog\/#\/schema\/person\/6c69612ad4763a699cd157cfbbfa6667"},"headline":"Klimaskeptizismus wird Mainstream","datePublished":"2013-01-20T22:02:08+00:00","mainEntityOfPage":{"@id":"https:\/\/www.wetter-center.de\/blog\/klimaskeptizismus-wird-mainstream\/"},"wordCount":222,"commentCount":1,"publisher":{"@id":"https:\/\/www.wetter-center.de\/blog\/#\/schema\/person\/6c69612ad4763a699cd157cfbbfa6667"},"image":{"@id":"https:\/\/www.wetter-center.de\/blog\/klimaskeptizismus-wird-mainstream\/#primaryimage"},"thumbnailUrl":"http:\/\/www.wetter-center.de\/blog\/wp-content\/uploads\/2009\/06\/2515894536_5456c9e823.jpg","inLanguage":"de","potentialAction":[{"@type":"CommentAction","name":"Comment","target":["https:\/\/www.wetter-center.de\/blog\/klimaskeptizismus-wird-mainstream\/#respond"]}]},{"@type":"WebPage","@id":"https:\/\/www.wetter-center.de\/blog\/klimaskeptizismus-wird-mainstream\/","url":"https:\/\/www.wetter-center.de\/blog\/klimaskeptizismus-wird-mainstream\/","name":"Klimaskeptizismus wird Mainstream - Wetter-Center.de","isPartOf":{"@id":"https:\/\/www.wetter-center.de\/blog\/#website"},"primaryImageOfPage":{"@id":"https:\/\/www.wetter-center.de\/blog\/klimaskeptizismus-wird-mainstream\/#primaryimage"},"image":{"@id":"https:\/\/www.wetter-center.de\/blog\/klimaskeptizismus-wird-mainstream\/#primaryimage"},"thumbnailUrl":"http:\/\/www.wetter-center.de\/blog\/wp-content\/uploads\/2009\/06\/2515894536_5456c9e823.jpg","datePublished":"2013-01-20T22:02:08+00:00","breadcrumb":{"@id":"https:\/\/www.wetter-center.de\/blog\/klimaskeptizismus-wird-mainstream\/#breadcrumb"},"inLanguage":"de","potentialAction":[{"@type":"ReadAction","target":["https:\/\/www.wetter-center.de\/blog\/klimaskeptizismus-wird-mainstream\/"]}]},{"@type":"ImageObject","inLanguage":"de","@id":"https:\/\/www.wetter-center.de\/blog\/klimaskeptizismus-wird-mainstream\/#primaryimage","url":"http:\/\/www.wetter-center.de\/blog\/wp-content\/uploads\/2009\/06\/2515894536_5456c9e823.jpg","contentUrl":"http:\/\/www.wetter-center.de\/blog\/wp-content\/uploads\/2009\/06\/2515894536_5456c9e823.jpg"},{"@type":"BreadcrumbList","@id":"https:\/\/www.wetter-center.de\/blog\/klimaskeptizismus-wird-mainstream\/#breadcrumb","itemListElement":[{"@type":"ListItem","position":1,"name":"Startseite","item":"https:\/\/www.wetter-center.de\/blog\/"},{"@type":"ListItem","position":2,"name":"Klimaskeptizismus wird Mainstream"}]},{"@type":"WebSite","@id":"https:\/\/www.wetter-center.de\/blog\/#website","url":"https:\/\/www.wetter-center.de\/blog\/","name":"Wetter-Center.de","description":"","publisher":{"@id":"https:\/\/www.wetter-center.de\/blog\/#\/schema\/person\/6c69612ad4763a699cd157cfbbfa6667"},"potentialAction":[{"@type":"SearchAction","target":{"@type":"EntryPoint","urlTemplate":"https:\/\/www.wetter-center.de\/blog\/?s={search_term_string}"},"query-input":{"@type":"PropertyValueSpecification","valueRequired":true,"valueName":"search_term_string"}}],"inLanguage":"de"},{"@type":["Person","Organization"],"@id":"https:\/\/www.wetter-center.de\/blog\/#\/schema\/person\/6c69612ad4763a699cd157cfbbfa6667","name":"meteomara","image":{"@type":"ImageObject","inLanguage":"de","@id":"https:\/\/www.wetter-center.de\/blog\/#\/schema\/person\/image\/","url":"https:\/\/www.wetter-center.de\/blog\/wp-content\/uploads\/2022\/08\/sky-1551171_1280.jpg","contentUrl":"https:\/\/www.wetter-center.de\/blog\/wp-content\/uploads\/2022\/08\/sky-1551171_1280.jpg","width":1280,"height":643,"caption":"meteomara"},"logo":{"@id":"https:\/\/www.wetter-center.de\/blog\/#\/schema\/person\/image\/"},"sameAs":["https:\/\/www.facebook.com\/WetterUndKlima","https:\/\/www.instagram.com\/wettercenterde\/","https:\/\/x.com\/https:\/\/twitter.com\/meteomara"],"url":"https:\/\/www.wetter-center.de\/blog\/author\/meteomara\/"}]}},"amp_enabled":true,"_links":{"self":[{"href":"https:\/\/www.wetter-center.de\/blog\/wp-json\/wp\/v2\/posts\/657","targetHints":{"allow":["GET"]}}],"collection":[{"href":"https:\/\/www.wetter-center.de\/blog\/wp-json\/wp\/v2\/posts"}],"about":[{"href":"https:\/\/www.wetter-center.de\/blog\/wp-json\/wp\/v2\/types\/post"}],"author":[{"embeddable":true,"href":"https:\/\/www.wetter-center.de\/blog\/wp-json\/wp\/v2\/users\/1"}],"replies":[{"embeddable":true,"href":"https:\/\/www.wetter-center.de\/blog\/wp-json\/wp\/v2\/comments?post=657"}],"version-history":[{"count":0,"href":"https:\/\/www.wetter-center.de\/blog\/wp-json\/wp\/v2\/posts\/657\/revisions"}],"wp:attachment":[{"href":"https:\/\/www.wetter-center.de\/blog\/wp-json\/wp\/v2\/media?parent=657"}],"wp:term":[{"taxonomy":"category","embeddable":true,"href":"https:\/\/www.wetter-center.de\/blog\/wp-json\/wp\/v2\/categories?post=657"},{"taxonomy":"post_tag","embeddable":true,"href":"https:\/\/www.wetter-center.de\/blog\/wp-json\/wp\/v2\/tags?post=657"}],"curies":[{"name":"wp","href":"https:\/\/api.w.org\/{rel}","templated":true}]}}