{"id":642,"date":"2012-11-18T23:04:47","date_gmt":"2012-11-18T22:04:47","guid":{"rendered":"http:\/\/www.wetter-center.de\/blog\/?p=642"},"modified":"2014-04-14T22:01:34","modified_gmt":"2014-04-14T20:01:34","slug":"wandern-im-herbst","status":"publish","type":"post","link":"https:\/\/www.wetter-center.de\/blog\/wandern-im-herbst\/","title":{"rendered":"Wandern im Herbst"},"content":{"rendered":"<p>Der <strong>Herbst<\/strong> bietet ideale Bedingungen f\u00fcr Wanderungen. Reizvoll ist dabei auch die aktuelle <strong>Hochdruckwetterlage<\/strong>. Im Herbst bedeutet dies zwar meist viel <strong>Hochnebel<\/strong>, in den Mittelgebirgen und den Alpen schauen dann aber meist die Berge aus der Wolkendecke heraus und hier herrscht wunderbarer Sonnenschein sowie gute <strong>Fernsicht<\/strong> und Wanderwetter.<\/p>\n<p>Hochdruckwetter h\u00e4lt im Herbst oft l\u00e4ngere Zeit an und ist dann mit einer sogenannten <strong>Inversion<\/strong> verbunden. Das bedeutet, dass die Temperatur mit der H\u00f6he zu- statt wie normalerweise abnimmt, auf den <strong>Bergen <\/strong>ist es dann <strong>w\u00e4rmer <\/strong>ist als in den T\u00e4lern. Durch die Inversion wird die feuchte Luft am Boden daran gehindert, sich mit der Luft in h\u00f6heren Schichten zu vermischen. H\u00e4lt die Wetterlage l\u00e4nger an, kann sich die Luft am Boden zudem immer mehr abk\u00fchlen und die Inversion noch verst\u00e4rken.<\/p>\n<p>Bei dieser Wetterlage kann man dann solche sch\u00f6nen Fotos wie dieses hier aufnehmen (Quelle: <a href=\"http:\/\/www.flickr.com\/photos\/darekfarmer\/7594684548\/\" target=\"_blank\">flickr.com\/darekfarmer<\/a>):<\/p>\n<p><a href=\"http:\/\/www.flickr.com\/photos\/darekfarmer\/7594684548\/\"><img decoding=\"async\" alt=\"\u00dcber den Wolken\" src=\"http:\/\/www.wetter-center.de\/blog\/wp-content\/uploads\/2012\/11\/7594684548_1a84e20bff.jpg\" width=\"475\" \/><\/a><\/p>\n<p>Die Mittelgebirge und die Alben bietet dabei nicht nur <strong>landschaftliche reizvolle Ziele<\/strong>, sondern hat auch gegen\u00fcber anderen Reisezielen auch den Vorteil, schnell erreichbar zu sein. Ein langer Flug entf\u00e4llt also, das schont das Klima. Dabei bieten die Berge sowohl f\u00fcr die Familien als auch f\u00fcr den ambitionierten Wanderer und Kletterer jede Menge Ziele. Im Herbst sollte man sich aber auch schon auf <strong>winterliche Witterung<\/strong> gefasst machen, insbesondere, wenn man in gr\u00f6\u00dferen H\u00f6hen unterwegs ist.<\/p>\n<p>F\u00fcr einen Wanderurlaub braucht man also die richtige Ausstattung, dies betrifft insbesondere auch die <strong>Bekleidung<\/strong>. Ein Spezialist f\u00fcr Outdoorbekleidung ist die Firma Sch\u00f6ffel, die es bereits 1804 in Schwabm\u00fcnchen gegr\u00fcndet wurde und die einer der Marktf\u00fchrer im Bereich Outdoor-, Berg- und Skibekleidung ist. Das umfangreiche Sortiment von Sch\u00f6ffel, das von wasser- und winddichten Jacken \u00fcber Hemden und Shirts bis zu Hosen und Fahrradbekleidung reicht und das wegen seiner Robustheit auch gerne von Stadtmenschen getragen wird, ist zum Beispiel auf <a href=\"http:\/\/www.xtend-adventure.com\/Marken\/Schoeffel\/\" target=\"_blank\">www.xtend-adventure.com<\/a> zu beziehen. Die Website bietet daneben auch Campingausr\u00fcstung und einen Outlet-Bereich.<\/p>\n","protected":false},"excerpt":{"rendered":"<p>Der Herbst bietet ideale Bedingungen f\u00fcr Wanderungen. Reizvoll ist dabei auch die aktuelle Hochdruckwetterlage. Im Herbst bedeutet dies zwar meist viel Hochnebel, in den Mittelgebirgen und den Alpen schauen dann aber meist die Berge&#46;&#46;&#46;<\/p>\n","protected":false},"author":1,"featured_media":0,"comment_status":"open","ping_status":"open","sticky":false,"template":"","format":"standard","meta":{"footnotes":""},"categories":[1],"tags":[],"class_list":["post-642","post","type-post","status-publish","format-standard","hentry","category-allgemein"],"yoast_head":"<!-- This site is optimized with the Yoast SEO plugin v25.5 - https:\/\/yoast.com\/wordpress\/plugins\/seo\/ -->\n<title>Wandern im Herbst - Wetter-Center.de<\/title>\n<meta name=\"robots\" content=\"index, follow, max-snippet:-1, max-image-preview:large, max-video-preview:-1\" \/>\n<link rel=\"canonical\" href=\"https:\/\/www.wetter-center.de\/blog\/wandern-im-herbst\/\" \/>\n<meta property=\"og:locale\" content=\"de_DE\" \/>\n<meta property=\"og:type\" content=\"article\" \/>\n<meta property=\"og:title\" content=\"Wandern im Herbst - Wetter-Center.de\" \/>\n<meta property=\"og:description\" content=\"Der Herbst bietet ideale Bedingungen f\u00fcr Wanderungen. Reizvoll ist dabei auch die aktuelle Hochdruckwetterlage. Im Herbst bedeutet dies zwar meist viel Hochnebel, in den Mittelgebirgen und den Alpen schauen dann aber meist die Berge&#046;&#046;&#046;\" \/>\n<meta property=\"og:url\" content=\"https:\/\/www.wetter-center.de\/blog\/wandern-im-herbst\/\" \/>\n<meta property=\"og:site_name\" content=\"Wetter-Center.de\" \/>\n<meta property=\"article:publisher\" content=\"https:\/\/www.facebook.com\/WetterUndKlima\" \/>\n<meta property=\"article:author\" content=\"https:\/\/www.facebook.com\/WetterUndKlima\" \/>\n<meta property=\"article:published_time\" content=\"2012-11-18T22:04:47+00:00\" \/>\n<meta property=\"article:modified_time\" content=\"2014-04-14T20:01:34+00:00\" \/>\n<meta property=\"og:image\" content=\"http:\/\/www.wetter-center.de\/blog\/wp-content\/uploads\/2012\/11\/7594684548_1a84e20bff.jpg\" \/>\n<meta name=\"author\" content=\"meteomara\" \/>\n<meta name=\"twitter:card\" content=\"summary_large_image\" \/>\n<meta name=\"twitter:creator\" content=\"@https:\/\/twitter.com\/meteomara\" \/>\n<meta name=\"twitter:site\" content=\"@meteomara\" \/>\n<meta name=\"twitter:label1\" content=\"Geschrieben von\" \/>\n\t<meta name=\"twitter:data1\" content=\"meteomara\" \/>\n\t<meta name=\"twitter:label2\" content=\"Gesch\u00e4tzte Lesezeit\" \/>\n\t<meta name=\"twitter:data2\" content=\"2\u00a0Minuten\" \/>\n<script type=\"application\/ld+json\" class=\"yoast-schema-graph\">{\"@context\":\"https:\/\/schema.org\",\"@graph\":[{\"@type\":\"Article\",\"@id\":\"https:\/\/www.wetter-center.de\/blog\/wandern-im-herbst\/#article\",\"isPartOf\":{\"@id\":\"https:\/\/www.wetter-center.de\/blog\/wandern-im-herbst\/\"},\"author\":{\"name\":\"meteomara\",\"@id\":\"https:\/\/www.wetter-center.de\/blog\/#\/schema\/person\/6c69612ad4763a699cd157cfbbfa6667\"},\"headline\":\"Wandern im Herbst\",\"datePublished\":\"2012-11-18T22:04:47+00:00\",\"dateModified\":\"2014-04-14T20:01:34+00:00\",\"mainEntityOfPage\":{\"@id\":\"https:\/\/www.wetter-center.de\/blog\/wandern-im-herbst\/\"},\"wordCount\":341,\"commentCount\":0,\"publisher\":{\"@id\":\"https:\/\/www.wetter-center.de\/blog\/#\/schema\/person\/6c69612ad4763a699cd157cfbbfa6667\"},\"image\":{\"@id\":\"https:\/\/www.wetter-center.de\/blog\/wandern-im-herbst\/#primaryimage\"},\"thumbnailUrl\":\"http:\/\/www.wetter-center.de\/blog\/wp-content\/uploads\/2012\/11\/7594684548_1a84e20bff.jpg\",\"inLanguage\":\"de\",\"potentialAction\":[{\"@type\":\"CommentAction\",\"name\":\"Comment\",\"target\":[\"https:\/\/www.wetter-center.de\/blog\/wandern-im-herbst\/#respond\"]}]},{\"@type\":\"WebPage\",\"@id\":\"https:\/\/www.wetter-center.de\/blog\/wandern-im-herbst\/\",\"url\":\"https:\/\/www.wetter-center.de\/blog\/wandern-im-herbst\/\",\"name\":\"Wandern im Herbst - Wetter-Center.de\",\"isPartOf\":{\"@id\":\"https:\/\/www.wetter-center.de\/blog\/#website\"},\"primaryImageOfPage\":{\"@id\":\"https:\/\/www.wetter-center.de\/blog\/wandern-im-herbst\/#primaryimage\"},\"image\":{\"@id\":\"https:\/\/www.wetter-center.de\/blog\/wandern-im-herbst\/#primaryimage\"},\"thumbnailUrl\":\"http:\/\/www.wetter-center.de\/blog\/wp-content\/uploads\/2012\/11\/7594684548_1a84e20bff.jpg\",\"datePublished\":\"2012-11-18T22:04:47+00:00\",\"dateModified\":\"2014-04-14T20:01:34+00:00\",\"breadcrumb\":{\"@id\":\"https:\/\/www.wetter-center.de\/blog\/wandern-im-herbst\/#breadcrumb\"},\"inLanguage\":\"de\",\"potentialAction\":[{\"@type\":\"ReadAction\",\"target\":[\"https:\/\/www.wetter-center.de\/blog\/wandern-im-herbst\/\"]}]},{\"@type\":\"ImageObject\",\"inLanguage\":\"de\",\"@id\":\"https:\/\/www.wetter-center.de\/blog\/wandern-im-herbst\/#primaryimage\",\"url\":\"http:\/\/www.wetter-center.de\/blog\/wp-content\/uploads\/2012\/11\/7594684548_1a84e20bff.jpg\",\"contentUrl\":\"http:\/\/www.wetter-center.de\/blog\/wp-content\/uploads\/2012\/11\/7594684548_1a84e20bff.jpg\"},{\"@type\":\"BreadcrumbList\",\"@id\":\"https:\/\/www.wetter-center.de\/blog\/wandern-im-herbst\/#breadcrumb\",\"itemListElement\":[{\"@type\":\"ListItem\",\"position\":1,\"name\":\"Startseite\",\"item\":\"https:\/\/www.wetter-center.de\/blog\/\"},{\"@type\":\"ListItem\",\"position\":2,\"name\":\"Wandern im Herbst\"}]},{\"@type\":\"WebSite\",\"@id\":\"https:\/\/www.wetter-center.de\/blog\/#website\",\"url\":\"https:\/\/www.wetter-center.de\/blog\/\",\"name\":\"Wetter-Center.de\",\"description\":\"\",\"publisher\":{\"@id\":\"https:\/\/www.wetter-center.de\/blog\/#\/schema\/person\/6c69612ad4763a699cd157cfbbfa6667\"},\"potentialAction\":[{\"@type\":\"SearchAction\",\"target\":{\"@type\":\"EntryPoint\",\"urlTemplate\":\"https:\/\/www.wetter-center.de\/blog\/?s={search_term_string}\"},\"query-input\":{\"@type\":\"PropertyValueSpecification\",\"valueRequired\":true,\"valueName\":\"search_term_string\"}}],\"inLanguage\":\"de\"},{\"@type\":[\"Person\",\"Organization\"],\"@id\":\"https:\/\/www.wetter-center.de\/blog\/#\/schema\/person\/6c69612ad4763a699cd157cfbbfa6667\",\"name\":\"meteomara\",\"image\":{\"@type\":\"ImageObject\",\"inLanguage\":\"de\",\"@id\":\"https:\/\/www.wetter-center.de\/blog\/#\/schema\/person\/image\/\",\"url\":\"https:\/\/www.wetter-center.de\/blog\/wp-content\/uploads\/2022\/08\/sky-1551171_1280.jpg\",\"contentUrl\":\"https:\/\/www.wetter-center.de\/blog\/wp-content\/uploads\/2022\/08\/sky-1551171_1280.jpg\",\"width\":1280,\"height\":643,\"caption\":\"meteomara\"},\"logo\":{\"@id\":\"https:\/\/www.wetter-center.de\/blog\/#\/schema\/person\/image\/\"},\"sameAs\":[\"https:\/\/www.facebook.com\/WetterUndKlima\",\"https:\/\/www.instagram.com\/wettercenterde\/\",\"https:\/\/x.com\/https:\/\/twitter.com\/meteomara\"],\"url\":\"https:\/\/www.wetter-center.de\/blog\/author\/meteomara\/\"}]}<\/script>\n<!-- \/ Yoast SEO plugin. -->","yoast_head_json":{"title":"Wandern im Herbst - Wetter-Center.de","robots":{"index":"index","follow":"follow","max-snippet":"max-snippet:-1","max-image-preview":"max-image-preview:large","max-video-preview":"max-video-preview:-1"},"canonical":"https:\/\/www.wetter-center.de\/blog\/wandern-im-herbst\/","og_locale":"de_DE","og_type":"article","og_title":"Wandern im Herbst - Wetter-Center.de","og_description":"Der Herbst bietet ideale Bedingungen f\u00fcr Wanderungen. Reizvoll ist dabei auch die aktuelle Hochdruckwetterlage. Im Herbst bedeutet dies zwar meist viel Hochnebel, in den Mittelgebirgen und den Alpen schauen dann aber meist die Berge&#46;&#46;&#46;","og_url":"https:\/\/www.wetter-center.de\/blog\/wandern-im-herbst\/","og_site_name":"Wetter-Center.de","article_publisher":"https:\/\/www.facebook.com\/WetterUndKlima","article_author":"https:\/\/www.facebook.com\/WetterUndKlima","article_published_time":"2012-11-18T22:04:47+00:00","article_modified_time":"2014-04-14T20:01:34+00:00","og_image":[{"url":"http:\/\/www.wetter-center.de\/blog\/wp-content\/uploads\/2012\/11\/7594684548_1a84e20bff.jpg","type":"","width":"","height":""}],"author":"meteomara","twitter_card":"summary_large_image","twitter_creator":"@https:\/\/twitter.com\/meteomara","twitter_site":"@meteomara","twitter_misc":{"Geschrieben von":"meteomara","Gesch\u00e4tzte Lesezeit":"2\u00a0Minuten"},"schema":{"@context":"https:\/\/schema.org","@graph":[{"@type":"Article","@id":"https:\/\/www.wetter-center.de\/blog\/wandern-im-herbst\/#article","isPartOf":{"@id":"https:\/\/www.wetter-center.de\/blog\/wandern-im-herbst\/"},"author":{"name":"meteomara","@id":"https:\/\/www.wetter-center.de\/blog\/#\/schema\/person\/6c69612ad4763a699cd157cfbbfa6667"},"headline":"Wandern im Herbst","datePublished":"2012-11-18T22:04:47+00:00","dateModified":"2014-04-14T20:01:34+00:00","mainEntityOfPage":{"@id":"https:\/\/www.wetter-center.de\/blog\/wandern-im-herbst\/"},"wordCount":341,"commentCount":0,"publisher":{"@id":"https:\/\/www.wetter-center.de\/blog\/#\/schema\/person\/6c69612ad4763a699cd157cfbbfa6667"},"image":{"@id":"https:\/\/www.wetter-center.de\/blog\/wandern-im-herbst\/#primaryimage"},"thumbnailUrl":"http:\/\/www.wetter-center.de\/blog\/wp-content\/uploads\/2012\/11\/7594684548_1a84e20bff.jpg","inLanguage":"de","potentialAction":[{"@type":"CommentAction","name":"Comment","target":["https:\/\/www.wetter-center.de\/blog\/wandern-im-herbst\/#respond"]}]},{"@type":"WebPage","@id":"https:\/\/www.wetter-center.de\/blog\/wandern-im-herbst\/","url":"https:\/\/www.wetter-center.de\/blog\/wandern-im-herbst\/","name":"Wandern im Herbst - Wetter-Center.de","isPartOf":{"@id":"https:\/\/www.wetter-center.de\/blog\/#website"},"primaryImageOfPage":{"@id":"https:\/\/www.wetter-center.de\/blog\/wandern-im-herbst\/#primaryimage"},"image":{"@id":"https:\/\/www.wetter-center.de\/blog\/wandern-im-herbst\/#primaryimage"},"thumbnailUrl":"http:\/\/www.wetter-center.de\/blog\/wp-content\/uploads\/2012\/11\/7594684548_1a84e20bff.jpg","datePublished":"2012-11-18T22:04:47+00:00","dateModified":"2014-04-14T20:01:34+00:00","breadcrumb":{"@id":"https:\/\/www.wetter-center.de\/blog\/wandern-im-herbst\/#breadcrumb"},"inLanguage":"de","potentialAction":[{"@type":"ReadAction","target":["https:\/\/www.wetter-center.de\/blog\/wandern-im-herbst\/"]}]},{"@type":"ImageObject","inLanguage":"de","@id":"https:\/\/www.wetter-center.de\/blog\/wandern-im-herbst\/#primaryimage","url":"http:\/\/www.wetter-center.de\/blog\/wp-content\/uploads\/2012\/11\/7594684548_1a84e20bff.jpg","contentUrl":"http:\/\/www.wetter-center.de\/blog\/wp-content\/uploads\/2012\/11\/7594684548_1a84e20bff.jpg"},{"@type":"BreadcrumbList","@id":"https:\/\/www.wetter-center.de\/blog\/wandern-im-herbst\/#breadcrumb","itemListElement":[{"@type":"ListItem","position":1,"name":"Startseite","item":"https:\/\/www.wetter-center.de\/blog\/"},{"@type":"ListItem","position":2,"name":"Wandern im Herbst"}]},{"@type":"WebSite","@id":"https:\/\/www.wetter-center.de\/blog\/#website","url":"https:\/\/www.wetter-center.de\/blog\/","name":"Wetter-Center.de","description":"","publisher":{"@id":"https:\/\/www.wetter-center.de\/blog\/#\/schema\/person\/6c69612ad4763a699cd157cfbbfa6667"},"potentialAction":[{"@type":"SearchAction","target":{"@type":"EntryPoint","urlTemplate":"https:\/\/www.wetter-center.de\/blog\/?s={search_term_string}"},"query-input":{"@type":"PropertyValueSpecification","valueRequired":true,"valueName":"search_term_string"}}],"inLanguage":"de"},{"@type":["Person","Organization"],"@id":"https:\/\/www.wetter-center.de\/blog\/#\/schema\/person\/6c69612ad4763a699cd157cfbbfa6667","name":"meteomara","image":{"@type":"ImageObject","inLanguage":"de","@id":"https:\/\/www.wetter-center.de\/blog\/#\/schema\/person\/image\/","url":"https:\/\/www.wetter-center.de\/blog\/wp-content\/uploads\/2022\/08\/sky-1551171_1280.jpg","contentUrl":"https:\/\/www.wetter-center.de\/blog\/wp-content\/uploads\/2022\/08\/sky-1551171_1280.jpg","width":1280,"height":643,"caption":"meteomara"},"logo":{"@id":"https:\/\/www.wetter-center.de\/blog\/#\/schema\/person\/image\/"},"sameAs":["https:\/\/www.facebook.com\/WetterUndKlima","https:\/\/www.instagram.com\/wettercenterde\/","https:\/\/x.com\/https:\/\/twitter.com\/meteomara"],"url":"https:\/\/www.wetter-center.de\/blog\/author\/meteomara\/"}]}},"amp_enabled":true,"_links":{"self":[{"href":"https:\/\/www.wetter-center.de\/blog\/wp-json\/wp\/v2\/posts\/642","targetHints":{"allow":["GET"]}}],"collection":[{"href":"https:\/\/www.wetter-center.de\/blog\/wp-json\/wp\/v2\/posts"}],"about":[{"href":"https:\/\/www.wetter-center.de\/blog\/wp-json\/wp\/v2\/types\/post"}],"author":[{"embeddable":true,"href":"https:\/\/www.wetter-center.de\/blog\/wp-json\/wp\/v2\/users\/1"}],"replies":[{"embeddable":true,"href":"https:\/\/www.wetter-center.de\/blog\/wp-json\/wp\/v2\/comments?post=642"}],"version-history":[{"count":0,"href":"https:\/\/www.wetter-center.de\/blog\/wp-json\/wp\/v2\/posts\/642\/revisions"}],"wp:attachment":[{"href":"https:\/\/www.wetter-center.de\/blog\/wp-json\/wp\/v2\/media?parent=642"}],"wp:term":[{"taxonomy":"category","embeddable":true,"href":"https:\/\/www.wetter-center.de\/blog\/wp-json\/wp\/v2\/categories?post=642"},{"taxonomy":"post_tag","embeddable":true,"href":"https:\/\/www.wetter-center.de\/blog\/wp-json\/wp\/v2\/tags?post=642"}],"curies":[{"name":"wp","href":"https:\/\/api.w.org\/{rel}","templated":true}]}}