{"id":622,"date":"2012-10-04T09:09:32","date_gmt":"2012-10-04T08:09:32","guid":{"rendered":"http:\/\/www.wetter-center.de\/blog\/?p=622"},"modified":"2012-10-04T15:52:31","modified_gmt":"2012-10-04T14:52:31","slug":"neues-radar-zur-erderkundung","status":"publish","type":"post","link":"https:\/\/www.wetter-center.de\/blog\/neues-radar-zur-erderkundung\/","title":{"rendered":"Neues Radar zur Erderkundung"},"content":{"rendered":"<p>Nachdem die NASA im September mit Tests f\u00fcr <a href=\"http:\/\/www.wetter-center.de\/blog\/?p=617\">neue Satelliten-Instrumente<\/a> begonnen hatte, l\u00e4uft jetzt auch bei der europ\u00e4ischen Weltraumbeh\u00f6rde ESA ein Forschungsprojekt auf diesem Gebiet an. Hier soll allerdings ein <strong>neuer Radar-Frequenzbereich<\/strong> erprobt werden.<\/p>\n<p>Bisher arbeiten Radarger\u00e4te auf Erderkundungssatelliten mit elektromagnetischen Wellen im Wellenl\u00e4ngenbereich <strong>3-24 cm<\/strong> (das entspricht einer Frequenz von <strong>1,2 bis 10 GHz<\/strong> bzw. den <a href=\"http:\/\/de.wikipedia.org\/wiki\/Frequenzband\" target=\"_blank\">Frequenzb\u00e4ndern <\/a>S, C, X und Ku), ein herk\u00f6mmliches <strong>Wetterradar<\/strong> arbeitet im Wellenl\u00e4ngenbereich von ca. 5 cm (C-Band). Jetzt soll das <strong>Frequenzband Ka<\/strong> mit einer Wellenl\u00e4nge von nur <strong>8,5 mm<\/strong> erforscht werden.<\/p>\n<p><img decoding=\"async\" src=\"http:\/\/www.wetter-center.de\/blog\/wp-content\/uploads\/2012\/10\/kasar_glider_large0.jpg\" style=\"width: 275px\" width=\"275\" hspace=\"5\" border=\"0\" align=\"left\" title=\"Gleiter mit KaSAR-Instrument\" alt=\"Gleiter mit KaSAR-Instrument\" \/>Durch die sehr niedrige Wellenl\u00e4nge k\u00f6nnten die Radarbilder einerseits viel <strong>h\u00f6her aufgel\u00f6st<\/strong> werden und andererseits <strong>genauere Ergebnisse<\/strong> \u00fcber die Gel\u00e4ndeh\u00f6he liefern. Die Forscher erhoffen sich dadurch, <a href=\"http:\/\/www.wetter-center.de\/blog\/?p=565\">Meeresstr\u00f6mungen<\/a> und Gletscherbewegungen vom Satelliten aus besser vermessen zu k\u00f6nnen.<\/p>\n<p>Die ESA hat jetzt ein erstes Ka-Band-Radarger\u00e4t auf einem <strong>Forschungsgleitflugzeug<\/strong> in S\u00fcdfrankreich getestet und <a href=\"http:\/\/www.esa.int\/esaEO\/SEMMNTERI7H_index_0.html\" target=\"_blank\">erste Daten gewonnen<\/a>. Dabei wurden Bilder von verschiedenartigen Oberfl\u00e4chen aufgezeichnet, um herauszufinden, wie diese aussehen, wenn sie mit einer Wellenl\u00e4nge von 8,5 mm betrachtet werden.<\/p>\n<p>Parallel dazu wurden <strong>meteorologische Daten<\/strong> sowie Informationen zur <strong>Vegetationsbedeckung<\/strong> der \u00fcberflogenen Gebiete gesammelt. Jetzt k\u00f6nnen die Forscher erste Algorithmen entwickeln, um aus den Radardaten Informationen \u00fcber die Oberfl\u00e4che abzuleiten.<\/p>\n","protected":false},"excerpt":{"rendered":"<p>Nachdem die NASA im September mit Tests f\u00fcr neue Satelliten-Instrumente begonnen hatte, l\u00e4uft jetzt auch bei der europ\u00e4ischen Weltraumbeh\u00f6rde ESA ein Forschungsprojekt auf diesem Gebiet an. Hier soll allerdings ein neuer Radar-Frequenzbereich erprobt werden.&#46;&#46;&#46;<\/p>\n","protected":false},"author":1,"featured_media":0,"comment_status":"open","ping_status":"open","sticky":false,"template":"","format":"standard","meta":{"footnotes":""},"categories":[],"tags":[],"class_list":["post-622","post","type-post","status-publish","format-standard","hentry"],"yoast_head":"<!-- This site is optimized with the Yoast SEO plugin v25.5 - https:\/\/yoast.com\/wordpress\/plugins\/seo\/ -->\n<title>Neues Radar zur Erderkundung - Wetter-Center.de<\/title>\n<meta name=\"robots\" content=\"index, follow, max-snippet:-1, max-image-preview:large, max-video-preview:-1\" \/>\n<link rel=\"canonical\" href=\"https:\/\/www.wetter-center.de\/blog\/neues-radar-zur-erderkundung\/\" \/>\n<meta property=\"og:locale\" content=\"de_DE\" \/>\n<meta property=\"og:type\" content=\"article\" \/>\n<meta property=\"og:title\" content=\"Neues Radar zur Erderkundung - Wetter-Center.de\" \/>\n<meta property=\"og:description\" content=\"Nachdem die NASA im September mit Tests f\u00fcr neue Satelliten-Instrumente begonnen hatte, l\u00e4uft jetzt auch bei der europ\u00e4ischen Weltraumbeh\u00f6rde ESA ein Forschungsprojekt auf diesem Gebiet an. Hier soll allerdings ein neuer Radar-Frequenzbereich erprobt werden.&#046;&#046;&#046;\" \/>\n<meta property=\"og:url\" content=\"https:\/\/www.wetter-center.de\/blog\/neues-radar-zur-erderkundung\/\" \/>\n<meta property=\"og:site_name\" content=\"Wetter-Center.de\" \/>\n<meta property=\"article:publisher\" content=\"https:\/\/www.facebook.com\/WetterUndKlima\" \/>\n<meta property=\"article:author\" content=\"https:\/\/www.facebook.com\/WetterUndKlima\" \/>\n<meta property=\"article:published_time\" content=\"2012-10-04T08:09:32+00:00\" \/>\n<meta property=\"article:modified_time\" content=\"2012-10-04T14:52:31+00:00\" \/>\n<meta property=\"og:image\" content=\"http:\/\/www.wetter-center.de\/blog\/wp-content\/uploads\/2012\/10\/kasar_glider_large0.jpg\" \/>\n<meta name=\"author\" content=\"meteomara\" \/>\n<meta name=\"twitter:card\" content=\"summary_large_image\" \/>\n<meta name=\"twitter:creator\" content=\"@https:\/\/twitter.com\/meteomara\" \/>\n<meta name=\"twitter:site\" content=\"@meteomara\" \/>\n<meta name=\"twitter:label1\" content=\"Geschrieben von\" \/>\n\t<meta name=\"twitter:data1\" content=\"meteomara\" \/>\n\t<meta name=\"twitter:label2\" content=\"Gesch\u00e4tzte Lesezeit\" \/>\n\t<meta name=\"twitter:data2\" content=\"1\u00a0Minute\" \/>\n<script type=\"application\/ld+json\" class=\"yoast-schema-graph\">{\"@context\":\"https:\/\/schema.org\",\"@graph\":[{\"@type\":\"Article\",\"@id\":\"https:\/\/www.wetter-center.de\/blog\/neues-radar-zur-erderkundung\/#article\",\"isPartOf\":{\"@id\":\"https:\/\/www.wetter-center.de\/blog\/neues-radar-zur-erderkundung\/\"},\"author\":{\"name\":\"meteomara\",\"@id\":\"https:\/\/www.wetter-center.de\/blog\/#\/schema\/person\/6c69612ad4763a699cd157cfbbfa6667\"},\"headline\":\"Neues Radar zur Erderkundung\",\"datePublished\":\"2012-10-04T08:09:32+00:00\",\"dateModified\":\"2012-10-04T14:52:31+00:00\",\"mainEntityOfPage\":{\"@id\":\"https:\/\/www.wetter-center.de\/blog\/neues-radar-zur-erderkundung\/\"},\"wordCount\":215,\"commentCount\":1,\"publisher\":{\"@id\":\"https:\/\/www.wetter-center.de\/blog\/#\/schema\/person\/6c69612ad4763a699cd157cfbbfa6667\"},\"image\":{\"@id\":\"https:\/\/www.wetter-center.de\/blog\/neues-radar-zur-erderkundung\/#primaryimage\"},\"thumbnailUrl\":\"http:\/\/www.wetter-center.de\/blog\/wp-content\/uploads\/2012\/10\/kasar_glider_large0.jpg\",\"inLanguage\":\"de\",\"potentialAction\":[{\"@type\":\"CommentAction\",\"name\":\"Comment\",\"target\":[\"https:\/\/www.wetter-center.de\/blog\/neues-radar-zur-erderkundung\/#respond\"]}]},{\"@type\":\"WebPage\",\"@id\":\"https:\/\/www.wetter-center.de\/blog\/neues-radar-zur-erderkundung\/\",\"url\":\"https:\/\/www.wetter-center.de\/blog\/neues-radar-zur-erderkundung\/\",\"name\":\"Neues Radar zur Erderkundung - Wetter-Center.de\",\"isPartOf\":{\"@id\":\"https:\/\/www.wetter-center.de\/blog\/#website\"},\"primaryImageOfPage\":{\"@id\":\"https:\/\/www.wetter-center.de\/blog\/neues-radar-zur-erderkundung\/#primaryimage\"},\"image\":{\"@id\":\"https:\/\/www.wetter-center.de\/blog\/neues-radar-zur-erderkundung\/#primaryimage\"},\"thumbnailUrl\":\"http:\/\/www.wetter-center.de\/blog\/wp-content\/uploads\/2012\/10\/kasar_glider_large0.jpg\",\"datePublished\":\"2012-10-04T08:09:32+00:00\",\"dateModified\":\"2012-10-04T14:52:31+00:00\",\"breadcrumb\":{\"@id\":\"https:\/\/www.wetter-center.de\/blog\/neues-radar-zur-erderkundung\/#breadcrumb\"},\"inLanguage\":\"de\",\"potentialAction\":[{\"@type\":\"ReadAction\",\"target\":[\"https:\/\/www.wetter-center.de\/blog\/neues-radar-zur-erderkundung\/\"]}]},{\"@type\":\"ImageObject\",\"inLanguage\":\"de\",\"@id\":\"https:\/\/www.wetter-center.de\/blog\/neues-radar-zur-erderkundung\/#primaryimage\",\"url\":\"http:\/\/www.wetter-center.de\/blog\/wp-content\/uploads\/2012\/10\/kasar_glider_large0.jpg\",\"contentUrl\":\"http:\/\/www.wetter-center.de\/blog\/wp-content\/uploads\/2012\/10\/kasar_glider_large0.jpg\"},{\"@type\":\"BreadcrumbList\",\"@id\":\"https:\/\/www.wetter-center.de\/blog\/neues-radar-zur-erderkundung\/#breadcrumb\",\"itemListElement\":[{\"@type\":\"ListItem\",\"position\":1,\"name\":\"Startseite\",\"item\":\"https:\/\/www.wetter-center.de\/blog\/\"},{\"@type\":\"ListItem\",\"position\":2,\"name\":\"Neues Radar zur Erderkundung\"}]},{\"@type\":\"WebSite\",\"@id\":\"https:\/\/www.wetter-center.de\/blog\/#website\",\"url\":\"https:\/\/www.wetter-center.de\/blog\/\",\"name\":\"Wetter-Center.de\",\"description\":\"\",\"publisher\":{\"@id\":\"https:\/\/www.wetter-center.de\/blog\/#\/schema\/person\/6c69612ad4763a699cd157cfbbfa6667\"},\"potentialAction\":[{\"@type\":\"SearchAction\",\"target\":{\"@type\":\"EntryPoint\",\"urlTemplate\":\"https:\/\/www.wetter-center.de\/blog\/?s={search_term_string}\"},\"query-input\":{\"@type\":\"PropertyValueSpecification\",\"valueRequired\":true,\"valueName\":\"search_term_string\"}}],\"inLanguage\":\"de\"},{\"@type\":[\"Person\",\"Organization\"],\"@id\":\"https:\/\/www.wetter-center.de\/blog\/#\/schema\/person\/6c69612ad4763a699cd157cfbbfa6667\",\"name\":\"meteomara\",\"image\":{\"@type\":\"ImageObject\",\"inLanguage\":\"de\",\"@id\":\"https:\/\/www.wetter-center.de\/blog\/#\/schema\/person\/image\/\",\"url\":\"https:\/\/www.wetter-center.de\/blog\/wp-content\/uploads\/2022\/08\/sky-1551171_1280.jpg\",\"contentUrl\":\"https:\/\/www.wetter-center.de\/blog\/wp-content\/uploads\/2022\/08\/sky-1551171_1280.jpg\",\"width\":1280,\"height\":643,\"caption\":\"meteomara\"},\"logo\":{\"@id\":\"https:\/\/www.wetter-center.de\/blog\/#\/schema\/person\/image\/\"},\"sameAs\":[\"https:\/\/www.facebook.com\/WetterUndKlima\",\"https:\/\/www.instagram.com\/wettercenterde\/\",\"https:\/\/x.com\/https:\/\/twitter.com\/meteomara\"],\"url\":\"https:\/\/www.wetter-center.de\/blog\/author\/meteomara\/\"}]}<\/script>\n<!-- \/ Yoast SEO plugin. -->","yoast_head_json":{"title":"Neues Radar zur Erderkundung - Wetter-Center.de","robots":{"index":"index","follow":"follow","max-snippet":"max-snippet:-1","max-image-preview":"max-image-preview:large","max-video-preview":"max-video-preview:-1"},"canonical":"https:\/\/www.wetter-center.de\/blog\/neues-radar-zur-erderkundung\/","og_locale":"de_DE","og_type":"article","og_title":"Neues Radar zur Erderkundung - Wetter-Center.de","og_description":"Nachdem die NASA im September mit Tests f\u00fcr neue Satelliten-Instrumente begonnen hatte, l\u00e4uft jetzt auch bei der europ\u00e4ischen Weltraumbeh\u00f6rde ESA ein Forschungsprojekt auf diesem Gebiet an. Hier soll allerdings ein neuer Radar-Frequenzbereich erprobt werden.&#46;&#46;&#46;","og_url":"https:\/\/www.wetter-center.de\/blog\/neues-radar-zur-erderkundung\/","og_site_name":"Wetter-Center.de","article_publisher":"https:\/\/www.facebook.com\/WetterUndKlima","article_author":"https:\/\/www.facebook.com\/WetterUndKlima","article_published_time":"2012-10-04T08:09:32+00:00","article_modified_time":"2012-10-04T14:52:31+00:00","og_image":[{"url":"http:\/\/www.wetter-center.de\/blog\/wp-content\/uploads\/2012\/10\/kasar_glider_large0.jpg","type":"","width":"","height":""}],"author":"meteomara","twitter_card":"summary_large_image","twitter_creator":"@https:\/\/twitter.com\/meteomara","twitter_site":"@meteomara","twitter_misc":{"Geschrieben von":"meteomara","Gesch\u00e4tzte Lesezeit":"1\u00a0Minute"},"schema":{"@context":"https:\/\/schema.org","@graph":[{"@type":"Article","@id":"https:\/\/www.wetter-center.de\/blog\/neues-radar-zur-erderkundung\/#article","isPartOf":{"@id":"https:\/\/www.wetter-center.de\/blog\/neues-radar-zur-erderkundung\/"},"author":{"name":"meteomara","@id":"https:\/\/www.wetter-center.de\/blog\/#\/schema\/person\/6c69612ad4763a699cd157cfbbfa6667"},"headline":"Neues Radar zur Erderkundung","datePublished":"2012-10-04T08:09:32+00:00","dateModified":"2012-10-04T14:52:31+00:00","mainEntityOfPage":{"@id":"https:\/\/www.wetter-center.de\/blog\/neues-radar-zur-erderkundung\/"},"wordCount":215,"commentCount":1,"publisher":{"@id":"https:\/\/www.wetter-center.de\/blog\/#\/schema\/person\/6c69612ad4763a699cd157cfbbfa6667"},"image":{"@id":"https:\/\/www.wetter-center.de\/blog\/neues-radar-zur-erderkundung\/#primaryimage"},"thumbnailUrl":"http:\/\/www.wetter-center.de\/blog\/wp-content\/uploads\/2012\/10\/kasar_glider_large0.jpg","inLanguage":"de","potentialAction":[{"@type":"CommentAction","name":"Comment","target":["https:\/\/www.wetter-center.de\/blog\/neues-radar-zur-erderkundung\/#respond"]}]},{"@type":"WebPage","@id":"https:\/\/www.wetter-center.de\/blog\/neues-radar-zur-erderkundung\/","url":"https:\/\/www.wetter-center.de\/blog\/neues-radar-zur-erderkundung\/","name":"Neues Radar zur Erderkundung - Wetter-Center.de","isPartOf":{"@id":"https:\/\/www.wetter-center.de\/blog\/#website"},"primaryImageOfPage":{"@id":"https:\/\/www.wetter-center.de\/blog\/neues-radar-zur-erderkundung\/#primaryimage"},"image":{"@id":"https:\/\/www.wetter-center.de\/blog\/neues-radar-zur-erderkundung\/#primaryimage"},"thumbnailUrl":"http:\/\/www.wetter-center.de\/blog\/wp-content\/uploads\/2012\/10\/kasar_glider_large0.jpg","datePublished":"2012-10-04T08:09:32+00:00","dateModified":"2012-10-04T14:52:31+00:00","breadcrumb":{"@id":"https:\/\/www.wetter-center.de\/blog\/neues-radar-zur-erderkundung\/#breadcrumb"},"inLanguage":"de","potentialAction":[{"@type":"ReadAction","target":["https:\/\/www.wetter-center.de\/blog\/neues-radar-zur-erderkundung\/"]}]},{"@type":"ImageObject","inLanguage":"de","@id":"https:\/\/www.wetter-center.de\/blog\/neues-radar-zur-erderkundung\/#primaryimage","url":"http:\/\/www.wetter-center.de\/blog\/wp-content\/uploads\/2012\/10\/kasar_glider_large0.jpg","contentUrl":"http:\/\/www.wetter-center.de\/blog\/wp-content\/uploads\/2012\/10\/kasar_glider_large0.jpg"},{"@type":"BreadcrumbList","@id":"https:\/\/www.wetter-center.de\/blog\/neues-radar-zur-erderkundung\/#breadcrumb","itemListElement":[{"@type":"ListItem","position":1,"name":"Startseite","item":"https:\/\/www.wetter-center.de\/blog\/"},{"@type":"ListItem","position":2,"name":"Neues Radar zur Erderkundung"}]},{"@type":"WebSite","@id":"https:\/\/www.wetter-center.de\/blog\/#website","url":"https:\/\/www.wetter-center.de\/blog\/","name":"Wetter-Center.de","description":"","publisher":{"@id":"https:\/\/www.wetter-center.de\/blog\/#\/schema\/person\/6c69612ad4763a699cd157cfbbfa6667"},"potentialAction":[{"@type":"SearchAction","target":{"@type":"EntryPoint","urlTemplate":"https:\/\/www.wetter-center.de\/blog\/?s={search_term_string}"},"query-input":{"@type":"PropertyValueSpecification","valueRequired":true,"valueName":"search_term_string"}}],"inLanguage":"de"},{"@type":["Person","Organization"],"@id":"https:\/\/www.wetter-center.de\/blog\/#\/schema\/person\/6c69612ad4763a699cd157cfbbfa6667","name":"meteomara","image":{"@type":"ImageObject","inLanguage":"de","@id":"https:\/\/www.wetter-center.de\/blog\/#\/schema\/person\/image\/","url":"https:\/\/www.wetter-center.de\/blog\/wp-content\/uploads\/2022\/08\/sky-1551171_1280.jpg","contentUrl":"https:\/\/www.wetter-center.de\/blog\/wp-content\/uploads\/2022\/08\/sky-1551171_1280.jpg","width":1280,"height":643,"caption":"meteomara"},"logo":{"@id":"https:\/\/www.wetter-center.de\/blog\/#\/schema\/person\/image\/"},"sameAs":["https:\/\/www.facebook.com\/WetterUndKlima","https:\/\/www.instagram.com\/wettercenterde\/","https:\/\/x.com\/https:\/\/twitter.com\/meteomara"],"url":"https:\/\/www.wetter-center.de\/blog\/author\/meteomara\/"}]}},"amp_enabled":true,"_links":{"self":[{"href":"https:\/\/www.wetter-center.de\/blog\/wp-json\/wp\/v2\/posts\/622","targetHints":{"allow":["GET"]}}],"collection":[{"href":"https:\/\/www.wetter-center.de\/blog\/wp-json\/wp\/v2\/posts"}],"about":[{"href":"https:\/\/www.wetter-center.de\/blog\/wp-json\/wp\/v2\/types\/post"}],"author":[{"embeddable":true,"href":"https:\/\/www.wetter-center.de\/blog\/wp-json\/wp\/v2\/users\/1"}],"replies":[{"embeddable":true,"href":"https:\/\/www.wetter-center.de\/blog\/wp-json\/wp\/v2\/comments?post=622"}],"version-history":[{"count":0,"href":"https:\/\/www.wetter-center.de\/blog\/wp-json\/wp\/v2\/posts\/622\/revisions"}],"wp:attachment":[{"href":"https:\/\/www.wetter-center.de\/blog\/wp-json\/wp\/v2\/media?parent=622"}],"wp:term":[{"taxonomy":"category","embeddable":true,"href":"https:\/\/www.wetter-center.de\/blog\/wp-json\/wp\/v2\/categories?post=622"},{"taxonomy":"post_tag","embeddable":true,"href":"https:\/\/www.wetter-center.de\/blog\/wp-json\/wp\/v2\/tags?post=622"}],"curies":[{"name":"wp","href":"https:\/\/api.w.org\/{rel}","templated":true}]}}