{"id":596,"date":"2012-07-18T22:39:44","date_gmt":"2012-07-18T21:39:44","guid":{"rendered":"http:\/\/www.wetter-center.de\/blog\/?p=596"},"modified":"2012-08-19T20:59:47","modified_gmt":"2012-08-19T19:59:47","slug":"hitzerekorde-und-waldbrande","status":"publish","type":"post","link":"https:\/\/www.wetter-center.de\/blog\/hitzerekorde-und-waldbrande\/","title":{"rendered":"Hitzerekorde und Waldbr\u00e4nde"},"content":{"rendered":"<p>W\u00e4hrend bei uns der <a href=\"http:\/\/www.wetter-center.de\/blog\/?p=583\">Sommer<\/a> auf sich warten l\u00e4sst, herrschen in der Region von den Kanaren \u00fcber Nordafrika bis nach Griechenland und in die T\u00fcrkei derzeit extreme Trockenheit und Hitze. Nach Angaben des amerikanischen Wetterdienstes <a href=\"http:\/\/www.wunderground.com\/blog\/JeffMasters\/comment.html?entrynum=2155\" target=\"_blank\">Wunderground.com<\/a> wurde am <strong>17. Juli 2012<\/strong> ein neuer Temperaturrekord f\u00fcr Marokko aufgestellt. <strong>Marrakesch <\/strong>meldete eine Temperatur von <strong>49,6\u00b0C<\/strong>.<\/p>\n<p>Der letzte Rekord lag bei 49,1\u00b0C und wurde am 30. Juli 2009 in Agadir gemessen. Zwar wurde in Agadir im August 1940 ein noch h\u00f6herer Wert von 51,7\u00b0C gemeldet, dieser Messwert wird allerdings von Meteorologen als fehlerhaft angesehen, da benachbarte Stationen 6 Grad weniger meldeten. Bei dieser Hitze bleiben leider auch <a href=\"http:\/\/www.wetter-center.de\/blog\/?p=89\"><strong>Wald- und Buschbr\u00e4nde<\/strong><\/a> nicht aus.<\/p>\n<p><img decoding=\"async\" src=\"http:\/\/www.wetter-center.de\/blog\/wp-content\/uploads\/2012\/07\/canary_islands2012198terra250m.jpg\" alt=\"Waldbrand auf Teneriffa, 16.07.2012\" \/><\/p>\n<p>Wie <a href=\"http:\/\/www.zeit.de\/news\/2012-07\/18\/braende-feuersbrunst-in-suedeuropa-braende-auch-auf-urlaubsinseln-18194006\" target=\"_blank\">Zeit.de berichtet<\/a>, werden derzeit Feuer aus <strong>Teneriffa<\/strong>, <strong>Griechenland <\/strong>(Halbinsel Peloponnes), <strong>Italien <\/strong>und <strong>Montenegro <\/strong>gemeldet. In einigen Regionen wurde der Notstand ausgerufen und Evakuierungen angeordnet. Auch auf <strong>Mallorca <\/strong>soll es einzelne Br\u00e4nde geben. Die Waldbr\u00e4nde auf Teneriffa kann man auch aus dem All sehen, wie die obige Aufnahme des <a href=\"http:\/\/lance-modis.eosdis.nasa.gov\/imagery\/subsets\/?subset=Canary_Islands.2012198.terra.250m\" target=\"_blank\">NASA-Satelliten TERRA<\/a> vom 16. Juli 2012 zeigt.<\/p>\n<p>Wenn Sie jetzt trotzdem Lust versp\u00fcren sollten, in diese Urlaubsregionen zu reisen, schauen Sie doch mal auf <a href=\"http:\/\/www.nachhaltiger-reisen.de\" target=\"_blank\">http:\/\/www.nachhaltiger-reisen.de<\/a> vorbei.<\/p>\n","protected":false},"excerpt":{"rendered":"<p>W\u00e4hrend bei uns der Sommer auf sich warten l\u00e4sst, herrschen in der Region von den Kanaren \u00fcber Nordafrika bis nach Griechenland und in die T\u00fcrkei derzeit extreme Trockenheit und Hitze. Nach Angaben des amerikanischen&#46;&#46;&#46;<\/p>\n","protected":false},"author":1,"featured_media":0,"comment_status":"open","ping_status":"open","sticky":false,"template":"","format":"standard","meta":{"footnotes":""},"categories":[],"tags":[],"class_list":["post-596","post","type-post","status-publish","format-standard","hentry"],"yoast_head":"<!-- This site is optimized with the Yoast SEO plugin v25.5 - https:\/\/yoast.com\/wordpress\/plugins\/seo\/ -->\n<title>Hitzerekorde und Waldbr\u00e4nde - Wetter-Center.de<\/title>\n<meta name=\"robots\" content=\"index, follow, max-snippet:-1, max-image-preview:large, max-video-preview:-1\" \/>\n<link rel=\"canonical\" href=\"https:\/\/www.wetter-center.de\/blog\/hitzerekorde-und-waldbrande\/\" \/>\n<meta property=\"og:locale\" content=\"de_DE\" \/>\n<meta property=\"og:type\" content=\"article\" \/>\n<meta property=\"og:title\" content=\"Hitzerekorde und Waldbr\u00e4nde - Wetter-Center.de\" \/>\n<meta property=\"og:description\" content=\"W\u00e4hrend bei uns der Sommer auf sich warten l\u00e4sst, herrschen in der Region von den Kanaren \u00fcber Nordafrika bis nach Griechenland und in die T\u00fcrkei derzeit extreme Trockenheit und Hitze. Nach Angaben des amerikanischen&#046;&#046;&#046;\" \/>\n<meta property=\"og:url\" content=\"https:\/\/www.wetter-center.de\/blog\/hitzerekorde-und-waldbrande\/\" \/>\n<meta property=\"og:site_name\" content=\"Wetter-Center.de\" \/>\n<meta property=\"article:publisher\" content=\"https:\/\/www.facebook.com\/WetterUndKlima\" \/>\n<meta property=\"article:author\" content=\"https:\/\/www.facebook.com\/WetterUndKlima\" \/>\n<meta property=\"article:published_time\" content=\"2012-07-18T21:39:44+00:00\" \/>\n<meta property=\"article:modified_time\" content=\"2012-08-19T19:59:47+00:00\" \/>\n<meta property=\"og:image\" content=\"http:\/\/www.wetter-center.de\/blog\/wp-content\/uploads\/2012\/07\/canary_islands2012198terra250m.jpg\" \/>\n<meta name=\"author\" content=\"meteomara\" \/>\n<meta name=\"twitter:card\" content=\"summary_large_image\" \/>\n<meta name=\"twitter:creator\" content=\"@https:\/\/twitter.com\/meteomara\" \/>\n<meta name=\"twitter:site\" content=\"@meteomara\" \/>\n<meta name=\"twitter:label1\" content=\"Geschrieben von\" \/>\n\t<meta name=\"twitter:data1\" content=\"meteomara\" \/>\n\t<meta name=\"twitter:label2\" content=\"Gesch\u00e4tzte Lesezeit\" \/>\n\t<meta name=\"twitter:data2\" content=\"1\u00a0Minute\" \/>\n<script type=\"application\/ld+json\" class=\"yoast-schema-graph\">{\"@context\":\"https:\/\/schema.org\",\"@graph\":[{\"@type\":\"Article\",\"@id\":\"https:\/\/www.wetter-center.de\/blog\/hitzerekorde-und-waldbrande\/#article\",\"isPartOf\":{\"@id\":\"https:\/\/www.wetter-center.de\/blog\/hitzerekorde-und-waldbrande\/\"},\"author\":{\"name\":\"meteomara\",\"@id\":\"https:\/\/www.wetter-center.de\/blog\/#\/schema\/person\/6c69612ad4763a699cd157cfbbfa6667\"},\"headline\":\"Hitzerekorde und Waldbr\u00e4nde\",\"datePublished\":\"2012-07-18T21:39:44+00:00\",\"dateModified\":\"2012-08-19T19:59:47+00:00\",\"mainEntityOfPage\":{\"@id\":\"https:\/\/www.wetter-center.de\/blog\/hitzerekorde-und-waldbrande\/\"},\"wordCount\":194,\"commentCount\":0,\"publisher\":{\"@id\":\"https:\/\/www.wetter-center.de\/blog\/#\/schema\/person\/6c69612ad4763a699cd157cfbbfa6667\"},\"image\":{\"@id\":\"https:\/\/www.wetter-center.de\/blog\/hitzerekorde-und-waldbrande\/#primaryimage\"},\"thumbnailUrl\":\"http:\/\/www.wetter-center.de\/blog\/wp-content\/uploads\/2012\/07\/canary_islands2012198terra250m.jpg\",\"inLanguage\":\"de\",\"potentialAction\":[{\"@type\":\"CommentAction\",\"name\":\"Comment\",\"target\":[\"https:\/\/www.wetter-center.de\/blog\/hitzerekorde-und-waldbrande\/#respond\"]}]},{\"@type\":\"WebPage\",\"@id\":\"https:\/\/www.wetter-center.de\/blog\/hitzerekorde-und-waldbrande\/\",\"url\":\"https:\/\/www.wetter-center.de\/blog\/hitzerekorde-und-waldbrande\/\",\"name\":\"Hitzerekorde und Waldbr\u00e4nde - Wetter-Center.de\",\"isPartOf\":{\"@id\":\"https:\/\/www.wetter-center.de\/blog\/#website\"},\"primaryImageOfPage\":{\"@id\":\"https:\/\/www.wetter-center.de\/blog\/hitzerekorde-und-waldbrande\/#primaryimage\"},\"image\":{\"@id\":\"https:\/\/www.wetter-center.de\/blog\/hitzerekorde-und-waldbrande\/#primaryimage\"},\"thumbnailUrl\":\"http:\/\/www.wetter-center.de\/blog\/wp-content\/uploads\/2012\/07\/canary_islands2012198terra250m.jpg\",\"datePublished\":\"2012-07-18T21:39:44+00:00\",\"dateModified\":\"2012-08-19T19:59:47+00:00\",\"breadcrumb\":{\"@id\":\"https:\/\/www.wetter-center.de\/blog\/hitzerekorde-und-waldbrande\/#breadcrumb\"},\"inLanguage\":\"de\",\"potentialAction\":[{\"@type\":\"ReadAction\",\"target\":[\"https:\/\/www.wetter-center.de\/blog\/hitzerekorde-und-waldbrande\/\"]}]},{\"@type\":\"ImageObject\",\"inLanguage\":\"de\",\"@id\":\"https:\/\/www.wetter-center.de\/blog\/hitzerekorde-und-waldbrande\/#primaryimage\",\"url\":\"http:\/\/www.wetter-center.de\/blog\/wp-content\/uploads\/2012\/07\/canary_islands2012198terra250m.jpg\",\"contentUrl\":\"http:\/\/www.wetter-center.de\/blog\/wp-content\/uploads\/2012\/07\/canary_islands2012198terra250m.jpg\"},{\"@type\":\"BreadcrumbList\",\"@id\":\"https:\/\/www.wetter-center.de\/blog\/hitzerekorde-und-waldbrande\/#breadcrumb\",\"itemListElement\":[{\"@type\":\"ListItem\",\"position\":1,\"name\":\"Startseite\",\"item\":\"https:\/\/www.wetter-center.de\/blog\/\"},{\"@type\":\"ListItem\",\"position\":2,\"name\":\"Hitzerekorde und Waldbr\u00e4nde\"}]},{\"@type\":\"WebSite\",\"@id\":\"https:\/\/www.wetter-center.de\/blog\/#website\",\"url\":\"https:\/\/www.wetter-center.de\/blog\/\",\"name\":\"Wetter-Center.de\",\"description\":\"\",\"publisher\":{\"@id\":\"https:\/\/www.wetter-center.de\/blog\/#\/schema\/person\/6c69612ad4763a699cd157cfbbfa6667\"},\"potentialAction\":[{\"@type\":\"SearchAction\",\"target\":{\"@type\":\"EntryPoint\",\"urlTemplate\":\"https:\/\/www.wetter-center.de\/blog\/?s={search_term_string}\"},\"query-input\":{\"@type\":\"PropertyValueSpecification\",\"valueRequired\":true,\"valueName\":\"search_term_string\"}}],\"inLanguage\":\"de\"},{\"@type\":[\"Person\",\"Organization\"],\"@id\":\"https:\/\/www.wetter-center.de\/blog\/#\/schema\/person\/6c69612ad4763a699cd157cfbbfa6667\",\"name\":\"meteomara\",\"image\":{\"@type\":\"ImageObject\",\"inLanguage\":\"de\",\"@id\":\"https:\/\/www.wetter-center.de\/blog\/#\/schema\/person\/image\/\",\"url\":\"https:\/\/www.wetter-center.de\/blog\/wp-content\/uploads\/2022\/08\/sky-1551171_1280.jpg\",\"contentUrl\":\"https:\/\/www.wetter-center.de\/blog\/wp-content\/uploads\/2022\/08\/sky-1551171_1280.jpg\",\"width\":1280,\"height\":643,\"caption\":\"meteomara\"},\"logo\":{\"@id\":\"https:\/\/www.wetter-center.de\/blog\/#\/schema\/person\/image\/\"},\"sameAs\":[\"https:\/\/www.facebook.com\/WetterUndKlima\",\"https:\/\/www.instagram.com\/wettercenterde\/\",\"https:\/\/x.com\/https:\/\/twitter.com\/meteomara\"],\"url\":\"https:\/\/www.wetter-center.de\/blog\/author\/meteomara\/\"}]}<\/script>\n<!-- \/ Yoast SEO plugin. -->","yoast_head_json":{"title":"Hitzerekorde und Waldbr\u00e4nde - Wetter-Center.de","robots":{"index":"index","follow":"follow","max-snippet":"max-snippet:-1","max-image-preview":"max-image-preview:large","max-video-preview":"max-video-preview:-1"},"canonical":"https:\/\/www.wetter-center.de\/blog\/hitzerekorde-und-waldbrande\/","og_locale":"de_DE","og_type":"article","og_title":"Hitzerekorde und Waldbr\u00e4nde - Wetter-Center.de","og_description":"W\u00e4hrend bei uns der Sommer auf sich warten l\u00e4sst, herrschen in der Region von den Kanaren \u00fcber Nordafrika bis nach Griechenland und in die T\u00fcrkei derzeit extreme Trockenheit und Hitze. Nach Angaben des amerikanischen&#46;&#46;&#46;","og_url":"https:\/\/www.wetter-center.de\/blog\/hitzerekorde-und-waldbrande\/","og_site_name":"Wetter-Center.de","article_publisher":"https:\/\/www.facebook.com\/WetterUndKlima","article_author":"https:\/\/www.facebook.com\/WetterUndKlima","article_published_time":"2012-07-18T21:39:44+00:00","article_modified_time":"2012-08-19T19:59:47+00:00","og_image":[{"url":"http:\/\/www.wetter-center.de\/blog\/wp-content\/uploads\/2012\/07\/canary_islands2012198terra250m.jpg","type":"","width":"","height":""}],"author":"meteomara","twitter_card":"summary_large_image","twitter_creator":"@https:\/\/twitter.com\/meteomara","twitter_site":"@meteomara","twitter_misc":{"Geschrieben von":"meteomara","Gesch\u00e4tzte Lesezeit":"1\u00a0Minute"},"schema":{"@context":"https:\/\/schema.org","@graph":[{"@type":"Article","@id":"https:\/\/www.wetter-center.de\/blog\/hitzerekorde-und-waldbrande\/#article","isPartOf":{"@id":"https:\/\/www.wetter-center.de\/blog\/hitzerekorde-und-waldbrande\/"},"author":{"name":"meteomara","@id":"https:\/\/www.wetter-center.de\/blog\/#\/schema\/person\/6c69612ad4763a699cd157cfbbfa6667"},"headline":"Hitzerekorde und Waldbr\u00e4nde","datePublished":"2012-07-18T21:39:44+00:00","dateModified":"2012-08-19T19:59:47+00:00","mainEntityOfPage":{"@id":"https:\/\/www.wetter-center.de\/blog\/hitzerekorde-und-waldbrande\/"},"wordCount":194,"commentCount":0,"publisher":{"@id":"https:\/\/www.wetter-center.de\/blog\/#\/schema\/person\/6c69612ad4763a699cd157cfbbfa6667"},"image":{"@id":"https:\/\/www.wetter-center.de\/blog\/hitzerekorde-und-waldbrande\/#primaryimage"},"thumbnailUrl":"http:\/\/www.wetter-center.de\/blog\/wp-content\/uploads\/2012\/07\/canary_islands2012198terra250m.jpg","inLanguage":"de","potentialAction":[{"@type":"CommentAction","name":"Comment","target":["https:\/\/www.wetter-center.de\/blog\/hitzerekorde-und-waldbrande\/#respond"]}]},{"@type":"WebPage","@id":"https:\/\/www.wetter-center.de\/blog\/hitzerekorde-und-waldbrande\/","url":"https:\/\/www.wetter-center.de\/blog\/hitzerekorde-und-waldbrande\/","name":"Hitzerekorde und Waldbr\u00e4nde - Wetter-Center.de","isPartOf":{"@id":"https:\/\/www.wetter-center.de\/blog\/#website"},"primaryImageOfPage":{"@id":"https:\/\/www.wetter-center.de\/blog\/hitzerekorde-und-waldbrande\/#primaryimage"},"image":{"@id":"https:\/\/www.wetter-center.de\/blog\/hitzerekorde-und-waldbrande\/#primaryimage"},"thumbnailUrl":"http:\/\/www.wetter-center.de\/blog\/wp-content\/uploads\/2012\/07\/canary_islands2012198terra250m.jpg","datePublished":"2012-07-18T21:39:44+00:00","dateModified":"2012-08-19T19:59:47+00:00","breadcrumb":{"@id":"https:\/\/www.wetter-center.de\/blog\/hitzerekorde-und-waldbrande\/#breadcrumb"},"inLanguage":"de","potentialAction":[{"@type":"ReadAction","target":["https:\/\/www.wetter-center.de\/blog\/hitzerekorde-und-waldbrande\/"]}]},{"@type":"ImageObject","inLanguage":"de","@id":"https:\/\/www.wetter-center.de\/blog\/hitzerekorde-und-waldbrande\/#primaryimage","url":"http:\/\/www.wetter-center.de\/blog\/wp-content\/uploads\/2012\/07\/canary_islands2012198terra250m.jpg","contentUrl":"http:\/\/www.wetter-center.de\/blog\/wp-content\/uploads\/2012\/07\/canary_islands2012198terra250m.jpg"},{"@type":"BreadcrumbList","@id":"https:\/\/www.wetter-center.de\/blog\/hitzerekorde-und-waldbrande\/#breadcrumb","itemListElement":[{"@type":"ListItem","position":1,"name":"Startseite","item":"https:\/\/www.wetter-center.de\/blog\/"},{"@type":"ListItem","position":2,"name":"Hitzerekorde und Waldbr\u00e4nde"}]},{"@type":"WebSite","@id":"https:\/\/www.wetter-center.de\/blog\/#website","url":"https:\/\/www.wetter-center.de\/blog\/","name":"Wetter-Center.de","description":"","publisher":{"@id":"https:\/\/www.wetter-center.de\/blog\/#\/schema\/person\/6c69612ad4763a699cd157cfbbfa6667"},"potentialAction":[{"@type":"SearchAction","target":{"@type":"EntryPoint","urlTemplate":"https:\/\/www.wetter-center.de\/blog\/?s={search_term_string}"},"query-input":{"@type":"PropertyValueSpecification","valueRequired":true,"valueName":"search_term_string"}}],"inLanguage":"de"},{"@type":["Person","Organization"],"@id":"https:\/\/www.wetter-center.de\/blog\/#\/schema\/person\/6c69612ad4763a699cd157cfbbfa6667","name":"meteomara","image":{"@type":"ImageObject","inLanguage":"de","@id":"https:\/\/www.wetter-center.de\/blog\/#\/schema\/person\/image\/","url":"https:\/\/www.wetter-center.de\/blog\/wp-content\/uploads\/2022\/08\/sky-1551171_1280.jpg","contentUrl":"https:\/\/www.wetter-center.de\/blog\/wp-content\/uploads\/2022\/08\/sky-1551171_1280.jpg","width":1280,"height":643,"caption":"meteomara"},"logo":{"@id":"https:\/\/www.wetter-center.de\/blog\/#\/schema\/person\/image\/"},"sameAs":["https:\/\/www.facebook.com\/WetterUndKlima","https:\/\/www.instagram.com\/wettercenterde\/","https:\/\/x.com\/https:\/\/twitter.com\/meteomara"],"url":"https:\/\/www.wetter-center.de\/blog\/author\/meteomara\/"}]}},"amp_enabled":true,"_links":{"self":[{"href":"https:\/\/www.wetter-center.de\/blog\/wp-json\/wp\/v2\/posts\/596","targetHints":{"allow":["GET"]}}],"collection":[{"href":"https:\/\/www.wetter-center.de\/blog\/wp-json\/wp\/v2\/posts"}],"about":[{"href":"https:\/\/www.wetter-center.de\/blog\/wp-json\/wp\/v2\/types\/post"}],"author":[{"embeddable":true,"href":"https:\/\/www.wetter-center.de\/blog\/wp-json\/wp\/v2\/users\/1"}],"replies":[{"embeddable":true,"href":"https:\/\/www.wetter-center.de\/blog\/wp-json\/wp\/v2\/comments?post=596"}],"version-history":[{"count":0,"href":"https:\/\/www.wetter-center.de\/blog\/wp-json\/wp\/v2\/posts\/596\/revisions"}],"wp:attachment":[{"href":"https:\/\/www.wetter-center.de\/blog\/wp-json\/wp\/v2\/media?parent=596"}],"wp:term":[{"taxonomy":"category","embeddable":true,"href":"https:\/\/www.wetter-center.de\/blog\/wp-json\/wp\/v2\/categories?post=596"},{"taxonomy":"post_tag","embeddable":true,"href":"https:\/\/www.wetter-center.de\/blog\/wp-json\/wp\/v2\/tags?post=596"}],"curies":[{"name":"wp","href":"https:\/\/api.w.org\/{rel}","templated":true}]}}