{"id":5593,"date":"2019-07-29T15:08:29","date_gmt":"2019-07-29T13:08:29","guid":{"rendered":"https:\/\/www.wetter-center.de\/blog\/?p=5593"},"modified":"2019-07-29T15:13:14","modified_gmt":"2019-07-29T13:13:14","slug":"jetzt-schon-an-den-winter-denken","status":"publish","type":"post","link":"https:\/\/www.wetter-center.de\/blog\/jetzt-schon-an-den-winter-denken\/","title":{"rendered":"Jetzt schon an den Winter denken?"},"content":{"rendered":"\n<p>Der Klimawandel ist in aller Munde und angesichts der zahlreichen Extremwettereignisse sind immer mehr Kritiker \u00fcberzeugt, dass es sich dabei um erste Auswirkungen eines langfristigen, haupts\u00e4chlich vom Menschen verursachten Klimawandels handelt. Auch wenn es jetzt noch sehr warm ist, der n\u00e4chste <strong>Winter <\/strong>kommt bestimmt. Nach einigen kalten Wintern f\u00fcrchten Immobilienbesitzer die kalte Jahreszeit, denn Sch\u00e4den an H\u00e4usern und Wohnungen sind nicht zu vernachl\u00e4ssigen.<\/p>\n\n\n\n<figure class=\"wp-block-image is-resized\"><a href=\"https:\/\/www.wetter-center.de\/blog\/wp-content\/uploads\/2019\/07\/norrland-1324809_1280.jpg\" data-rel=\"lightbox-image-0\" data-rl_title=\"\" data-rl_caption=\"\" title=\"\"><img decoding=\"async\" src=\"https:\/\/www.wetter-center.de\/blog\/wp-content\/uploads\/2019\/07\/norrland-1324809_1280-1024x685.jpg\" alt=\"\" class=\"wp-image-5597\" width=\"520\" height=\"NaN\" srcset=\"https:\/\/www.wetter-center.de\/blog\/wp-content\/uploads\/2019\/07\/norrland-1324809_1280-1024x685.jpg 1024w, https:\/\/www.wetter-center.de\/blog\/wp-content\/uploads\/2019\/07\/norrland-1324809_1280-600x401.jpg 600w, https:\/\/www.wetter-center.de\/blog\/wp-content\/uploads\/2019\/07\/norrland-1324809_1280-300x201.jpg 300w, https:\/\/www.wetter-center.de\/blog\/wp-content\/uploads\/2019\/07\/norrland-1324809_1280-768x514.jpg 768w, https:\/\/www.wetter-center.de\/blog\/wp-content\/uploads\/2019\/07\/norrland-1324809_1280.jpg 1280w\" sizes=\"(max-width: 1024px) 100vw, 1024px\" \/><\/a><\/figure>\n\n\n\n<p>Vor allem mit <strong>Schimmel <\/strong>hatten viele Bewohner von \u00e4lteren Geb\u00e4uden in den letzten Wintern vermehrt zu k\u00e4mpfen. Die lange niedrig gebliebenen Au\u00dfentemperaturen beg\u00fcnstigten die Entstehung des unsch\u00f6nen Pilzes an den W\u00e4nden der Wohnungen. Denn jede Fassade hat Schwachstellen in der Isolierung und sei es nur ein Fensterrahmen, der in die Fassade eingelassen ist.<\/p>\n\n\n\n<p>Stellen an der Innenwand, die k\u00e4lter sind als die \u00fcbrige Wand, wirken wie ein Magnet f\u00fcr Feuchtigkeit und als <strong>Kondensationsfl\u00e4che <\/strong>f\u00fcr die nat\u00fcrlich auftretende Feuchtigkeit in bewohnten R\u00e4umen. Der Mensch atmet und schwitzt, nasse Kleidung verdunstet Wasser und auch Dampf, der beim Kochen, beim Duschen oder beim Abwaschen entsteht, sucht sich die k\u00e4lteste Stelle an den Au\u00dfenw\u00e4nden, um sich niederzuschlagen.  An diesen l\u00e4ngere Zeit feuchten Stellen bildet sich dann rasch Schimmel.  <\/p>\n\n\n\n<p>Besonders rosafarbener Schimmel taucht schnell auf, doch auch der gef\u00e4hrliche schwarze Schimmel wurde in vielen H\u00e4usern und Wohnungen gesichtet. Als Gegenma\u00dfnahme funktioniert noch nicht einmal vermehrtes <strong>Heizen<\/strong>, denn auch wenn die Gesamttemperatur im Raum h\u00f6her ist, bleibt die k\u00e4lteste Stelle immer noch die k\u00e4lteste Stelle. Was wichtig ist: auch bei kalter Witterung h\u00e4ufig gr\u00fcndlich <strong>l\u00fcften<\/strong>, damit feuchte Luft nach drau\u00dfen entweichen kann.<\/p>\n\n\n\n<p>Haben Sie feuchte Problemstellen im Haus, helfen m\u00f6glicherweise <strong>Luftentfeuchter<\/strong>, wie sie im <a rel=\"noreferrer noopener\" aria-label=\"Raumluftshop (\u00f6ffnet in neuem Tab)\" href=\"https:\/\/raumluft-shop.de\/\" target=\"_blank\">Raumluftshop<\/a> erh\u00e4ltlich sind. Hier gibt es auch komplette L\u00fcftungsanlagen inklusive Planungsservice und Smart-Home-Anbindung. <strong>Klimaanlagen <\/strong>sind ebenfalls erh\u00e4ltlich. Diese werden wohl in Zukunft auch in Deutschland vermehrt zu sehen sein, denn der Klimawandel wird im Sommer des\u00f6fteren st\u00e4rkere Hitzewellen verursachen.<\/p>\n\n\n\n<p>Dazu kommt, dass sich Mieter wie Eigent\u00fcmer mit teils horrenden Rechnungen f\u00fcr Strom oder Gas konfrontiert sehen und in deutschen Haushalten auf <strong>Vergleichsportalen <\/strong>vermehrt Suchanfragen nach billigem Strom und Gas gestartet werden. Doch auch hier gilt: G\u00fcnstiger ist nicht gleich g\u00fcnstig, auch wenn so immerhin einige Euros einzusparen sind.<\/p>\n\n\n\n<p>Im Winter stellen auch durch gefrorenes Wasser blockierte <strong>Dachrinnen <\/strong>ein Problem dar. Das Wasser, das nun niederschl\u00e4gt, l\u00e4uft statt durch die daf\u00fcr vorgesehen Rinnen abzuflie\u00dfen dann einfach die Fassade hinunter und durchweicht das Mauerwerk regelrecht. Wenn dann der Wind auf dieser Wand steht, kommt es zu einer merklichen Abk\u00fchlung der Wand durch die entstehende Verdunstungsk\u00e4lte &#8211; bis zu 8 Grad Celsius Unterschied kann das ausmachen.<\/p>\n\n\n\n<p>Von innen ist die Wand besonders kalt und die Feuchtigkeit sucht sich ebenfalls diese Wand wiederum als Kondensationsfl\u00e4che. Durch von innen und au\u00dfen durchweichte W\u00e4nde kommt es in Einzelf\u00e4llen sogar zu Statikproblemen. Viele Hausbesitzer haben sich f\u00fcr die folgenden Winter mit elektrisch beheizbaren Dachrinnen ger\u00fcstet. Das kostet nat\u00fcrlich Energie.<\/p>\n","protected":false},"excerpt":{"rendered":"<p>Der Klimawandel ist in aller Munde und angesichts der zahlreichen Extremwettereignisse sind immer mehr Kritiker \u00fcberzeugt, dass es sich dabei um erste Auswirkungen eines langfristigen, haupts\u00e4chlich vom Menschen verursachten Klimawandels handelt. Auch wenn es&#46;&#46;&#46;<\/p>\n","protected":false},"author":1,"featured_media":5598,"comment_status":"open","ping_status":"open","sticky":false,"template":"","format":"standard","meta":{"footnotes":""},"categories":[1],"tags":[313,312,21,314],"class_list":["post-5593","post","type-post","status-publish","format-standard","has-post-thumbnail","hentry","category-allgemein","tag-heizen","tag-lueften","tag-winter","tag-wohnung"],"yoast_head":"<!-- This site is optimized with the Yoast SEO plugin v25.5 - https:\/\/yoast.com\/wordpress\/plugins\/seo\/ -->\n<title>Jetzt schon an den Winter denken? - Wetter-Center.de<\/title>\n<meta name=\"robots\" content=\"index, follow, max-snippet:-1, max-image-preview:large, max-video-preview:-1\" \/>\n<link rel=\"canonical\" href=\"https:\/\/www.wetter-center.de\/blog\/jetzt-schon-an-den-winter-denken\/\" \/>\n<meta property=\"og:locale\" content=\"de_DE\" \/>\n<meta property=\"og:type\" content=\"article\" \/>\n<meta property=\"og:title\" content=\"Jetzt schon an den Winter denken? - Wetter-Center.de\" \/>\n<meta property=\"og:description\" content=\"Der Klimawandel ist in aller Munde und angesichts der zahlreichen Extremwettereignisse sind immer mehr Kritiker \u00fcberzeugt, dass es sich dabei um erste Auswirkungen eines langfristigen, haupts\u00e4chlich vom Menschen verursachten Klimawandels handelt. Auch wenn es&#046;&#046;&#046;\" \/>\n<meta property=\"og:url\" content=\"https:\/\/www.wetter-center.de\/blog\/jetzt-schon-an-den-winter-denken\/\" \/>\n<meta property=\"og:site_name\" content=\"Wetter-Center.de\" \/>\n<meta property=\"article:publisher\" content=\"https:\/\/www.facebook.com\/WetterUndKlima\" \/>\n<meta property=\"article:author\" content=\"https:\/\/www.facebook.com\/WetterUndKlima\" \/>\n<meta property=\"article:published_time\" content=\"2019-07-29T13:08:29+00:00\" \/>\n<meta property=\"article:modified_time\" content=\"2019-07-29T13:13:14+00:00\" \/>\n<meta property=\"og:image\" content=\"https:\/\/www.wetter-center.de\/blog\/wp-content\/uploads\/2019\/07\/cropped-norrland-1324809_1280.jpg\" \/>\n\t<meta property=\"og:image:width\" content=\"1280\" \/>\n\t<meta property=\"og:image:height\" content=\"721\" \/>\n\t<meta property=\"og:image:type\" content=\"image\/jpeg\" \/>\n<meta name=\"author\" content=\"meteomara\" \/>\n<meta name=\"twitter:card\" content=\"summary_large_image\" \/>\n<meta name=\"twitter:creator\" content=\"@https:\/\/twitter.com\/meteomara\" \/>\n<meta name=\"twitter:site\" content=\"@meteomara\" \/>\n<meta name=\"twitter:label1\" content=\"Geschrieben von\" \/>\n\t<meta name=\"twitter:data1\" content=\"meteomara\" \/>\n\t<meta name=\"twitter:label2\" content=\"Gesch\u00e4tzte Lesezeit\" \/>\n\t<meta name=\"twitter:data2\" content=\"3\u00a0Minuten\" \/>\n<script type=\"application\/ld+json\" class=\"yoast-schema-graph\">{\"@context\":\"https:\/\/schema.org\",\"@graph\":[{\"@type\":\"Article\",\"@id\":\"https:\/\/www.wetter-center.de\/blog\/jetzt-schon-an-den-winter-denken\/#article\",\"isPartOf\":{\"@id\":\"https:\/\/www.wetter-center.de\/blog\/jetzt-schon-an-den-winter-denken\/\"},\"author\":{\"name\":\"meteomara\",\"@id\":\"https:\/\/www.wetter-center.de\/blog\/#\/schema\/person\/6c69612ad4763a699cd157cfbbfa6667\"},\"headline\":\"Jetzt schon an den Winter denken?\",\"datePublished\":\"2019-07-29T13:08:29+00:00\",\"dateModified\":\"2019-07-29T13:13:14+00:00\",\"mainEntityOfPage\":{\"@id\":\"https:\/\/www.wetter-center.de\/blog\/jetzt-schon-an-den-winter-denken\/\"},\"wordCount\":523,\"commentCount\":0,\"publisher\":{\"@id\":\"https:\/\/www.wetter-center.de\/blog\/#\/schema\/person\/6c69612ad4763a699cd157cfbbfa6667\"},\"image\":{\"@id\":\"https:\/\/www.wetter-center.de\/blog\/jetzt-schon-an-den-winter-denken\/#primaryimage\"},\"thumbnailUrl\":\"https:\/\/www.wetter-center.de\/blog\/wp-content\/uploads\/2019\/07\/cropped-norrland-1324809_1280.jpg\",\"keywords\":[\"Heizen\",\"L\u00fcften\",\"Winter\",\"Wohnung\"],\"inLanguage\":\"de\",\"potentialAction\":[{\"@type\":\"CommentAction\",\"name\":\"Comment\",\"target\":[\"https:\/\/www.wetter-center.de\/blog\/jetzt-schon-an-den-winter-denken\/#respond\"]}]},{\"@type\":\"WebPage\",\"@id\":\"https:\/\/www.wetter-center.de\/blog\/jetzt-schon-an-den-winter-denken\/\",\"url\":\"https:\/\/www.wetter-center.de\/blog\/jetzt-schon-an-den-winter-denken\/\",\"name\":\"Jetzt schon an den Winter denken? - Wetter-Center.de\",\"isPartOf\":{\"@id\":\"https:\/\/www.wetter-center.de\/blog\/#website\"},\"primaryImageOfPage\":{\"@id\":\"https:\/\/www.wetter-center.de\/blog\/jetzt-schon-an-den-winter-denken\/#primaryimage\"},\"image\":{\"@id\":\"https:\/\/www.wetter-center.de\/blog\/jetzt-schon-an-den-winter-denken\/#primaryimage\"},\"thumbnailUrl\":\"https:\/\/www.wetter-center.de\/blog\/wp-content\/uploads\/2019\/07\/cropped-norrland-1324809_1280.jpg\",\"datePublished\":\"2019-07-29T13:08:29+00:00\",\"dateModified\":\"2019-07-29T13:13:14+00:00\",\"breadcrumb\":{\"@id\":\"https:\/\/www.wetter-center.de\/blog\/jetzt-schon-an-den-winter-denken\/#breadcrumb\"},\"inLanguage\":\"de\",\"potentialAction\":[{\"@type\":\"ReadAction\",\"target\":[\"https:\/\/www.wetter-center.de\/blog\/jetzt-schon-an-den-winter-denken\/\"]}]},{\"@type\":\"ImageObject\",\"inLanguage\":\"de\",\"@id\":\"https:\/\/www.wetter-center.de\/blog\/jetzt-schon-an-den-winter-denken\/#primaryimage\",\"url\":\"https:\/\/www.wetter-center.de\/blog\/wp-content\/uploads\/2019\/07\/cropped-norrland-1324809_1280.jpg\",\"contentUrl\":\"https:\/\/www.wetter-center.de\/blog\/wp-content\/uploads\/2019\/07\/cropped-norrland-1324809_1280.jpg\",\"width\":1280,\"height\":721},{\"@type\":\"BreadcrumbList\",\"@id\":\"https:\/\/www.wetter-center.de\/blog\/jetzt-schon-an-den-winter-denken\/#breadcrumb\",\"itemListElement\":[{\"@type\":\"ListItem\",\"position\":1,\"name\":\"Startseite\",\"item\":\"https:\/\/www.wetter-center.de\/blog\/\"},{\"@type\":\"ListItem\",\"position\":2,\"name\":\"Jetzt schon an den Winter denken?\"}]},{\"@type\":\"WebSite\",\"@id\":\"https:\/\/www.wetter-center.de\/blog\/#website\",\"url\":\"https:\/\/www.wetter-center.de\/blog\/\",\"name\":\"Wetter-Center.de\",\"description\":\"\",\"publisher\":{\"@id\":\"https:\/\/www.wetter-center.de\/blog\/#\/schema\/person\/6c69612ad4763a699cd157cfbbfa6667\"},\"potentialAction\":[{\"@type\":\"SearchAction\",\"target\":{\"@type\":\"EntryPoint\",\"urlTemplate\":\"https:\/\/www.wetter-center.de\/blog\/?s={search_term_string}\"},\"query-input\":{\"@type\":\"PropertyValueSpecification\",\"valueRequired\":true,\"valueName\":\"search_term_string\"}}],\"inLanguage\":\"de\"},{\"@type\":[\"Person\",\"Organization\"],\"@id\":\"https:\/\/www.wetter-center.de\/blog\/#\/schema\/person\/6c69612ad4763a699cd157cfbbfa6667\",\"name\":\"meteomara\",\"image\":{\"@type\":\"ImageObject\",\"inLanguage\":\"de\",\"@id\":\"https:\/\/www.wetter-center.de\/blog\/#\/schema\/person\/image\/\",\"url\":\"https:\/\/www.wetter-center.de\/blog\/wp-content\/uploads\/2022\/08\/sky-1551171_1280.jpg\",\"contentUrl\":\"https:\/\/www.wetter-center.de\/blog\/wp-content\/uploads\/2022\/08\/sky-1551171_1280.jpg\",\"width\":1280,\"height\":643,\"caption\":\"meteomara\"},\"logo\":{\"@id\":\"https:\/\/www.wetter-center.de\/blog\/#\/schema\/person\/image\/\"},\"sameAs\":[\"https:\/\/www.facebook.com\/WetterUndKlima\",\"https:\/\/www.instagram.com\/wettercenterde\/\",\"https:\/\/x.com\/https:\/\/twitter.com\/meteomara\"],\"url\":\"https:\/\/www.wetter-center.de\/blog\/author\/meteomara\/\"}]}<\/script>\n<!-- \/ Yoast SEO plugin. -->","yoast_head_json":{"title":"Jetzt schon an den Winter denken? - Wetter-Center.de","robots":{"index":"index","follow":"follow","max-snippet":"max-snippet:-1","max-image-preview":"max-image-preview:large","max-video-preview":"max-video-preview:-1"},"canonical":"https:\/\/www.wetter-center.de\/blog\/jetzt-schon-an-den-winter-denken\/","og_locale":"de_DE","og_type":"article","og_title":"Jetzt schon an den Winter denken? - Wetter-Center.de","og_description":"Der Klimawandel ist in aller Munde und angesichts der zahlreichen Extremwettereignisse sind immer mehr Kritiker \u00fcberzeugt, dass es sich dabei um erste Auswirkungen eines langfristigen, haupts\u00e4chlich vom Menschen verursachten Klimawandels handelt. Auch wenn es&#46;&#46;&#46;","og_url":"https:\/\/www.wetter-center.de\/blog\/jetzt-schon-an-den-winter-denken\/","og_site_name":"Wetter-Center.de","article_publisher":"https:\/\/www.facebook.com\/WetterUndKlima","article_author":"https:\/\/www.facebook.com\/WetterUndKlima","article_published_time":"2019-07-29T13:08:29+00:00","article_modified_time":"2019-07-29T13:13:14+00:00","og_image":[{"width":1280,"height":721,"url":"https:\/\/www.wetter-center.de\/blog\/wp-content\/uploads\/2019\/07\/cropped-norrland-1324809_1280.jpg","type":"image\/jpeg"}],"author":"meteomara","twitter_card":"summary_large_image","twitter_creator":"@https:\/\/twitter.com\/meteomara","twitter_site":"@meteomara","twitter_misc":{"Geschrieben von":"meteomara","Gesch\u00e4tzte Lesezeit":"3\u00a0Minuten"},"schema":{"@context":"https:\/\/schema.org","@graph":[{"@type":"Article","@id":"https:\/\/www.wetter-center.de\/blog\/jetzt-schon-an-den-winter-denken\/#article","isPartOf":{"@id":"https:\/\/www.wetter-center.de\/blog\/jetzt-schon-an-den-winter-denken\/"},"author":{"name":"meteomara","@id":"https:\/\/www.wetter-center.de\/blog\/#\/schema\/person\/6c69612ad4763a699cd157cfbbfa6667"},"headline":"Jetzt schon an den Winter denken?","datePublished":"2019-07-29T13:08:29+00:00","dateModified":"2019-07-29T13:13:14+00:00","mainEntityOfPage":{"@id":"https:\/\/www.wetter-center.de\/blog\/jetzt-schon-an-den-winter-denken\/"},"wordCount":523,"commentCount":0,"publisher":{"@id":"https:\/\/www.wetter-center.de\/blog\/#\/schema\/person\/6c69612ad4763a699cd157cfbbfa6667"},"image":{"@id":"https:\/\/www.wetter-center.de\/blog\/jetzt-schon-an-den-winter-denken\/#primaryimage"},"thumbnailUrl":"https:\/\/www.wetter-center.de\/blog\/wp-content\/uploads\/2019\/07\/cropped-norrland-1324809_1280.jpg","keywords":["Heizen","L\u00fcften","Winter","Wohnung"],"inLanguage":"de","potentialAction":[{"@type":"CommentAction","name":"Comment","target":["https:\/\/www.wetter-center.de\/blog\/jetzt-schon-an-den-winter-denken\/#respond"]}]},{"@type":"WebPage","@id":"https:\/\/www.wetter-center.de\/blog\/jetzt-schon-an-den-winter-denken\/","url":"https:\/\/www.wetter-center.de\/blog\/jetzt-schon-an-den-winter-denken\/","name":"Jetzt schon an den Winter denken? - Wetter-Center.de","isPartOf":{"@id":"https:\/\/www.wetter-center.de\/blog\/#website"},"primaryImageOfPage":{"@id":"https:\/\/www.wetter-center.de\/blog\/jetzt-schon-an-den-winter-denken\/#primaryimage"},"image":{"@id":"https:\/\/www.wetter-center.de\/blog\/jetzt-schon-an-den-winter-denken\/#primaryimage"},"thumbnailUrl":"https:\/\/www.wetter-center.de\/blog\/wp-content\/uploads\/2019\/07\/cropped-norrland-1324809_1280.jpg","datePublished":"2019-07-29T13:08:29+00:00","dateModified":"2019-07-29T13:13:14+00:00","breadcrumb":{"@id":"https:\/\/www.wetter-center.de\/blog\/jetzt-schon-an-den-winter-denken\/#breadcrumb"},"inLanguage":"de","potentialAction":[{"@type":"ReadAction","target":["https:\/\/www.wetter-center.de\/blog\/jetzt-schon-an-den-winter-denken\/"]}]},{"@type":"ImageObject","inLanguage":"de","@id":"https:\/\/www.wetter-center.de\/blog\/jetzt-schon-an-den-winter-denken\/#primaryimage","url":"https:\/\/www.wetter-center.de\/blog\/wp-content\/uploads\/2019\/07\/cropped-norrland-1324809_1280.jpg","contentUrl":"https:\/\/www.wetter-center.de\/blog\/wp-content\/uploads\/2019\/07\/cropped-norrland-1324809_1280.jpg","width":1280,"height":721},{"@type":"BreadcrumbList","@id":"https:\/\/www.wetter-center.de\/blog\/jetzt-schon-an-den-winter-denken\/#breadcrumb","itemListElement":[{"@type":"ListItem","position":1,"name":"Startseite","item":"https:\/\/www.wetter-center.de\/blog\/"},{"@type":"ListItem","position":2,"name":"Jetzt schon an den Winter denken?"}]},{"@type":"WebSite","@id":"https:\/\/www.wetter-center.de\/blog\/#website","url":"https:\/\/www.wetter-center.de\/blog\/","name":"Wetter-Center.de","description":"","publisher":{"@id":"https:\/\/www.wetter-center.de\/blog\/#\/schema\/person\/6c69612ad4763a699cd157cfbbfa6667"},"potentialAction":[{"@type":"SearchAction","target":{"@type":"EntryPoint","urlTemplate":"https:\/\/www.wetter-center.de\/blog\/?s={search_term_string}"},"query-input":{"@type":"PropertyValueSpecification","valueRequired":true,"valueName":"search_term_string"}}],"inLanguage":"de"},{"@type":["Person","Organization"],"@id":"https:\/\/www.wetter-center.de\/blog\/#\/schema\/person\/6c69612ad4763a699cd157cfbbfa6667","name":"meteomara","image":{"@type":"ImageObject","inLanguage":"de","@id":"https:\/\/www.wetter-center.de\/blog\/#\/schema\/person\/image\/","url":"https:\/\/www.wetter-center.de\/blog\/wp-content\/uploads\/2022\/08\/sky-1551171_1280.jpg","contentUrl":"https:\/\/www.wetter-center.de\/blog\/wp-content\/uploads\/2022\/08\/sky-1551171_1280.jpg","width":1280,"height":643,"caption":"meteomara"},"logo":{"@id":"https:\/\/www.wetter-center.de\/blog\/#\/schema\/person\/image\/"},"sameAs":["https:\/\/www.facebook.com\/WetterUndKlima","https:\/\/www.instagram.com\/wettercenterde\/","https:\/\/x.com\/https:\/\/twitter.com\/meteomara"],"url":"https:\/\/www.wetter-center.de\/blog\/author\/meteomara\/"}]}},"amp_enabled":true,"_links":{"self":[{"href":"https:\/\/www.wetter-center.de\/blog\/wp-json\/wp\/v2\/posts\/5593","targetHints":{"allow":["GET"]}}],"collection":[{"href":"https:\/\/www.wetter-center.de\/blog\/wp-json\/wp\/v2\/posts"}],"about":[{"href":"https:\/\/www.wetter-center.de\/blog\/wp-json\/wp\/v2\/types\/post"}],"author":[{"embeddable":true,"href":"https:\/\/www.wetter-center.de\/blog\/wp-json\/wp\/v2\/users\/1"}],"replies":[{"embeddable":true,"href":"https:\/\/www.wetter-center.de\/blog\/wp-json\/wp\/v2\/comments?post=5593"}],"version-history":[{"count":0,"href":"https:\/\/www.wetter-center.de\/blog\/wp-json\/wp\/v2\/posts\/5593\/revisions"}],"wp:featuredmedia":[{"embeddable":true,"href":"https:\/\/www.wetter-center.de\/blog\/wp-json\/wp\/v2\/media\/5598"}],"wp:attachment":[{"href":"https:\/\/www.wetter-center.de\/blog\/wp-json\/wp\/v2\/media?parent=5593"}],"wp:term":[{"taxonomy":"category","embeddable":true,"href":"https:\/\/www.wetter-center.de\/blog\/wp-json\/wp\/v2\/categories?post=5593"},{"taxonomy":"post_tag","embeddable":true,"href":"https:\/\/www.wetter-center.de\/blog\/wp-json\/wp\/v2\/tags?post=5593"}],"curies":[{"name":"wp","href":"https:\/\/api.w.org\/{rel}","templated":true}]}}