{"id":539,"date":"2012-02-14T01:05:17","date_gmt":"2012-02-14T00:05:17","guid":{"rendered":"http:\/\/www.wetter-center.de\/blog\/?p=539"},"modified":"2020-12-03T08:26:11","modified_gmt":"2020-12-03T07:26:11","slug":"steigen-die-chancen-fur-kalte-winter","status":"publish","type":"post","link":"https:\/\/www.wetter-center.de\/blog\/steigen-die-chancen-fur-kalte-winter\/","title":{"rendered":"Steigen die Chancen f\u00fcr kalte Winter?"},"content":{"rendered":"<p>Die Sonne durchl\u00e4uft derzeit einige bemerkenswerte Ver\u00e4nderungen, wie bereits im Artikel &#8220;<a href=\"http:\/\/www.wetter-center.de\/blog\/?p=442\">Die Sonne ver\u00e4ndert sich<\/a>&#8221; beschrieben ist. Bedeutsam ist vor allem die niedrige Aktivit\u00e4t im aktuellen <a href=\"http:\/\/www.wetter-center.de\/blog\/?p=392\">Solarzyklus 24<\/a>. Verschiedene Untersuchungen haben bereits Korrelationen zwischen der Anzahl von <strong>Sonnenflecken<\/strong> und der <strong>Globalen Temperatur<\/strong> gefunden, die darauf hindeuten, dass in den n\u00e4chsten Jahren <a href=\"http:\/\/www.wetter-center.de\/blog\/?p=369\">vermehrt kalte Winter<\/a> auftreten k\u00f6nnten.<\/p>\n<p>Norwegische Forscher haben jetzt <a href=\"http:\/\/arxiv.org\/pdf\/1202.1954v1.pdf\" target=\"_blank\" rel=\"noopener noreferrer\">in einer Untersuchung<\/a> einen weiteren interessanten Zusammenhang best\u00e4tigt: Die <strong>L\u00e4nge eines Sonnenfleckenzyklusses<\/strong> ist negativ korreliert mit der etwa 10 bis 12 Jahre sp\u00e4ter auftretenden <strong>Jahresmitteltemperatur<\/strong> f\u00fcr Orte, deren Wetter vom Nordatlantik beeinflusst ist. F\u00fcr kontinentaler gepr\u00e4gte Orte wurde ein geringerer Zeitverzug festgestellt.<\/p>\n<p>Interessant dabei ist, dass im 20. Jahrhundert haupts\u00e4chlich kurze Solarzyklen von unter 11 Jahren aufgetreten sind. Nach Angaben der Forscher haben diese <strong>kurzen Solarzyklen<\/strong> einen Anteil von etwa <strong>40 bis 60 Prozent<\/strong> an der Temperaturerh\u00f6hung im 20. Jahrhundert, wobei die h\u00f6heren Werte f\u00fcr Orte am Atlantik gelten.<\/p>\n<p><img decoding=\"async\" src=\"http:\/\/www.wetter-center.de\/blog\/wp-content\/uploads\/2012\/02\/ssn_predict_l.gif\" style=\"width: 470px\" width=\"470\" title=\"Solarzyklen 23 und 24 (Stand Februar 2012)\" alt=\"Solarzyklen 23 und 24 (Stand Februar 2012)\" \/><\/p>\n<p>Der letzte <strong>Solarzyklus 23<\/strong> (oben links im Bild, Quelle: <a href=\"http:\/\/solarscience.msfc.nasa.gov\/predict.shtml\" target=\"_blank\" rel=\"noopener noreferrer\">NASA<\/a>) war allerdings mit <strong>12,2 Jahren<\/strong> l\u00e4nger als s\u00e4mtliche Zyklen seit dem Jahre 1850. Rechnerisch ergibt sich daraus f\u00fcr die Zeit um etwa 2016\/2018 f\u00fcr Europa eine Abk\u00fchlung um \u00fcber 1 Grad gegen\u00fcber dem Jahr 2000. Auch der aktuelle <strong>Solarzyklus 24<\/strong> wird vermutlich l\u00e4nger als normal ausfallen, somit k\u00f6nnten die Temperaturen bis zum Jahr 2030 relativ niedrig bleiben.<\/p>\n","protected":false},"excerpt":{"rendered":"<p>Die Sonne durchl\u00e4uft derzeit einige bemerkenswerte Ver\u00e4nderungen, wie bereits im Artikel &#8220;Die Sonne ver\u00e4ndert sich&#8221; beschrieben ist. Bedeutsam ist vor allem die niedrige Aktivit\u00e4t im aktuellen Solarzyklus 24. Verschiedene Untersuchungen haben bereits Korrelationen zwischen&#46;&#46;&#46;<\/p>\n","protected":false},"author":1,"featured_media":0,"comment_status":"open","ping_status":"open","sticky":false,"template":"","format":"standard","meta":{"footnotes":""},"categories":[1],"tags":[97,21],"class_list":["post-539","post","type-post","status-publish","format-standard","hentry","category-allgemein","tag-klimawandel","tag-winter"],"yoast_head":"<!-- This site is optimized with the Yoast SEO plugin v25.5 - https:\/\/yoast.com\/wordpress\/plugins\/seo\/ -->\n<title>Steigen die Chancen f\u00fcr kalte Winter? - Wetter-Center.de<\/title>\n<meta name=\"robots\" content=\"index, follow, max-snippet:-1, max-image-preview:large, max-video-preview:-1\" \/>\n<link rel=\"canonical\" href=\"https:\/\/www.wetter-center.de\/blog\/steigen-die-chancen-fur-kalte-winter\/\" \/>\n<meta property=\"og:locale\" content=\"de_DE\" \/>\n<meta property=\"og:type\" content=\"article\" \/>\n<meta property=\"og:title\" content=\"Steigen die Chancen f\u00fcr kalte Winter? - Wetter-Center.de\" \/>\n<meta property=\"og:description\" content=\"Die Sonne durchl\u00e4uft derzeit einige bemerkenswerte Ver\u00e4nderungen, wie bereits im Artikel &#8220;Die Sonne ver\u00e4ndert sich&#8221; beschrieben ist. Bedeutsam ist vor allem die niedrige Aktivit\u00e4t im aktuellen Solarzyklus 24. Verschiedene Untersuchungen haben bereits Korrelationen zwischen&#046;&#046;&#046;\" \/>\n<meta property=\"og:url\" content=\"https:\/\/www.wetter-center.de\/blog\/steigen-die-chancen-fur-kalte-winter\/\" \/>\n<meta property=\"og:site_name\" content=\"Wetter-Center.de\" \/>\n<meta property=\"article:publisher\" content=\"https:\/\/www.facebook.com\/WetterUndKlima\" \/>\n<meta property=\"article:author\" content=\"https:\/\/www.facebook.com\/WetterUndKlima\" \/>\n<meta property=\"article:published_time\" content=\"2012-02-14T00:05:17+00:00\" \/>\n<meta property=\"article:modified_time\" content=\"2020-12-03T07:26:11+00:00\" \/>\n<meta property=\"og:image\" content=\"http:\/\/www.wetter-center.de\/blog\/wp-content\/uploads\/2012\/02\/ssn_predict_l.gif\" \/>\n<meta name=\"author\" content=\"meteomara\" \/>\n<meta name=\"twitter:card\" content=\"summary_large_image\" \/>\n<meta name=\"twitter:creator\" content=\"@https:\/\/twitter.com\/meteomara\" \/>\n<meta name=\"twitter:site\" content=\"@meteomara\" \/>\n<meta name=\"twitter:label1\" content=\"Geschrieben von\" \/>\n\t<meta name=\"twitter:data1\" content=\"meteomara\" \/>\n\t<meta name=\"twitter:label2\" content=\"Gesch\u00e4tzte Lesezeit\" \/>\n\t<meta name=\"twitter:data2\" content=\"1\u00a0Minute\" \/>\n<script type=\"application\/ld+json\" class=\"yoast-schema-graph\">{\"@context\":\"https:\/\/schema.org\",\"@graph\":[{\"@type\":\"Article\",\"@id\":\"https:\/\/www.wetter-center.de\/blog\/steigen-die-chancen-fur-kalte-winter\/#article\",\"isPartOf\":{\"@id\":\"https:\/\/www.wetter-center.de\/blog\/steigen-die-chancen-fur-kalte-winter\/\"},\"author\":{\"name\":\"meteomara\",\"@id\":\"https:\/\/www.wetter-center.de\/blog\/#\/schema\/person\/6c69612ad4763a699cd157cfbbfa6667\"},\"headline\":\"Steigen die Chancen f\u00fcr kalte Winter?\",\"datePublished\":\"2012-02-14T00:05:17+00:00\",\"dateModified\":\"2020-12-03T07:26:11+00:00\",\"mainEntityOfPage\":{\"@id\":\"https:\/\/www.wetter-center.de\/blog\/steigen-die-chancen-fur-kalte-winter\/\"},\"wordCount\":231,\"commentCount\":3,\"publisher\":{\"@id\":\"https:\/\/www.wetter-center.de\/blog\/#\/schema\/person\/6c69612ad4763a699cd157cfbbfa6667\"},\"image\":{\"@id\":\"https:\/\/www.wetter-center.de\/blog\/steigen-die-chancen-fur-kalte-winter\/#primaryimage\"},\"thumbnailUrl\":\"http:\/\/www.wetter-center.de\/blog\/wp-content\/uploads\/2012\/02\/ssn_predict_l.gif\",\"keywords\":[\"Klimawandel\",\"Winter\"],\"inLanguage\":\"de\",\"potentialAction\":[{\"@type\":\"CommentAction\",\"name\":\"Comment\",\"target\":[\"https:\/\/www.wetter-center.de\/blog\/steigen-die-chancen-fur-kalte-winter\/#respond\"]}]},{\"@type\":\"WebPage\",\"@id\":\"https:\/\/www.wetter-center.de\/blog\/steigen-die-chancen-fur-kalte-winter\/\",\"url\":\"https:\/\/www.wetter-center.de\/blog\/steigen-die-chancen-fur-kalte-winter\/\",\"name\":\"Steigen die Chancen f\u00fcr kalte Winter? - Wetter-Center.de\",\"isPartOf\":{\"@id\":\"https:\/\/www.wetter-center.de\/blog\/#website\"},\"primaryImageOfPage\":{\"@id\":\"https:\/\/www.wetter-center.de\/blog\/steigen-die-chancen-fur-kalte-winter\/#primaryimage\"},\"image\":{\"@id\":\"https:\/\/www.wetter-center.de\/blog\/steigen-die-chancen-fur-kalte-winter\/#primaryimage\"},\"thumbnailUrl\":\"http:\/\/www.wetter-center.de\/blog\/wp-content\/uploads\/2012\/02\/ssn_predict_l.gif\",\"datePublished\":\"2012-02-14T00:05:17+00:00\",\"dateModified\":\"2020-12-03T07:26:11+00:00\",\"breadcrumb\":{\"@id\":\"https:\/\/www.wetter-center.de\/blog\/steigen-die-chancen-fur-kalte-winter\/#breadcrumb\"},\"inLanguage\":\"de\",\"potentialAction\":[{\"@type\":\"ReadAction\",\"target\":[\"https:\/\/www.wetter-center.de\/blog\/steigen-die-chancen-fur-kalte-winter\/\"]}]},{\"@type\":\"ImageObject\",\"inLanguage\":\"de\",\"@id\":\"https:\/\/www.wetter-center.de\/blog\/steigen-die-chancen-fur-kalte-winter\/#primaryimage\",\"url\":\"http:\/\/www.wetter-center.de\/blog\/wp-content\/uploads\/2012\/02\/ssn_predict_l.gif\",\"contentUrl\":\"http:\/\/www.wetter-center.de\/blog\/wp-content\/uploads\/2012\/02\/ssn_predict_l.gif\"},{\"@type\":\"BreadcrumbList\",\"@id\":\"https:\/\/www.wetter-center.de\/blog\/steigen-die-chancen-fur-kalte-winter\/#breadcrumb\",\"itemListElement\":[{\"@type\":\"ListItem\",\"position\":1,\"name\":\"Startseite\",\"item\":\"https:\/\/www.wetter-center.de\/blog\/\"},{\"@type\":\"ListItem\",\"position\":2,\"name\":\"Steigen die Chancen f\u00fcr kalte Winter?\"}]},{\"@type\":\"WebSite\",\"@id\":\"https:\/\/www.wetter-center.de\/blog\/#website\",\"url\":\"https:\/\/www.wetter-center.de\/blog\/\",\"name\":\"Wetter-Center.de\",\"description\":\"\",\"publisher\":{\"@id\":\"https:\/\/www.wetter-center.de\/blog\/#\/schema\/person\/6c69612ad4763a699cd157cfbbfa6667\"},\"potentialAction\":[{\"@type\":\"SearchAction\",\"target\":{\"@type\":\"EntryPoint\",\"urlTemplate\":\"https:\/\/www.wetter-center.de\/blog\/?s={search_term_string}\"},\"query-input\":{\"@type\":\"PropertyValueSpecification\",\"valueRequired\":true,\"valueName\":\"search_term_string\"}}],\"inLanguage\":\"de\"},{\"@type\":[\"Person\",\"Organization\"],\"@id\":\"https:\/\/www.wetter-center.de\/blog\/#\/schema\/person\/6c69612ad4763a699cd157cfbbfa6667\",\"name\":\"meteomara\",\"image\":{\"@type\":\"ImageObject\",\"inLanguage\":\"de\",\"@id\":\"https:\/\/www.wetter-center.de\/blog\/#\/schema\/person\/image\/\",\"url\":\"https:\/\/www.wetter-center.de\/blog\/wp-content\/uploads\/2022\/08\/sky-1551171_1280.jpg\",\"contentUrl\":\"https:\/\/www.wetter-center.de\/blog\/wp-content\/uploads\/2022\/08\/sky-1551171_1280.jpg\",\"width\":1280,\"height\":643,\"caption\":\"meteomara\"},\"logo\":{\"@id\":\"https:\/\/www.wetter-center.de\/blog\/#\/schema\/person\/image\/\"},\"sameAs\":[\"https:\/\/www.facebook.com\/WetterUndKlima\",\"https:\/\/www.instagram.com\/wettercenterde\/\",\"https:\/\/x.com\/https:\/\/twitter.com\/meteomara\"],\"url\":\"https:\/\/www.wetter-center.de\/blog\/author\/meteomara\/\"}]}<\/script>\n<!-- \/ Yoast SEO plugin. -->","yoast_head_json":{"title":"Steigen die Chancen f\u00fcr kalte Winter? - Wetter-Center.de","robots":{"index":"index","follow":"follow","max-snippet":"max-snippet:-1","max-image-preview":"max-image-preview:large","max-video-preview":"max-video-preview:-1"},"canonical":"https:\/\/www.wetter-center.de\/blog\/steigen-die-chancen-fur-kalte-winter\/","og_locale":"de_DE","og_type":"article","og_title":"Steigen die Chancen f\u00fcr kalte Winter? - Wetter-Center.de","og_description":"Die Sonne durchl\u00e4uft derzeit einige bemerkenswerte Ver\u00e4nderungen, wie bereits im Artikel &#8220;Die Sonne ver\u00e4ndert sich&#8221; beschrieben ist. Bedeutsam ist vor allem die niedrige Aktivit\u00e4t im aktuellen Solarzyklus 24. Verschiedene Untersuchungen haben bereits Korrelationen zwischen&#46;&#46;&#46;","og_url":"https:\/\/www.wetter-center.de\/blog\/steigen-die-chancen-fur-kalte-winter\/","og_site_name":"Wetter-Center.de","article_publisher":"https:\/\/www.facebook.com\/WetterUndKlima","article_author":"https:\/\/www.facebook.com\/WetterUndKlima","article_published_time":"2012-02-14T00:05:17+00:00","article_modified_time":"2020-12-03T07:26:11+00:00","og_image":[{"url":"http:\/\/www.wetter-center.de\/blog\/wp-content\/uploads\/2012\/02\/ssn_predict_l.gif","type":"","width":"","height":""}],"author":"meteomara","twitter_card":"summary_large_image","twitter_creator":"@https:\/\/twitter.com\/meteomara","twitter_site":"@meteomara","twitter_misc":{"Geschrieben von":"meteomara","Gesch\u00e4tzte Lesezeit":"1\u00a0Minute"},"schema":{"@context":"https:\/\/schema.org","@graph":[{"@type":"Article","@id":"https:\/\/www.wetter-center.de\/blog\/steigen-die-chancen-fur-kalte-winter\/#article","isPartOf":{"@id":"https:\/\/www.wetter-center.de\/blog\/steigen-die-chancen-fur-kalte-winter\/"},"author":{"name":"meteomara","@id":"https:\/\/www.wetter-center.de\/blog\/#\/schema\/person\/6c69612ad4763a699cd157cfbbfa6667"},"headline":"Steigen die Chancen f\u00fcr kalte Winter?","datePublished":"2012-02-14T00:05:17+00:00","dateModified":"2020-12-03T07:26:11+00:00","mainEntityOfPage":{"@id":"https:\/\/www.wetter-center.de\/blog\/steigen-die-chancen-fur-kalte-winter\/"},"wordCount":231,"commentCount":3,"publisher":{"@id":"https:\/\/www.wetter-center.de\/blog\/#\/schema\/person\/6c69612ad4763a699cd157cfbbfa6667"},"image":{"@id":"https:\/\/www.wetter-center.de\/blog\/steigen-die-chancen-fur-kalte-winter\/#primaryimage"},"thumbnailUrl":"http:\/\/www.wetter-center.de\/blog\/wp-content\/uploads\/2012\/02\/ssn_predict_l.gif","keywords":["Klimawandel","Winter"],"inLanguage":"de","potentialAction":[{"@type":"CommentAction","name":"Comment","target":["https:\/\/www.wetter-center.de\/blog\/steigen-die-chancen-fur-kalte-winter\/#respond"]}]},{"@type":"WebPage","@id":"https:\/\/www.wetter-center.de\/blog\/steigen-die-chancen-fur-kalte-winter\/","url":"https:\/\/www.wetter-center.de\/blog\/steigen-die-chancen-fur-kalte-winter\/","name":"Steigen die Chancen f\u00fcr kalte Winter? - Wetter-Center.de","isPartOf":{"@id":"https:\/\/www.wetter-center.de\/blog\/#website"},"primaryImageOfPage":{"@id":"https:\/\/www.wetter-center.de\/blog\/steigen-die-chancen-fur-kalte-winter\/#primaryimage"},"image":{"@id":"https:\/\/www.wetter-center.de\/blog\/steigen-die-chancen-fur-kalte-winter\/#primaryimage"},"thumbnailUrl":"http:\/\/www.wetter-center.de\/blog\/wp-content\/uploads\/2012\/02\/ssn_predict_l.gif","datePublished":"2012-02-14T00:05:17+00:00","dateModified":"2020-12-03T07:26:11+00:00","breadcrumb":{"@id":"https:\/\/www.wetter-center.de\/blog\/steigen-die-chancen-fur-kalte-winter\/#breadcrumb"},"inLanguage":"de","potentialAction":[{"@type":"ReadAction","target":["https:\/\/www.wetter-center.de\/blog\/steigen-die-chancen-fur-kalte-winter\/"]}]},{"@type":"ImageObject","inLanguage":"de","@id":"https:\/\/www.wetter-center.de\/blog\/steigen-die-chancen-fur-kalte-winter\/#primaryimage","url":"http:\/\/www.wetter-center.de\/blog\/wp-content\/uploads\/2012\/02\/ssn_predict_l.gif","contentUrl":"http:\/\/www.wetter-center.de\/blog\/wp-content\/uploads\/2012\/02\/ssn_predict_l.gif"},{"@type":"BreadcrumbList","@id":"https:\/\/www.wetter-center.de\/blog\/steigen-die-chancen-fur-kalte-winter\/#breadcrumb","itemListElement":[{"@type":"ListItem","position":1,"name":"Startseite","item":"https:\/\/www.wetter-center.de\/blog\/"},{"@type":"ListItem","position":2,"name":"Steigen die Chancen f\u00fcr kalte Winter?"}]},{"@type":"WebSite","@id":"https:\/\/www.wetter-center.de\/blog\/#website","url":"https:\/\/www.wetter-center.de\/blog\/","name":"Wetter-Center.de","description":"","publisher":{"@id":"https:\/\/www.wetter-center.de\/blog\/#\/schema\/person\/6c69612ad4763a699cd157cfbbfa6667"},"potentialAction":[{"@type":"SearchAction","target":{"@type":"EntryPoint","urlTemplate":"https:\/\/www.wetter-center.de\/blog\/?s={search_term_string}"},"query-input":{"@type":"PropertyValueSpecification","valueRequired":true,"valueName":"search_term_string"}}],"inLanguage":"de"},{"@type":["Person","Organization"],"@id":"https:\/\/www.wetter-center.de\/blog\/#\/schema\/person\/6c69612ad4763a699cd157cfbbfa6667","name":"meteomara","image":{"@type":"ImageObject","inLanguage":"de","@id":"https:\/\/www.wetter-center.de\/blog\/#\/schema\/person\/image\/","url":"https:\/\/www.wetter-center.de\/blog\/wp-content\/uploads\/2022\/08\/sky-1551171_1280.jpg","contentUrl":"https:\/\/www.wetter-center.de\/blog\/wp-content\/uploads\/2022\/08\/sky-1551171_1280.jpg","width":1280,"height":643,"caption":"meteomara"},"logo":{"@id":"https:\/\/www.wetter-center.de\/blog\/#\/schema\/person\/image\/"},"sameAs":["https:\/\/www.facebook.com\/WetterUndKlima","https:\/\/www.instagram.com\/wettercenterde\/","https:\/\/x.com\/https:\/\/twitter.com\/meteomara"],"url":"https:\/\/www.wetter-center.de\/blog\/author\/meteomara\/"}]}},"amp_enabled":true,"_links":{"self":[{"href":"https:\/\/www.wetter-center.de\/blog\/wp-json\/wp\/v2\/posts\/539","targetHints":{"allow":["GET"]}}],"collection":[{"href":"https:\/\/www.wetter-center.de\/blog\/wp-json\/wp\/v2\/posts"}],"about":[{"href":"https:\/\/www.wetter-center.de\/blog\/wp-json\/wp\/v2\/types\/post"}],"author":[{"embeddable":true,"href":"https:\/\/www.wetter-center.de\/blog\/wp-json\/wp\/v2\/users\/1"}],"replies":[{"embeddable":true,"href":"https:\/\/www.wetter-center.de\/blog\/wp-json\/wp\/v2\/comments?post=539"}],"version-history":[{"count":0,"href":"https:\/\/www.wetter-center.de\/blog\/wp-json\/wp\/v2\/posts\/539\/revisions"}],"wp:attachment":[{"href":"https:\/\/www.wetter-center.de\/blog\/wp-json\/wp\/v2\/media?parent=539"}],"wp:term":[{"taxonomy":"category","embeddable":true,"href":"https:\/\/www.wetter-center.de\/blog\/wp-json\/wp\/v2\/categories?post=539"},{"taxonomy":"post_tag","embeddable":true,"href":"https:\/\/www.wetter-center.de\/blog\/wp-json\/wp\/v2\/tags?post=539"}],"curies":[{"name":"wp","href":"https:\/\/api.w.org\/{rel}","templated":true}]}}