{"id":492,"date":"2011-11-01T00:04:48","date_gmt":"2011-10-31T23:04:48","guid":{"rendered":"http:\/\/www.wetter-center.de\/blog\/?p=492"},"modified":"2011-11-01T00:09:35","modified_gmt":"2011-10-31T23:09:35","slug":"apfel-und-birnen-im-klimastreit","status":"publish","type":"post","link":"https:\/\/www.wetter-center.de\/blog\/apfel-und-birnen-im-klimastreit\/","title":{"rendered":"\u00c4pfel und Birnen im Klimastreit"},"content":{"rendered":"<p>Vor nicht einmal zwei Wochen sorgte das <a href=\"http:\/\/www.wetter-center.de\/blog\/?p=485\">&#8220;Berkeley Earth Surface Temperature&#8221;<\/a> Projekt (BEST) bei Klimaforschern und Skeptikern f\u00fcr Aufsehen. Da dieses Projekt seine Daten offen f\u00fcr alle im Internet pr\u00e4sentierte, machten sich sogleich die Skeptiker ans Werk, um die Ergebnisse zu zerlegen.<\/p>\n<p>So zauberte die britische <a href=\"http:\/\/www.dailymail.co.uk\/sciencetech\/article-2055191\/Scientists-said-climate-change-sceptics-proved-wrong-accused-hiding-truth-colleague.html\" target=\"_blank\">Daily Mail gleich einen Artikel<\/a> mit einer obskuren Vergleichsgrafik, die auf den ersten Blick die Ergebnisse des BEST-Projektes unglaubw\u00fcrdig erscheinen lassen:<\/p>\n<p><img decoding=\"async\" src=\"http:\/\/www.wetter-center.de\/blog\/wp-content\/uploads\/2011\/10\/best-daily-mail.jpg\" alt=\"BEST Temperaturen (Daily Mail)\" width=\"470\" \/><\/p>\n<p>Die obige Grafik zeigt die <strong>10-Jahresmittel der Landtemperaturen<\/strong> im Zeitraum 1800 bis 2010, so auch ver\u00f6ffentlicht von den Wissenschaftlern des BEST-Projektes. Die untere Grafik zeigt die <strong>Monatsmittel der Landtemperaturen<\/strong> im Zeitraum 2001 bis 2010 mit Daten aus derselben Datenquelle. Die Daily Mail behauptet nun, dass die obige Grafik die <strong>Globale Erw\u00e4rmung \u00fcbertreibt<\/strong> und die Welt zum Narren h\u00e4lt, weil ganz offensichtlich in den letzten 10 Jahren keine weitere Erw\u00e4rmung stattgefunden hat.<\/p>\n<p>Allerdings werden hier <strong>\u00c4pfel mit Birnen<\/strong> verglichen. Beim Vergleich zweier Zeitreihen muss man die <strong>Mittelungsperiode<\/strong> beibehalten, da sonst keine sinnvolle Aussage m\u00f6glich ist. In diesem Fall wurden 10-Jahresmittel mit Monatsmittel verglichen. Aber nicht nur das: eine Vergleichsgrafik ist auch nur mit derselben <strong>Zeitspanne<\/strong> sinnvoll. Hier wurde eine Zeitreihe \u00fcber 210 Jahre mit einer \u00fcber 10 Jahre verglichen.<\/p>\n<p>Zudem kommt noch hinzu, dass eine Globale Erw\u00e4rmung anhand der Daten von 10 Jahre kaum stichfest nachzuweisen ist. Innerhalb dieser Zeit wird der Temperaturverlauf von <strong>kurzfristigen Klimaschwankungen<\/strong> bestimmt, die zum Beispiel von den Wetterph\u00e4nomenen El Nino und <a href=\"http:\/\/www.wetter-center.de\/blog\/?p=467\">La Nina<\/a> oder vom <a href=\"http:\/\/www.wetter-center.de\/blog\/?p=442\">Sonnenfleckenzyklus<\/a> verursacht werden. Die obige Grafik kann man also, gelinde gesagt, nicht gerade als wissenschaftliche Meisterleistung bezeichnen.<\/p>\n","protected":false},"excerpt":{"rendered":"<p>Vor nicht einmal zwei Wochen sorgte das &#8220;Berkeley Earth Surface Temperature&#8221; Projekt (BEST) bei Klimaforschern und Skeptikern f\u00fcr Aufsehen. Da dieses Projekt seine Daten offen f\u00fcr alle im Internet pr\u00e4sentierte, machten sich sogleich die&#46;&#46;&#46;<\/p>\n","protected":false},"author":1,"featured_media":0,"comment_status":"open","ping_status":"open","sticky":false,"template":"","format":"standard","meta":{"footnotes":""},"categories":[],"tags":[],"class_list":["post-492","post","type-post","status-publish","format-standard","hentry"],"yoast_head":"<!-- This site is optimized with the Yoast SEO plugin v25.5 - https:\/\/yoast.com\/wordpress\/plugins\/seo\/ -->\n<title>\u00c4pfel und Birnen im Klimastreit - Wetter-Center.de<\/title>\n<meta name=\"robots\" content=\"index, follow, max-snippet:-1, max-image-preview:large, max-video-preview:-1\" \/>\n<link rel=\"canonical\" href=\"https:\/\/www.wetter-center.de\/blog\/apfel-und-birnen-im-klimastreit\/\" \/>\n<meta property=\"og:locale\" content=\"de_DE\" \/>\n<meta property=\"og:type\" content=\"article\" \/>\n<meta property=\"og:title\" content=\"\u00c4pfel und Birnen im Klimastreit - Wetter-Center.de\" \/>\n<meta property=\"og:description\" content=\"Vor nicht einmal zwei Wochen sorgte das &#8220;Berkeley Earth Surface Temperature&#8221; Projekt (BEST) bei Klimaforschern und Skeptikern f\u00fcr Aufsehen. Da dieses Projekt seine Daten offen f\u00fcr alle im Internet pr\u00e4sentierte, machten sich sogleich die&#046;&#046;&#046;\" \/>\n<meta property=\"og:url\" content=\"https:\/\/www.wetter-center.de\/blog\/apfel-und-birnen-im-klimastreit\/\" \/>\n<meta property=\"og:site_name\" content=\"Wetter-Center.de\" \/>\n<meta property=\"article:publisher\" content=\"https:\/\/www.facebook.com\/WetterUndKlima\" \/>\n<meta property=\"article:author\" content=\"https:\/\/www.facebook.com\/WetterUndKlima\" \/>\n<meta property=\"article:published_time\" content=\"2011-10-31T23:04:48+00:00\" \/>\n<meta property=\"article:modified_time\" content=\"2011-10-31T23:09:35+00:00\" \/>\n<meta property=\"og:image\" content=\"http:\/\/www.wetter-center.de\/blog\/wp-content\/uploads\/2011\/10\/best-daily-mail.jpg\" \/>\n<meta name=\"author\" content=\"meteomara\" \/>\n<meta name=\"twitter:card\" content=\"summary_large_image\" \/>\n<meta name=\"twitter:creator\" content=\"@https:\/\/twitter.com\/meteomara\" \/>\n<meta name=\"twitter:site\" content=\"@meteomara\" \/>\n<meta name=\"twitter:label1\" content=\"Geschrieben von\" \/>\n\t<meta name=\"twitter:data1\" content=\"meteomara\" \/>\n\t<meta name=\"twitter:label2\" content=\"Gesch\u00e4tzte Lesezeit\" \/>\n\t<meta name=\"twitter:data2\" content=\"1\u00a0Minute\" \/>\n<script type=\"application\/ld+json\" class=\"yoast-schema-graph\">{\"@context\":\"https:\/\/schema.org\",\"@graph\":[{\"@type\":\"Article\",\"@id\":\"https:\/\/www.wetter-center.de\/blog\/apfel-und-birnen-im-klimastreit\/#article\",\"isPartOf\":{\"@id\":\"https:\/\/www.wetter-center.de\/blog\/apfel-und-birnen-im-klimastreit\/\"},\"author\":{\"name\":\"meteomara\",\"@id\":\"https:\/\/www.wetter-center.de\/blog\/#\/schema\/person\/6c69612ad4763a699cd157cfbbfa6667\"},\"headline\":\"\u00c4pfel und Birnen im Klimastreit\",\"datePublished\":\"2011-10-31T23:04:48+00:00\",\"dateModified\":\"2011-10-31T23:09:35+00:00\",\"mainEntityOfPage\":{\"@id\":\"https:\/\/www.wetter-center.de\/blog\/apfel-und-birnen-im-klimastreit\/\"},\"wordCount\":261,\"commentCount\":2,\"publisher\":{\"@id\":\"https:\/\/www.wetter-center.de\/blog\/#\/schema\/person\/6c69612ad4763a699cd157cfbbfa6667\"},\"image\":{\"@id\":\"https:\/\/www.wetter-center.de\/blog\/apfel-und-birnen-im-klimastreit\/#primaryimage\"},\"thumbnailUrl\":\"http:\/\/www.wetter-center.de\/blog\/wp-content\/uploads\/2011\/10\/best-daily-mail.jpg\",\"inLanguage\":\"de\",\"potentialAction\":[{\"@type\":\"CommentAction\",\"name\":\"Comment\",\"target\":[\"https:\/\/www.wetter-center.de\/blog\/apfel-und-birnen-im-klimastreit\/#respond\"]}]},{\"@type\":\"WebPage\",\"@id\":\"https:\/\/www.wetter-center.de\/blog\/apfel-und-birnen-im-klimastreit\/\",\"url\":\"https:\/\/www.wetter-center.de\/blog\/apfel-und-birnen-im-klimastreit\/\",\"name\":\"\u00c4pfel und Birnen im Klimastreit - Wetter-Center.de\",\"isPartOf\":{\"@id\":\"https:\/\/www.wetter-center.de\/blog\/#website\"},\"primaryImageOfPage\":{\"@id\":\"https:\/\/www.wetter-center.de\/blog\/apfel-und-birnen-im-klimastreit\/#primaryimage\"},\"image\":{\"@id\":\"https:\/\/www.wetter-center.de\/blog\/apfel-und-birnen-im-klimastreit\/#primaryimage\"},\"thumbnailUrl\":\"http:\/\/www.wetter-center.de\/blog\/wp-content\/uploads\/2011\/10\/best-daily-mail.jpg\",\"datePublished\":\"2011-10-31T23:04:48+00:00\",\"dateModified\":\"2011-10-31T23:09:35+00:00\",\"breadcrumb\":{\"@id\":\"https:\/\/www.wetter-center.de\/blog\/apfel-und-birnen-im-klimastreit\/#breadcrumb\"},\"inLanguage\":\"de\",\"potentialAction\":[{\"@type\":\"ReadAction\",\"target\":[\"https:\/\/www.wetter-center.de\/blog\/apfel-und-birnen-im-klimastreit\/\"]}]},{\"@type\":\"ImageObject\",\"inLanguage\":\"de\",\"@id\":\"https:\/\/www.wetter-center.de\/blog\/apfel-und-birnen-im-klimastreit\/#primaryimage\",\"url\":\"http:\/\/www.wetter-center.de\/blog\/wp-content\/uploads\/2011\/10\/best-daily-mail.jpg\",\"contentUrl\":\"http:\/\/www.wetter-center.de\/blog\/wp-content\/uploads\/2011\/10\/best-daily-mail.jpg\"},{\"@type\":\"BreadcrumbList\",\"@id\":\"https:\/\/www.wetter-center.de\/blog\/apfel-und-birnen-im-klimastreit\/#breadcrumb\",\"itemListElement\":[{\"@type\":\"ListItem\",\"position\":1,\"name\":\"Startseite\",\"item\":\"https:\/\/www.wetter-center.de\/blog\/\"},{\"@type\":\"ListItem\",\"position\":2,\"name\":\"\u00c4pfel und Birnen im Klimastreit\"}]},{\"@type\":\"WebSite\",\"@id\":\"https:\/\/www.wetter-center.de\/blog\/#website\",\"url\":\"https:\/\/www.wetter-center.de\/blog\/\",\"name\":\"Wetter-Center.de\",\"description\":\"\",\"publisher\":{\"@id\":\"https:\/\/www.wetter-center.de\/blog\/#\/schema\/person\/6c69612ad4763a699cd157cfbbfa6667\"},\"potentialAction\":[{\"@type\":\"SearchAction\",\"target\":{\"@type\":\"EntryPoint\",\"urlTemplate\":\"https:\/\/www.wetter-center.de\/blog\/?s={search_term_string}\"},\"query-input\":{\"@type\":\"PropertyValueSpecification\",\"valueRequired\":true,\"valueName\":\"search_term_string\"}}],\"inLanguage\":\"de\"},{\"@type\":[\"Person\",\"Organization\"],\"@id\":\"https:\/\/www.wetter-center.de\/blog\/#\/schema\/person\/6c69612ad4763a699cd157cfbbfa6667\",\"name\":\"meteomara\",\"image\":{\"@type\":\"ImageObject\",\"inLanguage\":\"de\",\"@id\":\"https:\/\/www.wetter-center.de\/blog\/#\/schema\/person\/image\/\",\"url\":\"https:\/\/www.wetter-center.de\/blog\/wp-content\/uploads\/2022\/08\/sky-1551171_1280.jpg\",\"contentUrl\":\"https:\/\/www.wetter-center.de\/blog\/wp-content\/uploads\/2022\/08\/sky-1551171_1280.jpg\",\"width\":1280,\"height\":643,\"caption\":\"meteomara\"},\"logo\":{\"@id\":\"https:\/\/www.wetter-center.de\/blog\/#\/schema\/person\/image\/\"},\"sameAs\":[\"https:\/\/www.facebook.com\/WetterUndKlima\",\"https:\/\/www.instagram.com\/wettercenterde\/\",\"https:\/\/x.com\/https:\/\/twitter.com\/meteomara\"],\"url\":\"https:\/\/www.wetter-center.de\/blog\/author\/meteomara\/\"}]}<\/script>\n<!-- \/ Yoast SEO plugin. -->","yoast_head_json":{"title":"\u00c4pfel und Birnen im Klimastreit - Wetter-Center.de","robots":{"index":"index","follow":"follow","max-snippet":"max-snippet:-1","max-image-preview":"max-image-preview:large","max-video-preview":"max-video-preview:-1"},"canonical":"https:\/\/www.wetter-center.de\/blog\/apfel-und-birnen-im-klimastreit\/","og_locale":"de_DE","og_type":"article","og_title":"\u00c4pfel und Birnen im Klimastreit - Wetter-Center.de","og_description":"Vor nicht einmal zwei Wochen sorgte das &#8220;Berkeley Earth Surface Temperature&#8221; Projekt (BEST) bei Klimaforschern und Skeptikern f\u00fcr Aufsehen. Da dieses Projekt seine Daten offen f\u00fcr alle im Internet pr\u00e4sentierte, machten sich sogleich die&#46;&#46;&#46;","og_url":"https:\/\/www.wetter-center.de\/blog\/apfel-und-birnen-im-klimastreit\/","og_site_name":"Wetter-Center.de","article_publisher":"https:\/\/www.facebook.com\/WetterUndKlima","article_author":"https:\/\/www.facebook.com\/WetterUndKlima","article_published_time":"2011-10-31T23:04:48+00:00","article_modified_time":"2011-10-31T23:09:35+00:00","og_image":[{"url":"http:\/\/www.wetter-center.de\/blog\/wp-content\/uploads\/2011\/10\/best-daily-mail.jpg","type":"","width":"","height":""}],"author":"meteomara","twitter_card":"summary_large_image","twitter_creator":"@https:\/\/twitter.com\/meteomara","twitter_site":"@meteomara","twitter_misc":{"Geschrieben von":"meteomara","Gesch\u00e4tzte Lesezeit":"1\u00a0Minute"},"schema":{"@context":"https:\/\/schema.org","@graph":[{"@type":"Article","@id":"https:\/\/www.wetter-center.de\/blog\/apfel-und-birnen-im-klimastreit\/#article","isPartOf":{"@id":"https:\/\/www.wetter-center.de\/blog\/apfel-und-birnen-im-klimastreit\/"},"author":{"name":"meteomara","@id":"https:\/\/www.wetter-center.de\/blog\/#\/schema\/person\/6c69612ad4763a699cd157cfbbfa6667"},"headline":"\u00c4pfel und Birnen im Klimastreit","datePublished":"2011-10-31T23:04:48+00:00","dateModified":"2011-10-31T23:09:35+00:00","mainEntityOfPage":{"@id":"https:\/\/www.wetter-center.de\/blog\/apfel-und-birnen-im-klimastreit\/"},"wordCount":261,"commentCount":2,"publisher":{"@id":"https:\/\/www.wetter-center.de\/blog\/#\/schema\/person\/6c69612ad4763a699cd157cfbbfa6667"},"image":{"@id":"https:\/\/www.wetter-center.de\/blog\/apfel-und-birnen-im-klimastreit\/#primaryimage"},"thumbnailUrl":"http:\/\/www.wetter-center.de\/blog\/wp-content\/uploads\/2011\/10\/best-daily-mail.jpg","inLanguage":"de","potentialAction":[{"@type":"CommentAction","name":"Comment","target":["https:\/\/www.wetter-center.de\/blog\/apfel-und-birnen-im-klimastreit\/#respond"]}]},{"@type":"WebPage","@id":"https:\/\/www.wetter-center.de\/blog\/apfel-und-birnen-im-klimastreit\/","url":"https:\/\/www.wetter-center.de\/blog\/apfel-und-birnen-im-klimastreit\/","name":"\u00c4pfel und Birnen im Klimastreit - Wetter-Center.de","isPartOf":{"@id":"https:\/\/www.wetter-center.de\/blog\/#website"},"primaryImageOfPage":{"@id":"https:\/\/www.wetter-center.de\/blog\/apfel-und-birnen-im-klimastreit\/#primaryimage"},"image":{"@id":"https:\/\/www.wetter-center.de\/blog\/apfel-und-birnen-im-klimastreit\/#primaryimage"},"thumbnailUrl":"http:\/\/www.wetter-center.de\/blog\/wp-content\/uploads\/2011\/10\/best-daily-mail.jpg","datePublished":"2011-10-31T23:04:48+00:00","dateModified":"2011-10-31T23:09:35+00:00","breadcrumb":{"@id":"https:\/\/www.wetter-center.de\/blog\/apfel-und-birnen-im-klimastreit\/#breadcrumb"},"inLanguage":"de","potentialAction":[{"@type":"ReadAction","target":["https:\/\/www.wetter-center.de\/blog\/apfel-und-birnen-im-klimastreit\/"]}]},{"@type":"ImageObject","inLanguage":"de","@id":"https:\/\/www.wetter-center.de\/blog\/apfel-und-birnen-im-klimastreit\/#primaryimage","url":"http:\/\/www.wetter-center.de\/blog\/wp-content\/uploads\/2011\/10\/best-daily-mail.jpg","contentUrl":"http:\/\/www.wetter-center.de\/blog\/wp-content\/uploads\/2011\/10\/best-daily-mail.jpg"},{"@type":"BreadcrumbList","@id":"https:\/\/www.wetter-center.de\/blog\/apfel-und-birnen-im-klimastreit\/#breadcrumb","itemListElement":[{"@type":"ListItem","position":1,"name":"Startseite","item":"https:\/\/www.wetter-center.de\/blog\/"},{"@type":"ListItem","position":2,"name":"\u00c4pfel und Birnen im Klimastreit"}]},{"@type":"WebSite","@id":"https:\/\/www.wetter-center.de\/blog\/#website","url":"https:\/\/www.wetter-center.de\/blog\/","name":"Wetter-Center.de","description":"","publisher":{"@id":"https:\/\/www.wetter-center.de\/blog\/#\/schema\/person\/6c69612ad4763a699cd157cfbbfa6667"},"potentialAction":[{"@type":"SearchAction","target":{"@type":"EntryPoint","urlTemplate":"https:\/\/www.wetter-center.de\/blog\/?s={search_term_string}"},"query-input":{"@type":"PropertyValueSpecification","valueRequired":true,"valueName":"search_term_string"}}],"inLanguage":"de"},{"@type":["Person","Organization"],"@id":"https:\/\/www.wetter-center.de\/blog\/#\/schema\/person\/6c69612ad4763a699cd157cfbbfa6667","name":"meteomara","image":{"@type":"ImageObject","inLanguage":"de","@id":"https:\/\/www.wetter-center.de\/blog\/#\/schema\/person\/image\/","url":"https:\/\/www.wetter-center.de\/blog\/wp-content\/uploads\/2022\/08\/sky-1551171_1280.jpg","contentUrl":"https:\/\/www.wetter-center.de\/blog\/wp-content\/uploads\/2022\/08\/sky-1551171_1280.jpg","width":1280,"height":643,"caption":"meteomara"},"logo":{"@id":"https:\/\/www.wetter-center.de\/blog\/#\/schema\/person\/image\/"},"sameAs":["https:\/\/www.facebook.com\/WetterUndKlima","https:\/\/www.instagram.com\/wettercenterde\/","https:\/\/x.com\/https:\/\/twitter.com\/meteomara"],"url":"https:\/\/www.wetter-center.de\/blog\/author\/meteomara\/"}]}},"amp_enabled":true,"_links":{"self":[{"href":"https:\/\/www.wetter-center.de\/blog\/wp-json\/wp\/v2\/posts\/492","targetHints":{"allow":["GET"]}}],"collection":[{"href":"https:\/\/www.wetter-center.de\/blog\/wp-json\/wp\/v2\/posts"}],"about":[{"href":"https:\/\/www.wetter-center.de\/blog\/wp-json\/wp\/v2\/types\/post"}],"author":[{"embeddable":true,"href":"https:\/\/www.wetter-center.de\/blog\/wp-json\/wp\/v2\/users\/1"}],"replies":[{"embeddable":true,"href":"https:\/\/www.wetter-center.de\/blog\/wp-json\/wp\/v2\/comments?post=492"}],"version-history":[{"count":0,"href":"https:\/\/www.wetter-center.de\/blog\/wp-json\/wp\/v2\/posts\/492\/revisions"}],"wp:attachment":[{"href":"https:\/\/www.wetter-center.de\/blog\/wp-json\/wp\/v2\/media?parent=492"}],"wp:term":[{"taxonomy":"category","embeddable":true,"href":"https:\/\/www.wetter-center.de\/blog\/wp-json\/wp\/v2\/categories?post=492"},{"taxonomy":"post_tag","embeddable":true,"href":"https:\/\/www.wetter-center.de\/blog\/wp-json\/wp\/v2\/tags?post=492"}],"curies":[{"name":"wp","href":"https:\/\/api.w.org\/{rel}","templated":true}]}}