{"id":474,"date":"2011-10-04T23:25:15","date_gmt":"2011-10-04T22:25:15","guid":{"rendered":"http:\/\/www.wetter-center.de\/blog\/?p=474"},"modified":"2011-11-24T00:18:42","modified_gmt":"2011-11-23T23:18:42","slug":"aussichten-fur-den-winter-20112012","status":"publish","type":"post","link":"https:\/\/www.wetter-center.de\/blog\/aussichten-fur-den-winter-20112012\/","title":{"rendered":"Aussichten f\u00fcr den Winter 2011\/2012"},"content":{"rendered":"<p>Nach dem sch\u00f6nen <strong>Altweibersommer <\/strong>wird am Wochenende in den Mittelgebirgen schon einmal der <a href=\"http:\/\/www.wetter24.de\/wetter-news\/news\/ch\/e7a19e6ab8b683d4d2f2c59f8250069f\/article\/altweibersommer_vs_fruehwinter.html\" target=\"_blank\">Winter an die T\u00fcr klopfen<\/a>, h\u00f6chste Zeit einen ersten Blick auf die Aussichten f\u00fcr den Winter 2011\/2012 zu werfen.<\/p>\n<p>Interessant ist in diesem Zusammenhang die <a href=\"http:\/\/www.wetter-center.de\/blog\/?p=369\">Entwicklung der Sonnenaktivit\u00e4t<\/a>, die Auswirkungen auf die Temperaturen auf der Erde hat. Die folgende Abbildung zeigt die <strong>Sonnenfleckenzahlen<\/strong> im Zeitraum 1995 bis 2011 und die Vorhersage bis 2020 (Quelle: <a href=\"http:\/\/solarscience.msfc.nasa.gov\/SunspotCycle.shtml\" target=\"_blank\">NASA\/MSFC<\/a>):<\/p>\n<p><img decoding=\"async\" src=\"http:\/\/www.wetter-center.de\/blog\/wp-content\/uploads\/2011\/10\/ssn_predict_l.gif\" alt=\"Sonnenaktivit\u00e4t 2011\" \/><\/p>\n<p>Zwar nimmt derzeit die Anzahl der <a href=\"http:\/\/www.wetter-center.de\/blog\/?p=442\">Sonnenflecken<\/a> wieder deutlich zu, jedoch zeigen die Prognosen auch f\u00fcr die n\u00e4chsten Jahre im Mittel Werte, die meist unter 70 liegen. Damit bleibt die <a href=\"http:\/\/www.wetter-center.de\/blog\/?p=369\">Wahrscheinlichkeit f\u00fcr k\u00e4ltere Winter<\/a> leicht erh\u00f6ht. F\u00fcr den Winter wird au\u00dferdem ein neues, moderates <a href=\"http:\/\/www.wetter-center.de\/blog\/?p=467\">La-Nina-Ereignis<\/a> im Pazifik erwartet. Allerdings d\u00fcrfte dies f\u00fcr Europa kaum eine Bedeutung haben.<\/p>\n<p>Entscheidend f\u00fcr die Witterung im Winter sind neben der Sonnenaktivit\u00e4t die Lage der Hoch- und Tiefdruckgebiete, die den Luftmassentransport nach Deutschland steuern. Hier gibt es in der Vergangenheit <strong>zeitliche Abfolgen von Zirkulationsmustern<\/strong>, die sich h\u00e4ufig wiederholen.<\/p>\n<p>Dies spiegelt sich in einer charakteristischen Abfolge bestimmter Temperaturanomalien wider, die in diesem Jahr interessanterweise besonders stark ausgepr\u00e4gt ist. Die folgende Abbildung zeigt alle Jahre seit 1760, die in Berlin \u00e4hnlich wie 2011 im <strong>August normal und September zu warm<\/strong> waren (Anomalien der Monatsmitteltemperatur bezogen auf 30 Jahre \u00fcbergreifende Mittelwerte):<\/p>\n<p><img decoding=\"async\" src=\"http:\/\/www.wetter-center.de\/blog\/wp-content\/uploads\/2011\/10\/dezember2011.gif\" alt=\"Oktober-Dezember 2011\" \/><\/p>\n<p>F\u00fcr die Folgemonate November und Dezember gibt es eine <strong>Tendenz zu \u00fcbernormalen Temperaturen<\/strong>, die erstaunlicherweise zum Dezember hin st\u00e4rker wird. So ist in 6 von 11 F\u00e4llen der Dezember mindestens 2 Grad zu mild ausgefallen und nur ein einziges Mal (1963) zu kalt, in 4 F\u00e4llen folgte ein normaler Dezember. Nach dieser Statistik w\u00fcrde man also eher einen <strong>milden Dezember 2011<\/strong> erwarten k\u00f6nnen.<\/p>\n<p><strong>Fazit:<\/strong> Derzeit stehen die Chancen zumindest f\u00fcr einen milden Dezember nicht schlecht. Allerdings k\u00f6nnte danach trotzdem noch ein kalter Winter folgen.<\/p>\n<p>Update 24.11.2011: Hier finden Sie eine <a href=\"http:\/\/www.wetter-center.de\/blog\/?p=499\">Aktualisierung der Winterprognose<\/a>.<\/p>\n","protected":false},"excerpt":{"rendered":"<p>Nach dem sch\u00f6nen Altweibersommer wird am Wochenende in den Mittelgebirgen schon einmal der Winter an die T\u00fcr klopfen, h\u00f6chste Zeit einen ersten Blick auf die Aussichten f\u00fcr den Winter 2011\/2012 zu werfen. Interessant ist&#46;&#46;&#46;<\/p>\n","protected":false},"author":1,"featured_media":0,"comment_status":"open","ping_status":"open","sticky":false,"template":"","format":"standard","meta":{"footnotes":""},"categories":[],"tags":[],"class_list":["post-474","post","type-post","status-publish","format-standard","hentry"],"yoast_head":"<!-- This site is optimized with the Yoast SEO plugin v25.5 - https:\/\/yoast.com\/wordpress\/plugins\/seo\/ -->\n<title>Aussichten f\u00fcr den Winter 2011\/2012 - Wetter-Center.de<\/title>\n<meta name=\"robots\" content=\"index, follow, max-snippet:-1, max-image-preview:large, max-video-preview:-1\" \/>\n<link rel=\"canonical\" href=\"https:\/\/www.wetter-center.de\/blog\/aussichten-fur-den-winter-20112012\/\" \/>\n<meta property=\"og:locale\" content=\"de_DE\" \/>\n<meta property=\"og:type\" content=\"article\" \/>\n<meta property=\"og:title\" content=\"Aussichten f\u00fcr den Winter 2011\/2012 - Wetter-Center.de\" \/>\n<meta property=\"og:description\" content=\"Nach dem sch\u00f6nen Altweibersommer wird am Wochenende in den Mittelgebirgen schon einmal der Winter an die T\u00fcr klopfen, h\u00f6chste Zeit einen ersten Blick auf die Aussichten f\u00fcr den Winter 2011\/2012 zu werfen. Interessant ist&#046;&#046;&#046;\" \/>\n<meta property=\"og:url\" content=\"https:\/\/www.wetter-center.de\/blog\/aussichten-fur-den-winter-20112012\/\" \/>\n<meta property=\"og:site_name\" content=\"Wetter-Center.de\" \/>\n<meta property=\"article:publisher\" content=\"https:\/\/www.facebook.com\/WetterUndKlima\" \/>\n<meta property=\"article:author\" content=\"https:\/\/www.facebook.com\/WetterUndKlima\" \/>\n<meta property=\"article:published_time\" content=\"2011-10-04T22:25:15+00:00\" \/>\n<meta property=\"article:modified_time\" content=\"2011-11-23T23:18:42+00:00\" \/>\n<meta property=\"og:image\" content=\"http:\/\/www.wetter-center.de\/blog\/wp-content\/uploads\/2011\/10\/ssn_predict_l.gif\" \/>\n<meta name=\"author\" content=\"meteomara\" \/>\n<meta name=\"twitter:card\" content=\"summary_large_image\" \/>\n<meta name=\"twitter:creator\" content=\"@https:\/\/twitter.com\/meteomara\" \/>\n<meta name=\"twitter:site\" content=\"@meteomara\" \/>\n<meta name=\"twitter:label1\" content=\"Geschrieben von\" \/>\n\t<meta name=\"twitter:data1\" content=\"meteomara\" \/>\n\t<meta name=\"twitter:label2\" content=\"Gesch\u00e4tzte Lesezeit\" \/>\n\t<meta name=\"twitter:data2\" content=\"2\u00a0Minuten\" \/>\n<script type=\"application\/ld+json\" class=\"yoast-schema-graph\">{\"@context\":\"https:\/\/schema.org\",\"@graph\":[{\"@type\":\"Article\",\"@id\":\"https:\/\/www.wetter-center.de\/blog\/aussichten-fur-den-winter-20112012\/#article\",\"isPartOf\":{\"@id\":\"https:\/\/www.wetter-center.de\/blog\/aussichten-fur-den-winter-20112012\/\"},\"author\":{\"name\":\"meteomara\",\"@id\":\"https:\/\/www.wetter-center.de\/blog\/#\/schema\/person\/6c69612ad4763a699cd157cfbbfa6667\"},\"headline\":\"Aussichten f\u00fcr den Winter 2011\/2012\",\"datePublished\":\"2011-10-04T22:25:15+00:00\",\"dateModified\":\"2011-11-23T23:18:42+00:00\",\"mainEntityOfPage\":{\"@id\":\"https:\/\/www.wetter-center.de\/blog\/aussichten-fur-den-winter-20112012\/\"},\"wordCount\":321,\"commentCount\":11,\"publisher\":{\"@id\":\"https:\/\/www.wetter-center.de\/blog\/#\/schema\/person\/6c69612ad4763a699cd157cfbbfa6667\"},\"image\":{\"@id\":\"https:\/\/www.wetter-center.de\/blog\/aussichten-fur-den-winter-20112012\/#primaryimage\"},\"thumbnailUrl\":\"http:\/\/www.wetter-center.de\/blog\/wp-content\/uploads\/2011\/10\/ssn_predict_l.gif\",\"inLanguage\":\"de\",\"potentialAction\":[{\"@type\":\"CommentAction\",\"name\":\"Comment\",\"target\":[\"https:\/\/www.wetter-center.de\/blog\/aussichten-fur-den-winter-20112012\/#respond\"]}]},{\"@type\":\"WebPage\",\"@id\":\"https:\/\/www.wetter-center.de\/blog\/aussichten-fur-den-winter-20112012\/\",\"url\":\"https:\/\/www.wetter-center.de\/blog\/aussichten-fur-den-winter-20112012\/\",\"name\":\"Aussichten f\u00fcr den Winter 2011\/2012 - Wetter-Center.de\",\"isPartOf\":{\"@id\":\"https:\/\/www.wetter-center.de\/blog\/#website\"},\"primaryImageOfPage\":{\"@id\":\"https:\/\/www.wetter-center.de\/blog\/aussichten-fur-den-winter-20112012\/#primaryimage\"},\"image\":{\"@id\":\"https:\/\/www.wetter-center.de\/blog\/aussichten-fur-den-winter-20112012\/#primaryimage\"},\"thumbnailUrl\":\"http:\/\/www.wetter-center.de\/blog\/wp-content\/uploads\/2011\/10\/ssn_predict_l.gif\",\"datePublished\":\"2011-10-04T22:25:15+00:00\",\"dateModified\":\"2011-11-23T23:18:42+00:00\",\"breadcrumb\":{\"@id\":\"https:\/\/www.wetter-center.de\/blog\/aussichten-fur-den-winter-20112012\/#breadcrumb\"},\"inLanguage\":\"de\",\"potentialAction\":[{\"@type\":\"ReadAction\",\"target\":[\"https:\/\/www.wetter-center.de\/blog\/aussichten-fur-den-winter-20112012\/\"]}]},{\"@type\":\"ImageObject\",\"inLanguage\":\"de\",\"@id\":\"https:\/\/www.wetter-center.de\/blog\/aussichten-fur-den-winter-20112012\/#primaryimage\",\"url\":\"http:\/\/www.wetter-center.de\/blog\/wp-content\/uploads\/2011\/10\/ssn_predict_l.gif\",\"contentUrl\":\"http:\/\/www.wetter-center.de\/blog\/wp-content\/uploads\/2011\/10\/ssn_predict_l.gif\"},{\"@type\":\"BreadcrumbList\",\"@id\":\"https:\/\/www.wetter-center.de\/blog\/aussichten-fur-den-winter-20112012\/#breadcrumb\",\"itemListElement\":[{\"@type\":\"ListItem\",\"position\":1,\"name\":\"Startseite\",\"item\":\"https:\/\/www.wetter-center.de\/blog\/\"},{\"@type\":\"ListItem\",\"position\":2,\"name\":\"Aussichten f\u00fcr den Winter 2011\/2012\"}]},{\"@type\":\"WebSite\",\"@id\":\"https:\/\/www.wetter-center.de\/blog\/#website\",\"url\":\"https:\/\/www.wetter-center.de\/blog\/\",\"name\":\"Wetter-Center.de\",\"description\":\"\",\"publisher\":{\"@id\":\"https:\/\/www.wetter-center.de\/blog\/#\/schema\/person\/6c69612ad4763a699cd157cfbbfa6667\"},\"potentialAction\":[{\"@type\":\"SearchAction\",\"target\":{\"@type\":\"EntryPoint\",\"urlTemplate\":\"https:\/\/www.wetter-center.de\/blog\/?s={search_term_string}\"},\"query-input\":{\"@type\":\"PropertyValueSpecification\",\"valueRequired\":true,\"valueName\":\"search_term_string\"}}],\"inLanguage\":\"de\"},{\"@type\":[\"Person\",\"Organization\"],\"@id\":\"https:\/\/www.wetter-center.de\/blog\/#\/schema\/person\/6c69612ad4763a699cd157cfbbfa6667\",\"name\":\"meteomara\",\"image\":{\"@type\":\"ImageObject\",\"inLanguage\":\"de\",\"@id\":\"https:\/\/www.wetter-center.de\/blog\/#\/schema\/person\/image\/\",\"url\":\"https:\/\/www.wetter-center.de\/blog\/wp-content\/uploads\/2022\/08\/sky-1551171_1280.jpg\",\"contentUrl\":\"https:\/\/www.wetter-center.de\/blog\/wp-content\/uploads\/2022\/08\/sky-1551171_1280.jpg\",\"width\":1280,\"height\":643,\"caption\":\"meteomara\"},\"logo\":{\"@id\":\"https:\/\/www.wetter-center.de\/blog\/#\/schema\/person\/image\/\"},\"sameAs\":[\"https:\/\/www.facebook.com\/WetterUndKlima\",\"https:\/\/www.instagram.com\/wettercenterde\/\",\"https:\/\/x.com\/https:\/\/twitter.com\/meteomara\"],\"url\":\"https:\/\/www.wetter-center.de\/blog\/author\/meteomara\/\"}]}<\/script>\n<!-- \/ Yoast SEO plugin. -->","yoast_head_json":{"title":"Aussichten f\u00fcr den Winter 2011\/2012 - Wetter-Center.de","robots":{"index":"index","follow":"follow","max-snippet":"max-snippet:-1","max-image-preview":"max-image-preview:large","max-video-preview":"max-video-preview:-1"},"canonical":"https:\/\/www.wetter-center.de\/blog\/aussichten-fur-den-winter-20112012\/","og_locale":"de_DE","og_type":"article","og_title":"Aussichten f\u00fcr den Winter 2011\/2012 - Wetter-Center.de","og_description":"Nach dem sch\u00f6nen Altweibersommer wird am Wochenende in den Mittelgebirgen schon einmal der Winter an die T\u00fcr klopfen, h\u00f6chste Zeit einen ersten Blick auf die Aussichten f\u00fcr den Winter 2011\/2012 zu werfen. Interessant ist&#46;&#46;&#46;","og_url":"https:\/\/www.wetter-center.de\/blog\/aussichten-fur-den-winter-20112012\/","og_site_name":"Wetter-Center.de","article_publisher":"https:\/\/www.facebook.com\/WetterUndKlima","article_author":"https:\/\/www.facebook.com\/WetterUndKlima","article_published_time":"2011-10-04T22:25:15+00:00","article_modified_time":"2011-11-23T23:18:42+00:00","og_image":[{"url":"http:\/\/www.wetter-center.de\/blog\/wp-content\/uploads\/2011\/10\/ssn_predict_l.gif","type":"","width":"","height":""}],"author":"meteomara","twitter_card":"summary_large_image","twitter_creator":"@https:\/\/twitter.com\/meteomara","twitter_site":"@meteomara","twitter_misc":{"Geschrieben von":"meteomara","Gesch\u00e4tzte Lesezeit":"2\u00a0Minuten"},"schema":{"@context":"https:\/\/schema.org","@graph":[{"@type":"Article","@id":"https:\/\/www.wetter-center.de\/blog\/aussichten-fur-den-winter-20112012\/#article","isPartOf":{"@id":"https:\/\/www.wetter-center.de\/blog\/aussichten-fur-den-winter-20112012\/"},"author":{"name":"meteomara","@id":"https:\/\/www.wetter-center.de\/blog\/#\/schema\/person\/6c69612ad4763a699cd157cfbbfa6667"},"headline":"Aussichten f\u00fcr den Winter 2011\/2012","datePublished":"2011-10-04T22:25:15+00:00","dateModified":"2011-11-23T23:18:42+00:00","mainEntityOfPage":{"@id":"https:\/\/www.wetter-center.de\/blog\/aussichten-fur-den-winter-20112012\/"},"wordCount":321,"commentCount":11,"publisher":{"@id":"https:\/\/www.wetter-center.de\/blog\/#\/schema\/person\/6c69612ad4763a699cd157cfbbfa6667"},"image":{"@id":"https:\/\/www.wetter-center.de\/blog\/aussichten-fur-den-winter-20112012\/#primaryimage"},"thumbnailUrl":"http:\/\/www.wetter-center.de\/blog\/wp-content\/uploads\/2011\/10\/ssn_predict_l.gif","inLanguage":"de","potentialAction":[{"@type":"CommentAction","name":"Comment","target":["https:\/\/www.wetter-center.de\/blog\/aussichten-fur-den-winter-20112012\/#respond"]}]},{"@type":"WebPage","@id":"https:\/\/www.wetter-center.de\/blog\/aussichten-fur-den-winter-20112012\/","url":"https:\/\/www.wetter-center.de\/blog\/aussichten-fur-den-winter-20112012\/","name":"Aussichten f\u00fcr den Winter 2011\/2012 - Wetter-Center.de","isPartOf":{"@id":"https:\/\/www.wetter-center.de\/blog\/#website"},"primaryImageOfPage":{"@id":"https:\/\/www.wetter-center.de\/blog\/aussichten-fur-den-winter-20112012\/#primaryimage"},"image":{"@id":"https:\/\/www.wetter-center.de\/blog\/aussichten-fur-den-winter-20112012\/#primaryimage"},"thumbnailUrl":"http:\/\/www.wetter-center.de\/blog\/wp-content\/uploads\/2011\/10\/ssn_predict_l.gif","datePublished":"2011-10-04T22:25:15+00:00","dateModified":"2011-11-23T23:18:42+00:00","breadcrumb":{"@id":"https:\/\/www.wetter-center.de\/blog\/aussichten-fur-den-winter-20112012\/#breadcrumb"},"inLanguage":"de","potentialAction":[{"@type":"ReadAction","target":["https:\/\/www.wetter-center.de\/blog\/aussichten-fur-den-winter-20112012\/"]}]},{"@type":"ImageObject","inLanguage":"de","@id":"https:\/\/www.wetter-center.de\/blog\/aussichten-fur-den-winter-20112012\/#primaryimage","url":"http:\/\/www.wetter-center.de\/blog\/wp-content\/uploads\/2011\/10\/ssn_predict_l.gif","contentUrl":"http:\/\/www.wetter-center.de\/blog\/wp-content\/uploads\/2011\/10\/ssn_predict_l.gif"},{"@type":"BreadcrumbList","@id":"https:\/\/www.wetter-center.de\/blog\/aussichten-fur-den-winter-20112012\/#breadcrumb","itemListElement":[{"@type":"ListItem","position":1,"name":"Startseite","item":"https:\/\/www.wetter-center.de\/blog\/"},{"@type":"ListItem","position":2,"name":"Aussichten f\u00fcr den Winter 2011\/2012"}]},{"@type":"WebSite","@id":"https:\/\/www.wetter-center.de\/blog\/#website","url":"https:\/\/www.wetter-center.de\/blog\/","name":"Wetter-Center.de","description":"","publisher":{"@id":"https:\/\/www.wetter-center.de\/blog\/#\/schema\/person\/6c69612ad4763a699cd157cfbbfa6667"},"potentialAction":[{"@type":"SearchAction","target":{"@type":"EntryPoint","urlTemplate":"https:\/\/www.wetter-center.de\/blog\/?s={search_term_string}"},"query-input":{"@type":"PropertyValueSpecification","valueRequired":true,"valueName":"search_term_string"}}],"inLanguage":"de"},{"@type":["Person","Organization"],"@id":"https:\/\/www.wetter-center.de\/blog\/#\/schema\/person\/6c69612ad4763a699cd157cfbbfa6667","name":"meteomara","image":{"@type":"ImageObject","inLanguage":"de","@id":"https:\/\/www.wetter-center.de\/blog\/#\/schema\/person\/image\/","url":"https:\/\/www.wetter-center.de\/blog\/wp-content\/uploads\/2022\/08\/sky-1551171_1280.jpg","contentUrl":"https:\/\/www.wetter-center.de\/blog\/wp-content\/uploads\/2022\/08\/sky-1551171_1280.jpg","width":1280,"height":643,"caption":"meteomara"},"logo":{"@id":"https:\/\/www.wetter-center.de\/blog\/#\/schema\/person\/image\/"},"sameAs":["https:\/\/www.facebook.com\/WetterUndKlima","https:\/\/www.instagram.com\/wettercenterde\/","https:\/\/x.com\/https:\/\/twitter.com\/meteomara"],"url":"https:\/\/www.wetter-center.de\/blog\/author\/meteomara\/"}]}},"amp_enabled":true,"_links":{"self":[{"href":"https:\/\/www.wetter-center.de\/blog\/wp-json\/wp\/v2\/posts\/474","targetHints":{"allow":["GET"]}}],"collection":[{"href":"https:\/\/www.wetter-center.de\/blog\/wp-json\/wp\/v2\/posts"}],"about":[{"href":"https:\/\/www.wetter-center.de\/blog\/wp-json\/wp\/v2\/types\/post"}],"author":[{"embeddable":true,"href":"https:\/\/www.wetter-center.de\/blog\/wp-json\/wp\/v2\/users\/1"}],"replies":[{"embeddable":true,"href":"https:\/\/www.wetter-center.de\/blog\/wp-json\/wp\/v2\/comments?post=474"}],"version-history":[{"count":0,"href":"https:\/\/www.wetter-center.de\/blog\/wp-json\/wp\/v2\/posts\/474\/revisions"}],"wp:attachment":[{"href":"https:\/\/www.wetter-center.de\/blog\/wp-json\/wp\/v2\/media?parent=474"}],"wp:term":[{"taxonomy":"category","embeddable":true,"href":"https:\/\/www.wetter-center.de\/blog\/wp-json\/wp\/v2\/categories?post=474"},{"taxonomy":"post_tag","embeddable":true,"href":"https:\/\/www.wetter-center.de\/blog\/wp-json\/wp\/v2\/tags?post=474"}],"curies":[{"name":"wp","href":"https:\/\/api.w.org\/{rel}","templated":true}]}}