{"id":470,"date":"2011-09-24T00:05:15","date_gmt":"2011-09-23T23:05:15","guid":{"rendered":"http:\/\/www.wetter-center.de\/blog\/?p=470"},"modified":"2012-09-24T11:33:20","modified_gmt":"2012-09-24T10:33:20","slug":"uv-strahlung-variiert-betrachtlich","status":"publish","type":"post","link":"https:\/\/www.wetter-center.de\/blog\/uv-strahlung-variiert-betrachtlich\/","title":{"rendered":"UV-Strahlung variiert betr\u00e4chtlich"},"content":{"rendered":"<p>Die Strahlung der Sonne variiert bekanntlich in einem Zyklus von 11 Jahren, den <a href=\"http:\/\/www.wetter-center.de\/blog\/?p=442\">Sonnenfleckenzyklen<\/a>. Derzeit befinden wir uns in einer Phase niedriger Sonnenaktivit\u00e4t. Britische Wissenschaftler der University of Reading und des Rutherford Appleton Laboratory, Didcot haben nun nach Analyse von Satellitendaten <a href=\"http:\/\/www.agu.org\/pubs\/crossref\/2011\/2010JD014746.shtml\" target=\"_blank\">herausgefunden<\/a>, dass die UV-Strahlung der Sonne stark an die Solarzyklen gekoppelt ist.<\/p>\n<p><img decoding=\"async\" src=\"http:\/\/www.wetter-center.de\/blog\/wp-content\/uploads\/2011\/09\/2010jd014746-op01-tn-350x.jpg\" alt=\"Variation der UV-Strahlung 1992-2010\" title=\"Variation der UV-Strahlung 1992-2010\" align=\"left\" width=\"300\" hspace=\"5\" \/> Die Forscher untersuchten Daten im Zeitraum Mai 2003 bis August 2005, die mit Hilfe zweier NASA-Satelliten gewonnen wurden: dem <a href=\"http:\/\/umpgal.gsfc.nasa.gov\/\" target=\"_blank\">Upper Atmosphere Research Satellite (UARS)<\/a> und dem <a href=\"http:\/\/lasp.colorado.edu\/sorce\/index.htm\" target=\"_blank\">Solar Radiation and Climate Experiment (SORCE)<\/a>. Mit Hilfe eines speziell entwickelten Kalibrierungsverfahrens wurden die verschiedenen Satellitendaten angeglichen, so dass sich Aussagen \u00fcber die Variation der UV-Strahlung seit dem Jahre 1992 machen lassen, wie die Abbildung links zeigt.<\/p>\n<p>Demnach schwankte die <strong>UV-Strahlung<\/strong> an der Atmosph\u00e4renobergrenze zwischen 3,6 Watt pro Quadratmeter und Nanometer im Jahre 2000 und 2,8 Watt pro Quadratmeter und Nanometer im Jahre 2009, also um <strong>mehr als 20 Prozent<\/strong>! Diese Schwankung d\u00fcrfte auch eine bisher kaum ber\u00fccksichtigte Bedeutung f\u00fcr die Ozonschicht der Erde haben. Im <strong>sichtbaren und infraroten Spektralbereich<\/strong> ist die Schwankung der Solarstrahlung dagegen um ein Vielfaches geringer. Die Solarzyklen haben somit f\u00fcr die Solartechnik keine messbaren Auswirkungen.<\/p>\n","protected":false},"excerpt":{"rendered":"<p>Die Strahlung der Sonne variiert bekanntlich in einem Zyklus von 11 Jahren, den Sonnenfleckenzyklen. Derzeit befinden wir uns in einer Phase niedriger Sonnenaktivit\u00e4t. Britische Wissenschaftler der University of Reading und des Rutherford Appleton Laboratory,&#46;&#46;&#46;<\/p>\n","protected":false},"author":1,"featured_media":0,"comment_status":"open","ping_status":"open","sticky":false,"template":"","format":"standard","meta":{"footnotes":""},"categories":[],"tags":[],"class_list":["post-470","post","type-post","status-publish","format-standard","hentry"],"yoast_head":"<!-- This site is optimized with the Yoast SEO plugin v25.5 - https:\/\/yoast.com\/wordpress\/plugins\/seo\/ -->\n<title>UV-Strahlung variiert betr\u00e4chtlich - Wetter-Center.de<\/title>\n<meta name=\"robots\" content=\"index, follow, max-snippet:-1, max-image-preview:large, max-video-preview:-1\" \/>\n<link rel=\"canonical\" href=\"https:\/\/www.wetter-center.de\/blog\/uv-strahlung-variiert-betrachtlich\/\" \/>\n<meta property=\"og:locale\" content=\"de_DE\" \/>\n<meta property=\"og:type\" content=\"article\" \/>\n<meta property=\"og:title\" content=\"UV-Strahlung variiert betr\u00e4chtlich - Wetter-Center.de\" \/>\n<meta property=\"og:description\" content=\"Die Strahlung der Sonne variiert bekanntlich in einem Zyklus von 11 Jahren, den Sonnenfleckenzyklen. Derzeit befinden wir uns in einer Phase niedriger Sonnenaktivit\u00e4t. Britische Wissenschaftler der University of Reading und des Rutherford Appleton Laboratory,&#046;&#046;&#046;\" \/>\n<meta property=\"og:url\" content=\"https:\/\/www.wetter-center.de\/blog\/uv-strahlung-variiert-betrachtlich\/\" \/>\n<meta property=\"og:site_name\" content=\"Wetter-Center.de\" \/>\n<meta property=\"article:publisher\" content=\"https:\/\/www.facebook.com\/WetterUndKlima\" \/>\n<meta property=\"article:author\" content=\"https:\/\/www.facebook.com\/WetterUndKlima\" \/>\n<meta property=\"article:published_time\" content=\"2011-09-23T23:05:15+00:00\" \/>\n<meta property=\"article:modified_time\" content=\"2012-09-24T10:33:20+00:00\" \/>\n<meta property=\"og:image\" content=\"http:\/\/www.wetter-center.de\/blog\/wp-content\/uploads\/2011\/09\/2010jd014746-op01-tn-350x.jpg\" \/>\n<meta name=\"author\" content=\"meteomara\" \/>\n<meta name=\"twitter:card\" content=\"summary_large_image\" \/>\n<meta name=\"twitter:creator\" content=\"@https:\/\/twitter.com\/meteomara\" \/>\n<meta name=\"twitter:site\" content=\"@meteomara\" \/>\n<meta name=\"twitter:label1\" content=\"Geschrieben von\" \/>\n\t<meta name=\"twitter:data1\" content=\"meteomara\" \/>\n\t<meta name=\"twitter:label2\" content=\"Gesch\u00e4tzte Lesezeit\" \/>\n\t<meta name=\"twitter:data2\" content=\"1\u00a0Minute\" \/>\n<script type=\"application\/ld+json\" class=\"yoast-schema-graph\">{\"@context\":\"https:\/\/schema.org\",\"@graph\":[{\"@type\":\"Article\",\"@id\":\"https:\/\/www.wetter-center.de\/blog\/uv-strahlung-variiert-betrachtlich\/#article\",\"isPartOf\":{\"@id\":\"https:\/\/www.wetter-center.de\/blog\/uv-strahlung-variiert-betrachtlich\/\"},\"author\":{\"name\":\"meteomara\",\"@id\":\"https:\/\/www.wetter-center.de\/blog\/#\/schema\/person\/6c69612ad4763a699cd157cfbbfa6667\"},\"headline\":\"UV-Strahlung variiert betr\u00e4chtlich\",\"datePublished\":\"2011-09-23T23:05:15+00:00\",\"dateModified\":\"2012-09-24T10:33:20+00:00\",\"mainEntityOfPage\":{\"@id\":\"https:\/\/www.wetter-center.de\/blog\/uv-strahlung-variiert-betrachtlich\/\"},\"wordCount\":190,\"commentCount\":2,\"publisher\":{\"@id\":\"https:\/\/www.wetter-center.de\/blog\/#\/schema\/person\/6c69612ad4763a699cd157cfbbfa6667\"},\"image\":{\"@id\":\"https:\/\/www.wetter-center.de\/blog\/uv-strahlung-variiert-betrachtlich\/#primaryimage\"},\"thumbnailUrl\":\"http:\/\/www.wetter-center.de\/blog\/wp-content\/uploads\/2011\/09\/2010jd014746-op01-tn-350x.jpg\",\"inLanguage\":\"de\",\"potentialAction\":[{\"@type\":\"CommentAction\",\"name\":\"Comment\",\"target\":[\"https:\/\/www.wetter-center.de\/blog\/uv-strahlung-variiert-betrachtlich\/#respond\"]}]},{\"@type\":\"WebPage\",\"@id\":\"https:\/\/www.wetter-center.de\/blog\/uv-strahlung-variiert-betrachtlich\/\",\"url\":\"https:\/\/www.wetter-center.de\/blog\/uv-strahlung-variiert-betrachtlich\/\",\"name\":\"UV-Strahlung variiert betr\u00e4chtlich - Wetter-Center.de\",\"isPartOf\":{\"@id\":\"https:\/\/www.wetter-center.de\/blog\/#website\"},\"primaryImageOfPage\":{\"@id\":\"https:\/\/www.wetter-center.de\/blog\/uv-strahlung-variiert-betrachtlich\/#primaryimage\"},\"image\":{\"@id\":\"https:\/\/www.wetter-center.de\/blog\/uv-strahlung-variiert-betrachtlich\/#primaryimage\"},\"thumbnailUrl\":\"http:\/\/www.wetter-center.de\/blog\/wp-content\/uploads\/2011\/09\/2010jd014746-op01-tn-350x.jpg\",\"datePublished\":\"2011-09-23T23:05:15+00:00\",\"dateModified\":\"2012-09-24T10:33:20+00:00\",\"breadcrumb\":{\"@id\":\"https:\/\/www.wetter-center.de\/blog\/uv-strahlung-variiert-betrachtlich\/#breadcrumb\"},\"inLanguage\":\"de\",\"potentialAction\":[{\"@type\":\"ReadAction\",\"target\":[\"https:\/\/www.wetter-center.de\/blog\/uv-strahlung-variiert-betrachtlich\/\"]}]},{\"@type\":\"ImageObject\",\"inLanguage\":\"de\",\"@id\":\"https:\/\/www.wetter-center.de\/blog\/uv-strahlung-variiert-betrachtlich\/#primaryimage\",\"url\":\"http:\/\/www.wetter-center.de\/blog\/wp-content\/uploads\/2011\/09\/2010jd014746-op01-tn-350x.jpg\",\"contentUrl\":\"http:\/\/www.wetter-center.de\/blog\/wp-content\/uploads\/2011\/09\/2010jd014746-op01-tn-350x.jpg\"},{\"@type\":\"BreadcrumbList\",\"@id\":\"https:\/\/www.wetter-center.de\/blog\/uv-strahlung-variiert-betrachtlich\/#breadcrumb\",\"itemListElement\":[{\"@type\":\"ListItem\",\"position\":1,\"name\":\"Startseite\",\"item\":\"https:\/\/www.wetter-center.de\/blog\/\"},{\"@type\":\"ListItem\",\"position\":2,\"name\":\"UV-Strahlung variiert betr\u00e4chtlich\"}]},{\"@type\":\"WebSite\",\"@id\":\"https:\/\/www.wetter-center.de\/blog\/#website\",\"url\":\"https:\/\/www.wetter-center.de\/blog\/\",\"name\":\"Wetter-Center.de\",\"description\":\"\",\"publisher\":{\"@id\":\"https:\/\/www.wetter-center.de\/blog\/#\/schema\/person\/6c69612ad4763a699cd157cfbbfa6667\"},\"potentialAction\":[{\"@type\":\"SearchAction\",\"target\":{\"@type\":\"EntryPoint\",\"urlTemplate\":\"https:\/\/www.wetter-center.de\/blog\/?s={search_term_string}\"},\"query-input\":{\"@type\":\"PropertyValueSpecification\",\"valueRequired\":true,\"valueName\":\"search_term_string\"}}],\"inLanguage\":\"de\"},{\"@type\":[\"Person\",\"Organization\"],\"@id\":\"https:\/\/www.wetter-center.de\/blog\/#\/schema\/person\/6c69612ad4763a699cd157cfbbfa6667\",\"name\":\"meteomara\",\"image\":{\"@type\":\"ImageObject\",\"inLanguage\":\"de\",\"@id\":\"https:\/\/www.wetter-center.de\/blog\/#\/schema\/person\/image\/\",\"url\":\"https:\/\/www.wetter-center.de\/blog\/wp-content\/uploads\/2022\/08\/sky-1551171_1280.jpg\",\"contentUrl\":\"https:\/\/www.wetter-center.de\/blog\/wp-content\/uploads\/2022\/08\/sky-1551171_1280.jpg\",\"width\":1280,\"height\":643,\"caption\":\"meteomara\"},\"logo\":{\"@id\":\"https:\/\/www.wetter-center.de\/blog\/#\/schema\/person\/image\/\"},\"sameAs\":[\"https:\/\/www.facebook.com\/WetterUndKlima\",\"https:\/\/www.instagram.com\/wettercenterde\/\",\"https:\/\/x.com\/https:\/\/twitter.com\/meteomara\"],\"url\":\"https:\/\/www.wetter-center.de\/blog\/author\/meteomara\/\"}]}<\/script>\n<!-- \/ Yoast SEO plugin. -->","yoast_head_json":{"title":"UV-Strahlung variiert betr\u00e4chtlich - Wetter-Center.de","robots":{"index":"index","follow":"follow","max-snippet":"max-snippet:-1","max-image-preview":"max-image-preview:large","max-video-preview":"max-video-preview:-1"},"canonical":"https:\/\/www.wetter-center.de\/blog\/uv-strahlung-variiert-betrachtlich\/","og_locale":"de_DE","og_type":"article","og_title":"UV-Strahlung variiert betr\u00e4chtlich - Wetter-Center.de","og_description":"Die Strahlung der Sonne variiert bekanntlich in einem Zyklus von 11 Jahren, den Sonnenfleckenzyklen. Derzeit befinden wir uns in einer Phase niedriger Sonnenaktivit\u00e4t. Britische Wissenschaftler der University of Reading und des Rutherford Appleton Laboratory,&#46;&#46;&#46;","og_url":"https:\/\/www.wetter-center.de\/blog\/uv-strahlung-variiert-betrachtlich\/","og_site_name":"Wetter-Center.de","article_publisher":"https:\/\/www.facebook.com\/WetterUndKlima","article_author":"https:\/\/www.facebook.com\/WetterUndKlima","article_published_time":"2011-09-23T23:05:15+00:00","article_modified_time":"2012-09-24T10:33:20+00:00","og_image":[{"url":"http:\/\/www.wetter-center.de\/blog\/wp-content\/uploads\/2011\/09\/2010jd014746-op01-tn-350x.jpg","type":"","width":"","height":""}],"author":"meteomara","twitter_card":"summary_large_image","twitter_creator":"@https:\/\/twitter.com\/meteomara","twitter_site":"@meteomara","twitter_misc":{"Geschrieben von":"meteomara","Gesch\u00e4tzte Lesezeit":"1\u00a0Minute"},"schema":{"@context":"https:\/\/schema.org","@graph":[{"@type":"Article","@id":"https:\/\/www.wetter-center.de\/blog\/uv-strahlung-variiert-betrachtlich\/#article","isPartOf":{"@id":"https:\/\/www.wetter-center.de\/blog\/uv-strahlung-variiert-betrachtlich\/"},"author":{"name":"meteomara","@id":"https:\/\/www.wetter-center.de\/blog\/#\/schema\/person\/6c69612ad4763a699cd157cfbbfa6667"},"headline":"UV-Strahlung variiert betr\u00e4chtlich","datePublished":"2011-09-23T23:05:15+00:00","dateModified":"2012-09-24T10:33:20+00:00","mainEntityOfPage":{"@id":"https:\/\/www.wetter-center.de\/blog\/uv-strahlung-variiert-betrachtlich\/"},"wordCount":190,"commentCount":2,"publisher":{"@id":"https:\/\/www.wetter-center.de\/blog\/#\/schema\/person\/6c69612ad4763a699cd157cfbbfa6667"},"image":{"@id":"https:\/\/www.wetter-center.de\/blog\/uv-strahlung-variiert-betrachtlich\/#primaryimage"},"thumbnailUrl":"http:\/\/www.wetter-center.de\/blog\/wp-content\/uploads\/2011\/09\/2010jd014746-op01-tn-350x.jpg","inLanguage":"de","potentialAction":[{"@type":"CommentAction","name":"Comment","target":["https:\/\/www.wetter-center.de\/blog\/uv-strahlung-variiert-betrachtlich\/#respond"]}]},{"@type":"WebPage","@id":"https:\/\/www.wetter-center.de\/blog\/uv-strahlung-variiert-betrachtlich\/","url":"https:\/\/www.wetter-center.de\/blog\/uv-strahlung-variiert-betrachtlich\/","name":"UV-Strahlung variiert betr\u00e4chtlich - Wetter-Center.de","isPartOf":{"@id":"https:\/\/www.wetter-center.de\/blog\/#website"},"primaryImageOfPage":{"@id":"https:\/\/www.wetter-center.de\/blog\/uv-strahlung-variiert-betrachtlich\/#primaryimage"},"image":{"@id":"https:\/\/www.wetter-center.de\/blog\/uv-strahlung-variiert-betrachtlich\/#primaryimage"},"thumbnailUrl":"http:\/\/www.wetter-center.de\/blog\/wp-content\/uploads\/2011\/09\/2010jd014746-op01-tn-350x.jpg","datePublished":"2011-09-23T23:05:15+00:00","dateModified":"2012-09-24T10:33:20+00:00","breadcrumb":{"@id":"https:\/\/www.wetter-center.de\/blog\/uv-strahlung-variiert-betrachtlich\/#breadcrumb"},"inLanguage":"de","potentialAction":[{"@type":"ReadAction","target":["https:\/\/www.wetter-center.de\/blog\/uv-strahlung-variiert-betrachtlich\/"]}]},{"@type":"ImageObject","inLanguage":"de","@id":"https:\/\/www.wetter-center.de\/blog\/uv-strahlung-variiert-betrachtlich\/#primaryimage","url":"http:\/\/www.wetter-center.de\/blog\/wp-content\/uploads\/2011\/09\/2010jd014746-op01-tn-350x.jpg","contentUrl":"http:\/\/www.wetter-center.de\/blog\/wp-content\/uploads\/2011\/09\/2010jd014746-op01-tn-350x.jpg"},{"@type":"BreadcrumbList","@id":"https:\/\/www.wetter-center.de\/blog\/uv-strahlung-variiert-betrachtlich\/#breadcrumb","itemListElement":[{"@type":"ListItem","position":1,"name":"Startseite","item":"https:\/\/www.wetter-center.de\/blog\/"},{"@type":"ListItem","position":2,"name":"UV-Strahlung variiert betr\u00e4chtlich"}]},{"@type":"WebSite","@id":"https:\/\/www.wetter-center.de\/blog\/#website","url":"https:\/\/www.wetter-center.de\/blog\/","name":"Wetter-Center.de","description":"","publisher":{"@id":"https:\/\/www.wetter-center.de\/blog\/#\/schema\/person\/6c69612ad4763a699cd157cfbbfa6667"},"potentialAction":[{"@type":"SearchAction","target":{"@type":"EntryPoint","urlTemplate":"https:\/\/www.wetter-center.de\/blog\/?s={search_term_string}"},"query-input":{"@type":"PropertyValueSpecification","valueRequired":true,"valueName":"search_term_string"}}],"inLanguage":"de"},{"@type":["Person","Organization"],"@id":"https:\/\/www.wetter-center.de\/blog\/#\/schema\/person\/6c69612ad4763a699cd157cfbbfa6667","name":"meteomara","image":{"@type":"ImageObject","inLanguage":"de","@id":"https:\/\/www.wetter-center.de\/blog\/#\/schema\/person\/image\/","url":"https:\/\/www.wetter-center.de\/blog\/wp-content\/uploads\/2022\/08\/sky-1551171_1280.jpg","contentUrl":"https:\/\/www.wetter-center.de\/blog\/wp-content\/uploads\/2022\/08\/sky-1551171_1280.jpg","width":1280,"height":643,"caption":"meteomara"},"logo":{"@id":"https:\/\/www.wetter-center.de\/blog\/#\/schema\/person\/image\/"},"sameAs":["https:\/\/www.facebook.com\/WetterUndKlima","https:\/\/www.instagram.com\/wettercenterde\/","https:\/\/x.com\/https:\/\/twitter.com\/meteomara"],"url":"https:\/\/www.wetter-center.de\/blog\/author\/meteomara\/"}]}},"amp_enabled":true,"_links":{"self":[{"href":"https:\/\/www.wetter-center.de\/blog\/wp-json\/wp\/v2\/posts\/470","targetHints":{"allow":["GET"]}}],"collection":[{"href":"https:\/\/www.wetter-center.de\/blog\/wp-json\/wp\/v2\/posts"}],"about":[{"href":"https:\/\/www.wetter-center.de\/blog\/wp-json\/wp\/v2\/types\/post"}],"author":[{"embeddable":true,"href":"https:\/\/www.wetter-center.de\/blog\/wp-json\/wp\/v2\/users\/1"}],"replies":[{"embeddable":true,"href":"https:\/\/www.wetter-center.de\/blog\/wp-json\/wp\/v2\/comments?post=470"}],"version-history":[{"count":0,"href":"https:\/\/www.wetter-center.de\/blog\/wp-json\/wp\/v2\/posts\/470\/revisions"}],"wp:attachment":[{"href":"https:\/\/www.wetter-center.de\/blog\/wp-json\/wp\/v2\/media?parent=470"}],"wp:term":[{"taxonomy":"category","embeddable":true,"href":"https:\/\/www.wetter-center.de\/blog\/wp-json\/wp\/v2\/categories?post=470"},{"taxonomy":"post_tag","embeddable":true,"href":"https:\/\/www.wetter-center.de\/blog\/wp-json\/wp\/v2\/tags?post=470"}],"curies":[{"name":"wp","href":"https:\/\/api.w.org\/{rel}","templated":true}]}}