{"id":442,"date":"2011-06-17T23:30:26","date_gmt":"2011-06-17T22:30:26","guid":{"rendered":"http:\/\/www.wetter-center.de\/blog\/?p=442"},"modified":"2011-06-17T23:38:24","modified_gmt":"2011-06-17T22:38:24","slug":"die-sonne-verandert-sich","status":"publish","type":"post","link":"https:\/\/www.wetter-center.de\/blog\/die-sonne-verandert-sich\/","title":{"rendered":"Die Sonne ver\u00e4ndert sich"},"content":{"rendered":"<p>Nachdem Wissenschaftler vor einigen Monaten dem <a href=\"http:\/\/www.wetter-center.de\/blog\/?p=392\">Geheimnis der Sonnenflecken<\/a> auf die Spur gekommen sind, haben nun <strong>drei verschiedene Forschergruppen<\/strong> <a href=\"http:\/\/news.nationalgeographic.com\/news\/2011\/06\/110614-sun-hibernation-solar-cycle-sunspots-space-science\/\" target=\"_blank\">weitere Erkenntnisse<\/a> gewonnen, die interessanterweise alle ein \u00e4hnliches Ergebnis zeigen, obwohl sie auf verschiedene Weise gewonnen wurden: Der n\u00e4chste <strong>Sonnenfleckenzyklus (Solarzyklus 25) <\/strong>wird sich wahrscheinlich deutlich versp\u00e4ten oder k\u00f6nnte sogar ganz ausfallen!<\/p>\n<p>Derzeit befinden wir uns mitten im <a href=\"http:\/\/www.wetter-center.de\/blog\/?p=386\">Solarzyklus 24<\/a>, der im Jahre 2013 seinen H\u00f6hepunkt erreichen wird. Bisher geht man davon aus, dass der n\u00e4chste Solarzyklus 25 etwa im Jahre 2020 beginnen wird. Die Forscher halten es f\u00fcr m\u00f6glich, dass die Sonne nun in eine \u00e4hnlich <strong>inaktive Phase<\/strong> \u00fcbergeht wie zur Zeit des sogenannten &#8220;<a href=\"http:\/\/de.wikipedia.org\/wiki\/Maunder-Minimum\" target=\"_blank\"><strong>Maunder-Minimums<\/strong><\/a>&#8221; im Zeitraum 1645 bis 1715. Damals kam es zur sogenannten <strong><a href=\"http:\/\/www.wetter-center.de\/blog\/?p=134\">Kleinen Eiszeit<\/a><\/strong>, auch diesmal ist eine <a href=\"http:\/\/www.wetter-center.de\/blog\/?p=369\">Globale Abk\u00fchlung<\/a> nicht auszuschlie\u00dfen.<\/p>\n<p><a href=\"http:\/\/soho.esac.esa.int\/data\/realtime\/eit_304\/512\/\" target=\"_blank\"><img decoding=\"async\" src=\"http:\/\/www.wetter-center.de\/blog\/wp-content\/uploads\/2011\/06\/2011-06-17.jpg\" title=\"Die Sonne am 17.06.2011\" alt=\"Die Sonne am 17.06.2011\" align=\"left\" border=\"0\" hspace=\"5\" width=\"280\" \/><\/a>Wissenschaftler des US-amerikanischen <a href=\"http:\/\/www.nso.edu\/\" target=\"_blank\">National Solar Observatorys<\/a> haben aus Daten des <a href=\"http:\/\/nsokp.nso.edu\/mp\/\" target=\"_blank\">McMath-Pierce Telescopes<\/a> die St\u00e4rke der Sonnenflecken analysiert und herausgefunden, dass diese immer schw\u00e4cher werden und nicht mehr so dunkel sind wie fr\u00fcher (das Bild links zeigt die Sonne am 17.06.2011, aufgenommen vom Satelliten <a href=\"http:\/\/soho.esac.esa.int\/\" target=\"_blank\">SOHO<\/a> im UV-Bereich, hier erscheinen die Sonnenflecken hell). Die Forscher schlie\u00dfen daraus, dass das <strong>Magnetfeld der Sonne<\/strong>, das f\u00fcr die Entstehung der Sonnenflecken verantwortlich ist, langfristig schw\u00e4cher wird und sich deshalb im n\u00e4chsten Zyklus m\u00f6glicherweise gar keine Sonnenflecken mehr bilden k\u00f6nnten.<\/p>\n<p>Ein anderes Forscherteam des <a href=\"http:\/\/www.nso.edu\/\" target=\"_blank\">National Solar Observatory<\/a> untersucht derzeit die Sonne mittels der sogenannten <a href=\"http:\/\/de.wikipedia.org\/wiki\/Helioseismologie\" target=\"_blank\">Helioseismologie<\/a>. Dabei werden \u00e4hnlich wie bei Beben auf der Erde die <strong>Vibrationen der Sonnenoberfl\u00e4che<\/strong> analysiert und daraus Schl\u00fcsse auf die Struktur im Inneren der Sonne gezogen. Dort gibt es regelm\u00e4\u00dfig sogenannte <strong>Plasma-Jetstreams<\/strong>, die sich im Verlauf mehrerer Jahre von den Polen der Sonne zum \u00c4quator bewegen und die das Magnetfeld der Sonne beeinflussen. In der N\u00e4he dieses Jetstreams bilden sich dann die Sonnenflecken, wenn dieser sich dem \u00c4quator n\u00e4hert.<\/p>\n<p>Die Forscher konnten den Jetstream, der f\u00fcr die aktuellen Sonnenflecken zust\u00e4ndig ist, bis ins Jahre 1997 zur\u00fcckverfolgen. F\u00fcr den n\u00e4chsten Solarzyklus 25 h\u00e4tte sich eigentlich <strong>sp\u00e4testens im Jahre 2009<\/strong> ein neuer Jetstream gebildet haben m\u00fcssen, doch dies ist bisher nicht der Fall. Daraus schlie\u00dfen die Forscher, dass der n\u00e4chste Solarzyklus mindestens 2 Jahre Versp\u00e4tung haben wird oder vielleicht sogar ganz ausf\u00e4llt.<\/p>\n<p>Die dritte Forschergruppe des  U.S. Air Force&#8217;s Coronal Research Programs untersucht die <a href=\"http:\/\/de.wikipedia.org\/wiki\/Korona_%28Sonne%29\" target=\"_blank\">Korona<\/a>, die \u00e4u\u00dferste Schicht der Atmosph\u00e4re der Sonne. Hier lassen sich lokal begrenzte <strong>Strukturen im Magnetfeld<\/strong> beobachten, die sich schnell in Richtung Pole bewegen. Erreichen diese Strukturen den Breitengrad 76 Grad Nord oder S\u00fcd, hat der Solarzyklus sein Maximum erreicht. Derzeit ist die Bewegung dieser Strukturen extrem langsam, so dass die Forscher mit einem sehr schwachen und vielleicht auch verz\u00f6gertem Maximum der Solaraktivit\u00e4t im n\u00e4chsten Jahr rechnen.<\/p>\n","protected":false},"excerpt":{"rendered":"<p>Nachdem Wissenschaftler vor einigen Monaten dem Geheimnis der Sonnenflecken auf die Spur gekommen sind, haben nun drei verschiedene Forschergruppen weitere Erkenntnisse gewonnen, die interessanterweise alle ein \u00e4hnliches Ergebnis zeigen, obwohl sie auf verschiedene Weise&#46;&#46;&#46;<\/p>\n","protected":false},"author":1,"featured_media":0,"comment_status":"open","ping_status":"open","sticky":false,"template":"","format":"standard","meta":{"footnotes":""},"categories":[],"tags":[],"class_list":["post-442","post","type-post","status-publish","format-standard","hentry"],"yoast_head":"<!-- This site is optimized with the Yoast SEO plugin v25.5 - https:\/\/yoast.com\/wordpress\/plugins\/seo\/ -->\n<title>Die Sonne ver\u00e4ndert sich - Wetter-Center.de<\/title>\n<meta name=\"robots\" content=\"index, follow, max-snippet:-1, max-image-preview:large, max-video-preview:-1\" \/>\n<link rel=\"canonical\" href=\"https:\/\/www.wetter-center.de\/blog\/die-sonne-verandert-sich\/\" \/>\n<meta property=\"og:locale\" content=\"de_DE\" \/>\n<meta property=\"og:type\" content=\"article\" \/>\n<meta property=\"og:title\" content=\"Die Sonne ver\u00e4ndert sich - Wetter-Center.de\" \/>\n<meta property=\"og:description\" content=\"Nachdem Wissenschaftler vor einigen Monaten dem Geheimnis der Sonnenflecken auf die Spur gekommen sind, haben nun drei verschiedene Forschergruppen weitere Erkenntnisse gewonnen, die interessanterweise alle ein \u00e4hnliches Ergebnis zeigen, obwohl sie auf verschiedene Weise&#046;&#046;&#046;\" \/>\n<meta property=\"og:url\" content=\"https:\/\/www.wetter-center.de\/blog\/die-sonne-verandert-sich\/\" \/>\n<meta property=\"og:site_name\" content=\"Wetter-Center.de\" \/>\n<meta property=\"article:publisher\" content=\"https:\/\/www.facebook.com\/WetterUndKlima\" \/>\n<meta property=\"article:author\" content=\"https:\/\/www.facebook.com\/WetterUndKlima\" \/>\n<meta property=\"article:published_time\" content=\"2011-06-17T22:30:26+00:00\" \/>\n<meta property=\"article:modified_time\" content=\"2011-06-17T22:38:24+00:00\" \/>\n<meta property=\"og:image\" content=\"http:\/\/www.wetter-center.de\/blog\/wp-content\/uploads\/2011\/06\/2011-06-17.jpg\" \/>\n<meta name=\"author\" content=\"meteomara\" \/>\n<meta name=\"twitter:card\" content=\"summary_large_image\" \/>\n<meta name=\"twitter:creator\" content=\"@https:\/\/twitter.com\/meteomara\" \/>\n<meta name=\"twitter:site\" content=\"@meteomara\" \/>\n<meta name=\"twitter:label1\" content=\"Geschrieben von\" \/>\n\t<meta name=\"twitter:data1\" content=\"meteomara\" \/>\n\t<meta name=\"twitter:label2\" content=\"Gesch\u00e4tzte Lesezeit\" \/>\n\t<meta name=\"twitter:data2\" content=\"2\u00a0Minuten\" \/>\n<script type=\"application\/ld+json\" class=\"yoast-schema-graph\">{\"@context\":\"https:\/\/schema.org\",\"@graph\":[{\"@type\":\"Article\",\"@id\":\"https:\/\/www.wetter-center.de\/blog\/die-sonne-verandert-sich\/#article\",\"isPartOf\":{\"@id\":\"https:\/\/www.wetter-center.de\/blog\/die-sonne-verandert-sich\/\"},\"author\":{\"name\":\"meteomara\",\"@id\":\"https:\/\/www.wetter-center.de\/blog\/#\/schema\/person\/6c69612ad4763a699cd157cfbbfa6667\"},\"headline\":\"Die Sonne ver\u00e4ndert sich\",\"datePublished\":\"2011-06-17T22:30:26+00:00\",\"dateModified\":\"2011-06-17T22:38:24+00:00\",\"mainEntityOfPage\":{\"@id\":\"https:\/\/www.wetter-center.de\/blog\/die-sonne-verandert-sich\/\"},\"wordCount\":467,\"commentCount\":6,\"publisher\":{\"@id\":\"https:\/\/www.wetter-center.de\/blog\/#\/schema\/person\/6c69612ad4763a699cd157cfbbfa6667\"},\"image\":{\"@id\":\"https:\/\/www.wetter-center.de\/blog\/die-sonne-verandert-sich\/#primaryimage\"},\"thumbnailUrl\":\"http:\/\/www.wetter-center.de\/blog\/wp-content\/uploads\/2011\/06\/2011-06-17.jpg\",\"inLanguage\":\"de\",\"potentialAction\":[{\"@type\":\"CommentAction\",\"name\":\"Comment\",\"target\":[\"https:\/\/www.wetter-center.de\/blog\/die-sonne-verandert-sich\/#respond\"]}]},{\"@type\":\"WebPage\",\"@id\":\"https:\/\/www.wetter-center.de\/blog\/die-sonne-verandert-sich\/\",\"url\":\"https:\/\/www.wetter-center.de\/blog\/die-sonne-verandert-sich\/\",\"name\":\"Die Sonne ver\u00e4ndert sich - Wetter-Center.de\",\"isPartOf\":{\"@id\":\"https:\/\/www.wetter-center.de\/blog\/#website\"},\"primaryImageOfPage\":{\"@id\":\"https:\/\/www.wetter-center.de\/blog\/die-sonne-verandert-sich\/#primaryimage\"},\"image\":{\"@id\":\"https:\/\/www.wetter-center.de\/blog\/die-sonne-verandert-sich\/#primaryimage\"},\"thumbnailUrl\":\"http:\/\/www.wetter-center.de\/blog\/wp-content\/uploads\/2011\/06\/2011-06-17.jpg\",\"datePublished\":\"2011-06-17T22:30:26+00:00\",\"dateModified\":\"2011-06-17T22:38:24+00:00\",\"breadcrumb\":{\"@id\":\"https:\/\/www.wetter-center.de\/blog\/die-sonne-verandert-sich\/#breadcrumb\"},\"inLanguage\":\"de\",\"potentialAction\":[{\"@type\":\"ReadAction\",\"target\":[\"https:\/\/www.wetter-center.de\/blog\/die-sonne-verandert-sich\/\"]}]},{\"@type\":\"ImageObject\",\"inLanguage\":\"de\",\"@id\":\"https:\/\/www.wetter-center.de\/blog\/die-sonne-verandert-sich\/#primaryimage\",\"url\":\"http:\/\/www.wetter-center.de\/blog\/wp-content\/uploads\/2011\/06\/2011-06-17.jpg\",\"contentUrl\":\"http:\/\/www.wetter-center.de\/blog\/wp-content\/uploads\/2011\/06\/2011-06-17.jpg\"},{\"@type\":\"BreadcrumbList\",\"@id\":\"https:\/\/www.wetter-center.de\/blog\/die-sonne-verandert-sich\/#breadcrumb\",\"itemListElement\":[{\"@type\":\"ListItem\",\"position\":1,\"name\":\"Startseite\",\"item\":\"https:\/\/www.wetter-center.de\/blog\/\"},{\"@type\":\"ListItem\",\"position\":2,\"name\":\"Die Sonne ver\u00e4ndert sich\"}]},{\"@type\":\"WebSite\",\"@id\":\"https:\/\/www.wetter-center.de\/blog\/#website\",\"url\":\"https:\/\/www.wetter-center.de\/blog\/\",\"name\":\"Wetter-Center.de\",\"description\":\"\",\"publisher\":{\"@id\":\"https:\/\/www.wetter-center.de\/blog\/#\/schema\/person\/6c69612ad4763a699cd157cfbbfa6667\"},\"potentialAction\":[{\"@type\":\"SearchAction\",\"target\":{\"@type\":\"EntryPoint\",\"urlTemplate\":\"https:\/\/www.wetter-center.de\/blog\/?s={search_term_string}\"},\"query-input\":{\"@type\":\"PropertyValueSpecification\",\"valueRequired\":true,\"valueName\":\"search_term_string\"}}],\"inLanguage\":\"de\"},{\"@type\":[\"Person\",\"Organization\"],\"@id\":\"https:\/\/www.wetter-center.de\/blog\/#\/schema\/person\/6c69612ad4763a699cd157cfbbfa6667\",\"name\":\"meteomara\",\"image\":{\"@type\":\"ImageObject\",\"inLanguage\":\"de\",\"@id\":\"https:\/\/www.wetter-center.de\/blog\/#\/schema\/person\/image\/\",\"url\":\"https:\/\/www.wetter-center.de\/blog\/wp-content\/uploads\/2022\/08\/sky-1551171_1280.jpg\",\"contentUrl\":\"https:\/\/www.wetter-center.de\/blog\/wp-content\/uploads\/2022\/08\/sky-1551171_1280.jpg\",\"width\":1280,\"height\":643,\"caption\":\"meteomara\"},\"logo\":{\"@id\":\"https:\/\/www.wetter-center.de\/blog\/#\/schema\/person\/image\/\"},\"sameAs\":[\"https:\/\/www.facebook.com\/WetterUndKlima\",\"https:\/\/www.instagram.com\/wettercenterde\/\",\"https:\/\/x.com\/https:\/\/twitter.com\/meteomara\"],\"url\":\"https:\/\/www.wetter-center.de\/blog\/author\/meteomara\/\"}]}<\/script>\n<!-- \/ Yoast SEO plugin. -->","yoast_head_json":{"title":"Die Sonne ver\u00e4ndert sich - Wetter-Center.de","robots":{"index":"index","follow":"follow","max-snippet":"max-snippet:-1","max-image-preview":"max-image-preview:large","max-video-preview":"max-video-preview:-1"},"canonical":"https:\/\/www.wetter-center.de\/blog\/die-sonne-verandert-sich\/","og_locale":"de_DE","og_type":"article","og_title":"Die Sonne ver\u00e4ndert sich - Wetter-Center.de","og_description":"Nachdem Wissenschaftler vor einigen Monaten dem Geheimnis der Sonnenflecken auf die Spur gekommen sind, haben nun drei verschiedene Forschergruppen weitere Erkenntnisse gewonnen, die interessanterweise alle ein \u00e4hnliches Ergebnis zeigen, obwohl sie auf verschiedene Weise&#46;&#46;&#46;","og_url":"https:\/\/www.wetter-center.de\/blog\/die-sonne-verandert-sich\/","og_site_name":"Wetter-Center.de","article_publisher":"https:\/\/www.facebook.com\/WetterUndKlima","article_author":"https:\/\/www.facebook.com\/WetterUndKlima","article_published_time":"2011-06-17T22:30:26+00:00","article_modified_time":"2011-06-17T22:38:24+00:00","og_image":[{"url":"http:\/\/www.wetter-center.de\/blog\/wp-content\/uploads\/2011\/06\/2011-06-17.jpg","type":"","width":"","height":""}],"author":"meteomara","twitter_card":"summary_large_image","twitter_creator":"@https:\/\/twitter.com\/meteomara","twitter_site":"@meteomara","twitter_misc":{"Geschrieben von":"meteomara","Gesch\u00e4tzte Lesezeit":"2\u00a0Minuten"},"schema":{"@context":"https:\/\/schema.org","@graph":[{"@type":"Article","@id":"https:\/\/www.wetter-center.de\/blog\/die-sonne-verandert-sich\/#article","isPartOf":{"@id":"https:\/\/www.wetter-center.de\/blog\/die-sonne-verandert-sich\/"},"author":{"name":"meteomara","@id":"https:\/\/www.wetter-center.de\/blog\/#\/schema\/person\/6c69612ad4763a699cd157cfbbfa6667"},"headline":"Die Sonne ver\u00e4ndert sich","datePublished":"2011-06-17T22:30:26+00:00","dateModified":"2011-06-17T22:38:24+00:00","mainEntityOfPage":{"@id":"https:\/\/www.wetter-center.de\/blog\/die-sonne-verandert-sich\/"},"wordCount":467,"commentCount":6,"publisher":{"@id":"https:\/\/www.wetter-center.de\/blog\/#\/schema\/person\/6c69612ad4763a699cd157cfbbfa6667"},"image":{"@id":"https:\/\/www.wetter-center.de\/blog\/die-sonne-verandert-sich\/#primaryimage"},"thumbnailUrl":"http:\/\/www.wetter-center.de\/blog\/wp-content\/uploads\/2011\/06\/2011-06-17.jpg","inLanguage":"de","potentialAction":[{"@type":"CommentAction","name":"Comment","target":["https:\/\/www.wetter-center.de\/blog\/die-sonne-verandert-sich\/#respond"]}]},{"@type":"WebPage","@id":"https:\/\/www.wetter-center.de\/blog\/die-sonne-verandert-sich\/","url":"https:\/\/www.wetter-center.de\/blog\/die-sonne-verandert-sich\/","name":"Die Sonne ver\u00e4ndert sich - Wetter-Center.de","isPartOf":{"@id":"https:\/\/www.wetter-center.de\/blog\/#website"},"primaryImageOfPage":{"@id":"https:\/\/www.wetter-center.de\/blog\/die-sonne-verandert-sich\/#primaryimage"},"image":{"@id":"https:\/\/www.wetter-center.de\/blog\/die-sonne-verandert-sich\/#primaryimage"},"thumbnailUrl":"http:\/\/www.wetter-center.de\/blog\/wp-content\/uploads\/2011\/06\/2011-06-17.jpg","datePublished":"2011-06-17T22:30:26+00:00","dateModified":"2011-06-17T22:38:24+00:00","breadcrumb":{"@id":"https:\/\/www.wetter-center.de\/blog\/die-sonne-verandert-sich\/#breadcrumb"},"inLanguage":"de","potentialAction":[{"@type":"ReadAction","target":["https:\/\/www.wetter-center.de\/blog\/die-sonne-verandert-sich\/"]}]},{"@type":"ImageObject","inLanguage":"de","@id":"https:\/\/www.wetter-center.de\/blog\/die-sonne-verandert-sich\/#primaryimage","url":"http:\/\/www.wetter-center.de\/blog\/wp-content\/uploads\/2011\/06\/2011-06-17.jpg","contentUrl":"http:\/\/www.wetter-center.de\/blog\/wp-content\/uploads\/2011\/06\/2011-06-17.jpg"},{"@type":"BreadcrumbList","@id":"https:\/\/www.wetter-center.de\/blog\/die-sonne-verandert-sich\/#breadcrumb","itemListElement":[{"@type":"ListItem","position":1,"name":"Startseite","item":"https:\/\/www.wetter-center.de\/blog\/"},{"@type":"ListItem","position":2,"name":"Die Sonne ver\u00e4ndert sich"}]},{"@type":"WebSite","@id":"https:\/\/www.wetter-center.de\/blog\/#website","url":"https:\/\/www.wetter-center.de\/blog\/","name":"Wetter-Center.de","description":"","publisher":{"@id":"https:\/\/www.wetter-center.de\/blog\/#\/schema\/person\/6c69612ad4763a699cd157cfbbfa6667"},"potentialAction":[{"@type":"SearchAction","target":{"@type":"EntryPoint","urlTemplate":"https:\/\/www.wetter-center.de\/blog\/?s={search_term_string}"},"query-input":{"@type":"PropertyValueSpecification","valueRequired":true,"valueName":"search_term_string"}}],"inLanguage":"de"},{"@type":["Person","Organization"],"@id":"https:\/\/www.wetter-center.de\/blog\/#\/schema\/person\/6c69612ad4763a699cd157cfbbfa6667","name":"meteomara","image":{"@type":"ImageObject","inLanguage":"de","@id":"https:\/\/www.wetter-center.de\/blog\/#\/schema\/person\/image\/","url":"https:\/\/www.wetter-center.de\/blog\/wp-content\/uploads\/2022\/08\/sky-1551171_1280.jpg","contentUrl":"https:\/\/www.wetter-center.de\/blog\/wp-content\/uploads\/2022\/08\/sky-1551171_1280.jpg","width":1280,"height":643,"caption":"meteomara"},"logo":{"@id":"https:\/\/www.wetter-center.de\/blog\/#\/schema\/person\/image\/"},"sameAs":["https:\/\/www.facebook.com\/WetterUndKlima","https:\/\/www.instagram.com\/wettercenterde\/","https:\/\/x.com\/https:\/\/twitter.com\/meteomara"],"url":"https:\/\/www.wetter-center.de\/blog\/author\/meteomara\/"}]}},"amp_enabled":true,"_links":{"self":[{"href":"https:\/\/www.wetter-center.de\/blog\/wp-json\/wp\/v2\/posts\/442","targetHints":{"allow":["GET"]}}],"collection":[{"href":"https:\/\/www.wetter-center.de\/blog\/wp-json\/wp\/v2\/posts"}],"about":[{"href":"https:\/\/www.wetter-center.de\/blog\/wp-json\/wp\/v2\/types\/post"}],"author":[{"embeddable":true,"href":"https:\/\/www.wetter-center.de\/blog\/wp-json\/wp\/v2\/users\/1"}],"replies":[{"embeddable":true,"href":"https:\/\/www.wetter-center.de\/blog\/wp-json\/wp\/v2\/comments?post=442"}],"version-history":[{"count":0,"href":"https:\/\/www.wetter-center.de\/blog\/wp-json\/wp\/v2\/posts\/442\/revisions"}],"wp:attachment":[{"href":"https:\/\/www.wetter-center.de\/blog\/wp-json\/wp\/v2\/media?parent=442"}],"wp:term":[{"taxonomy":"category","embeddable":true,"href":"https:\/\/www.wetter-center.de\/blog\/wp-json\/wp\/v2\/categories?post=442"},{"taxonomy":"post_tag","embeddable":true,"href":"https:\/\/www.wetter-center.de\/blog\/wp-json\/wp\/v2\/tags?post=442"}],"curies":[{"name":"wp","href":"https:\/\/api.w.org\/{rel}","templated":true}]}}