{"id":435,"date":"2011-06-03T23:03:13","date_gmt":"2011-06-03T22:03:13","guid":{"rendered":"http:\/\/www.wetter-center.de\/blog\/?p=435"},"modified":"2011-06-03T23:07:17","modified_gmt":"2011-06-03T22:07:17","slug":"antarktis-fjorde-unter-dem-eis","status":"publish","type":"post","link":"https:\/\/www.wetter-center.de\/blog\/antarktis-fjorde-unter-dem-eis\/","title":{"rendered":"Antarktis: Fjorde unter dem Eis"},"content":{"rendered":"<p align=\"left\"><a href=\"http:\/\/www.sciencedaily.com\/releases\/2011\/06\/110601134253.htm\" target=\"_blank\">Wissenschaftler <\/a>aus den USA, Gro\u00dfbritannien und Australien haben mit Hilfe einer speziellen Radartechnologie die erste detaillierte topografische Karte der <a href=\"http:\/\/www.wetter-center.de\/blog\/?p=202\">Erdoberfl\u00e4che unter dem Eisschild<\/a> der \u00f6stlichen Antarktis, dem sogenannten &#8220;<strong>Aurora Subglazialen Becken<\/strong>&#8221; erstellt. Die Karte zeigt eine der gr\u00f6\u00dften Fjorde der Erde, von Eis in den Fels geschnittene Kan\u00e4le, die teilweise \u00fcber 1000 m tief sind (auf das Bild klicken f\u00fcr eine gro\u00dfe Version):<\/p>\n<p align=\"left\"><a href=\"http:\/\/www.wetter-center.de\/blog\/wp-content\/uploads\/2011\/06\/110601134253-large.jpg\" target=\"_blank\" title=\"\" data-rel=\"lightbox-image-0\" data-rl_title=\"\" data-rl_caption=\"\"><img decoding=\"async\" src=\"http:\/\/www.wetter-center.de\/blog\/wp-content\/uploads\/2011\/06\/110601134253-large.jpg\" title=\"Karte des Aurora Subglazialen Beckens\" alt=\"Karte des Aurora Subglazialen Beckens\" border=\"0\" width=\"475\" \/><\/a><\/p>\n<p align=\"left\">Diese detaillierten Informationen \u00fcber die Topografie unter dem Eis sollen den Wissenschaftlern bei der Modellierung des Antarktischen Eisschildes helfen. Da der Grund des Aurora-Beckens teilweise <strong>mehrere Kilometer unter dem Meeresspiegel <\/strong>liegt, besteht die M\u00f6glichkeit, dass Meerwasser <a href=\"http:\/\/www.wetter-center.de\/blog\/?p=351\">unter das Eisschild<\/a> gelangt. In einem solchen Fall besteht die Gefahr, dass Teile des Eisschildes abbrechen und ins Meer rutschen.<\/p>\n<p align=\"left\">Fr\u00fchere Forschungen auf Basis von <a href=\"http:\/\/www.wetter-center.de\/blog\/?p=244\">Ozeansedimenten <\/a>haben gezeigt, dass die M\u00e4chtigkeit des Ostantarktischen Eisschildes in der Vergangenheit vor <strong>34 bis 14 Millionen Jahren<\/strong> stark variierte, was von einer Schwankung des Meeresspiegels um <strong>60 Meter<\/strong> begleitet war. Die neu erstellte Karte zeigt, dass sich der Eisschild in der Vergangeheit zeitweise mehrere Hundert Kilometer ins Landesinnere zur\u00fcckgezogen hatte. Seit etwa 14 Millionen Jahren ist der Eisschild recht stabil. Die Forscher erwarten auch f\u00fcr die n\u00e4chsten 100 Jahre trotz Globaler Erw\u00e4rmung keinen solchen dramatischen Eisr\u00fcckgang wie in der Vergangenheit.<\/p>\n","protected":false},"excerpt":{"rendered":"<p>Wissenschaftler aus den USA, Gro\u00dfbritannien und Australien haben mit Hilfe einer speziellen Radartechnologie die erste detaillierte topografische Karte der Erdoberfl\u00e4che unter dem Eisschild der \u00f6stlichen Antarktis, dem sogenannten &#8220;Aurora Subglazialen Becken&#8221; erstellt. Die Karte&#46;&#46;&#46;<\/p>\n","protected":false},"author":1,"featured_media":0,"comment_status":"open","ping_status":"open","sticky":false,"template":"","format":"standard","meta":{"footnotes":""},"categories":[],"tags":[],"class_list":["post-435","post","type-post","status-publish","format-standard","hentry"],"yoast_head":"<!-- This site is optimized with the Yoast SEO plugin v25.5 - https:\/\/yoast.com\/wordpress\/plugins\/seo\/ -->\n<title>Antarktis: Fjorde unter dem Eis - Wetter-Center.de<\/title>\n<meta name=\"robots\" content=\"index, follow, max-snippet:-1, max-image-preview:large, max-video-preview:-1\" \/>\n<link rel=\"canonical\" href=\"https:\/\/www.wetter-center.de\/blog\/antarktis-fjorde-unter-dem-eis\/\" \/>\n<meta property=\"og:locale\" content=\"de_DE\" \/>\n<meta property=\"og:type\" content=\"article\" \/>\n<meta property=\"og:title\" content=\"Antarktis: Fjorde unter dem Eis - Wetter-Center.de\" \/>\n<meta property=\"og:description\" content=\"Wissenschaftler aus den USA, Gro\u00dfbritannien und Australien haben mit Hilfe einer speziellen Radartechnologie die erste detaillierte topografische Karte der Erdoberfl\u00e4che unter dem Eisschild der \u00f6stlichen Antarktis, dem sogenannten &#8220;Aurora Subglazialen Becken&#8221; erstellt. Die Karte&#046;&#046;&#046;\" \/>\n<meta property=\"og:url\" content=\"https:\/\/www.wetter-center.de\/blog\/antarktis-fjorde-unter-dem-eis\/\" \/>\n<meta property=\"og:site_name\" content=\"Wetter-Center.de\" \/>\n<meta property=\"article:publisher\" content=\"https:\/\/www.facebook.com\/WetterUndKlima\" \/>\n<meta property=\"article:author\" content=\"https:\/\/www.facebook.com\/WetterUndKlima\" \/>\n<meta property=\"article:published_time\" content=\"2011-06-03T22:03:13+00:00\" \/>\n<meta property=\"article:modified_time\" content=\"2011-06-03T22:07:17+00:00\" \/>\n<meta property=\"og:image\" content=\"http:\/\/www.wetter-center.de\/blog\/wp-content\/uploads\/2011\/06\/110601134253-large.jpg\" \/>\n<meta name=\"author\" content=\"meteomara\" \/>\n<meta name=\"twitter:card\" content=\"summary_large_image\" \/>\n<meta name=\"twitter:creator\" content=\"@https:\/\/twitter.com\/meteomara\" \/>\n<meta name=\"twitter:site\" content=\"@meteomara\" \/>\n<meta name=\"twitter:label1\" content=\"Geschrieben von\" \/>\n\t<meta name=\"twitter:data1\" content=\"meteomara\" \/>\n\t<meta name=\"twitter:label2\" content=\"Gesch\u00e4tzte Lesezeit\" \/>\n\t<meta name=\"twitter:data2\" content=\"1\u00a0Minute\" \/>\n<script type=\"application\/ld+json\" class=\"yoast-schema-graph\">{\"@context\":\"https:\/\/schema.org\",\"@graph\":[{\"@type\":\"Article\",\"@id\":\"https:\/\/www.wetter-center.de\/blog\/antarktis-fjorde-unter-dem-eis\/#article\",\"isPartOf\":{\"@id\":\"https:\/\/www.wetter-center.de\/blog\/antarktis-fjorde-unter-dem-eis\/\"},\"author\":{\"name\":\"meteomara\",\"@id\":\"https:\/\/www.wetter-center.de\/blog\/#\/schema\/person\/6c69612ad4763a699cd157cfbbfa6667\"},\"headline\":\"Antarktis: Fjorde unter dem Eis\",\"datePublished\":\"2011-06-03T22:03:13+00:00\",\"dateModified\":\"2011-06-03T22:07:17+00:00\",\"mainEntityOfPage\":{\"@id\":\"https:\/\/www.wetter-center.de\/blog\/antarktis-fjorde-unter-dem-eis\/\"},\"wordCount\":218,\"commentCount\":0,\"publisher\":{\"@id\":\"https:\/\/www.wetter-center.de\/blog\/#\/schema\/person\/6c69612ad4763a699cd157cfbbfa6667\"},\"image\":{\"@id\":\"https:\/\/www.wetter-center.de\/blog\/antarktis-fjorde-unter-dem-eis\/#primaryimage\"},\"thumbnailUrl\":\"http:\/\/www.wetter-center.de\/blog\/wp-content\/uploads\/2011\/06\/110601134253-large.jpg\",\"inLanguage\":\"de\",\"potentialAction\":[{\"@type\":\"CommentAction\",\"name\":\"Comment\",\"target\":[\"https:\/\/www.wetter-center.de\/blog\/antarktis-fjorde-unter-dem-eis\/#respond\"]}]},{\"@type\":\"WebPage\",\"@id\":\"https:\/\/www.wetter-center.de\/blog\/antarktis-fjorde-unter-dem-eis\/\",\"url\":\"https:\/\/www.wetter-center.de\/blog\/antarktis-fjorde-unter-dem-eis\/\",\"name\":\"Antarktis: Fjorde unter dem Eis - Wetter-Center.de\",\"isPartOf\":{\"@id\":\"https:\/\/www.wetter-center.de\/blog\/#website\"},\"primaryImageOfPage\":{\"@id\":\"https:\/\/www.wetter-center.de\/blog\/antarktis-fjorde-unter-dem-eis\/#primaryimage\"},\"image\":{\"@id\":\"https:\/\/www.wetter-center.de\/blog\/antarktis-fjorde-unter-dem-eis\/#primaryimage\"},\"thumbnailUrl\":\"http:\/\/www.wetter-center.de\/blog\/wp-content\/uploads\/2011\/06\/110601134253-large.jpg\",\"datePublished\":\"2011-06-03T22:03:13+00:00\",\"dateModified\":\"2011-06-03T22:07:17+00:00\",\"breadcrumb\":{\"@id\":\"https:\/\/www.wetter-center.de\/blog\/antarktis-fjorde-unter-dem-eis\/#breadcrumb\"},\"inLanguage\":\"de\",\"potentialAction\":[{\"@type\":\"ReadAction\",\"target\":[\"https:\/\/www.wetter-center.de\/blog\/antarktis-fjorde-unter-dem-eis\/\"]}]},{\"@type\":\"ImageObject\",\"inLanguage\":\"de\",\"@id\":\"https:\/\/www.wetter-center.de\/blog\/antarktis-fjorde-unter-dem-eis\/#primaryimage\",\"url\":\"http:\/\/www.wetter-center.de\/blog\/wp-content\/uploads\/2011\/06\/110601134253-large.jpg\",\"contentUrl\":\"http:\/\/www.wetter-center.de\/blog\/wp-content\/uploads\/2011\/06\/110601134253-large.jpg\"},{\"@type\":\"BreadcrumbList\",\"@id\":\"https:\/\/www.wetter-center.de\/blog\/antarktis-fjorde-unter-dem-eis\/#breadcrumb\",\"itemListElement\":[{\"@type\":\"ListItem\",\"position\":1,\"name\":\"Startseite\",\"item\":\"https:\/\/www.wetter-center.de\/blog\/\"},{\"@type\":\"ListItem\",\"position\":2,\"name\":\"Antarktis: Fjorde unter dem Eis\"}]},{\"@type\":\"WebSite\",\"@id\":\"https:\/\/www.wetter-center.de\/blog\/#website\",\"url\":\"https:\/\/www.wetter-center.de\/blog\/\",\"name\":\"Wetter-Center.de\",\"description\":\"\",\"publisher\":{\"@id\":\"https:\/\/www.wetter-center.de\/blog\/#\/schema\/person\/6c69612ad4763a699cd157cfbbfa6667\"},\"potentialAction\":[{\"@type\":\"SearchAction\",\"target\":{\"@type\":\"EntryPoint\",\"urlTemplate\":\"https:\/\/www.wetter-center.de\/blog\/?s={search_term_string}\"},\"query-input\":{\"@type\":\"PropertyValueSpecification\",\"valueRequired\":true,\"valueName\":\"search_term_string\"}}],\"inLanguage\":\"de\"},{\"@type\":[\"Person\",\"Organization\"],\"@id\":\"https:\/\/www.wetter-center.de\/blog\/#\/schema\/person\/6c69612ad4763a699cd157cfbbfa6667\",\"name\":\"meteomara\",\"image\":{\"@type\":\"ImageObject\",\"inLanguage\":\"de\",\"@id\":\"https:\/\/www.wetter-center.de\/blog\/#\/schema\/person\/image\/\",\"url\":\"https:\/\/www.wetter-center.de\/blog\/wp-content\/uploads\/2022\/08\/sky-1551171_1280.jpg\",\"contentUrl\":\"https:\/\/www.wetter-center.de\/blog\/wp-content\/uploads\/2022\/08\/sky-1551171_1280.jpg\",\"width\":1280,\"height\":643,\"caption\":\"meteomara\"},\"logo\":{\"@id\":\"https:\/\/www.wetter-center.de\/blog\/#\/schema\/person\/image\/\"},\"sameAs\":[\"https:\/\/www.facebook.com\/WetterUndKlima\",\"https:\/\/www.instagram.com\/wettercenterde\/\",\"https:\/\/x.com\/https:\/\/twitter.com\/meteomara\"],\"url\":\"https:\/\/www.wetter-center.de\/blog\/author\/meteomara\/\"}]}<\/script>\n<!-- \/ Yoast SEO plugin. -->","yoast_head_json":{"title":"Antarktis: Fjorde unter dem Eis - Wetter-Center.de","robots":{"index":"index","follow":"follow","max-snippet":"max-snippet:-1","max-image-preview":"max-image-preview:large","max-video-preview":"max-video-preview:-1"},"canonical":"https:\/\/www.wetter-center.de\/blog\/antarktis-fjorde-unter-dem-eis\/","og_locale":"de_DE","og_type":"article","og_title":"Antarktis: Fjorde unter dem Eis - Wetter-Center.de","og_description":"Wissenschaftler aus den USA, Gro\u00dfbritannien und Australien haben mit Hilfe einer speziellen Radartechnologie die erste detaillierte topografische Karte der Erdoberfl\u00e4che unter dem Eisschild der \u00f6stlichen Antarktis, dem sogenannten &#8220;Aurora Subglazialen Becken&#8221; erstellt. Die Karte&#46;&#46;&#46;","og_url":"https:\/\/www.wetter-center.de\/blog\/antarktis-fjorde-unter-dem-eis\/","og_site_name":"Wetter-Center.de","article_publisher":"https:\/\/www.facebook.com\/WetterUndKlima","article_author":"https:\/\/www.facebook.com\/WetterUndKlima","article_published_time":"2011-06-03T22:03:13+00:00","article_modified_time":"2011-06-03T22:07:17+00:00","og_image":[{"url":"http:\/\/www.wetter-center.de\/blog\/wp-content\/uploads\/2011\/06\/110601134253-large.jpg","type":"","width":"","height":""}],"author":"meteomara","twitter_card":"summary_large_image","twitter_creator":"@https:\/\/twitter.com\/meteomara","twitter_site":"@meteomara","twitter_misc":{"Geschrieben von":"meteomara","Gesch\u00e4tzte Lesezeit":"1\u00a0Minute"},"schema":{"@context":"https:\/\/schema.org","@graph":[{"@type":"Article","@id":"https:\/\/www.wetter-center.de\/blog\/antarktis-fjorde-unter-dem-eis\/#article","isPartOf":{"@id":"https:\/\/www.wetter-center.de\/blog\/antarktis-fjorde-unter-dem-eis\/"},"author":{"name":"meteomara","@id":"https:\/\/www.wetter-center.de\/blog\/#\/schema\/person\/6c69612ad4763a699cd157cfbbfa6667"},"headline":"Antarktis: Fjorde unter dem Eis","datePublished":"2011-06-03T22:03:13+00:00","dateModified":"2011-06-03T22:07:17+00:00","mainEntityOfPage":{"@id":"https:\/\/www.wetter-center.de\/blog\/antarktis-fjorde-unter-dem-eis\/"},"wordCount":218,"commentCount":0,"publisher":{"@id":"https:\/\/www.wetter-center.de\/blog\/#\/schema\/person\/6c69612ad4763a699cd157cfbbfa6667"},"image":{"@id":"https:\/\/www.wetter-center.de\/blog\/antarktis-fjorde-unter-dem-eis\/#primaryimage"},"thumbnailUrl":"http:\/\/www.wetter-center.de\/blog\/wp-content\/uploads\/2011\/06\/110601134253-large.jpg","inLanguage":"de","potentialAction":[{"@type":"CommentAction","name":"Comment","target":["https:\/\/www.wetter-center.de\/blog\/antarktis-fjorde-unter-dem-eis\/#respond"]}]},{"@type":"WebPage","@id":"https:\/\/www.wetter-center.de\/blog\/antarktis-fjorde-unter-dem-eis\/","url":"https:\/\/www.wetter-center.de\/blog\/antarktis-fjorde-unter-dem-eis\/","name":"Antarktis: Fjorde unter dem Eis - Wetter-Center.de","isPartOf":{"@id":"https:\/\/www.wetter-center.de\/blog\/#website"},"primaryImageOfPage":{"@id":"https:\/\/www.wetter-center.de\/blog\/antarktis-fjorde-unter-dem-eis\/#primaryimage"},"image":{"@id":"https:\/\/www.wetter-center.de\/blog\/antarktis-fjorde-unter-dem-eis\/#primaryimage"},"thumbnailUrl":"http:\/\/www.wetter-center.de\/blog\/wp-content\/uploads\/2011\/06\/110601134253-large.jpg","datePublished":"2011-06-03T22:03:13+00:00","dateModified":"2011-06-03T22:07:17+00:00","breadcrumb":{"@id":"https:\/\/www.wetter-center.de\/blog\/antarktis-fjorde-unter-dem-eis\/#breadcrumb"},"inLanguage":"de","potentialAction":[{"@type":"ReadAction","target":["https:\/\/www.wetter-center.de\/blog\/antarktis-fjorde-unter-dem-eis\/"]}]},{"@type":"ImageObject","inLanguage":"de","@id":"https:\/\/www.wetter-center.de\/blog\/antarktis-fjorde-unter-dem-eis\/#primaryimage","url":"http:\/\/www.wetter-center.de\/blog\/wp-content\/uploads\/2011\/06\/110601134253-large.jpg","contentUrl":"http:\/\/www.wetter-center.de\/blog\/wp-content\/uploads\/2011\/06\/110601134253-large.jpg"},{"@type":"BreadcrumbList","@id":"https:\/\/www.wetter-center.de\/blog\/antarktis-fjorde-unter-dem-eis\/#breadcrumb","itemListElement":[{"@type":"ListItem","position":1,"name":"Startseite","item":"https:\/\/www.wetter-center.de\/blog\/"},{"@type":"ListItem","position":2,"name":"Antarktis: Fjorde unter dem Eis"}]},{"@type":"WebSite","@id":"https:\/\/www.wetter-center.de\/blog\/#website","url":"https:\/\/www.wetter-center.de\/blog\/","name":"Wetter-Center.de","description":"","publisher":{"@id":"https:\/\/www.wetter-center.de\/blog\/#\/schema\/person\/6c69612ad4763a699cd157cfbbfa6667"},"potentialAction":[{"@type":"SearchAction","target":{"@type":"EntryPoint","urlTemplate":"https:\/\/www.wetter-center.de\/blog\/?s={search_term_string}"},"query-input":{"@type":"PropertyValueSpecification","valueRequired":true,"valueName":"search_term_string"}}],"inLanguage":"de"},{"@type":["Person","Organization"],"@id":"https:\/\/www.wetter-center.de\/blog\/#\/schema\/person\/6c69612ad4763a699cd157cfbbfa6667","name":"meteomara","image":{"@type":"ImageObject","inLanguage":"de","@id":"https:\/\/www.wetter-center.de\/blog\/#\/schema\/person\/image\/","url":"https:\/\/www.wetter-center.de\/blog\/wp-content\/uploads\/2022\/08\/sky-1551171_1280.jpg","contentUrl":"https:\/\/www.wetter-center.de\/blog\/wp-content\/uploads\/2022\/08\/sky-1551171_1280.jpg","width":1280,"height":643,"caption":"meteomara"},"logo":{"@id":"https:\/\/www.wetter-center.de\/blog\/#\/schema\/person\/image\/"},"sameAs":["https:\/\/www.facebook.com\/WetterUndKlima","https:\/\/www.instagram.com\/wettercenterde\/","https:\/\/x.com\/https:\/\/twitter.com\/meteomara"],"url":"https:\/\/www.wetter-center.de\/blog\/author\/meteomara\/"}]}},"amp_enabled":true,"_links":{"self":[{"href":"https:\/\/www.wetter-center.de\/blog\/wp-json\/wp\/v2\/posts\/435","targetHints":{"allow":["GET"]}}],"collection":[{"href":"https:\/\/www.wetter-center.de\/blog\/wp-json\/wp\/v2\/posts"}],"about":[{"href":"https:\/\/www.wetter-center.de\/blog\/wp-json\/wp\/v2\/types\/post"}],"author":[{"embeddable":true,"href":"https:\/\/www.wetter-center.de\/blog\/wp-json\/wp\/v2\/users\/1"}],"replies":[{"embeddable":true,"href":"https:\/\/www.wetter-center.de\/blog\/wp-json\/wp\/v2\/comments?post=435"}],"version-history":[{"count":0,"href":"https:\/\/www.wetter-center.de\/blog\/wp-json\/wp\/v2\/posts\/435\/revisions"}],"wp:attachment":[{"href":"https:\/\/www.wetter-center.de\/blog\/wp-json\/wp\/v2\/media?parent=435"}],"wp:term":[{"taxonomy":"category","embeddable":true,"href":"https:\/\/www.wetter-center.de\/blog\/wp-json\/wp\/v2\/categories?post=435"},{"taxonomy":"post_tag","embeddable":true,"href":"https:\/\/www.wetter-center.de\/blog\/wp-json\/wp\/v2\/tags?post=435"}],"curies":[{"name":"wp","href":"https:\/\/api.w.org\/{rel}","templated":true}]}}