{"id":394,"date":"2011-03-09T23:08:23","date_gmt":"2011-03-09T22:08:23","guid":{"rendered":"http:\/\/www.wetter-center.de\/blog\/?p=394"},"modified":"2011-03-09T23:08:23","modified_gmt":"2011-03-09T22:08:23","slug":"klimawandel-globale-erwarmung","status":"publish","type":"post","link":"https:\/\/www.wetter-center.de\/blog\/klimawandel-globale-erwarmung\/","title":{"rendered":"Klimawandel = Globale Erw\u00e4rmung?"},"content":{"rendered":"<p>Wenn sich <strong>Psychologen<\/strong> mit dem Thema &#8220;Klimawandel&#8221; besch\u00e4ftigen, kommen oft interessante Erkenntnisse zu Tage. Interessant ist zum Beispiel eine Studie, die der Fachbereich f\u00fcr Psychologie an der Universit\u00e4t Michigan gerade <a href=\"http:\/\/www.sciencedaily.com\/releases\/2011\/03\/110308173242.htm\" target=\"_blank\">ver\u00f6ffentlicht<\/a> hat.<\/p>\n<p><img decoding=\"async\" src=\"http:\/\/www.wetter-center.de\/blog\/wp-content\/uploads\/2008\/03\/co2.jpg\" title=\"CO2\" alt=\"CO2\" align=\"left\" border=\"0\" hspace=\"5\" \/>In einer Online-Umfrage wurden 2.267 US-Amerikaner danach befragt, ob Sie der Meinung sind, dass der Klimawandel wirklich stattfindet (eine <a href=\"http:\/\/www.wetter-center.de\/blog\/?p=264\">\u00e4hnliche Umfrage<\/a> war vor etwa einem Jahr hier Thema). Dabei wurden bei einer H\u00e4lfte der Befragten die Begriffe &#8220;<strong>Klimawandel<\/strong>&#8221; und &#8220;<strong>Temperatur\u00e4nderung<\/strong>&#8221; benutzt, bei der anderen H\u00e4lfte die Begriffe &#8220;<strong>Globale Erw\u00e4rmung<\/strong>&#8221; und &#8220;<strong>Temperaturanstieg<\/strong>&#8220;, ansonsten war die Fragestellung v\u00f6llig identisch.<\/p>\n<p>Das <strong>Ergebnis<\/strong>: 74 Prozent der Befragten glauben, dass der &#8220;<a href=\"http:\/\/www.wetter-center.de\/blog\/?cat=5\">Klimawandel<\/a>&#8221; stattfindet, aber nur 68 Prozent glauben, dass es eine &#8220;<a href=\"http:\/\/www.wetter-center.de\/blog\/?s=globale+erw%C3%A4rmung\">Globale Erw\u00e4rmung<\/a>&#8221; gibt. Dieser Unterschied ist relativ leicht erkl\u00e4rbar: das Wort &#8220;Klimawandel&#8221; ist <strong>allgemeiner<\/strong> gehalten und erh\u00e4lt deshalb eine h\u00f6here Zustimmung. An kalten Tagen kommt man schon eher auf den Gedanken, an der &#8220;Globalen Erw\u00e4rmung&#8221; zu zweifeln als am &#8220;Klimawandel&#8221;.<\/p>\n<p>Ber\u00fccksichtigt man die <strong>politische Orientierung<\/strong> der Befragten, zeigen sich erstaunliche Unterschiede. Bei den <strong>konservativen <\/strong>US-Amerikanern glauben 60 Prozent an die Existenz des &#8220;Klimawandels&#8221; und nur 44 Prozent an die &#8220;Globale Erw\u00e4rmung&#8221;. Im Lager der <strong>Demokraten<\/strong> wird dagegen offenbar kein Unterschied zwischen diesen beiden Begriffen gemacht: in beiden F\u00e4llen ist die Zustimmung gleich hoch bei 86 Prozent.<\/p>\n<p>Warum lassen sich die progressiven und liberalen Amerikaner nicht von der <strong>Wortwahl <\/strong>beeinflussen? Die Forscher vermuten, dass die hohe Zustimmungsrate daf\u00fcr verantwortlich ist. Diese zeigt, dass sich diese Menschen schon st\u00e4rker mit den Themen &#8220;Klimawandel&#8221; und &#8220;Globale Erw\u00e4rmung&#8221; auseinandergesetzt haben und so immuner gegen subtile Manipulationen sind.<\/p>\n","protected":false},"excerpt":{"rendered":"<p>Wenn sich Psychologen mit dem Thema &#8220;Klimawandel&#8221; besch\u00e4ftigen, kommen oft interessante Erkenntnisse zu Tage. Interessant ist zum Beispiel eine Studie, die der Fachbereich f\u00fcr Psychologie an der Universit\u00e4t Michigan gerade ver\u00f6ffentlicht hat. In einer&#46;&#46;&#46;<\/p>\n","protected":false},"author":1,"featured_media":0,"comment_status":"open","ping_status":"open","sticky":false,"template":"","format":"standard","meta":{"footnotes":""},"categories":[],"tags":[],"class_list":["post-394","post","type-post","status-publish","format-standard","hentry"],"yoast_head":"<!-- This site is optimized with the Yoast SEO plugin v25.5 - https:\/\/yoast.com\/wordpress\/plugins\/seo\/ -->\n<title>Klimawandel = Globale Erw\u00e4rmung? - Wetter-Center.de<\/title>\n<meta name=\"robots\" content=\"index, follow, max-snippet:-1, max-image-preview:large, max-video-preview:-1\" \/>\n<link rel=\"canonical\" href=\"https:\/\/www.wetter-center.de\/blog\/klimawandel-globale-erwarmung\/\" \/>\n<meta property=\"og:locale\" content=\"de_DE\" \/>\n<meta property=\"og:type\" content=\"article\" \/>\n<meta property=\"og:title\" content=\"Klimawandel = Globale Erw\u00e4rmung? - Wetter-Center.de\" \/>\n<meta property=\"og:description\" content=\"Wenn sich Psychologen mit dem Thema &#8220;Klimawandel&#8221; besch\u00e4ftigen, kommen oft interessante Erkenntnisse zu Tage. Interessant ist zum Beispiel eine Studie, die der Fachbereich f\u00fcr Psychologie an der Universit\u00e4t Michigan gerade ver\u00f6ffentlicht hat. In einer&#046;&#046;&#046;\" \/>\n<meta property=\"og:url\" content=\"https:\/\/www.wetter-center.de\/blog\/klimawandel-globale-erwarmung\/\" \/>\n<meta property=\"og:site_name\" content=\"Wetter-Center.de\" \/>\n<meta property=\"article:publisher\" content=\"https:\/\/www.facebook.com\/WetterUndKlima\" \/>\n<meta property=\"article:author\" content=\"https:\/\/www.facebook.com\/WetterUndKlima\" \/>\n<meta property=\"article:published_time\" content=\"2011-03-09T22:08:23+00:00\" \/>\n<meta property=\"og:image\" content=\"http:\/\/www.wetter-center.de\/blog\/wp-content\/uploads\/2008\/03\/co2.jpg\" \/>\n<meta name=\"author\" content=\"meteomara\" \/>\n<meta name=\"twitter:card\" content=\"summary_large_image\" \/>\n<meta name=\"twitter:creator\" content=\"@https:\/\/twitter.com\/meteomara\" \/>\n<meta name=\"twitter:site\" content=\"@meteomara\" \/>\n<meta name=\"twitter:label1\" content=\"Geschrieben von\" \/>\n\t<meta name=\"twitter:data1\" content=\"meteomara\" \/>\n\t<meta name=\"twitter:label2\" content=\"Gesch\u00e4tzte Lesezeit\" \/>\n\t<meta name=\"twitter:data2\" content=\"1\u00a0Minute\" \/>\n<script type=\"application\/ld+json\" class=\"yoast-schema-graph\">{\"@context\":\"https:\/\/schema.org\",\"@graph\":[{\"@type\":\"Article\",\"@id\":\"https:\/\/www.wetter-center.de\/blog\/klimawandel-globale-erwarmung\/#article\",\"isPartOf\":{\"@id\":\"https:\/\/www.wetter-center.de\/blog\/klimawandel-globale-erwarmung\/\"},\"author\":{\"name\":\"meteomara\",\"@id\":\"https:\/\/www.wetter-center.de\/blog\/#\/schema\/person\/6c69612ad4763a699cd157cfbbfa6667\"},\"headline\":\"Klimawandel = Globale Erw\u00e4rmung?\",\"datePublished\":\"2011-03-09T22:08:23+00:00\",\"mainEntityOfPage\":{\"@id\":\"https:\/\/www.wetter-center.de\/blog\/klimawandel-globale-erwarmung\/\"},\"wordCount\":269,\"commentCount\":1,\"publisher\":{\"@id\":\"https:\/\/www.wetter-center.de\/blog\/#\/schema\/person\/6c69612ad4763a699cd157cfbbfa6667\"},\"image\":{\"@id\":\"https:\/\/www.wetter-center.de\/blog\/klimawandel-globale-erwarmung\/#primaryimage\"},\"thumbnailUrl\":\"http:\/\/www.wetter-center.de\/blog\/wp-content\/uploads\/2008\/03\/co2.jpg\",\"inLanguage\":\"de\",\"potentialAction\":[{\"@type\":\"CommentAction\",\"name\":\"Comment\",\"target\":[\"https:\/\/www.wetter-center.de\/blog\/klimawandel-globale-erwarmung\/#respond\"]}]},{\"@type\":\"WebPage\",\"@id\":\"https:\/\/www.wetter-center.de\/blog\/klimawandel-globale-erwarmung\/\",\"url\":\"https:\/\/www.wetter-center.de\/blog\/klimawandel-globale-erwarmung\/\",\"name\":\"Klimawandel = Globale Erw\u00e4rmung? - Wetter-Center.de\",\"isPartOf\":{\"@id\":\"https:\/\/www.wetter-center.de\/blog\/#website\"},\"primaryImageOfPage\":{\"@id\":\"https:\/\/www.wetter-center.de\/blog\/klimawandel-globale-erwarmung\/#primaryimage\"},\"image\":{\"@id\":\"https:\/\/www.wetter-center.de\/blog\/klimawandel-globale-erwarmung\/#primaryimage\"},\"thumbnailUrl\":\"http:\/\/www.wetter-center.de\/blog\/wp-content\/uploads\/2008\/03\/co2.jpg\",\"datePublished\":\"2011-03-09T22:08:23+00:00\",\"breadcrumb\":{\"@id\":\"https:\/\/www.wetter-center.de\/blog\/klimawandel-globale-erwarmung\/#breadcrumb\"},\"inLanguage\":\"de\",\"potentialAction\":[{\"@type\":\"ReadAction\",\"target\":[\"https:\/\/www.wetter-center.de\/blog\/klimawandel-globale-erwarmung\/\"]}]},{\"@type\":\"ImageObject\",\"inLanguage\":\"de\",\"@id\":\"https:\/\/www.wetter-center.de\/blog\/klimawandel-globale-erwarmung\/#primaryimage\",\"url\":\"http:\/\/www.wetter-center.de\/blog\/wp-content\/uploads\/2008\/03\/co2.jpg\",\"contentUrl\":\"http:\/\/www.wetter-center.de\/blog\/wp-content\/uploads\/2008\/03\/co2.jpg\"},{\"@type\":\"BreadcrumbList\",\"@id\":\"https:\/\/www.wetter-center.de\/blog\/klimawandel-globale-erwarmung\/#breadcrumb\",\"itemListElement\":[{\"@type\":\"ListItem\",\"position\":1,\"name\":\"Startseite\",\"item\":\"https:\/\/www.wetter-center.de\/blog\/\"},{\"@type\":\"ListItem\",\"position\":2,\"name\":\"Klimawandel = Globale Erw\u00e4rmung?\"}]},{\"@type\":\"WebSite\",\"@id\":\"https:\/\/www.wetter-center.de\/blog\/#website\",\"url\":\"https:\/\/www.wetter-center.de\/blog\/\",\"name\":\"Wetter-Center.de\",\"description\":\"\",\"publisher\":{\"@id\":\"https:\/\/www.wetter-center.de\/blog\/#\/schema\/person\/6c69612ad4763a699cd157cfbbfa6667\"},\"potentialAction\":[{\"@type\":\"SearchAction\",\"target\":{\"@type\":\"EntryPoint\",\"urlTemplate\":\"https:\/\/www.wetter-center.de\/blog\/?s={search_term_string}\"},\"query-input\":{\"@type\":\"PropertyValueSpecification\",\"valueRequired\":true,\"valueName\":\"search_term_string\"}}],\"inLanguage\":\"de\"},{\"@type\":[\"Person\",\"Organization\"],\"@id\":\"https:\/\/www.wetter-center.de\/blog\/#\/schema\/person\/6c69612ad4763a699cd157cfbbfa6667\",\"name\":\"meteomara\",\"image\":{\"@type\":\"ImageObject\",\"inLanguage\":\"de\",\"@id\":\"https:\/\/www.wetter-center.de\/blog\/#\/schema\/person\/image\/\",\"url\":\"https:\/\/www.wetter-center.de\/blog\/wp-content\/uploads\/2022\/08\/sky-1551171_1280.jpg\",\"contentUrl\":\"https:\/\/www.wetter-center.de\/blog\/wp-content\/uploads\/2022\/08\/sky-1551171_1280.jpg\",\"width\":1280,\"height\":643,\"caption\":\"meteomara\"},\"logo\":{\"@id\":\"https:\/\/www.wetter-center.de\/blog\/#\/schema\/person\/image\/\"},\"sameAs\":[\"https:\/\/www.facebook.com\/WetterUndKlima\",\"https:\/\/www.instagram.com\/wettercenterde\/\",\"https:\/\/x.com\/https:\/\/twitter.com\/meteomara\"],\"url\":\"https:\/\/www.wetter-center.de\/blog\/author\/meteomara\/\"}]}<\/script>\n<!-- \/ Yoast SEO plugin. -->","yoast_head_json":{"title":"Klimawandel = Globale Erw\u00e4rmung? - Wetter-Center.de","robots":{"index":"index","follow":"follow","max-snippet":"max-snippet:-1","max-image-preview":"max-image-preview:large","max-video-preview":"max-video-preview:-1"},"canonical":"https:\/\/www.wetter-center.de\/blog\/klimawandel-globale-erwarmung\/","og_locale":"de_DE","og_type":"article","og_title":"Klimawandel = Globale Erw\u00e4rmung? - Wetter-Center.de","og_description":"Wenn sich Psychologen mit dem Thema &#8220;Klimawandel&#8221; besch\u00e4ftigen, kommen oft interessante Erkenntnisse zu Tage. Interessant ist zum Beispiel eine Studie, die der Fachbereich f\u00fcr Psychologie an der Universit\u00e4t Michigan gerade ver\u00f6ffentlicht hat. In einer&#46;&#46;&#46;","og_url":"https:\/\/www.wetter-center.de\/blog\/klimawandel-globale-erwarmung\/","og_site_name":"Wetter-Center.de","article_publisher":"https:\/\/www.facebook.com\/WetterUndKlima","article_author":"https:\/\/www.facebook.com\/WetterUndKlima","article_published_time":"2011-03-09T22:08:23+00:00","og_image":[{"url":"http:\/\/www.wetter-center.de\/blog\/wp-content\/uploads\/2008\/03\/co2.jpg","type":"","width":"","height":""}],"author":"meteomara","twitter_card":"summary_large_image","twitter_creator":"@https:\/\/twitter.com\/meteomara","twitter_site":"@meteomara","twitter_misc":{"Geschrieben von":"meteomara","Gesch\u00e4tzte Lesezeit":"1\u00a0Minute"},"schema":{"@context":"https:\/\/schema.org","@graph":[{"@type":"Article","@id":"https:\/\/www.wetter-center.de\/blog\/klimawandel-globale-erwarmung\/#article","isPartOf":{"@id":"https:\/\/www.wetter-center.de\/blog\/klimawandel-globale-erwarmung\/"},"author":{"name":"meteomara","@id":"https:\/\/www.wetter-center.de\/blog\/#\/schema\/person\/6c69612ad4763a699cd157cfbbfa6667"},"headline":"Klimawandel = Globale Erw\u00e4rmung?","datePublished":"2011-03-09T22:08:23+00:00","mainEntityOfPage":{"@id":"https:\/\/www.wetter-center.de\/blog\/klimawandel-globale-erwarmung\/"},"wordCount":269,"commentCount":1,"publisher":{"@id":"https:\/\/www.wetter-center.de\/blog\/#\/schema\/person\/6c69612ad4763a699cd157cfbbfa6667"},"image":{"@id":"https:\/\/www.wetter-center.de\/blog\/klimawandel-globale-erwarmung\/#primaryimage"},"thumbnailUrl":"http:\/\/www.wetter-center.de\/blog\/wp-content\/uploads\/2008\/03\/co2.jpg","inLanguage":"de","potentialAction":[{"@type":"CommentAction","name":"Comment","target":["https:\/\/www.wetter-center.de\/blog\/klimawandel-globale-erwarmung\/#respond"]}]},{"@type":"WebPage","@id":"https:\/\/www.wetter-center.de\/blog\/klimawandel-globale-erwarmung\/","url":"https:\/\/www.wetter-center.de\/blog\/klimawandel-globale-erwarmung\/","name":"Klimawandel = Globale Erw\u00e4rmung? - Wetter-Center.de","isPartOf":{"@id":"https:\/\/www.wetter-center.de\/blog\/#website"},"primaryImageOfPage":{"@id":"https:\/\/www.wetter-center.de\/blog\/klimawandel-globale-erwarmung\/#primaryimage"},"image":{"@id":"https:\/\/www.wetter-center.de\/blog\/klimawandel-globale-erwarmung\/#primaryimage"},"thumbnailUrl":"http:\/\/www.wetter-center.de\/blog\/wp-content\/uploads\/2008\/03\/co2.jpg","datePublished":"2011-03-09T22:08:23+00:00","breadcrumb":{"@id":"https:\/\/www.wetter-center.de\/blog\/klimawandel-globale-erwarmung\/#breadcrumb"},"inLanguage":"de","potentialAction":[{"@type":"ReadAction","target":["https:\/\/www.wetter-center.de\/blog\/klimawandel-globale-erwarmung\/"]}]},{"@type":"ImageObject","inLanguage":"de","@id":"https:\/\/www.wetter-center.de\/blog\/klimawandel-globale-erwarmung\/#primaryimage","url":"http:\/\/www.wetter-center.de\/blog\/wp-content\/uploads\/2008\/03\/co2.jpg","contentUrl":"http:\/\/www.wetter-center.de\/blog\/wp-content\/uploads\/2008\/03\/co2.jpg"},{"@type":"BreadcrumbList","@id":"https:\/\/www.wetter-center.de\/blog\/klimawandel-globale-erwarmung\/#breadcrumb","itemListElement":[{"@type":"ListItem","position":1,"name":"Startseite","item":"https:\/\/www.wetter-center.de\/blog\/"},{"@type":"ListItem","position":2,"name":"Klimawandel = Globale Erw\u00e4rmung?"}]},{"@type":"WebSite","@id":"https:\/\/www.wetter-center.de\/blog\/#website","url":"https:\/\/www.wetter-center.de\/blog\/","name":"Wetter-Center.de","description":"","publisher":{"@id":"https:\/\/www.wetter-center.de\/blog\/#\/schema\/person\/6c69612ad4763a699cd157cfbbfa6667"},"potentialAction":[{"@type":"SearchAction","target":{"@type":"EntryPoint","urlTemplate":"https:\/\/www.wetter-center.de\/blog\/?s={search_term_string}"},"query-input":{"@type":"PropertyValueSpecification","valueRequired":true,"valueName":"search_term_string"}}],"inLanguage":"de"},{"@type":["Person","Organization"],"@id":"https:\/\/www.wetter-center.de\/blog\/#\/schema\/person\/6c69612ad4763a699cd157cfbbfa6667","name":"meteomara","image":{"@type":"ImageObject","inLanguage":"de","@id":"https:\/\/www.wetter-center.de\/blog\/#\/schema\/person\/image\/","url":"https:\/\/www.wetter-center.de\/blog\/wp-content\/uploads\/2022\/08\/sky-1551171_1280.jpg","contentUrl":"https:\/\/www.wetter-center.de\/blog\/wp-content\/uploads\/2022\/08\/sky-1551171_1280.jpg","width":1280,"height":643,"caption":"meteomara"},"logo":{"@id":"https:\/\/www.wetter-center.de\/blog\/#\/schema\/person\/image\/"},"sameAs":["https:\/\/www.facebook.com\/WetterUndKlima","https:\/\/www.instagram.com\/wettercenterde\/","https:\/\/x.com\/https:\/\/twitter.com\/meteomara"],"url":"https:\/\/www.wetter-center.de\/blog\/author\/meteomara\/"}]}},"amp_enabled":true,"_links":{"self":[{"href":"https:\/\/www.wetter-center.de\/blog\/wp-json\/wp\/v2\/posts\/394","targetHints":{"allow":["GET"]}}],"collection":[{"href":"https:\/\/www.wetter-center.de\/blog\/wp-json\/wp\/v2\/posts"}],"about":[{"href":"https:\/\/www.wetter-center.de\/blog\/wp-json\/wp\/v2\/types\/post"}],"author":[{"embeddable":true,"href":"https:\/\/www.wetter-center.de\/blog\/wp-json\/wp\/v2\/users\/1"}],"replies":[{"embeddable":true,"href":"https:\/\/www.wetter-center.de\/blog\/wp-json\/wp\/v2\/comments?post=394"}],"version-history":[{"count":0,"href":"https:\/\/www.wetter-center.de\/blog\/wp-json\/wp\/v2\/posts\/394\/revisions"}],"wp:attachment":[{"href":"https:\/\/www.wetter-center.de\/blog\/wp-json\/wp\/v2\/media?parent=394"}],"wp:term":[{"taxonomy":"category","embeddable":true,"href":"https:\/\/www.wetter-center.de\/blog\/wp-json\/wp\/v2\/categories?post=394"},{"taxonomy":"post_tag","embeddable":true,"href":"https:\/\/www.wetter-center.de\/blog\/wp-json\/wp\/v2\/tags?post=394"}],"curies":[{"name":"wp","href":"https:\/\/api.w.org\/{rel}","templated":true}]}}