{"id":392,"date":"2011-03-07T23:21:36","date_gmt":"2011-03-07T22:21:36","guid":{"rendered":"http:\/\/www.wetter-center.de\/blog\/?p=392"},"modified":"2011-03-07T23:23:28","modified_gmt":"2011-03-07T22:23:28","slug":"ist-das-geheimnis-der-sonnenflecken-geluftet","status":"publish","type":"post","link":"https:\/\/www.wetter-center.de\/blog\/ist-das-geheimnis-der-sonnenflecken-geluftet\/","title":{"rendered":"Ist das Geheimnis der Sonnenflecken gel\u00fcftet?"},"content":{"rendered":"<p>Wissenschaftler der <a href=\"http:\/\/www.montana.edu\/cpa\/news\/nwview.php?article=9526\" target=\"_blank\">Montana State University<\/a> haben vermutlich eine Erkl\u00e4rung f\u00fcr die zur\u00fcckliegende <a href=\"http:\/\/www.wetter-center.de\/blog\/?p=386\">lange Zeit ohne Sonnenflecken<\/a> gefunden. Die Aktivit\u00e4t der Sonne hat einen etwa <strong>11-j\u00e4hrigen Zyklus<\/strong>,  der sich auch anhand der Anzahl der <a href=\"http:\/\/de.wikipedia.org\/wiki\/Sonnenfleck\" target=\"_blank\">Sonnenflecken<\/a>  ablesen l\u00e4sst, die seit dem Jahre 1610 beobachtet werden. Die Forscher konnten jetzt mit einem neuartigen Computerprogramm diese Solarzyklen modellieren.<\/p>\n<p><a href=\"http:\/\/www.wetter-center.de\/blog\/wp-content\/uploads\/2011\/03\/f_hmimag_171_1024.jpg\" title=\"\" data-rel=\"lightbox-image-0\" data-rl_title=\"\" data-rl_caption=\"\"><img decoding=\"async\" src=\"http:\/\/www.wetter-center.de\/blog\/wp-content\/uploads\/2011\/03\/f_hmimag_171_1024.jpg\" title=\"SDO Magnetogramm\" alt=\"SDO Magnetogramm\" border=\"0\" width=\"470\" \/><\/a><\/p>\n<p>Der Schl\u00fcssel liegt dabei im <strong>Magnetfeld<\/strong> der Sonne. Das Bild oben zeigt eine Visualisierung des Magnetfeldes der Sonne vom 07.03.2010, aufgenommen vom <a href=\"http:\/\/sdo.gsfc.nasa.gov\/data\/\" target=\"_blank\">NASA-Satellit SDO<\/a> (Solar Dynamics Observatory). Das Magnetfeld wird von den <strong>Plasmastr\u00f6men<\/strong> im Inneren der Sonne gesteuert, \u00e4hnlich wie bei einem Dynamo. Variiert die meridionale Zirkulation des Plasmas, also der Plasmastrom vom Sonnen\u00e4quator zu den Polen, ver\u00e4ndert sich das Magnetfeld der Sonne.<\/p>\n<p>Wird ein <strong>schneller Plasmastrom <\/strong>in der ersten H\u00e4lfte des 11-j\u00e4hrigen Solarzyklus gefolgt von  einer <strong>langsameren <\/strong>Zirkulation, kommt es zur <strong>Aufl\u00f6sung der Sonnenflecken<\/strong>. Perioden mit sehr wenigen Sonnenflecken sind in der Vergangenheit auch h\u00e4ufig mit <a href=\"http:\/\/www.wetter-center.de\/blog\/?p=369\">zur\u00fcckgehenden Temperaturen<\/a> verbunden gewesen.<\/p>\n<p>Astronauten bevorzugen \u00fcbrigens eine Sonne mit mehr Sonnenflecken. Der schw\u00e4chere Sonnenwind bei einer ruhigen Sonne f\u00fchrt n\u00e4mlich dazu, dass die gef\u00e4hrliche <a href=\"http:\/\/www.wetter-center.de\/blog\/?p=196\">Kosmische Strahlung<\/a> um die Erde herum zunimmt. Im Jahre 2009 lag diese um 19 Prozent \u00fcber den h\u00f6chsten Werten der letzten 50 Jahre.<\/p>\n","protected":false},"excerpt":{"rendered":"<p>Wissenschaftler der Montana State University haben vermutlich eine Erkl\u00e4rung f\u00fcr die zur\u00fcckliegende lange Zeit ohne Sonnenflecken gefunden. Die Aktivit\u00e4t der Sonne hat einen etwa 11-j\u00e4hrigen Zyklus, der sich auch anhand der Anzahl der Sonnenflecken&#46;&#46;&#46;<\/p>\n","protected":false},"author":1,"featured_media":0,"comment_status":"open","ping_status":"open","sticky":false,"template":"","format":"standard","meta":{"footnotes":""},"categories":[],"tags":[],"class_list":["post-392","post","type-post","status-publish","format-standard","hentry"],"yoast_head":"<!-- This site is optimized with the Yoast SEO plugin v25.5 - https:\/\/yoast.com\/wordpress\/plugins\/seo\/ -->\n<title>Ist das Geheimnis der Sonnenflecken gel\u00fcftet? - Wetter-Center.de<\/title>\n<meta name=\"robots\" content=\"index, follow, max-snippet:-1, max-image-preview:large, max-video-preview:-1\" \/>\n<link rel=\"canonical\" href=\"https:\/\/www.wetter-center.de\/blog\/ist-das-geheimnis-der-sonnenflecken-geluftet\/\" \/>\n<meta property=\"og:locale\" content=\"de_DE\" \/>\n<meta property=\"og:type\" content=\"article\" \/>\n<meta property=\"og:title\" content=\"Ist das Geheimnis der Sonnenflecken gel\u00fcftet? - Wetter-Center.de\" \/>\n<meta property=\"og:description\" content=\"Wissenschaftler der Montana State University haben vermutlich eine Erkl\u00e4rung f\u00fcr die zur\u00fcckliegende lange Zeit ohne Sonnenflecken gefunden. Die Aktivit\u00e4t der Sonne hat einen etwa 11-j\u00e4hrigen Zyklus, der sich auch anhand der Anzahl der Sonnenflecken&#046;&#046;&#046;\" \/>\n<meta property=\"og:url\" content=\"https:\/\/www.wetter-center.de\/blog\/ist-das-geheimnis-der-sonnenflecken-geluftet\/\" \/>\n<meta property=\"og:site_name\" content=\"Wetter-Center.de\" \/>\n<meta property=\"article:publisher\" content=\"https:\/\/www.facebook.com\/WetterUndKlima\" \/>\n<meta property=\"article:author\" content=\"https:\/\/www.facebook.com\/WetterUndKlima\" \/>\n<meta property=\"article:published_time\" content=\"2011-03-07T22:21:36+00:00\" \/>\n<meta property=\"article:modified_time\" content=\"2011-03-07T22:23:28+00:00\" \/>\n<meta property=\"og:image\" content=\"http:\/\/www.wetter-center.de\/blog\/wp-content\/uploads\/2011\/03\/f_hmimag_171_1024.jpg\" \/>\n<meta name=\"author\" content=\"meteomara\" \/>\n<meta name=\"twitter:card\" content=\"summary_large_image\" \/>\n<meta name=\"twitter:creator\" content=\"@https:\/\/twitter.com\/meteomara\" \/>\n<meta name=\"twitter:site\" content=\"@meteomara\" \/>\n<meta name=\"twitter:label1\" content=\"Geschrieben von\" \/>\n\t<meta name=\"twitter:data1\" content=\"meteomara\" \/>\n\t<meta name=\"twitter:label2\" content=\"Gesch\u00e4tzte Lesezeit\" \/>\n\t<meta name=\"twitter:data2\" content=\"1\u00a0Minute\" \/>\n<script type=\"application\/ld+json\" class=\"yoast-schema-graph\">{\"@context\":\"https:\/\/schema.org\",\"@graph\":[{\"@type\":\"Article\",\"@id\":\"https:\/\/www.wetter-center.de\/blog\/ist-das-geheimnis-der-sonnenflecken-geluftet\/#article\",\"isPartOf\":{\"@id\":\"https:\/\/www.wetter-center.de\/blog\/ist-das-geheimnis-der-sonnenflecken-geluftet\/\"},\"author\":{\"name\":\"meteomara\",\"@id\":\"https:\/\/www.wetter-center.de\/blog\/#\/schema\/person\/6c69612ad4763a699cd157cfbbfa6667\"},\"headline\":\"Ist das Geheimnis der Sonnenflecken gel\u00fcftet?\",\"datePublished\":\"2011-03-07T22:21:36+00:00\",\"dateModified\":\"2011-03-07T22:23:28+00:00\",\"mainEntityOfPage\":{\"@id\":\"https:\/\/www.wetter-center.de\/blog\/ist-das-geheimnis-der-sonnenflecken-geluftet\/\"},\"wordCount\":221,\"commentCount\":2,\"publisher\":{\"@id\":\"https:\/\/www.wetter-center.de\/blog\/#\/schema\/person\/6c69612ad4763a699cd157cfbbfa6667\"},\"image\":{\"@id\":\"https:\/\/www.wetter-center.de\/blog\/ist-das-geheimnis-der-sonnenflecken-geluftet\/#primaryimage\"},\"thumbnailUrl\":\"http:\/\/www.wetter-center.de\/blog\/wp-content\/uploads\/2011\/03\/f_hmimag_171_1024.jpg\",\"inLanguage\":\"de\",\"potentialAction\":[{\"@type\":\"CommentAction\",\"name\":\"Comment\",\"target\":[\"https:\/\/www.wetter-center.de\/blog\/ist-das-geheimnis-der-sonnenflecken-geluftet\/#respond\"]}]},{\"@type\":\"WebPage\",\"@id\":\"https:\/\/www.wetter-center.de\/blog\/ist-das-geheimnis-der-sonnenflecken-geluftet\/\",\"url\":\"https:\/\/www.wetter-center.de\/blog\/ist-das-geheimnis-der-sonnenflecken-geluftet\/\",\"name\":\"Ist das Geheimnis der Sonnenflecken gel\u00fcftet? - Wetter-Center.de\",\"isPartOf\":{\"@id\":\"https:\/\/www.wetter-center.de\/blog\/#website\"},\"primaryImageOfPage\":{\"@id\":\"https:\/\/www.wetter-center.de\/blog\/ist-das-geheimnis-der-sonnenflecken-geluftet\/#primaryimage\"},\"image\":{\"@id\":\"https:\/\/www.wetter-center.de\/blog\/ist-das-geheimnis-der-sonnenflecken-geluftet\/#primaryimage\"},\"thumbnailUrl\":\"http:\/\/www.wetter-center.de\/blog\/wp-content\/uploads\/2011\/03\/f_hmimag_171_1024.jpg\",\"datePublished\":\"2011-03-07T22:21:36+00:00\",\"dateModified\":\"2011-03-07T22:23:28+00:00\",\"breadcrumb\":{\"@id\":\"https:\/\/www.wetter-center.de\/blog\/ist-das-geheimnis-der-sonnenflecken-geluftet\/#breadcrumb\"},\"inLanguage\":\"de\",\"potentialAction\":[{\"@type\":\"ReadAction\",\"target\":[\"https:\/\/www.wetter-center.de\/blog\/ist-das-geheimnis-der-sonnenflecken-geluftet\/\"]}]},{\"@type\":\"ImageObject\",\"inLanguage\":\"de\",\"@id\":\"https:\/\/www.wetter-center.de\/blog\/ist-das-geheimnis-der-sonnenflecken-geluftet\/#primaryimage\",\"url\":\"http:\/\/www.wetter-center.de\/blog\/wp-content\/uploads\/2011\/03\/f_hmimag_171_1024.jpg\",\"contentUrl\":\"http:\/\/www.wetter-center.de\/blog\/wp-content\/uploads\/2011\/03\/f_hmimag_171_1024.jpg\"},{\"@type\":\"BreadcrumbList\",\"@id\":\"https:\/\/www.wetter-center.de\/blog\/ist-das-geheimnis-der-sonnenflecken-geluftet\/#breadcrumb\",\"itemListElement\":[{\"@type\":\"ListItem\",\"position\":1,\"name\":\"Startseite\",\"item\":\"https:\/\/www.wetter-center.de\/blog\/\"},{\"@type\":\"ListItem\",\"position\":2,\"name\":\"Ist das Geheimnis der Sonnenflecken gel\u00fcftet?\"}]},{\"@type\":\"WebSite\",\"@id\":\"https:\/\/www.wetter-center.de\/blog\/#website\",\"url\":\"https:\/\/www.wetter-center.de\/blog\/\",\"name\":\"Wetter-Center.de\",\"description\":\"\",\"publisher\":{\"@id\":\"https:\/\/www.wetter-center.de\/blog\/#\/schema\/person\/6c69612ad4763a699cd157cfbbfa6667\"},\"potentialAction\":[{\"@type\":\"SearchAction\",\"target\":{\"@type\":\"EntryPoint\",\"urlTemplate\":\"https:\/\/www.wetter-center.de\/blog\/?s={search_term_string}\"},\"query-input\":{\"@type\":\"PropertyValueSpecification\",\"valueRequired\":true,\"valueName\":\"search_term_string\"}}],\"inLanguage\":\"de\"},{\"@type\":[\"Person\",\"Organization\"],\"@id\":\"https:\/\/www.wetter-center.de\/blog\/#\/schema\/person\/6c69612ad4763a699cd157cfbbfa6667\",\"name\":\"meteomara\",\"image\":{\"@type\":\"ImageObject\",\"inLanguage\":\"de\",\"@id\":\"https:\/\/www.wetter-center.de\/blog\/#\/schema\/person\/image\/\",\"url\":\"https:\/\/www.wetter-center.de\/blog\/wp-content\/uploads\/2022\/08\/sky-1551171_1280.jpg\",\"contentUrl\":\"https:\/\/www.wetter-center.de\/blog\/wp-content\/uploads\/2022\/08\/sky-1551171_1280.jpg\",\"width\":1280,\"height\":643,\"caption\":\"meteomara\"},\"logo\":{\"@id\":\"https:\/\/www.wetter-center.de\/blog\/#\/schema\/person\/image\/\"},\"sameAs\":[\"https:\/\/www.facebook.com\/WetterUndKlima\",\"https:\/\/www.instagram.com\/wettercenterde\/\",\"https:\/\/x.com\/https:\/\/twitter.com\/meteomara\"],\"url\":\"https:\/\/www.wetter-center.de\/blog\/author\/meteomara\/\"}]}<\/script>\n<!-- \/ Yoast SEO plugin. -->","yoast_head_json":{"title":"Ist das Geheimnis der Sonnenflecken gel\u00fcftet? - Wetter-Center.de","robots":{"index":"index","follow":"follow","max-snippet":"max-snippet:-1","max-image-preview":"max-image-preview:large","max-video-preview":"max-video-preview:-1"},"canonical":"https:\/\/www.wetter-center.de\/blog\/ist-das-geheimnis-der-sonnenflecken-geluftet\/","og_locale":"de_DE","og_type":"article","og_title":"Ist das Geheimnis der Sonnenflecken gel\u00fcftet? - Wetter-Center.de","og_description":"Wissenschaftler der Montana State University haben vermutlich eine Erkl\u00e4rung f\u00fcr die zur\u00fcckliegende lange Zeit ohne Sonnenflecken gefunden. Die Aktivit\u00e4t der Sonne hat einen etwa 11-j\u00e4hrigen Zyklus, der sich auch anhand der Anzahl der Sonnenflecken&#46;&#46;&#46;","og_url":"https:\/\/www.wetter-center.de\/blog\/ist-das-geheimnis-der-sonnenflecken-geluftet\/","og_site_name":"Wetter-Center.de","article_publisher":"https:\/\/www.facebook.com\/WetterUndKlima","article_author":"https:\/\/www.facebook.com\/WetterUndKlima","article_published_time":"2011-03-07T22:21:36+00:00","article_modified_time":"2011-03-07T22:23:28+00:00","og_image":[{"url":"http:\/\/www.wetter-center.de\/blog\/wp-content\/uploads\/2011\/03\/f_hmimag_171_1024.jpg","type":"","width":"","height":""}],"author":"meteomara","twitter_card":"summary_large_image","twitter_creator":"@https:\/\/twitter.com\/meteomara","twitter_site":"@meteomara","twitter_misc":{"Geschrieben von":"meteomara","Gesch\u00e4tzte Lesezeit":"1\u00a0Minute"},"schema":{"@context":"https:\/\/schema.org","@graph":[{"@type":"Article","@id":"https:\/\/www.wetter-center.de\/blog\/ist-das-geheimnis-der-sonnenflecken-geluftet\/#article","isPartOf":{"@id":"https:\/\/www.wetter-center.de\/blog\/ist-das-geheimnis-der-sonnenflecken-geluftet\/"},"author":{"name":"meteomara","@id":"https:\/\/www.wetter-center.de\/blog\/#\/schema\/person\/6c69612ad4763a699cd157cfbbfa6667"},"headline":"Ist das Geheimnis der Sonnenflecken gel\u00fcftet?","datePublished":"2011-03-07T22:21:36+00:00","dateModified":"2011-03-07T22:23:28+00:00","mainEntityOfPage":{"@id":"https:\/\/www.wetter-center.de\/blog\/ist-das-geheimnis-der-sonnenflecken-geluftet\/"},"wordCount":221,"commentCount":2,"publisher":{"@id":"https:\/\/www.wetter-center.de\/blog\/#\/schema\/person\/6c69612ad4763a699cd157cfbbfa6667"},"image":{"@id":"https:\/\/www.wetter-center.de\/blog\/ist-das-geheimnis-der-sonnenflecken-geluftet\/#primaryimage"},"thumbnailUrl":"http:\/\/www.wetter-center.de\/blog\/wp-content\/uploads\/2011\/03\/f_hmimag_171_1024.jpg","inLanguage":"de","potentialAction":[{"@type":"CommentAction","name":"Comment","target":["https:\/\/www.wetter-center.de\/blog\/ist-das-geheimnis-der-sonnenflecken-geluftet\/#respond"]}]},{"@type":"WebPage","@id":"https:\/\/www.wetter-center.de\/blog\/ist-das-geheimnis-der-sonnenflecken-geluftet\/","url":"https:\/\/www.wetter-center.de\/blog\/ist-das-geheimnis-der-sonnenflecken-geluftet\/","name":"Ist das Geheimnis der Sonnenflecken gel\u00fcftet? - Wetter-Center.de","isPartOf":{"@id":"https:\/\/www.wetter-center.de\/blog\/#website"},"primaryImageOfPage":{"@id":"https:\/\/www.wetter-center.de\/blog\/ist-das-geheimnis-der-sonnenflecken-geluftet\/#primaryimage"},"image":{"@id":"https:\/\/www.wetter-center.de\/blog\/ist-das-geheimnis-der-sonnenflecken-geluftet\/#primaryimage"},"thumbnailUrl":"http:\/\/www.wetter-center.de\/blog\/wp-content\/uploads\/2011\/03\/f_hmimag_171_1024.jpg","datePublished":"2011-03-07T22:21:36+00:00","dateModified":"2011-03-07T22:23:28+00:00","breadcrumb":{"@id":"https:\/\/www.wetter-center.de\/blog\/ist-das-geheimnis-der-sonnenflecken-geluftet\/#breadcrumb"},"inLanguage":"de","potentialAction":[{"@type":"ReadAction","target":["https:\/\/www.wetter-center.de\/blog\/ist-das-geheimnis-der-sonnenflecken-geluftet\/"]}]},{"@type":"ImageObject","inLanguage":"de","@id":"https:\/\/www.wetter-center.de\/blog\/ist-das-geheimnis-der-sonnenflecken-geluftet\/#primaryimage","url":"http:\/\/www.wetter-center.de\/blog\/wp-content\/uploads\/2011\/03\/f_hmimag_171_1024.jpg","contentUrl":"http:\/\/www.wetter-center.de\/blog\/wp-content\/uploads\/2011\/03\/f_hmimag_171_1024.jpg"},{"@type":"BreadcrumbList","@id":"https:\/\/www.wetter-center.de\/blog\/ist-das-geheimnis-der-sonnenflecken-geluftet\/#breadcrumb","itemListElement":[{"@type":"ListItem","position":1,"name":"Startseite","item":"https:\/\/www.wetter-center.de\/blog\/"},{"@type":"ListItem","position":2,"name":"Ist das Geheimnis der Sonnenflecken gel\u00fcftet?"}]},{"@type":"WebSite","@id":"https:\/\/www.wetter-center.de\/blog\/#website","url":"https:\/\/www.wetter-center.de\/blog\/","name":"Wetter-Center.de","description":"","publisher":{"@id":"https:\/\/www.wetter-center.de\/blog\/#\/schema\/person\/6c69612ad4763a699cd157cfbbfa6667"},"potentialAction":[{"@type":"SearchAction","target":{"@type":"EntryPoint","urlTemplate":"https:\/\/www.wetter-center.de\/blog\/?s={search_term_string}"},"query-input":{"@type":"PropertyValueSpecification","valueRequired":true,"valueName":"search_term_string"}}],"inLanguage":"de"},{"@type":["Person","Organization"],"@id":"https:\/\/www.wetter-center.de\/blog\/#\/schema\/person\/6c69612ad4763a699cd157cfbbfa6667","name":"meteomara","image":{"@type":"ImageObject","inLanguage":"de","@id":"https:\/\/www.wetter-center.de\/blog\/#\/schema\/person\/image\/","url":"https:\/\/www.wetter-center.de\/blog\/wp-content\/uploads\/2022\/08\/sky-1551171_1280.jpg","contentUrl":"https:\/\/www.wetter-center.de\/blog\/wp-content\/uploads\/2022\/08\/sky-1551171_1280.jpg","width":1280,"height":643,"caption":"meteomara"},"logo":{"@id":"https:\/\/www.wetter-center.de\/blog\/#\/schema\/person\/image\/"},"sameAs":["https:\/\/www.facebook.com\/WetterUndKlima","https:\/\/www.instagram.com\/wettercenterde\/","https:\/\/x.com\/https:\/\/twitter.com\/meteomara"],"url":"https:\/\/www.wetter-center.de\/blog\/author\/meteomara\/"}]}},"amp_enabled":true,"_links":{"self":[{"href":"https:\/\/www.wetter-center.de\/blog\/wp-json\/wp\/v2\/posts\/392","targetHints":{"allow":["GET"]}}],"collection":[{"href":"https:\/\/www.wetter-center.de\/blog\/wp-json\/wp\/v2\/posts"}],"about":[{"href":"https:\/\/www.wetter-center.de\/blog\/wp-json\/wp\/v2\/types\/post"}],"author":[{"embeddable":true,"href":"https:\/\/www.wetter-center.de\/blog\/wp-json\/wp\/v2\/users\/1"}],"replies":[{"embeddable":true,"href":"https:\/\/www.wetter-center.de\/blog\/wp-json\/wp\/v2\/comments?post=392"}],"version-history":[{"count":0,"href":"https:\/\/www.wetter-center.de\/blog\/wp-json\/wp\/v2\/posts\/392\/revisions"}],"wp:attachment":[{"href":"https:\/\/www.wetter-center.de\/blog\/wp-json\/wp\/v2\/media?parent=392"}],"wp:term":[{"taxonomy":"category","embeddable":true,"href":"https:\/\/www.wetter-center.de\/blog\/wp-json\/wp\/v2\/categories?post=392"},{"taxonomy":"post_tag","embeddable":true,"href":"https:\/\/www.wetter-center.de\/blog\/wp-json\/wp\/v2\/tags?post=392"}],"curies":[{"name":"wp","href":"https:\/\/api.w.org\/{rel}","templated":true}]}}