{"id":363,"date":"2010-12-06T22:43:52","date_gmt":"2010-12-06T21:43:52","guid":{"rendered":"http:\/\/www.wetter-center.de\/blog\/?p=363"},"modified":"2010-12-06T22:50:55","modified_gmt":"2010-12-06T21:50:55","slug":"klimaschadliche-anasthesie","status":"publish","type":"post","link":"https:\/\/www.wetter-center.de\/blog\/klimaschadliche-anasthesie\/","title":{"rendered":"Klimasch\u00e4dliche An\u00e4sthesie"},"content":{"rendered":"<p>In einem gemeinsamen <a href=\"http:\/\/www.sciencedaily.com\/releases\/2010\/12\/101203081644.htm\" target=\"_blank\">Forschungsprojekt <\/a>der Universit\u00e4t von Kopenhagen, der NASA und der University of Michigan Medical School haben Wissenschaftler die Klimasch\u00e4dlichkeit von Gasen untersucht, die in der Medizin f\u00fcr die <a href=\"http:\/\/de.wikipedia.org\/wiki\/An%C3%A4sthesie\" target=\"_blank\">An\u00e4sthesie<\/a> genutzt werden: <a href=\"http:\/\/de.wikipedia.org\/wiki\/Isofluran\" target=\"_blank\">Isufluran<\/a>, <a href=\"http:\/\/de.wikipedia.org\/wiki\/Sevofluran\" target=\"_blank\">Sevufloran<\/a> und <a href=\"http:\/\/de.wikipedia.org\/wiki\/Desfluran\" target=\"_blank\">Desfluran<\/a>. Diese drei Gase sind weit verbreitet in der An\u00e4sthesie, haben aber ein sehr unterschiedliches Treibhauspotenzial.<\/p>\n<p><img decoding=\"async\" src=\"http:\/\/www.wetter-center.de\/blog\/wp-content\/uploads\/2010\/12\/443737978_83a41823e2.jpg\" title=\"Operationssaal\" alt=\"Operationssaal\" align=\"left\" border=\"0\" hspace=\"5\" width=\"260\" \/> W\u00e4hrend ein Kilogramm Isufloran die gleiche Wirkung auf das Klimasystem hat wie <strong>210 <\/strong>Kilogramm Kohlendioxid, betr\u00e4gt der Faktor bei Sevufloran schon <strong>510<\/strong>. Noch extremer sieht es mit Desfluran aus, ein Kilogramm dieses Gases tr\u00e4gt zur <a href=\"http:\/\/www.wetter-center.de\/blog\/?p=332\">Globalen Erw\u00e4rmung<\/a> bei wie <strong>1.620<\/strong> Kilogramm Kohlendioxid.<\/p>\n<p>Zwar ben\u00f6tigt man f\u00fcr eine einzelne Operation keine gro\u00dfe Menge Gas, allerdings ist alleine in den USA der gesamte Einsatz von An\u00e4sthetika f\u00fcr Operationen genauso klimasch\u00e4dlich wie die Abgase von <strong>einer Million Autos<\/strong>.<\/p>\n<p>Die drei untersuchten Gase z\u00e4hlen zur Gruppe der mehrfach <strong>halogenierten<\/strong> Stoffe, da jedes ihrer Molek\u00fcle mehrere Fluor-Atome enth\u00e4lt. Halogenierte Gase haben bereits in den 1980er Jahren negative Schlagzeilen gemacht.<\/p>\n<p>Damals entdeckte man, dass die Flurchlorkohlenwasserstoffe (FCKW), die vor allem in K\u00fchlschr\u00e4nken verwendet wurden, f\u00fcr die Entstehung des <a href=\"http:\/\/www.wetter-center.de\/blog\/?p=76\">Ozonlochs<\/a> verantwortlich waren. Die FCKW haben \u00fcbrigens auch ein sehr hohes Treibhauspotenzial, der bei einigen Gasen den Faktor 11.000 erreicht.<\/p>\n<p><font size=\"-2\">(Foto von <a href=\"http:\/\/www.flickr.com\/photos\/kubina\">Jeff Kubina<\/a>. <a href=\"http:\/\/creativecommons.org\/licenses\/by-sa\/2.0\/deed.de\">Bestimmte Rechte vorbehalten<\/a>.)<\/font><\/p>\n","protected":false},"excerpt":{"rendered":"<p>In einem gemeinsamen Forschungsprojekt der Universit\u00e4t von Kopenhagen, der NASA und der University of Michigan Medical School haben Wissenschaftler die Klimasch\u00e4dlichkeit von Gasen untersucht, die in der Medizin f\u00fcr die An\u00e4sthesie genutzt werden: Isufluran,&#46;&#46;&#46;<\/p>\n","protected":false},"author":1,"featured_media":0,"comment_status":"open","ping_status":"open","sticky":false,"template":"","format":"standard","meta":{"footnotes":""},"categories":[],"tags":[],"class_list":["post-363","post","type-post","status-publish","format-standard","hentry"],"yoast_head":"<!-- This site is optimized with the Yoast SEO plugin v25.5 - https:\/\/yoast.com\/wordpress\/plugins\/seo\/ -->\n<title>Klimasch\u00e4dliche An\u00e4sthesie - Wetter-Center.de<\/title>\n<meta name=\"robots\" content=\"index, follow, max-snippet:-1, max-image-preview:large, max-video-preview:-1\" \/>\n<link rel=\"canonical\" href=\"https:\/\/www.wetter-center.de\/blog\/klimaschadliche-anasthesie\/\" \/>\n<meta property=\"og:locale\" content=\"de_DE\" \/>\n<meta property=\"og:type\" content=\"article\" \/>\n<meta property=\"og:title\" content=\"Klimasch\u00e4dliche An\u00e4sthesie - Wetter-Center.de\" \/>\n<meta property=\"og:description\" content=\"In einem gemeinsamen Forschungsprojekt der Universit\u00e4t von Kopenhagen, der NASA und der University of Michigan Medical School haben Wissenschaftler die Klimasch\u00e4dlichkeit von Gasen untersucht, die in der Medizin f\u00fcr die An\u00e4sthesie genutzt werden: Isufluran,&#046;&#046;&#046;\" \/>\n<meta property=\"og:url\" content=\"https:\/\/www.wetter-center.de\/blog\/klimaschadliche-anasthesie\/\" \/>\n<meta property=\"og:site_name\" content=\"Wetter-Center.de\" \/>\n<meta property=\"article:publisher\" content=\"https:\/\/www.facebook.com\/WetterUndKlima\" \/>\n<meta property=\"article:author\" content=\"https:\/\/www.facebook.com\/WetterUndKlima\" \/>\n<meta property=\"article:published_time\" content=\"2010-12-06T21:43:52+00:00\" \/>\n<meta property=\"article:modified_time\" content=\"2010-12-06T21:50:55+00:00\" \/>\n<meta property=\"og:image\" content=\"http:\/\/www.wetter-center.de\/blog\/wp-content\/uploads\/2010\/12\/443737978_83a41823e2.jpg\" \/>\n<meta name=\"author\" content=\"meteomara\" \/>\n<meta name=\"twitter:card\" content=\"summary_large_image\" \/>\n<meta name=\"twitter:creator\" content=\"@https:\/\/twitter.com\/meteomara\" \/>\n<meta name=\"twitter:site\" content=\"@meteomara\" \/>\n<meta name=\"twitter:label1\" content=\"Geschrieben von\" \/>\n\t<meta name=\"twitter:data1\" content=\"meteomara\" \/>\n\t<meta name=\"twitter:label2\" content=\"Gesch\u00e4tzte Lesezeit\" \/>\n\t<meta name=\"twitter:data2\" content=\"1\u00a0Minute\" \/>\n<script type=\"application\/ld+json\" class=\"yoast-schema-graph\">{\"@context\":\"https:\/\/schema.org\",\"@graph\":[{\"@type\":\"Article\",\"@id\":\"https:\/\/www.wetter-center.de\/blog\/klimaschadliche-anasthesie\/#article\",\"isPartOf\":{\"@id\":\"https:\/\/www.wetter-center.de\/blog\/klimaschadliche-anasthesie\/\"},\"author\":{\"name\":\"meteomara\",\"@id\":\"https:\/\/www.wetter-center.de\/blog\/#\/schema\/person\/6c69612ad4763a699cd157cfbbfa6667\"},\"headline\":\"Klimasch\u00e4dliche An\u00e4sthesie\",\"datePublished\":\"2010-12-06T21:43:52+00:00\",\"dateModified\":\"2010-12-06T21:50:55+00:00\",\"mainEntityOfPage\":{\"@id\":\"https:\/\/www.wetter-center.de\/blog\/klimaschadliche-anasthesie\/\"},\"wordCount\":222,\"commentCount\":0,\"publisher\":{\"@id\":\"https:\/\/www.wetter-center.de\/blog\/#\/schema\/person\/6c69612ad4763a699cd157cfbbfa6667\"},\"image\":{\"@id\":\"https:\/\/www.wetter-center.de\/blog\/klimaschadliche-anasthesie\/#primaryimage\"},\"thumbnailUrl\":\"http:\/\/www.wetter-center.de\/blog\/wp-content\/uploads\/2010\/12\/443737978_83a41823e2.jpg\",\"inLanguage\":\"de\",\"potentialAction\":[{\"@type\":\"CommentAction\",\"name\":\"Comment\",\"target\":[\"https:\/\/www.wetter-center.de\/blog\/klimaschadliche-anasthesie\/#respond\"]}]},{\"@type\":\"WebPage\",\"@id\":\"https:\/\/www.wetter-center.de\/blog\/klimaschadliche-anasthesie\/\",\"url\":\"https:\/\/www.wetter-center.de\/blog\/klimaschadliche-anasthesie\/\",\"name\":\"Klimasch\u00e4dliche An\u00e4sthesie - Wetter-Center.de\",\"isPartOf\":{\"@id\":\"https:\/\/www.wetter-center.de\/blog\/#website\"},\"primaryImageOfPage\":{\"@id\":\"https:\/\/www.wetter-center.de\/blog\/klimaschadliche-anasthesie\/#primaryimage\"},\"image\":{\"@id\":\"https:\/\/www.wetter-center.de\/blog\/klimaschadliche-anasthesie\/#primaryimage\"},\"thumbnailUrl\":\"http:\/\/www.wetter-center.de\/blog\/wp-content\/uploads\/2010\/12\/443737978_83a41823e2.jpg\",\"datePublished\":\"2010-12-06T21:43:52+00:00\",\"dateModified\":\"2010-12-06T21:50:55+00:00\",\"breadcrumb\":{\"@id\":\"https:\/\/www.wetter-center.de\/blog\/klimaschadliche-anasthesie\/#breadcrumb\"},\"inLanguage\":\"de\",\"potentialAction\":[{\"@type\":\"ReadAction\",\"target\":[\"https:\/\/www.wetter-center.de\/blog\/klimaschadliche-anasthesie\/\"]}]},{\"@type\":\"ImageObject\",\"inLanguage\":\"de\",\"@id\":\"https:\/\/www.wetter-center.de\/blog\/klimaschadliche-anasthesie\/#primaryimage\",\"url\":\"http:\/\/www.wetter-center.de\/blog\/wp-content\/uploads\/2010\/12\/443737978_83a41823e2.jpg\",\"contentUrl\":\"http:\/\/www.wetter-center.de\/blog\/wp-content\/uploads\/2010\/12\/443737978_83a41823e2.jpg\"},{\"@type\":\"BreadcrumbList\",\"@id\":\"https:\/\/www.wetter-center.de\/blog\/klimaschadliche-anasthesie\/#breadcrumb\",\"itemListElement\":[{\"@type\":\"ListItem\",\"position\":1,\"name\":\"Startseite\",\"item\":\"https:\/\/www.wetter-center.de\/blog\/\"},{\"@type\":\"ListItem\",\"position\":2,\"name\":\"Klimasch\u00e4dliche An\u00e4sthesie\"}]},{\"@type\":\"WebSite\",\"@id\":\"https:\/\/www.wetter-center.de\/blog\/#website\",\"url\":\"https:\/\/www.wetter-center.de\/blog\/\",\"name\":\"Wetter-Center.de\",\"description\":\"\",\"publisher\":{\"@id\":\"https:\/\/www.wetter-center.de\/blog\/#\/schema\/person\/6c69612ad4763a699cd157cfbbfa6667\"},\"potentialAction\":[{\"@type\":\"SearchAction\",\"target\":{\"@type\":\"EntryPoint\",\"urlTemplate\":\"https:\/\/www.wetter-center.de\/blog\/?s={search_term_string}\"},\"query-input\":{\"@type\":\"PropertyValueSpecification\",\"valueRequired\":true,\"valueName\":\"search_term_string\"}}],\"inLanguage\":\"de\"},{\"@type\":[\"Person\",\"Organization\"],\"@id\":\"https:\/\/www.wetter-center.de\/blog\/#\/schema\/person\/6c69612ad4763a699cd157cfbbfa6667\",\"name\":\"meteomara\",\"image\":{\"@type\":\"ImageObject\",\"inLanguage\":\"de\",\"@id\":\"https:\/\/www.wetter-center.de\/blog\/#\/schema\/person\/image\/\",\"url\":\"https:\/\/www.wetter-center.de\/blog\/wp-content\/uploads\/2022\/08\/sky-1551171_1280.jpg\",\"contentUrl\":\"https:\/\/www.wetter-center.de\/blog\/wp-content\/uploads\/2022\/08\/sky-1551171_1280.jpg\",\"width\":1280,\"height\":643,\"caption\":\"meteomara\"},\"logo\":{\"@id\":\"https:\/\/www.wetter-center.de\/blog\/#\/schema\/person\/image\/\"},\"sameAs\":[\"https:\/\/www.facebook.com\/WetterUndKlima\",\"https:\/\/www.instagram.com\/wettercenterde\/\",\"https:\/\/x.com\/https:\/\/twitter.com\/meteomara\"],\"url\":\"https:\/\/www.wetter-center.de\/blog\/author\/meteomara\/\"}]}<\/script>\n<!-- \/ Yoast SEO plugin. -->","yoast_head_json":{"title":"Klimasch\u00e4dliche An\u00e4sthesie - Wetter-Center.de","robots":{"index":"index","follow":"follow","max-snippet":"max-snippet:-1","max-image-preview":"max-image-preview:large","max-video-preview":"max-video-preview:-1"},"canonical":"https:\/\/www.wetter-center.de\/blog\/klimaschadliche-anasthesie\/","og_locale":"de_DE","og_type":"article","og_title":"Klimasch\u00e4dliche An\u00e4sthesie - Wetter-Center.de","og_description":"In einem gemeinsamen Forschungsprojekt der Universit\u00e4t von Kopenhagen, der NASA und der University of Michigan Medical School haben Wissenschaftler die Klimasch\u00e4dlichkeit von Gasen untersucht, die in der Medizin f\u00fcr die An\u00e4sthesie genutzt werden: Isufluran,&#46;&#46;&#46;","og_url":"https:\/\/www.wetter-center.de\/blog\/klimaschadliche-anasthesie\/","og_site_name":"Wetter-Center.de","article_publisher":"https:\/\/www.facebook.com\/WetterUndKlima","article_author":"https:\/\/www.facebook.com\/WetterUndKlima","article_published_time":"2010-12-06T21:43:52+00:00","article_modified_time":"2010-12-06T21:50:55+00:00","og_image":[{"url":"http:\/\/www.wetter-center.de\/blog\/wp-content\/uploads\/2010\/12\/443737978_83a41823e2.jpg","type":"","width":"","height":""}],"author":"meteomara","twitter_card":"summary_large_image","twitter_creator":"@https:\/\/twitter.com\/meteomara","twitter_site":"@meteomara","twitter_misc":{"Geschrieben von":"meteomara","Gesch\u00e4tzte Lesezeit":"1\u00a0Minute"},"schema":{"@context":"https:\/\/schema.org","@graph":[{"@type":"Article","@id":"https:\/\/www.wetter-center.de\/blog\/klimaschadliche-anasthesie\/#article","isPartOf":{"@id":"https:\/\/www.wetter-center.de\/blog\/klimaschadliche-anasthesie\/"},"author":{"name":"meteomara","@id":"https:\/\/www.wetter-center.de\/blog\/#\/schema\/person\/6c69612ad4763a699cd157cfbbfa6667"},"headline":"Klimasch\u00e4dliche An\u00e4sthesie","datePublished":"2010-12-06T21:43:52+00:00","dateModified":"2010-12-06T21:50:55+00:00","mainEntityOfPage":{"@id":"https:\/\/www.wetter-center.de\/blog\/klimaschadliche-anasthesie\/"},"wordCount":222,"commentCount":0,"publisher":{"@id":"https:\/\/www.wetter-center.de\/blog\/#\/schema\/person\/6c69612ad4763a699cd157cfbbfa6667"},"image":{"@id":"https:\/\/www.wetter-center.de\/blog\/klimaschadliche-anasthesie\/#primaryimage"},"thumbnailUrl":"http:\/\/www.wetter-center.de\/blog\/wp-content\/uploads\/2010\/12\/443737978_83a41823e2.jpg","inLanguage":"de","potentialAction":[{"@type":"CommentAction","name":"Comment","target":["https:\/\/www.wetter-center.de\/blog\/klimaschadliche-anasthesie\/#respond"]}]},{"@type":"WebPage","@id":"https:\/\/www.wetter-center.de\/blog\/klimaschadliche-anasthesie\/","url":"https:\/\/www.wetter-center.de\/blog\/klimaschadliche-anasthesie\/","name":"Klimasch\u00e4dliche An\u00e4sthesie - Wetter-Center.de","isPartOf":{"@id":"https:\/\/www.wetter-center.de\/blog\/#website"},"primaryImageOfPage":{"@id":"https:\/\/www.wetter-center.de\/blog\/klimaschadliche-anasthesie\/#primaryimage"},"image":{"@id":"https:\/\/www.wetter-center.de\/blog\/klimaschadliche-anasthesie\/#primaryimage"},"thumbnailUrl":"http:\/\/www.wetter-center.de\/blog\/wp-content\/uploads\/2010\/12\/443737978_83a41823e2.jpg","datePublished":"2010-12-06T21:43:52+00:00","dateModified":"2010-12-06T21:50:55+00:00","breadcrumb":{"@id":"https:\/\/www.wetter-center.de\/blog\/klimaschadliche-anasthesie\/#breadcrumb"},"inLanguage":"de","potentialAction":[{"@type":"ReadAction","target":["https:\/\/www.wetter-center.de\/blog\/klimaschadliche-anasthesie\/"]}]},{"@type":"ImageObject","inLanguage":"de","@id":"https:\/\/www.wetter-center.de\/blog\/klimaschadliche-anasthesie\/#primaryimage","url":"http:\/\/www.wetter-center.de\/blog\/wp-content\/uploads\/2010\/12\/443737978_83a41823e2.jpg","contentUrl":"http:\/\/www.wetter-center.de\/blog\/wp-content\/uploads\/2010\/12\/443737978_83a41823e2.jpg"},{"@type":"BreadcrumbList","@id":"https:\/\/www.wetter-center.de\/blog\/klimaschadliche-anasthesie\/#breadcrumb","itemListElement":[{"@type":"ListItem","position":1,"name":"Startseite","item":"https:\/\/www.wetter-center.de\/blog\/"},{"@type":"ListItem","position":2,"name":"Klimasch\u00e4dliche An\u00e4sthesie"}]},{"@type":"WebSite","@id":"https:\/\/www.wetter-center.de\/blog\/#website","url":"https:\/\/www.wetter-center.de\/blog\/","name":"Wetter-Center.de","description":"","publisher":{"@id":"https:\/\/www.wetter-center.de\/blog\/#\/schema\/person\/6c69612ad4763a699cd157cfbbfa6667"},"potentialAction":[{"@type":"SearchAction","target":{"@type":"EntryPoint","urlTemplate":"https:\/\/www.wetter-center.de\/blog\/?s={search_term_string}"},"query-input":{"@type":"PropertyValueSpecification","valueRequired":true,"valueName":"search_term_string"}}],"inLanguage":"de"},{"@type":["Person","Organization"],"@id":"https:\/\/www.wetter-center.de\/blog\/#\/schema\/person\/6c69612ad4763a699cd157cfbbfa6667","name":"meteomara","image":{"@type":"ImageObject","inLanguage":"de","@id":"https:\/\/www.wetter-center.de\/blog\/#\/schema\/person\/image\/","url":"https:\/\/www.wetter-center.de\/blog\/wp-content\/uploads\/2022\/08\/sky-1551171_1280.jpg","contentUrl":"https:\/\/www.wetter-center.de\/blog\/wp-content\/uploads\/2022\/08\/sky-1551171_1280.jpg","width":1280,"height":643,"caption":"meteomara"},"logo":{"@id":"https:\/\/www.wetter-center.de\/blog\/#\/schema\/person\/image\/"},"sameAs":["https:\/\/www.facebook.com\/WetterUndKlima","https:\/\/www.instagram.com\/wettercenterde\/","https:\/\/x.com\/https:\/\/twitter.com\/meteomara"],"url":"https:\/\/www.wetter-center.de\/blog\/author\/meteomara\/"}]}},"amp_enabled":true,"_links":{"self":[{"href":"https:\/\/www.wetter-center.de\/blog\/wp-json\/wp\/v2\/posts\/363","targetHints":{"allow":["GET"]}}],"collection":[{"href":"https:\/\/www.wetter-center.de\/blog\/wp-json\/wp\/v2\/posts"}],"about":[{"href":"https:\/\/www.wetter-center.de\/blog\/wp-json\/wp\/v2\/types\/post"}],"author":[{"embeddable":true,"href":"https:\/\/www.wetter-center.de\/blog\/wp-json\/wp\/v2\/users\/1"}],"replies":[{"embeddable":true,"href":"https:\/\/www.wetter-center.de\/blog\/wp-json\/wp\/v2\/comments?post=363"}],"version-history":[{"count":0,"href":"https:\/\/www.wetter-center.de\/blog\/wp-json\/wp\/v2\/posts\/363\/revisions"}],"wp:attachment":[{"href":"https:\/\/www.wetter-center.de\/blog\/wp-json\/wp\/v2\/media?parent=363"}],"wp:term":[{"taxonomy":"category","embeddable":true,"href":"https:\/\/www.wetter-center.de\/blog\/wp-json\/wp\/v2\/categories?post=363"},{"taxonomy":"post_tag","embeddable":true,"href":"https:\/\/www.wetter-center.de\/blog\/wp-json\/wp\/v2\/tags?post=363"}],"curies":[{"name":"wp","href":"https:\/\/api.w.org\/{rel}","templated":true}]}}