{"id":350,"date":"2010-10-11T23:02:09","date_gmt":"2010-10-11T22:02:09","guid":{"rendered":"http:\/\/www.wetter-center.de\/blog\/?p=350"},"modified":"2010-10-11T23:26:32","modified_gmt":"2010-10-11T22:26:32","slug":"messungen-bestatigen-klimawandel-trocknet-boden-aus","status":"publish","type":"post","link":"https:\/\/www.wetter-center.de\/blog\/messungen-bestatigen-klimawandel-trocknet-boden-aus\/","title":{"rendered":"Messungen best\u00e4tigen: Klimawandel trocknet B\u00f6den aus"},"content":{"rendered":"<p>Was Klimamodelle schon lange vermuten lie\u00dfen, konnte jetzt mit Hilfe globaler Messungen best\u00e4tigt werden: Die sogenannte <strong>Evapotranspiration<\/strong>, also die Verdunstung und Transpiration der <strong>Vegetation <\/strong>oder anders ausgedr\u00fcckt, der <strong>Wassertransport<\/strong> vom Land in die Atmosph\u00e4re nimmt mit steigenden Temperaturen zu.<\/p>\n<p><img decoding=\"async\" src=\"http:\/\/www.wetter-center.de\/blog\/wp-content\/uploads\/2010\/07\/duerre.JPG\" title=\"D\u00fcrre\" alt=\"D\u00fcrre\" align=\"left\" hspace=\"5\" width=\"250\" \/><\/p>\n<p>An der <a href=\"http:\/\/www.sciencedaily.com\/releases\/2010\/10\/101010133630.htm\" target=\"_blank\">Studie<\/a> waren Forschungsinstitute aus Deutschland, der Schweiz und den USA  beteiligt, die Daten des <a href=\"http:\/\/www.fluxnet.ornl.gov\" target=\"_blank\">FLUXNET<\/a> ausgewertet haben. Dies ist ein Netzwerk von derzeit rund <strong>500 Messstationen<\/strong> weltweit, das zur \u00dcberwachung des Kohlendioxid-, Wasser- und Energiekreislaufes errichtet wurde.<\/p>\n<p>Die Forscher fanden, dass von 1982 bis 1997 die <strong>Verdunstungsrate<\/strong> jedes Jahr im Mittel um etwa <strong>7 Liter pro Quadratmeter<\/strong> anstieg.<\/p>\n<p>Zwei Ergebnisse haben die Wissenschaftler jedoch \u00fcberrascht: Im S\u00fcdwesten  Afrikas, gro\u00dfen Teilen Australiens und S\u00fcdamerikas sowie in Teilen Zentralindiens und Indonesiens konnte eine besonders <strong>starke Austrocknung<\/strong> der B\u00f6den festgestellt werden. Warum, ist nicht sicher, ebenso, dass <strong>seit 1998<\/strong> die Verdunstungsrate nur noch sehr langsam ansteigt.<\/p>\n<p>Zwei Erkl\u00e4rungen sind daf\u00fcr denkbar. Entweder ist dies eine <strong>nat\u00fcrliche Variation<\/strong> im Klimasystem (im Jahre 1998 gab es auch ein starkes <a href=\"http:\/\/www.wetter-center.de\/blog\/?p=340\">El-Nino-Ereignis<\/a>) oder die Beschleunigung des <strong>Wasserkreislaufs<\/strong> hat eine Grenze erreicht.<\/p>\n<p>Ist letzteres der Fall, drohen <strong>ernste Konsequenzen<\/strong>: Sollte die <a href=\"http:\/\/www.wetter-center.de\/blog\/?p=332\">Globale Erw\u00e4rmung<\/a> weitergehen, aber der Wasserkreislauf sich nicht weiter beschleunigen, bedeutet dies eine <strong>weitere Austrocknung<\/strong> von B\u00f6den. Vegetation, die zum Abbau des Kohlendioxids ben\u00f6tigt wird, geht dann zur\u00fcck und die trockenen Landfl\u00e4chen w\u00fcrden sich weiter aufheizen, h\u00e4ufige <a href=\"http:\/\/www.wetter-center.de\/blog\/?p=313\"><strong>Hitzewellen<\/strong><\/a>, <a href=\"http:\/\/www.wetter-center.de\/blog\/?p=325\">D\u00fcrreperioden<\/a> sowie Wald- und <strong>Buschbr\u00e4nde <\/strong>w\u00e4ren die Folge.<\/p>\n<p>Doch ob wirklich mit einem solchen Szenario gerechnet werden muss, werden erst die Messwerte der n\u00e4chsten Jahre zeigen. Denn erst dann kann man sicher sein, dass dies nicht eine nat\u00fcrliche Variation des Klimasystems ist.<\/p>\n<p><font size=\"-2\">Bildquelle: <a href=\"http:\/\/www.flickr.com\/photos\/georgiesharp\/371472003\/\" target=\"_blank\">http:\/\/www.flickr.com\/photos\/georgiesharp\/371472003\/<\/a><\/font><\/p>\n","protected":false},"excerpt":{"rendered":"<p>Was Klimamodelle schon lange vermuten lie\u00dfen, konnte jetzt mit Hilfe globaler Messungen best\u00e4tigt werden: Die sogenannte Evapotranspiration, also die Verdunstung und Transpiration der Vegetation oder anders ausgedr\u00fcckt, der Wassertransport vom Land in die Atmosph\u00e4re&#46;&#46;&#46;<\/p>\n","protected":false},"author":1,"featured_media":0,"comment_status":"open","ping_status":"open","sticky":false,"template":"","format":"standard","meta":{"footnotes":""},"categories":[],"tags":[],"class_list":["post-350","post","type-post","status-publish","format-standard","hentry"],"yoast_head":"<!-- This site is optimized with the Yoast SEO plugin v25.5 - https:\/\/yoast.com\/wordpress\/plugins\/seo\/ -->\n<title>Messungen best\u00e4tigen: Klimawandel trocknet B\u00f6den aus - Wetter-Center.de<\/title>\n<meta name=\"robots\" content=\"index, follow, max-snippet:-1, max-image-preview:large, max-video-preview:-1\" \/>\n<link rel=\"canonical\" href=\"https:\/\/www.wetter-center.de\/blog\/messungen-bestatigen-klimawandel-trocknet-boden-aus\/\" \/>\n<meta property=\"og:locale\" content=\"de_DE\" \/>\n<meta property=\"og:type\" content=\"article\" \/>\n<meta property=\"og:title\" content=\"Messungen best\u00e4tigen: Klimawandel trocknet B\u00f6den aus - Wetter-Center.de\" \/>\n<meta property=\"og:description\" content=\"Was Klimamodelle schon lange vermuten lie\u00dfen, konnte jetzt mit Hilfe globaler Messungen best\u00e4tigt werden: Die sogenannte Evapotranspiration, also die Verdunstung und Transpiration der Vegetation oder anders ausgedr\u00fcckt, der Wassertransport vom Land in die Atmosph\u00e4re&#046;&#046;&#046;\" \/>\n<meta property=\"og:url\" content=\"https:\/\/www.wetter-center.de\/blog\/messungen-bestatigen-klimawandel-trocknet-boden-aus\/\" \/>\n<meta property=\"og:site_name\" content=\"Wetter-Center.de\" \/>\n<meta property=\"article:publisher\" content=\"https:\/\/www.facebook.com\/WetterUndKlima\" \/>\n<meta property=\"article:author\" content=\"https:\/\/www.facebook.com\/WetterUndKlima\" \/>\n<meta property=\"article:published_time\" content=\"2010-10-11T22:02:09+00:00\" \/>\n<meta property=\"article:modified_time\" content=\"2010-10-11T22:26:32+00:00\" \/>\n<meta property=\"og:image\" content=\"http:\/\/www.wetter-center.de\/blog\/wp-content\/uploads\/2010\/07\/duerre.JPG\" \/>\n<meta name=\"author\" content=\"meteomara\" \/>\n<meta name=\"twitter:card\" content=\"summary_large_image\" \/>\n<meta name=\"twitter:creator\" content=\"@https:\/\/twitter.com\/meteomara\" \/>\n<meta name=\"twitter:site\" content=\"@meteomara\" \/>\n<meta name=\"twitter:label1\" content=\"Geschrieben von\" \/>\n\t<meta name=\"twitter:data1\" content=\"meteomara\" \/>\n\t<meta name=\"twitter:label2\" content=\"Gesch\u00e4tzte Lesezeit\" \/>\n\t<meta name=\"twitter:data2\" content=\"1\u00a0Minute\" \/>\n<script type=\"application\/ld+json\" class=\"yoast-schema-graph\">{\"@context\":\"https:\/\/schema.org\",\"@graph\":[{\"@type\":\"Article\",\"@id\":\"https:\/\/www.wetter-center.de\/blog\/messungen-bestatigen-klimawandel-trocknet-boden-aus\/#article\",\"isPartOf\":{\"@id\":\"https:\/\/www.wetter-center.de\/blog\/messungen-bestatigen-klimawandel-trocknet-boden-aus\/\"},\"author\":{\"name\":\"meteomara\",\"@id\":\"https:\/\/www.wetter-center.de\/blog\/#\/schema\/person\/6c69612ad4763a699cd157cfbbfa6667\"},\"headline\":\"Messungen best\u00e4tigen: Klimawandel trocknet B\u00f6den aus\",\"datePublished\":\"2010-10-11T22:02:09+00:00\",\"dateModified\":\"2010-10-11T22:26:32+00:00\",\"mainEntityOfPage\":{\"@id\":\"https:\/\/www.wetter-center.de\/blog\/messungen-bestatigen-klimawandel-trocknet-boden-aus\/\"},\"wordCount\":296,\"commentCount\":2,\"publisher\":{\"@id\":\"https:\/\/www.wetter-center.de\/blog\/#\/schema\/person\/6c69612ad4763a699cd157cfbbfa6667\"},\"image\":{\"@id\":\"https:\/\/www.wetter-center.de\/blog\/messungen-bestatigen-klimawandel-trocknet-boden-aus\/#primaryimage\"},\"thumbnailUrl\":\"http:\/\/www.wetter-center.de\/blog\/wp-content\/uploads\/2010\/07\/duerre.JPG\",\"inLanguage\":\"de\",\"potentialAction\":[{\"@type\":\"CommentAction\",\"name\":\"Comment\",\"target\":[\"https:\/\/www.wetter-center.de\/blog\/messungen-bestatigen-klimawandel-trocknet-boden-aus\/#respond\"]}]},{\"@type\":\"WebPage\",\"@id\":\"https:\/\/www.wetter-center.de\/blog\/messungen-bestatigen-klimawandel-trocknet-boden-aus\/\",\"url\":\"https:\/\/www.wetter-center.de\/blog\/messungen-bestatigen-klimawandel-trocknet-boden-aus\/\",\"name\":\"Messungen best\u00e4tigen: Klimawandel trocknet B\u00f6den aus - Wetter-Center.de\",\"isPartOf\":{\"@id\":\"https:\/\/www.wetter-center.de\/blog\/#website\"},\"primaryImageOfPage\":{\"@id\":\"https:\/\/www.wetter-center.de\/blog\/messungen-bestatigen-klimawandel-trocknet-boden-aus\/#primaryimage\"},\"image\":{\"@id\":\"https:\/\/www.wetter-center.de\/blog\/messungen-bestatigen-klimawandel-trocknet-boden-aus\/#primaryimage\"},\"thumbnailUrl\":\"http:\/\/www.wetter-center.de\/blog\/wp-content\/uploads\/2010\/07\/duerre.JPG\",\"datePublished\":\"2010-10-11T22:02:09+00:00\",\"dateModified\":\"2010-10-11T22:26:32+00:00\",\"breadcrumb\":{\"@id\":\"https:\/\/www.wetter-center.de\/blog\/messungen-bestatigen-klimawandel-trocknet-boden-aus\/#breadcrumb\"},\"inLanguage\":\"de\",\"potentialAction\":[{\"@type\":\"ReadAction\",\"target\":[\"https:\/\/www.wetter-center.de\/blog\/messungen-bestatigen-klimawandel-trocknet-boden-aus\/\"]}]},{\"@type\":\"ImageObject\",\"inLanguage\":\"de\",\"@id\":\"https:\/\/www.wetter-center.de\/blog\/messungen-bestatigen-klimawandel-trocknet-boden-aus\/#primaryimage\",\"url\":\"http:\/\/www.wetter-center.de\/blog\/wp-content\/uploads\/2010\/07\/duerre.JPG\",\"contentUrl\":\"http:\/\/www.wetter-center.de\/blog\/wp-content\/uploads\/2010\/07\/duerre.JPG\"},{\"@type\":\"BreadcrumbList\",\"@id\":\"https:\/\/www.wetter-center.de\/blog\/messungen-bestatigen-klimawandel-trocknet-boden-aus\/#breadcrumb\",\"itemListElement\":[{\"@type\":\"ListItem\",\"position\":1,\"name\":\"Startseite\",\"item\":\"https:\/\/www.wetter-center.de\/blog\/\"},{\"@type\":\"ListItem\",\"position\":2,\"name\":\"Messungen best\u00e4tigen: Klimawandel trocknet B\u00f6den aus\"}]},{\"@type\":\"WebSite\",\"@id\":\"https:\/\/www.wetter-center.de\/blog\/#website\",\"url\":\"https:\/\/www.wetter-center.de\/blog\/\",\"name\":\"Wetter-Center.de\",\"description\":\"\",\"publisher\":{\"@id\":\"https:\/\/www.wetter-center.de\/blog\/#\/schema\/person\/6c69612ad4763a699cd157cfbbfa6667\"},\"potentialAction\":[{\"@type\":\"SearchAction\",\"target\":{\"@type\":\"EntryPoint\",\"urlTemplate\":\"https:\/\/www.wetter-center.de\/blog\/?s={search_term_string}\"},\"query-input\":{\"@type\":\"PropertyValueSpecification\",\"valueRequired\":true,\"valueName\":\"search_term_string\"}}],\"inLanguage\":\"de\"},{\"@type\":[\"Person\",\"Organization\"],\"@id\":\"https:\/\/www.wetter-center.de\/blog\/#\/schema\/person\/6c69612ad4763a699cd157cfbbfa6667\",\"name\":\"meteomara\",\"image\":{\"@type\":\"ImageObject\",\"inLanguage\":\"de\",\"@id\":\"https:\/\/www.wetter-center.de\/blog\/#\/schema\/person\/image\/\",\"url\":\"https:\/\/www.wetter-center.de\/blog\/wp-content\/uploads\/2022\/08\/sky-1551171_1280.jpg\",\"contentUrl\":\"https:\/\/www.wetter-center.de\/blog\/wp-content\/uploads\/2022\/08\/sky-1551171_1280.jpg\",\"width\":1280,\"height\":643,\"caption\":\"meteomara\"},\"logo\":{\"@id\":\"https:\/\/www.wetter-center.de\/blog\/#\/schema\/person\/image\/\"},\"sameAs\":[\"https:\/\/www.facebook.com\/WetterUndKlima\",\"https:\/\/www.instagram.com\/wettercenterde\/\",\"https:\/\/x.com\/https:\/\/twitter.com\/meteomara\"],\"url\":\"https:\/\/www.wetter-center.de\/blog\/author\/meteomara\/\"}]}<\/script>\n<!-- \/ Yoast SEO plugin. -->","yoast_head_json":{"title":"Messungen best\u00e4tigen: Klimawandel trocknet B\u00f6den aus - Wetter-Center.de","robots":{"index":"index","follow":"follow","max-snippet":"max-snippet:-1","max-image-preview":"max-image-preview:large","max-video-preview":"max-video-preview:-1"},"canonical":"https:\/\/www.wetter-center.de\/blog\/messungen-bestatigen-klimawandel-trocknet-boden-aus\/","og_locale":"de_DE","og_type":"article","og_title":"Messungen best\u00e4tigen: Klimawandel trocknet B\u00f6den aus - Wetter-Center.de","og_description":"Was Klimamodelle schon lange vermuten lie\u00dfen, konnte jetzt mit Hilfe globaler Messungen best\u00e4tigt werden: Die sogenannte Evapotranspiration, also die Verdunstung und Transpiration der Vegetation oder anders ausgedr\u00fcckt, der Wassertransport vom Land in die Atmosph\u00e4re&#46;&#46;&#46;","og_url":"https:\/\/www.wetter-center.de\/blog\/messungen-bestatigen-klimawandel-trocknet-boden-aus\/","og_site_name":"Wetter-Center.de","article_publisher":"https:\/\/www.facebook.com\/WetterUndKlima","article_author":"https:\/\/www.facebook.com\/WetterUndKlima","article_published_time":"2010-10-11T22:02:09+00:00","article_modified_time":"2010-10-11T22:26:32+00:00","og_image":[{"url":"http:\/\/www.wetter-center.de\/blog\/wp-content\/uploads\/2010\/07\/duerre.JPG","type":"","width":"","height":""}],"author":"meteomara","twitter_card":"summary_large_image","twitter_creator":"@https:\/\/twitter.com\/meteomara","twitter_site":"@meteomara","twitter_misc":{"Geschrieben von":"meteomara","Gesch\u00e4tzte Lesezeit":"1\u00a0Minute"},"schema":{"@context":"https:\/\/schema.org","@graph":[{"@type":"Article","@id":"https:\/\/www.wetter-center.de\/blog\/messungen-bestatigen-klimawandel-trocknet-boden-aus\/#article","isPartOf":{"@id":"https:\/\/www.wetter-center.de\/blog\/messungen-bestatigen-klimawandel-trocknet-boden-aus\/"},"author":{"name":"meteomara","@id":"https:\/\/www.wetter-center.de\/blog\/#\/schema\/person\/6c69612ad4763a699cd157cfbbfa6667"},"headline":"Messungen best\u00e4tigen: Klimawandel trocknet B\u00f6den aus","datePublished":"2010-10-11T22:02:09+00:00","dateModified":"2010-10-11T22:26:32+00:00","mainEntityOfPage":{"@id":"https:\/\/www.wetter-center.de\/blog\/messungen-bestatigen-klimawandel-trocknet-boden-aus\/"},"wordCount":296,"commentCount":2,"publisher":{"@id":"https:\/\/www.wetter-center.de\/blog\/#\/schema\/person\/6c69612ad4763a699cd157cfbbfa6667"},"image":{"@id":"https:\/\/www.wetter-center.de\/blog\/messungen-bestatigen-klimawandel-trocknet-boden-aus\/#primaryimage"},"thumbnailUrl":"http:\/\/www.wetter-center.de\/blog\/wp-content\/uploads\/2010\/07\/duerre.JPG","inLanguage":"de","potentialAction":[{"@type":"CommentAction","name":"Comment","target":["https:\/\/www.wetter-center.de\/blog\/messungen-bestatigen-klimawandel-trocknet-boden-aus\/#respond"]}]},{"@type":"WebPage","@id":"https:\/\/www.wetter-center.de\/blog\/messungen-bestatigen-klimawandel-trocknet-boden-aus\/","url":"https:\/\/www.wetter-center.de\/blog\/messungen-bestatigen-klimawandel-trocknet-boden-aus\/","name":"Messungen best\u00e4tigen: Klimawandel trocknet B\u00f6den aus - Wetter-Center.de","isPartOf":{"@id":"https:\/\/www.wetter-center.de\/blog\/#website"},"primaryImageOfPage":{"@id":"https:\/\/www.wetter-center.de\/blog\/messungen-bestatigen-klimawandel-trocknet-boden-aus\/#primaryimage"},"image":{"@id":"https:\/\/www.wetter-center.de\/blog\/messungen-bestatigen-klimawandel-trocknet-boden-aus\/#primaryimage"},"thumbnailUrl":"http:\/\/www.wetter-center.de\/blog\/wp-content\/uploads\/2010\/07\/duerre.JPG","datePublished":"2010-10-11T22:02:09+00:00","dateModified":"2010-10-11T22:26:32+00:00","breadcrumb":{"@id":"https:\/\/www.wetter-center.de\/blog\/messungen-bestatigen-klimawandel-trocknet-boden-aus\/#breadcrumb"},"inLanguage":"de","potentialAction":[{"@type":"ReadAction","target":["https:\/\/www.wetter-center.de\/blog\/messungen-bestatigen-klimawandel-trocknet-boden-aus\/"]}]},{"@type":"ImageObject","inLanguage":"de","@id":"https:\/\/www.wetter-center.de\/blog\/messungen-bestatigen-klimawandel-trocknet-boden-aus\/#primaryimage","url":"http:\/\/www.wetter-center.de\/blog\/wp-content\/uploads\/2010\/07\/duerre.JPG","contentUrl":"http:\/\/www.wetter-center.de\/blog\/wp-content\/uploads\/2010\/07\/duerre.JPG"},{"@type":"BreadcrumbList","@id":"https:\/\/www.wetter-center.de\/blog\/messungen-bestatigen-klimawandel-trocknet-boden-aus\/#breadcrumb","itemListElement":[{"@type":"ListItem","position":1,"name":"Startseite","item":"https:\/\/www.wetter-center.de\/blog\/"},{"@type":"ListItem","position":2,"name":"Messungen best\u00e4tigen: Klimawandel trocknet B\u00f6den aus"}]},{"@type":"WebSite","@id":"https:\/\/www.wetter-center.de\/blog\/#website","url":"https:\/\/www.wetter-center.de\/blog\/","name":"Wetter-Center.de","description":"","publisher":{"@id":"https:\/\/www.wetter-center.de\/blog\/#\/schema\/person\/6c69612ad4763a699cd157cfbbfa6667"},"potentialAction":[{"@type":"SearchAction","target":{"@type":"EntryPoint","urlTemplate":"https:\/\/www.wetter-center.de\/blog\/?s={search_term_string}"},"query-input":{"@type":"PropertyValueSpecification","valueRequired":true,"valueName":"search_term_string"}}],"inLanguage":"de"},{"@type":["Person","Organization"],"@id":"https:\/\/www.wetter-center.de\/blog\/#\/schema\/person\/6c69612ad4763a699cd157cfbbfa6667","name":"meteomara","image":{"@type":"ImageObject","inLanguage":"de","@id":"https:\/\/www.wetter-center.de\/blog\/#\/schema\/person\/image\/","url":"https:\/\/www.wetter-center.de\/blog\/wp-content\/uploads\/2022\/08\/sky-1551171_1280.jpg","contentUrl":"https:\/\/www.wetter-center.de\/blog\/wp-content\/uploads\/2022\/08\/sky-1551171_1280.jpg","width":1280,"height":643,"caption":"meteomara"},"logo":{"@id":"https:\/\/www.wetter-center.de\/blog\/#\/schema\/person\/image\/"},"sameAs":["https:\/\/www.facebook.com\/WetterUndKlima","https:\/\/www.instagram.com\/wettercenterde\/","https:\/\/x.com\/https:\/\/twitter.com\/meteomara"],"url":"https:\/\/www.wetter-center.de\/blog\/author\/meteomara\/"}]}},"amp_enabled":true,"_links":{"self":[{"href":"https:\/\/www.wetter-center.de\/blog\/wp-json\/wp\/v2\/posts\/350","targetHints":{"allow":["GET"]}}],"collection":[{"href":"https:\/\/www.wetter-center.de\/blog\/wp-json\/wp\/v2\/posts"}],"about":[{"href":"https:\/\/www.wetter-center.de\/blog\/wp-json\/wp\/v2\/types\/post"}],"author":[{"embeddable":true,"href":"https:\/\/www.wetter-center.de\/blog\/wp-json\/wp\/v2\/users\/1"}],"replies":[{"embeddable":true,"href":"https:\/\/www.wetter-center.de\/blog\/wp-json\/wp\/v2\/comments?post=350"}],"version-history":[{"count":0,"href":"https:\/\/www.wetter-center.de\/blog\/wp-json\/wp\/v2\/posts\/350\/revisions"}],"wp:attachment":[{"href":"https:\/\/www.wetter-center.de\/blog\/wp-json\/wp\/v2\/media?parent=350"}],"wp:term":[{"taxonomy":"category","embeddable":true,"href":"https:\/\/www.wetter-center.de\/blog\/wp-json\/wp\/v2\/categories?post=350"},{"taxonomy":"post_tag","embeddable":true,"href":"https:\/\/www.wetter-center.de\/blog\/wp-json\/wp\/v2\/tags?post=350"}],"curies":[{"name":"wp","href":"https:\/\/api.w.org\/{rel}","templated":true}]}}