{"id":300,"date":"2010-04-28T22:12:01","date_gmt":"2010-04-28T21:12:01","guid":{"rendered":"http:\/\/www.wetter-center.de\/blog\/?p=300"},"modified":"2010-04-30T09:24:15","modified_gmt":"2010-04-30T08:24:15","slug":"arktis-klimwandel-nicht-allein-verantwortlich-fur-eisruckgang","status":"publish","type":"post","link":"https:\/\/www.wetter-center.de\/blog\/arktis-klimwandel-nicht-allein-verantwortlich-fur-eisruckgang\/","title":{"rendered":"Arktis: Klimawandel nicht allein verantwortlich f\u00fcr Eisr\u00fcckgang"},"content":{"rendered":"<p>Norwegische Forscher des Geophysikalischen Instituts der Universit\u00e4t Bergen haben <a href=\"http:\/\/www.forskningsradet.no\/en\/Newsarticle\/Winds_from_Siberia_reduce_Arctic_sea_ice_cover\/1253955174381?WT.ac=forside_nyhet\" target=\"_blank\">herausgefunden<\/a>, dass wahrscheinlich nicht der <a href=\"http:\/\/www.wetter-center.de\/blog\/?p=244\">Klimwandel<\/a> hauptverantwortlich f\u00fcr den R\u00fcckgang des Meereises in der <a href=\"http:\/\/www.wetter-center.de\/blog\/?p=178\">Arktis <\/a>ist, sondern eine <strong>Ver\u00e4nderung der atmosph\u00e4rischen Zirkulation<\/strong>.<\/p>\n<p><img decoding=\"async\" src=\"http:\/\/www.wetter-center.de\/blog\/wp-content\/uploads\/2008\/08\/polarbaer.jpg\" title=\"Eisb\u00e4r\" alt=\"Eisb\u00e4r\" align=\"left\" width=\"250\" hspace=\"5\" \/>Seit dem Jahr 2000 ist das Meereis in der Arktis <strong>dramatisch zur\u00fcckgegangen<\/strong>, viel st\u00e4rker noch als es die Klimamodelle berechneten. Einige Experten erwarten jetzt schon, dass das <a href=\"http:\/\/www.wetter-center.de\/blog\/?p=99\">Nordpolarmeer<\/a> in 20 Jahren <strong>im Sommer eisfrei<\/strong> sein wird.<\/p>\n<p>Doch m\u00f6glicherweise wird das nicht der Fall sein. Denn im Jahr 2000 haben sich die Verteilung der Luftdruckgebiete und damit die atmosph\u00e4rischen Zirkulationsmuster in der Arktis deutlich ver\u00e4ndert. W\u00e4hrend vorher f\u00fcr die Winde \u00fcber dem Nordpolarmeer entscheidend war, ob sich \u00fcber dem <strong>Nordatlantik <\/strong>und dem <strong>Nordpazifik <\/strong>ein Hoch- oder Tiefdruckgebiet befand, bestimmt jetzt das Druckgebiet \u00fcber <strong>Nordsibirien <\/strong>die Winde \u00fcber der Arktis.<\/p>\n<p>Das Ergebnis: Der Wind dr\u00fcckt meist das Meereis entlang der Ostk\u00fcste <a href=\"http:\/\/www.wetter-center.de\/blog\/?p=126\">Gr\u00f6nlands<\/a> <strong>aus dem Nordpolarmeer heraus<\/strong> und das Eis kann schneller schmelzen. Die Ausdehnung des Meereises ist also haupts\u00e4chlich davon abh\u00e4ngig, wie die Winde in der Arktis wehen. Der <strong>Einfluss des Klimawandels<\/strong> ist dem allerdings \u00fcberlagert. Eine Prognose \u00fcber die Entwicklung des Meereises auf dem Nordpolarmeer f\u00fcr die n\u00e4chsten Jahrzehnte ist also mit <strong>gro\u00dfen Unsicherheiten<\/strong> verbunden.<\/p>\n","protected":false},"excerpt":{"rendered":"<p>Norwegische Forscher des Geophysikalischen Instituts der Universit\u00e4t Bergen haben herausgefunden, dass wahrscheinlich nicht der Klimwandel hauptverantwortlich f\u00fcr den R\u00fcckgang des Meereises in der Arktis ist, sondern eine Ver\u00e4nderung der atmosph\u00e4rischen Zirkulation. Seit dem Jahr&#46;&#46;&#46;<\/p>\n","protected":false},"author":1,"featured_media":0,"comment_status":"open","ping_status":"open","sticky":false,"template":"","format":"standard","meta":{"footnotes":""},"categories":[],"tags":[],"class_list":["post-300","post","type-post","status-publish","format-standard","hentry"],"yoast_head":"<!-- This site is optimized with the Yoast SEO plugin v25.5 - https:\/\/yoast.com\/wordpress\/plugins\/seo\/ -->\n<title>Arktis: Klimawandel nicht allein verantwortlich f\u00fcr Eisr\u00fcckgang - Wetter-Center.de<\/title>\n<meta name=\"robots\" content=\"index, follow, max-snippet:-1, max-image-preview:large, max-video-preview:-1\" \/>\n<link rel=\"canonical\" href=\"https:\/\/www.wetter-center.de\/blog\/arktis-klimwandel-nicht-allein-verantwortlich-fur-eisruckgang\/\" \/>\n<meta property=\"og:locale\" content=\"de_DE\" \/>\n<meta property=\"og:type\" content=\"article\" \/>\n<meta property=\"og:title\" content=\"Arktis: Klimawandel nicht allein verantwortlich f\u00fcr Eisr\u00fcckgang - Wetter-Center.de\" \/>\n<meta property=\"og:description\" content=\"Norwegische Forscher des Geophysikalischen Instituts der Universit\u00e4t Bergen haben herausgefunden, dass wahrscheinlich nicht der Klimwandel hauptverantwortlich f\u00fcr den R\u00fcckgang des Meereises in der Arktis ist, sondern eine Ver\u00e4nderung der atmosph\u00e4rischen Zirkulation. Seit dem Jahr&#046;&#046;&#046;\" \/>\n<meta property=\"og:url\" content=\"https:\/\/www.wetter-center.de\/blog\/arktis-klimwandel-nicht-allein-verantwortlich-fur-eisruckgang\/\" \/>\n<meta property=\"og:site_name\" content=\"Wetter-Center.de\" \/>\n<meta property=\"article:publisher\" content=\"https:\/\/www.facebook.com\/WetterUndKlima\" \/>\n<meta property=\"article:author\" content=\"https:\/\/www.facebook.com\/WetterUndKlima\" \/>\n<meta property=\"article:published_time\" content=\"2010-04-28T21:12:01+00:00\" \/>\n<meta property=\"article:modified_time\" content=\"2010-04-30T08:24:15+00:00\" \/>\n<meta property=\"og:image\" content=\"http:\/\/www.wetter-center.de\/blog\/wp-content\/uploads\/2008\/08\/polarbaer.jpg\" \/>\n<meta name=\"author\" content=\"meteomara\" \/>\n<meta name=\"twitter:card\" content=\"summary_large_image\" \/>\n<meta name=\"twitter:creator\" content=\"@https:\/\/twitter.com\/meteomara\" \/>\n<meta name=\"twitter:site\" content=\"@meteomara\" \/>\n<meta name=\"twitter:label1\" content=\"Geschrieben von\" \/>\n\t<meta name=\"twitter:data1\" content=\"meteomara\" \/>\n\t<meta name=\"twitter:label2\" content=\"Gesch\u00e4tzte Lesezeit\" \/>\n\t<meta name=\"twitter:data2\" content=\"1\u00a0Minute\" \/>\n<script type=\"application\/ld+json\" class=\"yoast-schema-graph\">{\"@context\":\"https:\/\/schema.org\",\"@graph\":[{\"@type\":\"Article\",\"@id\":\"https:\/\/www.wetter-center.de\/blog\/arktis-klimwandel-nicht-allein-verantwortlich-fur-eisruckgang\/#article\",\"isPartOf\":{\"@id\":\"https:\/\/www.wetter-center.de\/blog\/arktis-klimwandel-nicht-allein-verantwortlich-fur-eisruckgang\/\"},\"author\":{\"name\":\"meteomara\",\"@id\":\"https:\/\/www.wetter-center.de\/blog\/#\/schema\/person\/6c69612ad4763a699cd157cfbbfa6667\"},\"headline\":\"Arktis: Klimawandel nicht allein verantwortlich f\u00fcr Eisr\u00fcckgang\",\"datePublished\":\"2010-04-28T21:12:01+00:00\",\"dateModified\":\"2010-04-30T08:24:15+00:00\",\"mainEntityOfPage\":{\"@id\":\"https:\/\/www.wetter-center.de\/blog\/arktis-klimwandel-nicht-allein-verantwortlich-fur-eisruckgang\/\"},\"wordCount\":221,\"commentCount\":3,\"publisher\":{\"@id\":\"https:\/\/www.wetter-center.de\/blog\/#\/schema\/person\/6c69612ad4763a699cd157cfbbfa6667\"},\"image\":{\"@id\":\"https:\/\/www.wetter-center.de\/blog\/arktis-klimwandel-nicht-allein-verantwortlich-fur-eisruckgang\/#primaryimage\"},\"thumbnailUrl\":\"http:\/\/www.wetter-center.de\/blog\/wp-content\/uploads\/2008\/08\/polarbaer.jpg\",\"inLanguage\":\"de\",\"potentialAction\":[{\"@type\":\"CommentAction\",\"name\":\"Comment\",\"target\":[\"https:\/\/www.wetter-center.de\/blog\/arktis-klimwandel-nicht-allein-verantwortlich-fur-eisruckgang\/#respond\"]}]},{\"@type\":\"WebPage\",\"@id\":\"https:\/\/www.wetter-center.de\/blog\/arktis-klimwandel-nicht-allein-verantwortlich-fur-eisruckgang\/\",\"url\":\"https:\/\/www.wetter-center.de\/blog\/arktis-klimwandel-nicht-allein-verantwortlich-fur-eisruckgang\/\",\"name\":\"Arktis: Klimawandel nicht allein verantwortlich f\u00fcr Eisr\u00fcckgang - Wetter-Center.de\",\"isPartOf\":{\"@id\":\"https:\/\/www.wetter-center.de\/blog\/#website\"},\"primaryImageOfPage\":{\"@id\":\"https:\/\/www.wetter-center.de\/blog\/arktis-klimwandel-nicht-allein-verantwortlich-fur-eisruckgang\/#primaryimage\"},\"image\":{\"@id\":\"https:\/\/www.wetter-center.de\/blog\/arktis-klimwandel-nicht-allein-verantwortlich-fur-eisruckgang\/#primaryimage\"},\"thumbnailUrl\":\"http:\/\/www.wetter-center.de\/blog\/wp-content\/uploads\/2008\/08\/polarbaer.jpg\",\"datePublished\":\"2010-04-28T21:12:01+00:00\",\"dateModified\":\"2010-04-30T08:24:15+00:00\",\"breadcrumb\":{\"@id\":\"https:\/\/www.wetter-center.de\/blog\/arktis-klimwandel-nicht-allein-verantwortlich-fur-eisruckgang\/#breadcrumb\"},\"inLanguage\":\"de\",\"potentialAction\":[{\"@type\":\"ReadAction\",\"target\":[\"https:\/\/www.wetter-center.de\/blog\/arktis-klimwandel-nicht-allein-verantwortlich-fur-eisruckgang\/\"]}]},{\"@type\":\"ImageObject\",\"inLanguage\":\"de\",\"@id\":\"https:\/\/www.wetter-center.de\/blog\/arktis-klimwandel-nicht-allein-verantwortlich-fur-eisruckgang\/#primaryimage\",\"url\":\"http:\/\/www.wetter-center.de\/blog\/wp-content\/uploads\/2008\/08\/polarbaer.jpg\",\"contentUrl\":\"http:\/\/www.wetter-center.de\/blog\/wp-content\/uploads\/2008\/08\/polarbaer.jpg\"},{\"@type\":\"BreadcrumbList\",\"@id\":\"https:\/\/www.wetter-center.de\/blog\/arktis-klimwandel-nicht-allein-verantwortlich-fur-eisruckgang\/#breadcrumb\",\"itemListElement\":[{\"@type\":\"ListItem\",\"position\":1,\"name\":\"Startseite\",\"item\":\"https:\/\/www.wetter-center.de\/blog\/\"},{\"@type\":\"ListItem\",\"position\":2,\"name\":\"Arktis: Klimawandel nicht allein verantwortlich f\u00fcr Eisr\u00fcckgang\"}]},{\"@type\":\"WebSite\",\"@id\":\"https:\/\/www.wetter-center.de\/blog\/#website\",\"url\":\"https:\/\/www.wetter-center.de\/blog\/\",\"name\":\"Wetter-Center.de\",\"description\":\"\",\"publisher\":{\"@id\":\"https:\/\/www.wetter-center.de\/blog\/#\/schema\/person\/6c69612ad4763a699cd157cfbbfa6667\"},\"potentialAction\":[{\"@type\":\"SearchAction\",\"target\":{\"@type\":\"EntryPoint\",\"urlTemplate\":\"https:\/\/www.wetter-center.de\/blog\/?s={search_term_string}\"},\"query-input\":{\"@type\":\"PropertyValueSpecification\",\"valueRequired\":true,\"valueName\":\"search_term_string\"}}],\"inLanguage\":\"de\"},{\"@type\":[\"Person\",\"Organization\"],\"@id\":\"https:\/\/www.wetter-center.de\/blog\/#\/schema\/person\/6c69612ad4763a699cd157cfbbfa6667\",\"name\":\"meteomara\",\"image\":{\"@type\":\"ImageObject\",\"inLanguage\":\"de\",\"@id\":\"https:\/\/www.wetter-center.de\/blog\/#\/schema\/person\/image\/\",\"url\":\"https:\/\/www.wetter-center.de\/blog\/wp-content\/uploads\/2022\/08\/sky-1551171_1280.jpg\",\"contentUrl\":\"https:\/\/www.wetter-center.de\/blog\/wp-content\/uploads\/2022\/08\/sky-1551171_1280.jpg\",\"width\":1280,\"height\":643,\"caption\":\"meteomara\"},\"logo\":{\"@id\":\"https:\/\/www.wetter-center.de\/blog\/#\/schema\/person\/image\/\"},\"sameAs\":[\"https:\/\/www.facebook.com\/WetterUndKlima\",\"https:\/\/www.instagram.com\/wettercenterde\/\",\"https:\/\/x.com\/https:\/\/twitter.com\/meteomara\"],\"url\":\"https:\/\/www.wetter-center.de\/blog\/author\/meteomara\/\"}]}<\/script>\n<!-- \/ Yoast SEO plugin. -->","yoast_head_json":{"title":"Arktis: Klimawandel nicht allein verantwortlich f\u00fcr Eisr\u00fcckgang - Wetter-Center.de","robots":{"index":"index","follow":"follow","max-snippet":"max-snippet:-1","max-image-preview":"max-image-preview:large","max-video-preview":"max-video-preview:-1"},"canonical":"https:\/\/www.wetter-center.de\/blog\/arktis-klimwandel-nicht-allein-verantwortlich-fur-eisruckgang\/","og_locale":"de_DE","og_type":"article","og_title":"Arktis: Klimawandel nicht allein verantwortlich f\u00fcr Eisr\u00fcckgang - Wetter-Center.de","og_description":"Norwegische Forscher des Geophysikalischen Instituts der Universit\u00e4t Bergen haben herausgefunden, dass wahrscheinlich nicht der Klimwandel hauptverantwortlich f\u00fcr den R\u00fcckgang des Meereises in der Arktis ist, sondern eine Ver\u00e4nderung der atmosph\u00e4rischen Zirkulation. Seit dem Jahr&#46;&#46;&#46;","og_url":"https:\/\/www.wetter-center.de\/blog\/arktis-klimwandel-nicht-allein-verantwortlich-fur-eisruckgang\/","og_site_name":"Wetter-Center.de","article_publisher":"https:\/\/www.facebook.com\/WetterUndKlima","article_author":"https:\/\/www.facebook.com\/WetterUndKlima","article_published_time":"2010-04-28T21:12:01+00:00","article_modified_time":"2010-04-30T08:24:15+00:00","og_image":[{"url":"http:\/\/www.wetter-center.de\/blog\/wp-content\/uploads\/2008\/08\/polarbaer.jpg","type":"","width":"","height":""}],"author":"meteomara","twitter_card":"summary_large_image","twitter_creator":"@https:\/\/twitter.com\/meteomara","twitter_site":"@meteomara","twitter_misc":{"Geschrieben von":"meteomara","Gesch\u00e4tzte Lesezeit":"1\u00a0Minute"},"schema":{"@context":"https:\/\/schema.org","@graph":[{"@type":"Article","@id":"https:\/\/www.wetter-center.de\/blog\/arktis-klimwandel-nicht-allein-verantwortlich-fur-eisruckgang\/#article","isPartOf":{"@id":"https:\/\/www.wetter-center.de\/blog\/arktis-klimwandel-nicht-allein-verantwortlich-fur-eisruckgang\/"},"author":{"name":"meteomara","@id":"https:\/\/www.wetter-center.de\/blog\/#\/schema\/person\/6c69612ad4763a699cd157cfbbfa6667"},"headline":"Arktis: Klimawandel nicht allein verantwortlich f\u00fcr Eisr\u00fcckgang","datePublished":"2010-04-28T21:12:01+00:00","dateModified":"2010-04-30T08:24:15+00:00","mainEntityOfPage":{"@id":"https:\/\/www.wetter-center.de\/blog\/arktis-klimwandel-nicht-allein-verantwortlich-fur-eisruckgang\/"},"wordCount":221,"commentCount":3,"publisher":{"@id":"https:\/\/www.wetter-center.de\/blog\/#\/schema\/person\/6c69612ad4763a699cd157cfbbfa6667"},"image":{"@id":"https:\/\/www.wetter-center.de\/blog\/arktis-klimwandel-nicht-allein-verantwortlich-fur-eisruckgang\/#primaryimage"},"thumbnailUrl":"http:\/\/www.wetter-center.de\/blog\/wp-content\/uploads\/2008\/08\/polarbaer.jpg","inLanguage":"de","potentialAction":[{"@type":"CommentAction","name":"Comment","target":["https:\/\/www.wetter-center.de\/blog\/arktis-klimwandel-nicht-allein-verantwortlich-fur-eisruckgang\/#respond"]}]},{"@type":"WebPage","@id":"https:\/\/www.wetter-center.de\/blog\/arktis-klimwandel-nicht-allein-verantwortlich-fur-eisruckgang\/","url":"https:\/\/www.wetter-center.de\/blog\/arktis-klimwandel-nicht-allein-verantwortlich-fur-eisruckgang\/","name":"Arktis: Klimawandel nicht allein verantwortlich f\u00fcr Eisr\u00fcckgang - Wetter-Center.de","isPartOf":{"@id":"https:\/\/www.wetter-center.de\/blog\/#website"},"primaryImageOfPage":{"@id":"https:\/\/www.wetter-center.de\/blog\/arktis-klimwandel-nicht-allein-verantwortlich-fur-eisruckgang\/#primaryimage"},"image":{"@id":"https:\/\/www.wetter-center.de\/blog\/arktis-klimwandel-nicht-allein-verantwortlich-fur-eisruckgang\/#primaryimage"},"thumbnailUrl":"http:\/\/www.wetter-center.de\/blog\/wp-content\/uploads\/2008\/08\/polarbaer.jpg","datePublished":"2010-04-28T21:12:01+00:00","dateModified":"2010-04-30T08:24:15+00:00","breadcrumb":{"@id":"https:\/\/www.wetter-center.de\/blog\/arktis-klimwandel-nicht-allein-verantwortlich-fur-eisruckgang\/#breadcrumb"},"inLanguage":"de","potentialAction":[{"@type":"ReadAction","target":["https:\/\/www.wetter-center.de\/blog\/arktis-klimwandel-nicht-allein-verantwortlich-fur-eisruckgang\/"]}]},{"@type":"ImageObject","inLanguage":"de","@id":"https:\/\/www.wetter-center.de\/blog\/arktis-klimwandel-nicht-allein-verantwortlich-fur-eisruckgang\/#primaryimage","url":"http:\/\/www.wetter-center.de\/blog\/wp-content\/uploads\/2008\/08\/polarbaer.jpg","contentUrl":"http:\/\/www.wetter-center.de\/blog\/wp-content\/uploads\/2008\/08\/polarbaer.jpg"},{"@type":"BreadcrumbList","@id":"https:\/\/www.wetter-center.de\/blog\/arktis-klimwandel-nicht-allein-verantwortlich-fur-eisruckgang\/#breadcrumb","itemListElement":[{"@type":"ListItem","position":1,"name":"Startseite","item":"https:\/\/www.wetter-center.de\/blog\/"},{"@type":"ListItem","position":2,"name":"Arktis: Klimawandel nicht allein verantwortlich f\u00fcr Eisr\u00fcckgang"}]},{"@type":"WebSite","@id":"https:\/\/www.wetter-center.de\/blog\/#website","url":"https:\/\/www.wetter-center.de\/blog\/","name":"Wetter-Center.de","description":"","publisher":{"@id":"https:\/\/www.wetter-center.de\/blog\/#\/schema\/person\/6c69612ad4763a699cd157cfbbfa6667"},"potentialAction":[{"@type":"SearchAction","target":{"@type":"EntryPoint","urlTemplate":"https:\/\/www.wetter-center.de\/blog\/?s={search_term_string}"},"query-input":{"@type":"PropertyValueSpecification","valueRequired":true,"valueName":"search_term_string"}}],"inLanguage":"de"},{"@type":["Person","Organization"],"@id":"https:\/\/www.wetter-center.de\/blog\/#\/schema\/person\/6c69612ad4763a699cd157cfbbfa6667","name":"meteomara","image":{"@type":"ImageObject","inLanguage":"de","@id":"https:\/\/www.wetter-center.de\/blog\/#\/schema\/person\/image\/","url":"https:\/\/www.wetter-center.de\/blog\/wp-content\/uploads\/2022\/08\/sky-1551171_1280.jpg","contentUrl":"https:\/\/www.wetter-center.de\/blog\/wp-content\/uploads\/2022\/08\/sky-1551171_1280.jpg","width":1280,"height":643,"caption":"meteomara"},"logo":{"@id":"https:\/\/www.wetter-center.de\/blog\/#\/schema\/person\/image\/"},"sameAs":["https:\/\/www.facebook.com\/WetterUndKlima","https:\/\/www.instagram.com\/wettercenterde\/","https:\/\/x.com\/https:\/\/twitter.com\/meteomara"],"url":"https:\/\/www.wetter-center.de\/blog\/author\/meteomara\/"}]}},"amp_enabled":true,"_links":{"self":[{"href":"https:\/\/www.wetter-center.de\/blog\/wp-json\/wp\/v2\/posts\/300","targetHints":{"allow":["GET"]}}],"collection":[{"href":"https:\/\/www.wetter-center.de\/blog\/wp-json\/wp\/v2\/posts"}],"about":[{"href":"https:\/\/www.wetter-center.de\/blog\/wp-json\/wp\/v2\/types\/post"}],"author":[{"embeddable":true,"href":"https:\/\/www.wetter-center.de\/blog\/wp-json\/wp\/v2\/users\/1"}],"replies":[{"embeddable":true,"href":"https:\/\/www.wetter-center.de\/blog\/wp-json\/wp\/v2\/comments?post=300"}],"version-history":[{"count":0,"href":"https:\/\/www.wetter-center.de\/blog\/wp-json\/wp\/v2\/posts\/300\/revisions"}],"wp:attachment":[{"href":"https:\/\/www.wetter-center.de\/blog\/wp-json\/wp\/v2\/media?parent=300"}],"wp:term":[{"taxonomy":"category","embeddable":true,"href":"https:\/\/www.wetter-center.de\/blog\/wp-json\/wp\/v2\/categories?post=300"},{"taxonomy":"post_tag","embeddable":true,"href":"https:\/\/www.wetter-center.de\/blog\/wp-json\/wp\/v2\/tags?post=300"}],"curies":[{"name":"wp","href":"https:\/\/api.w.org\/{rel}","templated":true}]}}