{"id":2117,"date":"2018-02-25T21:00:33","date_gmt":"2018-02-25T20:00:33","guid":{"rendered":"http:\/\/www.wetter-center.de\/blog\/?p=2117"},"modified":"2018-02-26T07:35:37","modified_gmt":"2018-02-26T06:35:37","slug":"aenderung-in-landnutzung-foerdert-globale-erwaermung","status":"publish","type":"post","link":"https:\/\/www.wetter-center.de\/blog\/aenderung-in-landnutzung-foerdert-globale-erwaermung\/","title":{"rendered":"\u00c4nderung in Landnutzung f\u00f6rdert Globale Erw\u00e4rmung"},"content":{"rendered":"<p>Das Joint Research Centre (JRC) der Europ\u00e4ischen Union hat <a href=\"https:\/\/www.nature.com\/articles\/s41467-017-02810-8\" target=\"_blank\" rel=\"noopener\">in einer Studie<\/a> erstmals im globalen Ma\u00dfstab nachgewiesen, dass die \u00c4nderung der Landnutzung, insbesondere die <strong>Abholzung von W\u00e4ldern<\/strong> einen bedeutenden Einfluss auf die <strong>Globale Erw\u00e4rmung<\/strong> hat.<\/p>\n<p>Das Forscherteam verwendete Satellitendaten, um Ver\u00e4nderungen der globalen Vegetationsdecke von 2000 bis 2015 zu analysieren und diese mit Ver\u00e4nderungen der Energiebilanz der Erdoberfl\u00e4che zu verkn\u00fcpfen. Die \u00c4nderung der Vegetationsdecke ver\u00e4ndert die Oberfl\u00e4cheneigenschaften &#8211; wie die durch Verdunstung abgegebene W\u00e4rmemenge und die in den Weltraum zur\u00fcck reflektierte Strahlung. Dies hat unmittelbare Auswirkungen auf die Oberfl\u00e4chentemperatur. Die Analyse zeigt, dass die j\u00fcngsten \u00c4nderungen der Landnutzung den Planeten w\u00e4rmer gemacht haben.<\/p>\n<p><img loading=\"lazy\" decoding=\"async\" class=\"alignnone wp-image-2118\" src=\"http:\/\/www.wetter-center.de\/blog\/wp-content\/uploads\/2018\/02\/41467_2017_2810.jpg\" alt=\"\" width=\"520\" height=\"372\" srcset=\"https:\/\/www.wetter-center.de\/blog\/wp-content\/uploads\/2018\/02\/41467_2017_2810.jpg 442w, https:\/\/www.wetter-center.de\/blog\/wp-content\/uploads\/2018\/02\/41467_2017_2810-300x214.jpg 300w\" sizes=\"auto, (max-width: 520px) 100vw, 520px\" \/><\/p>\n<p>Die Abbildung oben zeigt die von <strong>Waldrodungen<\/strong> verursachte, mittlere j\u00e4hrliche \u00c4nderung der Oberfl\u00e4chentemperaturen im Zeitraum 2008 bis 2012, abgeleitet aus Satellitendaten. Fast \u00fcberall ergibt sich ein <strong>Anstieg der Temperaturen<\/strong>, lediglich in kaltgem\u00e4\u00dfigten, borealen Regionen (insbesondere in Nordasien) geht die Temperatur zur\u00fcck.<\/p>\n<p>Schon lange ist bekannt, dass <a href=\"http:\/\/www.wetter-center.de\/blog\/?p=1203\" rel=\"noopener\">W\u00e4lder<\/a> eine gro\u00dfe Rolle bei der Regulierung der Oberfl\u00e4chentemperatur spielen und dass die Entwaldung das Klima beeinflusst. Dies ist jedoch die erste globale datenbasierte Auswertung, die es erlaubt, die biophysikalischen Ursachen hinter diesen Prozessen systematisch abzubilden.<\/p>\n<p>Die Studie untersuchte auch Ver\u00e4nderungen zwischen verschiedenen Vegetationstypen, von immergr\u00fcnen W\u00e4ldern bis zu Savannen, Buschland, Grasland, Ackerland und Feuchtgebieten. Die Forscher fanden heraus, dass die Umwandlung von <strong>tropischen W\u00e4ldern<\/strong> in landwirtschaftliche Nutzfl\u00e4chen die st\u00e4rkste Erh\u00f6hungen der Oberfl\u00e4chentemperatur bewirkt.<\/p>\n<p>Verglichen mit dem Einfluss der Treibhausgase hat die Abholzung der W\u00e4lder zun\u00e4chst nur eine\u00a0<strong>Auswirkung auf das lokale Klima<\/strong>, erst mittel- bis langfristig wird auch das\u00a0<strong>globale Klima<\/strong> beeinflusst. Menschen, die in Gebieten leben, in denen W\u00e4lder abgeholzt werden, sind allerdings bereits jetzt steigenden Temperaturen ausgesetzt.<\/p>\n","protected":false},"excerpt":{"rendered":"<p>Das Joint Research Centre (JRC) der Europ\u00e4ischen Union hat in einer Studie erstmals im globalen Ma\u00dfstab nachgewiesen, dass die \u00c4nderung der Landnutzung, insbesondere die Abholzung von W\u00e4ldern einen bedeutenden Einfluss auf die Globale Erw\u00e4rmung&#46;&#46;&#46;<\/p>\n","protected":false},"author":1,"featured_media":2118,"comment_status":"open","ping_status":"open","sticky":false,"template":"","format":"standard","meta":{"footnotes":""},"categories":[15,4],"tags":[26,110,97,86,70],"class_list":["post-2117","post","type-post","status-publish","format-standard","has-post-thumbnail","hentry","category-forschung","category-klimawandel","tag-globale-erwaermung","tag-klimaforschung","tag-klimawandel","tag-landwirtschaft","tag-wald"],"yoast_head":"<!-- This site is optimized with the Yoast SEO plugin v25.5 - https:\/\/yoast.com\/wordpress\/plugins\/seo\/ -->\n<title>\u00c4nderung in Landnutzung f\u00f6rdert Globale Erw\u00e4rmung - Wetter-Center.de<\/title>\n<meta name=\"robots\" content=\"index, follow, max-snippet:-1, max-image-preview:large, max-video-preview:-1\" \/>\n<link rel=\"canonical\" href=\"https:\/\/www.wetter-center.de\/blog\/aenderung-in-landnutzung-foerdert-globale-erwaermung\/\" \/>\n<meta property=\"og:locale\" content=\"de_DE\" \/>\n<meta property=\"og:type\" content=\"article\" \/>\n<meta property=\"og:title\" content=\"\u00c4nderung in Landnutzung f\u00f6rdert Globale Erw\u00e4rmung - Wetter-Center.de\" \/>\n<meta property=\"og:description\" content=\"Das Joint Research Centre (JRC) der Europ\u00e4ischen Union hat in einer Studie erstmals im globalen Ma\u00dfstab nachgewiesen, dass die \u00c4nderung der Landnutzung, insbesondere die Abholzung von W\u00e4ldern einen bedeutenden Einfluss auf die Globale Erw\u00e4rmung&#046;&#046;&#046;\" \/>\n<meta property=\"og:url\" content=\"https:\/\/www.wetter-center.de\/blog\/aenderung-in-landnutzung-foerdert-globale-erwaermung\/\" \/>\n<meta property=\"og:site_name\" content=\"Wetter-Center.de\" \/>\n<meta property=\"article:publisher\" content=\"https:\/\/www.facebook.com\/WetterUndKlima\" \/>\n<meta property=\"article:author\" content=\"https:\/\/www.facebook.com\/WetterUndKlima\" \/>\n<meta property=\"article:published_time\" content=\"2018-02-25T20:00:33+00:00\" \/>\n<meta property=\"article:modified_time\" content=\"2018-02-26T06:35:37+00:00\" \/>\n<meta property=\"og:image\" content=\"https:\/\/www.wetter-center.de\/blog\/wp-content\/uploads\/2018\/02\/41467_2017_2810.jpg\" \/>\n\t<meta property=\"og:image:width\" content=\"442\" \/>\n\t<meta property=\"og:image:height\" content=\"316\" \/>\n\t<meta property=\"og:image:type\" content=\"image\/jpeg\" \/>\n<meta name=\"author\" content=\"meteomara\" \/>\n<meta name=\"twitter:card\" content=\"summary_large_image\" \/>\n<meta name=\"twitter:creator\" content=\"@https:\/\/twitter.com\/meteomara\" \/>\n<meta name=\"twitter:site\" content=\"@meteomara\" \/>\n<meta name=\"twitter:label1\" content=\"Geschrieben von\" \/>\n\t<meta name=\"twitter:data1\" content=\"meteomara\" \/>\n\t<meta name=\"twitter:label2\" content=\"Gesch\u00e4tzte Lesezeit\" \/>\n\t<meta name=\"twitter:data2\" content=\"1\u00a0Minute\" \/>\n<script type=\"application\/ld+json\" class=\"yoast-schema-graph\">{\"@context\":\"https:\/\/schema.org\",\"@graph\":[{\"@type\":\"Article\",\"@id\":\"https:\/\/www.wetter-center.de\/blog\/aenderung-in-landnutzung-foerdert-globale-erwaermung\/#article\",\"isPartOf\":{\"@id\":\"https:\/\/www.wetter-center.de\/blog\/aenderung-in-landnutzung-foerdert-globale-erwaermung\/\"},\"author\":{\"name\":\"meteomara\",\"@id\":\"https:\/\/www.wetter-center.de\/blog\/#\/schema\/person\/6c69612ad4763a699cd157cfbbfa6667\"},\"headline\":\"\u00c4nderung in Landnutzung f\u00f6rdert Globale Erw\u00e4rmung\",\"datePublished\":\"2018-02-25T20:00:33+00:00\",\"dateModified\":\"2018-02-26T06:35:37+00:00\",\"mainEntityOfPage\":{\"@id\":\"https:\/\/www.wetter-center.de\/blog\/aenderung-in-landnutzung-foerdert-globale-erwaermung\/\"},\"wordCount\":306,\"commentCount\":0,\"publisher\":{\"@id\":\"https:\/\/www.wetter-center.de\/blog\/#\/schema\/person\/6c69612ad4763a699cd157cfbbfa6667\"},\"image\":{\"@id\":\"https:\/\/www.wetter-center.de\/blog\/aenderung-in-landnutzung-foerdert-globale-erwaermung\/#primaryimage\"},\"thumbnailUrl\":\"https:\/\/www.wetter-center.de\/blog\/wp-content\/uploads\/2018\/02\/41467_2017_2810.jpg\",\"keywords\":[\"Globale Erw\u00e4rmung\",\"Klimaforschung\",\"Klimawandel\",\"Landwirtschaft\",\"Wald\"],\"articleSection\":[\"Forschung\",\"Klimawandel\"],\"inLanguage\":\"de\",\"potentialAction\":[{\"@type\":\"CommentAction\",\"name\":\"Comment\",\"target\":[\"https:\/\/www.wetter-center.de\/blog\/aenderung-in-landnutzung-foerdert-globale-erwaermung\/#respond\"]}]},{\"@type\":\"WebPage\",\"@id\":\"https:\/\/www.wetter-center.de\/blog\/aenderung-in-landnutzung-foerdert-globale-erwaermung\/\",\"url\":\"https:\/\/www.wetter-center.de\/blog\/aenderung-in-landnutzung-foerdert-globale-erwaermung\/\",\"name\":\"\u00c4nderung in Landnutzung f\u00f6rdert Globale Erw\u00e4rmung - Wetter-Center.de\",\"isPartOf\":{\"@id\":\"https:\/\/www.wetter-center.de\/blog\/#website\"},\"primaryImageOfPage\":{\"@id\":\"https:\/\/www.wetter-center.de\/blog\/aenderung-in-landnutzung-foerdert-globale-erwaermung\/#primaryimage\"},\"image\":{\"@id\":\"https:\/\/www.wetter-center.de\/blog\/aenderung-in-landnutzung-foerdert-globale-erwaermung\/#primaryimage\"},\"thumbnailUrl\":\"https:\/\/www.wetter-center.de\/blog\/wp-content\/uploads\/2018\/02\/41467_2017_2810.jpg\",\"datePublished\":\"2018-02-25T20:00:33+00:00\",\"dateModified\":\"2018-02-26T06:35:37+00:00\",\"breadcrumb\":{\"@id\":\"https:\/\/www.wetter-center.de\/blog\/aenderung-in-landnutzung-foerdert-globale-erwaermung\/#breadcrumb\"},\"inLanguage\":\"de\",\"potentialAction\":[{\"@type\":\"ReadAction\",\"target\":[\"https:\/\/www.wetter-center.de\/blog\/aenderung-in-landnutzung-foerdert-globale-erwaermung\/\"]}]},{\"@type\":\"ImageObject\",\"inLanguage\":\"de\",\"@id\":\"https:\/\/www.wetter-center.de\/blog\/aenderung-in-landnutzung-foerdert-globale-erwaermung\/#primaryimage\",\"url\":\"https:\/\/www.wetter-center.de\/blog\/wp-content\/uploads\/2018\/02\/41467_2017_2810.jpg\",\"contentUrl\":\"https:\/\/www.wetter-center.de\/blog\/wp-content\/uploads\/2018\/02\/41467_2017_2810.jpg\",\"width\":442,\"height\":316},{\"@type\":\"BreadcrumbList\",\"@id\":\"https:\/\/www.wetter-center.de\/blog\/aenderung-in-landnutzung-foerdert-globale-erwaermung\/#breadcrumb\",\"itemListElement\":[{\"@type\":\"ListItem\",\"position\":1,\"name\":\"Startseite\",\"item\":\"https:\/\/www.wetter-center.de\/blog\/\"},{\"@type\":\"ListItem\",\"position\":2,\"name\":\"\u00c4nderung in Landnutzung f\u00f6rdert Globale Erw\u00e4rmung\"}]},{\"@type\":\"WebSite\",\"@id\":\"https:\/\/www.wetter-center.de\/blog\/#website\",\"url\":\"https:\/\/www.wetter-center.de\/blog\/\",\"name\":\"Wetter-Center.de\",\"description\":\"\",\"publisher\":{\"@id\":\"https:\/\/www.wetter-center.de\/blog\/#\/schema\/person\/6c69612ad4763a699cd157cfbbfa6667\"},\"potentialAction\":[{\"@type\":\"SearchAction\",\"target\":{\"@type\":\"EntryPoint\",\"urlTemplate\":\"https:\/\/www.wetter-center.de\/blog\/?s={search_term_string}\"},\"query-input\":{\"@type\":\"PropertyValueSpecification\",\"valueRequired\":true,\"valueName\":\"search_term_string\"}}],\"inLanguage\":\"de\"},{\"@type\":[\"Person\",\"Organization\"],\"@id\":\"https:\/\/www.wetter-center.de\/blog\/#\/schema\/person\/6c69612ad4763a699cd157cfbbfa6667\",\"name\":\"meteomara\",\"image\":{\"@type\":\"ImageObject\",\"inLanguage\":\"de\",\"@id\":\"https:\/\/www.wetter-center.de\/blog\/#\/schema\/person\/image\/\",\"url\":\"https:\/\/www.wetter-center.de\/blog\/wp-content\/uploads\/2022\/08\/sky-1551171_1280.jpg\",\"contentUrl\":\"https:\/\/www.wetter-center.de\/blog\/wp-content\/uploads\/2022\/08\/sky-1551171_1280.jpg\",\"width\":1280,\"height\":643,\"caption\":\"meteomara\"},\"logo\":{\"@id\":\"https:\/\/www.wetter-center.de\/blog\/#\/schema\/person\/image\/\"},\"sameAs\":[\"https:\/\/www.facebook.com\/WetterUndKlima\",\"https:\/\/www.instagram.com\/wettercenterde\/\",\"https:\/\/x.com\/https:\/\/twitter.com\/meteomara\"],\"url\":\"https:\/\/www.wetter-center.de\/blog\/author\/meteomara\/\"}]}<\/script>\n<!-- \/ Yoast SEO plugin. -->","yoast_head_json":{"title":"\u00c4nderung in Landnutzung f\u00f6rdert Globale Erw\u00e4rmung - Wetter-Center.de","robots":{"index":"index","follow":"follow","max-snippet":"max-snippet:-1","max-image-preview":"max-image-preview:large","max-video-preview":"max-video-preview:-1"},"canonical":"https:\/\/www.wetter-center.de\/blog\/aenderung-in-landnutzung-foerdert-globale-erwaermung\/","og_locale":"de_DE","og_type":"article","og_title":"\u00c4nderung in Landnutzung f\u00f6rdert Globale Erw\u00e4rmung - Wetter-Center.de","og_description":"Das Joint Research Centre (JRC) der Europ\u00e4ischen Union hat in einer Studie erstmals im globalen Ma\u00dfstab nachgewiesen, dass die \u00c4nderung der Landnutzung, insbesondere die Abholzung von W\u00e4ldern einen bedeutenden Einfluss auf die Globale Erw\u00e4rmung&#46;&#46;&#46;","og_url":"https:\/\/www.wetter-center.de\/blog\/aenderung-in-landnutzung-foerdert-globale-erwaermung\/","og_site_name":"Wetter-Center.de","article_publisher":"https:\/\/www.facebook.com\/WetterUndKlima","article_author":"https:\/\/www.facebook.com\/WetterUndKlima","article_published_time":"2018-02-25T20:00:33+00:00","article_modified_time":"2018-02-26T06:35:37+00:00","og_image":[{"width":442,"height":316,"url":"https:\/\/www.wetter-center.de\/blog\/wp-content\/uploads\/2018\/02\/41467_2017_2810.jpg","type":"image\/jpeg"}],"author":"meteomara","twitter_card":"summary_large_image","twitter_creator":"@https:\/\/twitter.com\/meteomara","twitter_site":"@meteomara","twitter_misc":{"Geschrieben von":"meteomara","Gesch\u00e4tzte Lesezeit":"1\u00a0Minute"},"schema":{"@context":"https:\/\/schema.org","@graph":[{"@type":"Article","@id":"https:\/\/www.wetter-center.de\/blog\/aenderung-in-landnutzung-foerdert-globale-erwaermung\/#article","isPartOf":{"@id":"https:\/\/www.wetter-center.de\/blog\/aenderung-in-landnutzung-foerdert-globale-erwaermung\/"},"author":{"name":"meteomara","@id":"https:\/\/www.wetter-center.de\/blog\/#\/schema\/person\/6c69612ad4763a699cd157cfbbfa6667"},"headline":"\u00c4nderung in Landnutzung f\u00f6rdert Globale Erw\u00e4rmung","datePublished":"2018-02-25T20:00:33+00:00","dateModified":"2018-02-26T06:35:37+00:00","mainEntityOfPage":{"@id":"https:\/\/www.wetter-center.de\/blog\/aenderung-in-landnutzung-foerdert-globale-erwaermung\/"},"wordCount":306,"commentCount":0,"publisher":{"@id":"https:\/\/www.wetter-center.de\/blog\/#\/schema\/person\/6c69612ad4763a699cd157cfbbfa6667"},"image":{"@id":"https:\/\/www.wetter-center.de\/blog\/aenderung-in-landnutzung-foerdert-globale-erwaermung\/#primaryimage"},"thumbnailUrl":"https:\/\/www.wetter-center.de\/blog\/wp-content\/uploads\/2018\/02\/41467_2017_2810.jpg","keywords":["Globale Erw\u00e4rmung","Klimaforschung","Klimawandel","Landwirtschaft","Wald"],"articleSection":["Forschung","Klimawandel"],"inLanguage":"de","potentialAction":[{"@type":"CommentAction","name":"Comment","target":["https:\/\/www.wetter-center.de\/blog\/aenderung-in-landnutzung-foerdert-globale-erwaermung\/#respond"]}]},{"@type":"WebPage","@id":"https:\/\/www.wetter-center.de\/blog\/aenderung-in-landnutzung-foerdert-globale-erwaermung\/","url":"https:\/\/www.wetter-center.de\/blog\/aenderung-in-landnutzung-foerdert-globale-erwaermung\/","name":"\u00c4nderung in Landnutzung f\u00f6rdert Globale Erw\u00e4rmung - Wetter-Center.de","isPartOf":{"@id":"https:\/\/www.wetter-center.de\/blog\/#website"},"primaryImageOfPage":{"@id":"https:\/\/www.wetter-center.de\/blog\/aenderung-in-landnutzung-foerdert-globale-erwaermung\/#primaryimage"},"image":{"@id":"https:\/\/www.wetter-center.de\/blog\/aenderung-in-landnutzung-foerdert-globale-erwaermung\/#primaryimage"},"thumbnailUrl":"https:\/\/www.wetter-center.de\/blog\/wp-content\/uploads\/2018\/02\/41467_2017_2810.jpg","datePublished":"2018-02-25T20:00:33+00:00","dateModified":"2018-02-26T06:35:37+00:00","breadcrumb":{"@id":"https:\/\/www.wetter-center.de\/blog\/aenderung-in-landnutzung-foerdert-globale-erwaermung\/#breadcrumb"},"inLanguage":"de","potentialAction":[{"@type":"ReadAction","target":["https:\/\/www.wetter-center.de\/blog\/aenderung-in-landnutzung-foerdert-globale-erwaermung\/"]}]},{"@type":"ImageObject","inLanguage":"de","@id":"https:\/\/www.wetter-center.de\/blog\/aenderung-in-landnutzung-foerdert-globale-erwaermung\/#primaryimage","url":"https:\/\/www.wetter-center.de\/blog\/wp-content\/uploads\/2018\/02\/41467_2017_2810.jpg","contentUrl":"https:\/\/www.wetter-center.de\/blog\/wp-content\/uploads\/2018\/02\/41467_2017_2810.jpg","width":442,"height":316},{"@type":"BreadcrumbList","@id":"https:\/\/www.wetter-center.de\/blog\/aenderung-in-landnutzung-foerdert-globale-erwaermung\/#breadcrumb","itemListElement":[{"@type":"ListItem","position":1,"name":"Startseite","item":"https:\/\/www.wetter-center.de\/blog\/"},{"@type":"ListItem","position":2,"name":"\u00c4nderung in Landnutzung f\u00f6rdert Globale Erw\u00e4rmung"}]},{"@type":"WebSite","@id":"https:\/\/www.wetter-center.de\/blog\/#website","url":"https:\/\/www.wetter-center.de\/blog\/","name":"Wetter-Center.de","description":"","publisher":{"@id":"https:\/\/www.wetter-center.de\/blog\/#\/schema\/person\/6c69612ad4763a699cd157cfbbfa6667"},"potentialAction":[{"@type":"SearchAction","target":{"@type":"EntryPoint","urlTemplate":"https:\/\/www.wetter-center.de\/blog\/?s={search_term_string}"},"query-input":{"@type":"PropertyValueSpecification","valueRequired":true,"valueName":"search_term_string"}}],"inLanguage":"de"},{"@type":["Person","Organization"],"@id":"https:\/\/www.wetter-center.de\/blog\/#\/schema\/person\/6c69612ad4763a699cd157cfbbfa6667","name":"meteomara","image":{"@type":"ImageObject","inLanguage":"de","@id":"https:\/\/www.wetter-center.de\/blog\/#\/schema\/person\/image\/","url":"https:\/\/www.wetter-center.de\/blog\/wp-content\/uploads\/2022\/08\/sky-1551171_1280.jpg","contentUrl":"https:\/\/www.wetter-center.de\/blog\/wp-content\/uploads\/2022\/08\/sky-1551171_1280.jpg","width":1280,"height":643,"caption":"meteomara"},"logo":{"@id":"https:\/\/www.wetter-center.de\/blog\/#\/schema\/person\/image\/"},"sameAs":["https:\/\/www.facebook.com\/WetterUndKlima","https:\/\/www.instagram.com\/wettercenterde\/","https:\/\/x.com\/https:\/\/twitter.com\/meteomara"],"url":"https:\/\/www.wetter-center.de\/blog\/author\/meteomara\/"}]}},"amp_enabled":true,"_links":{"self":[{"href":"https:\/\/www.wetter-center.de\/blog\/wp-json\/wp\/v2\/posts\/2117","targetHints":{"allow":["GET"]}}],"collection":[{"href":"https:\/\/www.wetter-center.de\/blog\/wp-json\/wp\/v2\/posts"}],"about":[{"href":"https:\/\/www.wetter-center.de\/blog\/wp-json\/wp\/v2\/types\/post"}],"author":[{"embeddable":true,"href":"https:\/\/www.wetter-center.de\/blog\/wp-json\/wp\/v2\/users\/1"}],"replies":[{"embeddable":true,"href":"https:\/\/www.wetter-center.de\/blog\/wp-json\/wp\/v2\/comments?post=2117"}],"version-history":[{"count":0,"href":"https:\/\/www.wetter-center.de\/blog\/wp-json\/wp\/v2\/posts\/2117\/revisions"}],"wp:featuredmedia":[{"embeddable":true,"href":"https:\/\/www.wetter-center.de\/blog\/wp-json\/wp\/v2\/media\/2118"}],"wp:attachment":[{"href":"https:\/\/www.wetter-center.de\/blog\/wp-json\/wp\/v2\/media?parent=2117"}],"wp:term":[{"taxonomy":"category","embeddable":true,"href":"https:\/\/www.wetter-center.de\/blog\/wp-json\/wp\/v2\/categories?post=2117"},{"taxonomy":"post_tag","embeddable":true,"href":"https:\/\/www.wetter-center.de\/blog\/wp-json\/wp\/v2\/tags?post=2117"}],"curies":[{"name":"wp","href":"https:\/\/api.w.org\/{rel}","templated":true}]}}