{"id":2088,"date":"2018-01-07T23:25:12","date_gmt":"2018-01-07T22:25:12","guid":{"rendered":"http:\/\/www.wetter-center.de\/blog\/?p=2088"},"modified":"2018-01-07T23:25:12","modified_gmt":"2018-01-07T22:25:12","slug":"schnee-in-der-sahara","status":"publish","type":"post","link":"https:\/\/www.wetter-center.de\/blog\/schnee-in-der-sahara\/","title":{"rendered":"Schnee in der Sahara"},"content":{"rendered":"<p>Spektakul\u00e4re Fotos konnte man heute in Algerien schie\u00dfen. Kaltluft ist bis nach Nordafrika vorgedrungen und hat die Sandd\u00fcnen von Ain El Safra mit Schnee bedeckt. Severe-Weather.eu hat das Bild unten und weitere <a href=\"https:\/\/twitter.com\/severeweatherEU\/status\/950037309424128000\" target=\"_blank\" rel=\"noopener\">auf Twitter gepostet<\/a>.\u00a0Bereits im Dezember 2016 hatte es hier geschneit, das berichtet der <a href=\"http:\/\/www.telegraph.co.uk\/news\/2016\/12\/20\/stunning-photos-capture-rare-snow-sahara-desert\/\" target=\"_blank\" rel=\"noopener\">britische Telegraph<\/a>.<\/p>\n<p><a href=\"http:\/\/www.wetter-center.de\/blog\/wp-content\/uploads\/2018\/01\/sahara-snow4-2018.jpg\" data-rel=\"lightbox-image-0\" data-rl_title=\"\" data-rl_caption=\"\" title=\"\"><img loading=\"lazy\" decoding=\"async\" class=\"alignnone wp-image-2089\" src=\"http:\/\/www.wetter-center.de\/blog\/wp-content\/uploads\/2018\/01\/sahara-snow4-2018.jpg\" alt=\"\" width=\"520\" height=\"348\" srcset=\"https:\/\/www.wetter-center.de\/blog\/wp-content\/uploads\/2018\/01\/sahara-snow4-2018.jpg 955w, https:\/\/www.wetter-center.de\/blog\/wp-content\/uploads\/2018\/01\/sahara-snow4-2018-600x401.jpg 600w, https:\/\/www.wetter-center.de\/blog\/wp-content\/uploads\/2018\/01\/sahara-snow4-2018-300x201.jpg 300w, https:\/\/www.wetter-center.de\/blog\/wp-content\/uploads\/2018\/01\/sahara-snow4-2018-768x514.jpg 768w\" sizes=\"auto, (max-width: 520px) 100vw, 520px\" \/><\/a><\/p>\n<p>Davor gab es nach Angaben der Zeitung in einem Zeitraum von fast 40 Jahren hier keinen Schnee. Es ist kein Zufall, dass gleichzeitig in Nordamerika eine rekordverd\u00e4chtige K\u00e4ltewelle herrscht. Der Grund ist der stark geschw\u00e4chte Polarwirbel, der normalerweise die Kaltluft in der Arktis h\u00e4lt.<\/p>\n<p>Solche Kaltluftvorst\u00f6\u00dfe bis weit in den S\u00fcden werden vermutlich in der Zukunft \u00f6fter vorkommen, <a href=\"http:\/\/www.wetter-center.de\/blog\/?p=2081\" target=\"_blank\" rel=\"noopener\">wie hier berichtet<\/a>. Auch in anderen W\u00fcsten kommt es gelegentlich zu Schneef\u00e4llen, so zum Beispiel sogar in der\u00a0trockensten W\u00fcste der Welt, <a href=\"http:\/\/www.wetter-center.de\/blog\/?p=446\" target=\"_blank\" rel=\"noopener\">der Atacamaw\u00fcste in Chile<\/a>.<\/p>\n","protected":false},"excerpt":{"rendered":"<p>Spektakul\u00e4re Fotos konnte man heute in Algerien schie\u00dfen. Kaltluft ist bis nach Nordafrika vorgedrungen und hat die Sandd\u00fcnen von Ain El Safra mit Schnee bedeckt. Severe-Weather.eu hat das Bild unten und weitere auf Twitter&#46;&#46;&#46;<\/p>\n","protected":false},"author":1,"featured_media":2089,"comment_status":"open","ping_status":"open","sticky":false,"template":"","format":"standard","meta":{"footnotes":""},"categories":[5,6],"tags":[146,43,22,147],"class_list":["post-2088","post","type-post","status-publish","format-standard","has-post-thumbnail","hentry","category-reisewetter","category-unwetter","tag-algerien","tag-sahara","tag-schnee","tag-wueste"],"yoast_head":"<!-- This site is optimized with the Yoast SEO plugin v25.5 - https:\/\/yoast.com\/wordpress\/plugins\/seo\/ -->\n<title>Schnee in der Sahara - Wetter-Center.de<\/title>\n<meta name=\"robots\" content=\"index, follow, max-snippet:-1, max-image-preview:large, max-video-preview:-1\" \/>\n<link rel=\"canonical\" href=\"https:\/\/www.wetter-center.de\/blog\/schnee-in-der-sahara\/\" \/>\n<meta property=\"og:locale\" content=\"de_DE\" \/>\n<meta property=\"og:type\" content=\"article\" \/>\n<meta property=\"og:title\" content=\"Schnee in der Sahara - Wetter-Center.de\" \/>\n<meta property=\"og:description\" content=\"Spektakul\u00e4re Fotos konnte man heute in Algerien schie\u00dfen. Kaltluft ist bis nach Nordafrika vorgedrungen und hat die Sandd\u00fcnen von Ain El Safra mit Schnee bedeckt. Severe-Weather.eu hat das Bild unten und weitere auf Twitter&#046;&#046;&#046;\" \/>\n<meta property=\"og:url\" content=\"https:\/\/www.wetter-center.de\/blog\/schnee-in-der-sahara\/\" \/>\n<meta property=\"og:site_name\" content=\"Wetter-Center.de\" \/>\n<meta property=\"article:publisher\" content=\"https:\/\/www.facebook.com\/WetterUndKlima\" \/>\n<meta property=\"article:author\" content=\"https:\/\/www.facebook.com\/WetterUndKlima\" \/>\n<meta property=\"article:published_time\" content=\"2018-01-07T22:25:12+00:00\" \/>\n<meta property=\"og:image\" content=\"https:\/\/www.wetter-center.de\/blog\/wp-content\/uploads\/2018\/01\/sahara-snow4-2018.jpg\" \/>\n\t<meta property=\"og:image:width\" content=\"955\" \/>\n\t<meta property=\"og:image:height\" content=\"639\" \/>\n\t<meta property=\"og:image:type\" content=\"image\/jpeg\" \/>\n<meta name=\"author\" content=\"meteomara\" \/>\n<meta name=\"twitter:card\" content=\"summary_large_image\" \/>\n<meta name=\"twitter:creator\" content=\"@https:\/\/twitter.com\/meteomara\" \/>\n<meta name=\"twitter:site\" content=\"@meteomara\" \/>\n<meta name=\"twitter:label1\" content=\"Geschrieben von\" \/>\n\t<meta name=\"twitter:data1\" content=\"meteomara\" \/>\n\t<meta name=\"twitter:label2\" content=\"Gesch\u00e4tzte Lesezeit\" \/>\n\t<meta name=\"twitter:data2\" content=\"1\u00a0Minute\" \/>\n<script type=\"application\/ld+json\" class=\"yoast-schema-graph\">{\"@context\":\"https:\/\/schema.org\",\"@graph\":[{\"@type\":\"Article\",\"@id\":\"https:\/\/www.wetter-center.de\/blog\/schnee-in-der-sahara\/#article\",\"isPartOf\":{\"@id\":\"https:\/\/www.wetter-center.de\/blog\/schnee-in-der-sahara\/\"},\"author\":{\"name\":\"meteomara\",\"@id\":\"https:\/\/www.wetter-center.de\/blog\/#\/schema\/person\/6c69612ad4763a699cd157cfbbfa6667\"},\"headline\":\"Schnee in der Sahara\",\"datePublished\":\"2018-01-07T22:25:12+00:00\",\"mainEntityOfPage\":{\"@id\":\"https:\/\/www.wetter-center.de\/blog\/schnee-in-der-sahara\/\"},\"wordCount\":148,\"commentCount\":0,\"publisher\":{\"@id\":\"https:\/\/www.wetter-center.de\/blog\/#\/schema\/person\/6c69612ad4763a699cd157cfbbfa6667\"},\"image\":{\"@id\":\"https:\/\/www.wetter-center.de\/blog\/schnee-in-der-sahara\/#primaryimage\"},\"thumbnailUrl\":\"https:\/\/www.wetter-center.de\/blog\/wp-content\/uploads\/2018\/01\/sahara-snow4-2018.jpg\",\"keywords\":[\"Algerien\",\"Sahara\",\"Schnee\",\"W\u00fcste\"],\"articleSection\":[\"Reisewetter\",\"Unwetter\"],\"inLanguage\":\"de\",\"potentialAction\":[{\"@type\":\"CommentAction\",\"name\":\"Comment\",\"target\":[\"https:\/\/www.wetter-center.de\/blog\/schnee-in-der-sahara\/#respond\"]}]},{\"@type\":\"WebPage\",\"@id\":\"https:\/\/www.wetter-center.de\/blog\/schnee-in-der-sahara\/\",\"url\":\"https:\/\/www.wetter-center.de\/blog\/schnee-in-der-sahara\/\",\"name\":\"Schnee in der Sahara - Wetter-Center.de\",\"isPartOf\":{\"@id\":\"https:\/\/www.wetter-center.de\/blog\/#website\"},\"primaryImageOfPage\":{\"@id\":\"https:\/\/www.wetter-center.de\/blog\/schnee-in-der-sahara\/#primaryimage\"},\"image\":{\"@id\":\"https:\/\/www.wetter-center.de\/blog\/schnee-in-der-sahara\/#primaryimage\"},\"thumbnailUrl\":\"https:\/\/www.wetter-center.de\/blog\/wp-content\/uploads\/2018\/01\/sahara-snow4-2018.jpg\",\"datePublished\":\"2018-01-07T22:25:12+00:00\",\"breadcrumb\":{\"@id\":\"https:\/\/www.wetter-center.de\/blog\/schnee-in-der-sahara\/#breadcrumb\"},\"inLanguage\":\"de\",\"potentialAction\":[{\"@type\":\"ReadAction\",\"target\":[\"https:\/\/www.wetter-center.de\/blog\/schnee-in-der-sahara\/\"]}]},{\"@type\":\"ImageObject\",\"inLanguage\":\"de\",\"@id\":\"https:\/\/www.wetter-center.de\/blog\/schnee-in-der-sahara\/#primaryimage\",\"url\":\"https:\/\/www.wetter-center.de\/blog\/wp-content\/uploads\/2018\/01\/sahara-snow4-2018.jpg\",\"contentUrl\":\"https:\/\/www.wetter-center.de\/blog\/wp-content\/uploads\/2018\/01\/sahara-snow4-2018.jpg\",\"width\":955,\"height\":639},{\"@type\":\"BreadcrumbList\",\"@id\":\"https:\/\/www.wetter-center.de\/blog\/schnee-in-der-sahara\/#breadcrumb\",\"itemListElement\":[{\"@type\":\"ListItem\",\"position\":1,\"name\":\"Startseite\",\"item\":\"https:\/\/www.wetter-center.de\/blog\/\"},{\"@type\":\"ListItem\",\"position\":2,\"name\":\"Schnee in der Sahara\"}]},{\"@type\":\"WebSite\",\"@id\":\"https:\/\/www.wetter-center.de\/blog\/#website\",\"url\":\"https:\/\/www.wetter-center.de\/blog\/\",\"name\":\"Wetter-Center.de\",\"description\":\"\",\"publisher\":{\"@id\":\"https:\/\/www.wetter-center.de\/blog\/#\/schema\/person\/6c69612ad4763a699cd157cfbbfa6667\"},\"potentialAction\":[{\"@type\":\"SearchAction\",\"target\":{\"@type\":\"EntryPoint\",\"urlTemplate\":\"https:\/\/www.wetter-center.de\/blog\/?s={search_term_string}\"},\"query-input\":{\"@type\":\"PropertyValueSpecification\",\"valueRequired\":true,\"valueName\":\"search_term_string\"}}],\"inLanguage\":\"de\"},{\"@type\":[\"Person\",\"Organization\"],\"@id\":\"https:\/\/www.wetter-center.de\/blog\/#\/schema\/person\/6c69612ad4763a699cd157cfbbfa6667\",\"name\":\"meteomara\",\"image\":{\"@type\":\"ImageObject\",\"inLanguage\":\"de\",\"@id\":\"https:\/\/www.wetter-center.de\/blog\/#\/schema\/person\/image\/\",\"url\":\"https:\/\/www.wetter-center.de\/blog\/wp-content\/uploads\/2022\/08\/sky-1551171_1280.jpg\",\"contentUrl\":\"https:\/\/www.wetter-center.de\/blog\/wp-content\/uploads\/2022\/08\/sky-1551171_1280.jpg\",\"width\":1280,\"height\":643,\"caption\":\"meteomara\"},\"logo\":{\"@id\":\"https:\/\/www.wetter-center.de\/blog\/#\/schema\/person\/image\/\"},\"sameAs\":[\"https:\/\/www.facebook.com\/WetterUndKlima\",\"https:\/\/www.instagram.com\/wettercenterde\/\",\"https:\/\/x.com\/https:\/\/twitter.com\/meteomara\"],\"url\":\"https:\/\/www.wetter-center.de\/blog\/author\/meteomara\/\"}]}<\/script>\n<!-- \/ Yoast SEO plugin. -->","yoast_head_json":{"title":"Schnee in der Sahara - Wetter-Center.de","robots":{"index":"index","follow":"follow","max-snippet":"max-snippet:-1","max-image-preview":"max-image-preview:large","max-video-preview":"max-video-preview:-1"},"canonical":"https:\/\/www.wetter-center.de\/blog\/schnee-in-der-sahara\/","og_locale":"de_DE","og_type":"article","og_title":"Schnee in der Sahara - Wetter-Center.de","og_description":"Spektakul\u00e4re Fotos konnte man heute in Algerien schie\u00dfen. Kaltluft ist bis nach Nordafrika vorgedrungen und hat die Sandd\u00fcnen von Ain El Safra mit Schnee bedeckt. Severe-Weather.eu hat das Bild unten und weitere auf Twitter&#46;&#46;&#46;","og_url":"https:\/\/www.wetter-center.de\/blog\/schnee-in-der-sahara\/","og_site_name":"Wetter-Center.de","article_publisher":"https:\/\/www.facebook.com\/WetterUndKlima","article_author":"https:\/\/www.facebook.com\/WetterUndKlima","article_published_time":"2018-01-07T22:25:12+00:00","og_image":[{"width":955,"height":639,"url":"https:\/\/www.wetter-center.de\/blog\/wp-content\/uploads\/2018\/01\/sahara-snow4-2018.jpg","type":"image\/jpeg"}],"author":"meteomara","twitter_card":"summary_large_image","twitter_creator":"@https:\/\/twitter.com\/meteomara","twitter_site":"@meteomara","twitter_misc":{"Geschrieben von":"meteomara","Gesch\u00e4tzte Lesezeit":"1\u00a0Minute"},"schema":{"@context":"https:\/\/schema.org","@graph":[{"@type":"Article","@id":"https:\/\/www.wetter-center.de\/blog\/schnee-in-der-sahara\/#article","isPartOf":{"@id":"https:\/\/www.wetter-center.de\/blog\/schnee-in-der-sahara\/"},"author":{"name":"meteomara","@id":"https:\/\/www.wetter-center.de\/blog\/#\/schema\/person\/6c69612ad4763a699cd157cfbbfa6667"},"headline":"Schnee in der Sahara","datePublished":"2018-01-07T22:25:12+00:00","mainEntityOfPage":{"@id":"https:\/\/www.wetter-center.de\/blog\/schnee-in-der-sahara\/"},"wordCount":148,"commentCount":0,"publisher":{"@id":"https:\/\/www.wetter-center.de\/blog\/#\/schema\/person\/6c69612ad4763a699cd157cfbbfa6667"},"image":{"@id":"https:\/\/www.wetter-center.de\/blog\/schnee-in-der-sahara\/#primaryimage"},"thumbnailUrl":"https:\/\/www.wetter-center.de\/blog\/wp-content\/uploads\/2018\/01\/sahara-snow4-2018.jpg","keywords":["Algerien","Sahara","Schnee","W\u00fcste"],"articleSection":["Reisewetter","Unwetter"],"inLanguage":"de","potentialAction":[{"@type":"CommentAction","name":"Comment","target":["https:\/\/www.wetter-center.de\/blog\/schnee-in-der-sahara\/#respond"]}]},{"@type":"WebPage","@id":"https:\/\/www.wetter-center.de\/blog\/schnee-in-der-sahara\/","url":"https:\/\/www.wetter-center.de\/blog\/schnee-in-der-sahara\/","name":"Schnee in der Sahara - Wetter-Center.de","isPartOf":{"@id":"https:\/\/www.wetter-center.de\/blog\/#website"},"primaryImageOfPage":{"@id":"https:\/\/www.wetter-center.de\/blog\/schnee-in-der-sahara\/#primaryimage"},"image":{"@id":"https:\/\/www.wetter-center.de\/blog\/schnee-in-der-sahara\/#primaryimage"},"thumbnailUrl":"https:\/\/www.wetter-center.de\/blog\/wp-content\/uploads\/2018\/01\/sahara-snow4-2018.jpg","datePublished":"2018-01-07T22:25:12+00:00","breadcrumb":{"@id":"https:\/\/www.wetter-center.de\/blog\/schnee-in-der-sahara\/#breadcrumb"},"inLanguage":"de","potentialAction":[{"@type":"ReadAction","target":["https:\/\/www.wetter-center.de\/blog\/schnee-in-der-sahara\/"]}]},{"@type":"ImageObject","inLanguage":"de","@id":"https:\/\/www.wetter-center.de\/blog\/schnee-in-der-sahara\/#primaryimage","url":"https:\/\/www.wetter-center.de\/blog\/wp-content\/uploads\/2018\/01\/sahara-snow4-2018.jpg","contentUrl":"https:\/\/www.wetter-center.de\/blog\/wp-content\/uploads\/2018\/01\/sahara-snow4-2018.jpg","width":955,"height":639},{"@type":"BreadcrumbList","@id":"https:\/\/www.wetter-center.de\/blog\/schnee-in-der-sahara\/#breadcrumb","itemListElement":[{"@type":"ListItem","position":1,"name":"Startseite","item":"https:\/\/www.wetter-center.de\/blog\/"},{"@type":"ListItem","position":2,"name":"Schnee in der Sahara"}]},{"@type":"WebSite","@id":"https:\/\/www.wetter-center.de\/blog\/#website","url":"https:\/\/www.wetter-center.de\/blog\/","name":"Wetter-Center.de","description":"","publisher":{"@id":"https:\/\/www.wetter-center.de\/blog\/#\/schema\/person\/6c69612ad4763a699cd157cfbbfa6667"},"potentialAction":[{"@type":"SearchAction","target":{"@type":"EntryPoint","urlTemplate":"https:\/\/www.wetter-center.de\/blog\/?s={search_term_string}"},"query-input":{"@type":"PropertyValueSpecification","valueRequired":true,"valueName":"search_term_string"}}],"inLanguage":"de"},{"@type":["Person","Organization"],"@id":"https:\/\/www.wetter-center.de\/blog\/#\/schema\/person\/6c69612ad4763a699cd157cfbbfa6667","name":"meteomara","image":{"@type":"ImageObject","inLanguage":"de","@id":"https:\/\/www.wetter-center.de\/blog\/#\/schema\/person\/image\/","url":"https:\/\/www.wetter-center.de\/blog\/wp-content\/uploads\/2022\/08\/sky-1551171_1280.jpg","contentUrl":"https:\/\/www.wetter-center.de\/blog\/wp-content\/uploads\/2022\/08\/sky-1551171_1280.jpg","width":1280,"height":643,"caption":"meteomara"},"logo":{"@id":"https:\/\/www.wetter-center.de\/blog\/#\/schema\/person\/image\/"},"sameAs":["https:\/\/www.facebook.com\/WetterUndKlima","https:\/\/www.instagram.com\/wettercenterde\/","https:\/\/x.com\/https:\/\/twitter.com\/meteomara"],"url":"https:\/\/www.wetter-center.de\/blog\/author\/meteomara\/"}]}},"amp_enabled":true,"_links":{"self":[{"href":"https:\/\/www.wetter-center.de\/blog\/wp-json\/wp\/v2\/posts\/2088","targetHints":{"allow":["GET"]}}],"collection":[{"href":"https:\/\/www.wetter-center.de\/blog\/wp-json\/wp\/v2\/posts"}],"about":[{"href":"https:\/\/www.wetter-center.de\/blog\/wp-json\/wp\/v2\/types\/post"}],"author":[{"embeddable":true,"href":"https:\/\/www.wetter-center.de\/blog\/wp-json\/wp\/v2\/users\/1"}],"replies":[{"embeddable":true,"href":"https:\/\/www.wetter-center.de\/blog\/wp-json\/wp\/v2\/comments?post=2088"}],"version-history":[{"count":0,"href":"https:\/\/www.wetter-center.de\/blog\/wp-json\/wp\/v2\/posts\/2088\/revisions"}],"wp:featuredmedia":[{"embeddable":true,"href":"https:\/\/www.wetter-center.de\/blog\/wp-json\/wp\/v2\/media\/2089"}],"wp:attachment":[{"href":"https:\/\/www.wetter-center.de\/blog\/wp-json\/wp\/v2\/media?parent=2088"}],"wp:term":[{"taxonomy":"category","embeddable":true,"href":"https:\/\/www.wetter-center.de\/blog\/wp-json\/wp\/v2\/categories?post=2088"},{"taxonomy":"post_tag","embeddable":true,"href":"https:\/\/www.wetter-center.de\/blog\/wp-json\/wp\/v2\/tags?post=2088"}],"curies":[{"name":"wp","href":"https:\/\/api.w.org\/{rel}","templated":true}]}}