{"id":2058,"date":"2017-12-03T21:31:06","date_gmt":"2017-12-03T20:31:06","guid":{"rendered":"http:\/\/www.wetter-center.de\/blog\/?p=2058"},"modified":"2017-12-03T21:33:46","modified_gmt":"2017-12-03T20:33:46","slug":"erste-bilder-von-eu-satellit-sentinel-5p","status":"publish","type":"post","link":"https:\/\/www.wetter-center.de\/blog\/erste-bilder-von-eu-satellit-sentinel-5p\/","title":{"rendered":"Erste Bilder von EU-Satellit Sentinel-5P"},"content":{"rendered":"<p>Seit erst gut einem Monat ist der neue Satellit zur Erdbeobachtung &#8220;<a href=\"http:\/\/www.wetter-center.de\/blog\/?p=2002\">Sentinel-5P<\/a>&#8221; aus dem europ\u00e4ischen\u00a0<strong>Copernicus<\/strong>-Programm in Betrieb und schon sendet er spektakul\u00e4re Bilder unserer Erde. Allerdings wird das vom niederl\u00e4ndischen Wetterdienst KNMI geleitete Forscherteam noch weitere f\u00fcnf Monate Zeit investieren, um die Sensoren zu kalibrieren. Danach werden die Satellitendaten im Internet zeitnah frei zur Verf\u00fcgung gestellt.<\/p>\n<p>Der neue Satellit Sentinel-5P wird ein extrem leistungsf\u00e4higes Werkzeug zur <strong>\u00dcberwachung der Luftqualit\u00e4t<\/strong> sein. Die Forscher sind begeistert, wie schnell der Satellit nach dem Start die ersten Daten senden konnte. Dies ist eine gro\u00dfer Fortschritt gegen\u00fcber bisherigen Satelliten. In nur einer Woche konnten mehr Daten von Sentinel-5P gewonnen werden als in mehreren Jahren Betrieb einer \u00e4hnlichen fr\u00fcheren Mission, <a href=\"http:\/\/www.bbc.com\/news\/science-environment-42196752#\" target=\"_blank\" rel=\"noopener\">berichtet BBC News<\/a>.<\/p>\n<p><a href=\"http:\/\/www.wetter-center.de\/blog\/wp-content\/uploads\/2017\/12\/sentinel5-no2.jpg\" data-rel=\"lightbox-image-0\" data-rl_title=\"\" data-rl_caption=\"\" title=\"\"><img loading=\"lazy\" decoding=\"async\" class=\"alignnone wp-image-2060\" src=\"http:\/\/www.wetter-center.de\/blog\/wp-content\/uploads\/2017\/12\/sentinel5-no2.jpg\" alt=\"\" width=\"550\" height=\"494\" srcset=\"https:\/\/www.wetter-center.de\/blog\/wp-content\/uploads\/2017\/12\/sentinel5-no2.jpg 660w, https:\/\/www.wetter-center.de\/blog\/wp-content\/uploads\/2017\/12\/sentinel5-no2-600x539.jpg 600w, https:\/\/www.wetter-center.de\/blog\/wp-content\/uploads\/2017\/12\/sentinel5-no2-300x270.jpg 300w\" sizes=\"auto, (max-width: 550px) 100vw, 550px\" \/><\/a><\/p>\n<p>Eines der ersten Bilder von Sentinel-5P\u00a0zeigt die <strong>Stickstoffdioxid-Konzentration \u00fcber Europa<\/strong> (Bild oben). Diese Emissionen stammen gr\u00f6\u00dftenteils von Kraftfahrzeugen und der Verbrennung fossiler Brennstoffe in industriellen Prozessen.<br \/>\nHohe Konzentrationen des Schadstoffs sind in Teilen der Niederlande, im Ruhrgebiet in Westdeutschland, in der Poebene in Italien und in Teilen Spaniens zu finden. NO2, ein gelb-braunes Gas, f\u00f6rdert unter den richtigen Wetterbedingungen die Produktion von bodennahem Ozon, das eine schwere Reizung der Atemwege bewirken kann.<\/p>\n<p><img loading=\"lazy\" decoding=\"async\" class=\"alignnone wp-image-2061\" src=\"http:\/\/www.wetter-center.de\/blog\/wp-content\/uploads\/2017\/12\/99016547_whatsubject.jpg\" alt=\"\" width=\"550\" height=\"309\" srcset=\"https:\/\/www.wetter-center.de\/blog\/wp-content\/uploads\/2017\/12\/99016547_whatsubject.jpg 624w, https:\/\/www.wetter-center.de\/blog\/wp-content\/uploads\/2017\/12\/99016547_whatsubject-600x338.jpg 600w, https:\/\/www.wetter-center.de\/blog\/wp-content\/uploads\/2017\/12\/99016547_whatsubject-300x169.jpg 300w\" sizes=\"auto, (max-width: 550px) 100vw, 550px\" \/><\/p>\n<p>Beeindruckend ist auch des Bild zum Ausbruch des <strong>Vulkans Mt. Agung<\/strong>. Sentinel-5P sieht sowohl die <strong>Asche<\/strong> als auch das <strong>Schwefeldioxid<\/strong> (oben im Bild), die aus dem Vulkan kommen. Sollten die Aktivit\u00e4ten des Mt. Agung erheblich zunehmen, haben die Emissionen das Potenzial, sich in der Atmosph\u00e4re auszubreiten und das globale Klima abzuk\u00fchlen. Asche und Schwefeldioxid verst\u00e4rken die Wolkenbildung und k\u00f6nnen damit die Sonneneinstrahlung vermindern.<\/p>\n<p>Die Planung und Konstruktion von Sentinel-5P ist eine niederl\u00e4ndisch-britischen Koproduktion im Rahmen des Copernicus-EU-Projektes. Gro\u00dfbritannien hat angek\u00fcndigt, auch nach dem Brexit weiterhin in diesem Projekt engagiert zu bleiben.<\/p>\n","protected":false},"excerpt":{"rendered":"<p>Seit erst gut einem Monat ist der neue Satellit zur Erdbeobachtung &#8220;Sentinel-5P&#8221; aus dem europ\u00e4ischen\u00a0Copernicus-Programm in Betrieb und schon sendet er spektakul\u00e4re Bilder unserer Erde. Allerdings wird das vom niederl\u00e4ndischen Wetterdienst KNMI geleitete Forscherteam&#46;&#46;&#46;<\/p>\n","protected":false},"author":1,"featured_media":2060,"comment_status":"open","ping_status":"open","sticky":false,"template":"","format":"standard","meta":{"footnotes":""},"categories":[15],"tags":[129,16,145,17],"class_list":["post-2058","post","type-post","status-publish","format-standard","has-post-thumbnail","hentry","category-forschung","tag-copernicus","tag-esa","tag-luftqualitaet","tag-satellit"],"yoast_head":"<!-- This site is optimized with the Yoast SEO plugin v25.5 - https:\/\/yoast.com\/wordpress\/plugins\/seo\/ -->\n<title>Erste Bilder von EU-Satellit Sentinel-5P - Wetter-Center.de<\/title>\n<meta name=\"robots\" content=\"index, follow, max-snippet:-1, max-image-preview:large, max-video-preview:-1\" \/>\n<link rel=\"canonical\" href=\"https:\/\/www.wetter-center.de\/blog\/erste-bilder-von-eu-satellit-sentinel-5p\/\" \/>\n<meta property=\"og:locale\" content=\"de_DE\" \/>\n<meta property=\"og:type\" content=\"article\" \/>\n<meta property=\"og:title\" content=\"Erste Bilder von EU-Satellit Sentinel-5P - Wetter-Center.de\" \/>\n<meta property=\"og:description\" content=\"Seit erst gut einem Monat ist der neue Satellit zur Erdbeobachtung &#8220;Sentinel-5P&#8221; aus dem europ\u00e4ischen\u00a0Copernicus-Programm in Betrieb und schon sendet er spektakul\u00e4re Bilder unserer Erde. Allerdings wird das vom niederl\u00e4ndischen Wetterdienst KNMI geleitete Forscherteam&#046;&#046;&#046;\" \/>\n<meta property=\"og:url\" content=\"https:\/\/www.wetter-center.de\/blog\/erste-bilder-von-eu-satellit-sentinel-5p\/\" \/>\n<meta property=\"og:site_name\" content=\"Wetter-Center.de\" \/>\n<meta property=\"article:publisher\" content=\"https:\/\/www.facebook.com\/WetterUndKlima\" \/>\n<meta property=\"article:author\" content=\"https:\/\/www.facebook.com\/WetterUndKlima\" \/>\n<meta property=\"article:published_time\" content=\"2017-12-03T20:31:06+00:00\" \/>\n<meta property=\"article:modified_time\" content=\"2017-12-03T20:33:46+00:00\" \/>\n<meta property=\"og:image\" content=\"https:\/\/www.wetter-center.de\/blog\/wp-content\/uploads\/2017\/12\/sentinel5-no2.jpg\" \/>\n\t<meta property=\"og:image:width\" content=\"660\" \/>\n\t<meta property=\"og:image:height\" content=\"593\" \/>\n\t<meta property=\"og:image:type\" content=\"image\/jpeg\" \/>\n<meta name=\"author\" content=\"meteomara\" \/>\n<meta name=\"twitter:card\" content=\"summary_large_image\" \/>\n<meta name=\"twitter:creator\" content=\"@https:\/\/twitter.com\/meteomara\" \/>\n<meta name=\"twitter:site\" content=\"@meteomara\" \/>\n<meta name=\"twitter:label1\" content=\"Geschrieben von\" \/>\n\t<meta name=\"twitter:data1\" content=\"meteomara\" \/>\n\t<meta name=\"twitter:label2\" content=\"Gesch\u00e4tzte Lesezeit\" \/>\n\t<meta name=\"twitter:data2\" content=\"2\u00a0Minuten\" \/>\n<script type=\"application\/ld+json\" class=\"yoast-schema-graph\">{\"@context\":\"https:\/\/schema.org\",\"@graph\":[{\"@type\":\"Article\",\"@id\":\"https:\/\/www.wetter-center.de\/blog\/erste-bilder-von-eu-satellit-sentinel-5p\/#article\",\"isPartOf\":{\"@id\":\"https:\/\/www.wetter-center.de\/blog\/erste-bilder-von-eu-satellit-sentinel-5p\/\"},\"author\":{\"name\":\"meteomara\",\"@id\":\"https:\/\/www.wetter-center.de\/blog\/#\/schema\/person\/6c69612ad4763a699cd157cfbbfa6667\"},\"headline\":\"Erste Bilder von EU-Satellit Sentinel-5P\",\"datePublished\":\"2017-12-03T20:31:06+00:00\",\"dateModified\":\"2017-12-03T20:33:46+00:00\",\"mainEntityOfPage\":{\"@id\":\"https:\/\/www.wetter-center.de\/blog\/erste-bilder-von-eu-satellit-sentinel-5p\/\"},\"wordCount\":314,\"commentCount\":0,\"publisher\":{\"@id\":\"https:\/\/www.wetter-center.de\/blog\/#\/schema\/person\/6c69612ad4763a699cd157cfbbfa6667\"},\"image\":{\"@id\":\"https:\/\/www.wetter-center.de\/blog\/erste-bilder-von-eu-satellit-sentinel-5p\/#primaryimage\"},\"thumbnailUrl\":\"https:\/\/www.wetter-center.de\/blog\/wp-content\/uploads\/2017\/12\/sentinel5-no2.jpg\",\"keywords\":[\"Copernicus\",\"ESA\",\"Luftqualit\u00e4t\",\"Satellit\"],\"articleSection\":[\"Forschung\"],\"inLanguage\":\"de\",\"potentialAction\":[{\"@type\":\"CommentAction\",\"name\":\"Comment\",\"target\":[\"https:\/\/www.wetter-center.de\/blog\/erste-bilder-von-eu-satellit-sentinel-5p\/#respond\"]}]},{\"@type\":\"WebPage\",\"@id\":\"https:\/\/www.wetter-center.de\/blog\/erste-bilder-von-eu-satellit-sentinel-5p\/\",\"url\":\"https:\/\/www.wetter-center.de\/blog\/erste-bilder-von-eu-satellit-sentinel-5p\/\",\"name\":\"Erste Bilder von EU-Satellit Sentinel-5P - Wetter-Center.de\",\"isPartOf\":{\"@id\":\"https:\/\/www.wetter-center.de\/blog\/#website\"},\"primaryImageOfPage\":{\"@id\":\"https:\/\/www.wetter-center.de\/blog\/erste-bilder-von-eu-satellit-sentinel-5p\/#primaryimage\"},\"image\":{\"@id\":\"https:\/\/www.wetter-center.de\/blog\/erste-bilder-von-eu-satellit-sentinel-5p\/#primaryimage\"},\"thumbnailUrl\":\"https:\/\/www.wetter-center.de\/blog\/wp-content\/uploads\/2017\/12\/sentinel5-no2.jpg\",\"datePublished\":\"2017-12-03T20:31:06+00:00\",\"dateModified\":\"2017-12-03T20:33:46+00:00\",\"breadcrumb\":{\"@id\":\"https:\/\/www.wetter-center.de\/blog\/erste-bilder-von-eu-satellit-sentinel-5p\/#breadcrumb\"},\"inLanguage\":\"de\",\"potentialAction\":[{\"@type\":\"ReadAction\",\"target\":[\"https:\/\/www.wetter-center.de\/blog\/erste-bilder-von-eu-satellit-sentinel-5p\/\"]}]},{\"@type\":\"ImageObject\",\"inLanguage\":\"de\",\"@id\":\"https:\/\/www.wetter-center.de\/blog\/erste-bilder-von-eu-satellit-sentinel-5p\/#primaryimage\",\"url\":\"https:\/\/www.wetter-center.de\/blog\/wp-content\/uploads\/2017\/12\/sentinel5-no2.jpg\",\"contentUrl\":\"https:\/\/www.wetter-center.de\/blog\/wp-content\/uploads\/2017\/12\/sentinel5-no2.jpg\",\"width\":660,\"height\":593},{\"@type\":\"BreadcrumbList\",\"@id\":\"https:\/\/www.wetter-center.de\/blog\/erste-bilder-von-eu-satellit-sentinel-5p\/#breadcrumb\",\"itemListElement\":[{\"@type\":\"ListItem\",\"position\":1,\"name\":\"Startseite\",\"item\":\"https:\/\/www.wetter-center.de\/blog\/\"},{\"@type\":\"ListItem\",\"position\":2,\"name\":\"Erste Bilder von EU-Satellit Sentinel-5P\"}]},{\"@type\":\"WebSite\",\"@id\":\"https:\/\/www.wetter-center.de\/blog\/#website\",\"url\":\"https:\/\/www.wetter-center.de\/blog\/\",\"name\":\"Wetter-Center.de\",\"description\":\"\",\"publisher\":{\"@id\":\"https:\/\/www.wetter-center.de\/blog\/#\/schema\/person\/6c69612ad4763a699cd157cfbbfa6667\"},\"potentialAction\":[{\"@type\":\"SearchAction\",\"target\":{\"@type\":\"EntryPoint\",\"urlTemplate\":\"https:\/\/www.wetter-center.de\/blog\/?s={search_term_string}\"},\"query-input\":{\"@type\":\"PropertyValueSpecification\",\"valueRequired\":true,\"valueName\":\"search_term_string\"}}],\"inLanguage\":\"de\"},{\"@type\":[\"Person\",\"Organization\"],\"@id\":\"https:\/\/www.wetter-center.de\/blog\/#\/schema\/person\/6c69612ad4763a699cd157cfbbfa6667\",\"name\":\"meteomara\",\"image\":{\"@type\":\"ImageObject\",\"inLanguage\":\"de\",\"@id\":\"https:\/\/www.wetter-center.de\/blog\/#\/schema\/person\/image\/\",\"url\":\"https:\/\/www.wetter-center.de\/blog\/wp-content\/uploads\/2022\/08\/sky-1551171_1280.jpg\",\"contentUrl\":\"https:\/\/www.wetter-center.de\/blog\/wp-content\/uploads\/2022\/08\/sky-1551171_1280.jpg\",\"width\":1280,\"height\":643,\"caption\":\"meteomara\"},\"logo\":{\"@id\":\"https:\/\/www.wetter-center.de\/blog\/#\/schema\/person\/image\/\"},\"sameAs\":[\"https:\/\/www.facebook.com\/WetterUndKlima\",\"https:\/\/www.instagram.com\/wettercenterde\/\",\"https:\/\/x.com\/https:\/\/twitter.com\/meteomara\"],\"url\":\"https:\/\/www.wetter-center.de\/blog\/author\/meteomara\/\"}]}<\/script>\n<!-- \/ Yoast SEO plugin. -->","yoast_head_json":{"title":"Erste Bilder von EU-Satellit Sentinel-5P - Wetter-Center.de","robots":{"index":"index","follow":"follow","max-snippet":"max-snippet:-1","max-image-preview":"max-image-preview:large","max-video-preview":"max-video-preview:-1"},"canonical":"https:\/\/www.wetter-center.de\/blog\/erste-bilder-von-eu-satellit-sentinel-5p\/","og_locale":"de_DE","og_type":"article","og_title":"Erste Bilder von EU-Satellit Sentinel-5P - Wetter-Center.de","og_description":"Seit erst gut einem Monat ist der neue Satellit zur Erdbeobachtung &#8220;Sentinel-5P&#8221; aus dem europ\u00e4ischen\u00a0Copernicus-Programm in Betrieb und schon sendet er spektakul\u00e4re Bilder unserer Erde. Allerdings wird das vom niederl\u00e4ndischen Wetterdienst KNMI geleitete Forscherteam&#46;&#46;&#46;","og_url":"https:\/\/www.wetter-center.de\/blog\/erste-bilder-von-eu-satellit-sentinel-5p\/","og_site_name":"Wetter-Center.de","article_publisher":"https:\/\/www.facebook.com\/WetterUndKlima","article_author":"https:\/\/www.facebook.com\/WetterUndKlima","article_published_time":"2017-12-03T20:31:06+00:00","article_modified_time":"2017-12-03T20:33:46+00:00","og_image":[{"width":660,"height":593,"url":"https:\/\/www.wetter-center.de\/blog\/wp-content\/uploads\/2017\/12\/sentinel5-no2.jpg","type":"image\/jpeg"}],"author":"meteomara","twitter_card":"summary_large_image","twitter_creator":"@https:\/\/twitter.com\/meteomara","twitter_site":"@meteomara","twitter_misc":{"Geschrieben von":"meteomara","Gesch\u00e4tzte Lesezeit":"2\u00a0Minuten"},"schema":{"@context":"https:\/\/schema.org","@graph":[{"@type":"Article","@id":"https:\/\/www.wetter-center.de\/blog\/erste-bilder-von-eu-satellit-sentinel-5p\/#article","isPartOf":{"@id":"https:\/\/www.wetter-center.de\/blog\/erste-bilder-von-eu-satellit-sentinel-5p\/"},"author":{"name":"meteomara","@id":"https:\/\/www.wetter-center.de\/blog\/#\/schema\/person\/6c69612ad4763a699cd157cfbbfa6667"},"headline":"Erste Bilder von EU-Satellit Sentinel-5P","datePublished":"2017-12-03T20:31:06+00:00","dateModified":"2017-12-03T20:33:46+00:00","mainEntityOfPage":{"@id":"https:\/\/www.wetter-center.de\/blog\/erste-bilder-von-eu-satellit-sentinel-5p\/"},"wordCount":314,"commentCount":0,"publisher":{"@id":"https:\/\/www.wetter-center.de\/blog\/#\/schema\/person\/6c69612ad4763a699cd157cfbbfa6667"},"image":{"@id":"https:\/\/www.wetter-center.de\/blog\/erste-bilder-von-eu-satellit-sentinel-5p\/#primaryimage"},"thumbnailUrl":"https:\/\/www.wetter-center.de\/blog\/wp-content\/uploads\/2017\/12\/sentinel5-no2.jpg","keywords":["Copernicus","ESA","Luftqualit\u00e4t","Satellit"],"articleSection":["Forschung"],"inLanguage":"de","potentialAction":[{"@type":"CommentAction","name":"Comment","target":["https:\/\/www.wetter-center.de\/blog\/erste-bilder-von-eu-satellit-sentinel-5p\/#respond"]}]},{"@type":"WebPage","@id":"https:\/\/www.wetter-center.de\/blog\/erste-bilder-von-eu-satellit-sentinel-5p\/","url":"https:\/\/www.wetter-center.de\/blog\/erste-bilder-von-eu-satellit-sentinel-5p\/","name":"Erste Bilder von EU-Satellit Sentinel-5P - Wetter-Center.de","isPartOf":{"@id":"https:\/\/www.wetter-center.de\/blog\/#website"},"primaryImageOfPage":{"@id":"https:\/\/www.wetter-center.de\/blog\/erste-bilder-von-eu-satellit-sentinel-5p\/#primaryimage"},"image":{"@id":"https:\/\/www.wetter-center.de\/blog\/erste-bilder-von-eu-satellit-sentinel-5p\/#primaryimage"},"thumbnailUrl":"https:\/\/www.wetter-center.de\/blog\/wp-content\/uploads\/2017\/12\/sentinel5-no2.jpg","datePublished":"2017-12-03T20:31:06+00:00","dateModified":"2017-12-03T20:33:46+00:00","breadcrumb":{"@id":"https:\/\/www.wetter-center.de\/blog\/erste-bilder-von-eu-satellit-sentinel-5p\/#breadcrumb"},"inLanguage":"de","potentialAction":[{"@type":"ReadAction","target":["https:\/\/www.wetter-center.de\/blog\/erste-bilder-von-eu-satellit-sentinel-5p\/"]}]},{"@type":"ImageObject","inLanguage":"de","@id":"https:\/\/www.wetter-center.de\/blog\/erste-bilder-von-eu-satellit-sentinel-5p\/#primaryimage","url":"https:\/\/www.wetter-center.de\/blog\/wp-content\/uploads\/2017\/12\/sentinel5-no2.jpg","contentUrl":"https:\/\/www.wetter-center.de\/blog\/wp-content\/uploads\/2017\/12\/sentinel5-no2.jpg","width":660,"height":593},{"@type":"BreadcrumbList","@id":"https:\/\/www.wetter-center.de\/blog\/erste-bilder-von-eu-satellit-sentinel-5p\/#breadcrumb","itemListElement":[{"@type":"ListItem","position":1,"name":"Startseite","item":"https:\/\/www.wetter-center.de\/blog\/"},{"@type":"ListItem","position":2,"name":"Erste Bilder von EU-Satellit Sentinel-5P"}]},{"@type":"WebSite","@id":"https:\/\/www.wetter-center.de\/blog\/#website","url":"https:\/\/www.wetter-center.de\/blog\/","name":"Wetter-Center.de","description":"","publisher":{"@id":"https:\/\/www.wetter-center.de\/blog\/#\/schema\/person\/6c69612ad4763a699cd157cfbbfa6667"},"potentialAction":[{"@type":"SearchAction","target":{"@type":"EntryPoint","urlTemplate":"https:\/\/www.wetter-center.de\/blog\/?s={search_term_string}"},"query-input":{"@type":"PropertyValueSpecification","valueRequired":true,"valueName":"search_term_string"}}],"inLanguage":"de"},{"@type":["Person","Organization"],"@id":"https:\/\/www.wetter-center.de\/blog\/#\/schema\/person\/6c69612ad4763a699cd157cfbbfa6667","name":"meteomara","image":{"@type":"ImageObject","inLanguage":"de","@id":"https:\/\/www.wetter-center.de\/blog\/#\/schema\/person\/image\/","url":"https:\/\/www.wetter-center.de\/blog\/wp-content\/uploads\/2022\/08\/sky-1551171_1280.jpg","contentUrl":"https:\/\/www.wetter-center.de\/blog\/wp-content\/uploads\/2022\/08\/sky-1551171_1280.jpg","width":1280,"height":643,"caption":"meteomara"},"logo":{"@id":"https:\/\/www.wetter-center.de\/blog\/#\/schema\/person\/image\/"},"sameAs":["https:\/\/www.facebook.com\/WetterUndKlima","https:\/\/www.instagram.com\/wettercenterde\/","https:\/\/x.com\/https:\/\/twitter.com\/meteomara"],"url":"https:\/\/www.wetter-center.de\/blog\/author\/meteomara\/"}]}},"amp_enabled":true,"_links":{"self":[{"href":"https:\/\/www.wetter-center.de\/blog\/wp-json\/wp\/v2\/posts\/2058","targetHints":{"allow":["GET"]}}],"collection":[{"href":"https:\/\/www.wetter-center.de\/blog\/wp-json\/wp\/v2\/posts"}],"about":[{"href":"https:\/\/www.wetter-center.de\/blog\/wp-json\/wp\/v2\/types\/post"}],"author":[{"embeddable":true,"href":"https:\/\/www.wetter-center.de\/blog\/wp-json\/wp\/v2\/users\/1"}],"replies":[{"embeddable":true,"href":"https:\/\/www.wetter-center.de\/blog\/wp-json\/wp\/v2\/comments?post=2058"}],"version-history":[{"count":0,"href":"https:\/\/www.wetter-center.de\/blog\/wp-json\/wp\/v2\/posts\/2058\/revisions"}],"wp:featuredmedia":[{"embeddable":true,"href":"https:\/\/www.wetter-center.de\/blog\/wp-json\/wp\/v2\/media\/2060"}],"wp:attachment":[{"href":"https:\/\/www.wetter-center.de\/blog\/wp-json\/wp\/v2\/media?parent=2058"}],"wp:term":[{"taxonomy":"category","embeddable":true,"href":"https:\/\/www.wetter-center.de\/blog\/wp-json\/wp\/v2\/categories?post=2058"},{"taxonomy":"post_tag","embeddable":true,"href":"https:\/\/www.wetter-center.de\/blog\/wp-json\/wp\/v2\/tags?post=2058"}],"curies":[{"name":"wp","href":"https:\/\/api.w.org\/{rel}","templated":true}]}}