{"id":1970,"date":"2017-09-16T22:26:50","date_gmt":"2017-09-16T20:26:50","guid":{"rendered":"http:\/\/www.wetter-center.de\/blog\/?p=1970"},"modified":"2017-09-16T22:32:00","modified_gmt":"2017-09-16T20:32:00","slug":"hurrikane-harvey-und-irma-und-der-klimawandel","status":"publish","type":"post","link":"https:\/\/www.wetter-center.de\/blog\/hurrikane-harvey-und-irma-und-der-klimawandel\/","title":{"rendered":"Hurrikane Harvey und Irma und der Klimawandel"},"content":{"rendered":"<p>Zwei Hurrikane haben dieses Jahr die USA heimgesucht: <strong>Harvey\u00a0und Irma<\/strong>. Noch nie hat es soviel geregnet wie bei <a href=\"http:\/\/www.wetter-center.de\/blog\/?p=1955\">Harvey<\/a> und noch nie wurden bei einem Tropensturm Windgeschwindigkeiten von 300 Kilometern pro Stunde \u00fcber einen Zeitraum von 37 Stunden gemessen wie bei Irma. Das passt gut in das Bild vom <strong>Klimawandel<\/strong>, der angeblich f\u00fcr immer mehr Unwetter verantwortlich sein soll. Doch ist dem wirklich so?<\/p>\n<p>Der deutsche Klimaforscher Stefan Rahmstorf erkl\u00e4rt <a href=\"http:\/\/www.tagesspiegel.de\/weltspiegel\/klimawandel-und-wetterkatastrophen-harvey-und-irma-sind-nicht-normal\/20312220.html\" target=\"_blank\" rel=\"noopener\">im Tagesspiegel<\/a>: <em>&#8220;Tropische Wirbelst\u00fcrme werden durch warmes Meerwasser erst m\u00f6glich und angetrieben. (&#8230;) Wenn es noch w\u00e4rmer wird, steigt die potenzielle Intensit\u00e4t, das ist die maximale Windgeschwindigkeit, die ein solcher Sturm erreichen kann. Sie liegt umso h\u00f6her, je w\u00e4rmer die Meerestemperaturen sind.&#8221;<\/em><\/p>\n<p>Das hei\u00dft, es m\u00fcsste eine positive Korrelation zwischen Meeeresoberfl\u00e4chentemperaturen und der Energie tropischer St\u00fcrme geben. Doch diese Korrelation findet man nicht in den Messwerten, wie die folgenden zwei Abbildungen zeigen. Die erste Abbildung zeigt den Trend der globalen Meeresoberfl\u00e4chentemperaturen im Zeitraum 1979-2017 (Quelle:\u00a0<a href=\"http:\/\/www.uea.ac.uk\/\" target=\"_blank\" rel=\"noopener\">University of East Anglia<\/a>&#8216;s\u00a0<a href=\"http:\/\/www.cru.uea.ac.uk\/\" target=\"_blank\" rel=\"noopener\">Climatic Research Unit<\/a>\u00a0(<a href=\"http:\/\/www.cru.uea.ac.uk\/cru\/bground\/\" target=\"_blank\" rel=\"noopener\">CRU<\/a>)\/<a href=\"http:\/\/www.climate4you.com\/SeaTemperatures.htm\" target=\"_blank\" rel=\"noopener\">climate4you.com<\/a>):<\/p>\n<p><a href=\"http:\/\/www.wetter-center.de\/blog\/wp-content\/uploads\/2017\/09\/HadSST3SST2-GlobalMonthlyTempSince1979-With37monthRunningAverage-WithARGO.gif\" data-rel=\"lightbox-image-0\" data-rl_title=\"\" data-rl_caption=\"\" title=\"\"><img loading=\"lazy\" decoding=\"async\" class=\"alignnone wp-image-1971\" src=\"http:\/\/www.wetter-center.de\/blog\/wp-content\/uploads\/2017\/09\/HadSST3SST2-GlobalMonthlyTempSince1979-With37monthRunningAverage-WithARGO.gif\" alt=\"\" width=\"520\" height=\"318\" \/><\/a><\/p>\n<p>Man erkennt einen <strong>deutlich positiven Trend<\/strong>\u00a0seit etwa 1985. Einen \u00e4hnlichen Trend m\u00fcsste man auch bei der Gesamtenergie der Tropenst\u00fcrme feststellen k\u00f6nnen. Die folgende Abbildung zeigt den Verlauf der akkumulierten Energie aller Tropenst\u00fcrme (ACE) der zur\u00fcckliegenden zwei Jahre auf der Nordhalbkugel (schwarze Kurve) und auf der gesamten Erdkugel (blaue Linie) im Zeitraum 1972 bis 2017 (Quelle:\u00a0<a href=\"https:\/\/twitter.com\/RyanMaue\/status\/908022581281935366\" target=\"_blank\" rel=\"noopener\">RyanMaue<\/a>):<\/p>\n<p><a href=\"http:\/\/www.wetter-center.de\/blog\/wp-content\/uploads\/2017\/09\/global-tropical-cyclone-ace.jpg\" data-rel=\"lightbox-image-1\" data-rl_title=\"\" data-rl_caption=\"\" title=\"\"><img loading=\"lazy\" decoding=\"async\" class=\"alignnone wp-image-1972\" src=\"http:\/\/www.wetter-center.de\/blog\/wp-content\/uploads\/2017\/09\/global-tropical-cyclone-ace.jpg\" alt=\"\" width=\"520\" height=\"257\" srcset=\"https:\/\/www.wetter-center.de\/blog\/wp-content\/uploads\/2017\/09\/global-tropical-cyclone-ace.jpg 1200w, https:\/\/www.wetter-center.de\/blog\/wp-content\/uploads\/2017\/09\/global-tropical-cyclone-ace-600x297.jpg 600w, https:\/\/www.wetter-center.de\/blog\/wp-content\/uploads\/2017\/09\/global-tropical-cyclone-ace-300x148.jpg 300w, https:\/\/www.wetter-center.de\/blog\/wp-content\/uploads\/2017\/09\/global-tropical-cyclone-ace-768x380.jpg 768w, https:\/\/www.wetter-center.de\/blog\/wp-content\/uploads\/2017\/09\/global-tropical-cyclone-ace-1024x506.jpg 1024w\" sizes=\"auto, (max-width: 520px) 100vw, 520px\" \/><\/a><\/p>\n<p>Es gibt ganz offenbar <strong>keine Korrelation<\/strong> zwischen Meeresoberfl\u00e4chentemperaturen und St\u00e4rke oder H\u00e4ufigkeit der Tropenst\u00fcrme. <a href=\"http:\/\/journals.ametsoc.org\/doi\/full\/10.1175\/1520-0442%281998%29011%3C0578%3AASSTAT%3E2.0.CO%3B2\" target=\"_blank\" rel=\"noopener\">Forschungen<\/a> haben gezeigt, dass vielmehr durch Luftdruckver\u00e4nderungen verursachte Zirkulationsmuster in der Atmosph\u00e4re und verringerte vertikale Windscherung entscheidendere Faktoren bei der Entstehung von Tropenst\u00fcrmen sind. Das Klimasystem ist eben doch deutlich komplexer.<\/p>\n<p>Die Annahme, dass in Zukunft Anzahl und\/oder St\u00e4rke von Tropenst\u00fcrmen zunehmen, basieren allein auf <strong>Klimamodellen<\/strong>. Allerdings hat keines der Modelle bisher die Variationen der Hurrikan-Aktivit\u00e4t in der Vergangenheit oder die langfristige Ver\u00e4nderung \u00fcber die letzten Jahrzehnte <strong>korrekt rekonstruieren<\/strong> k\u00f6nnen (sogenannte &#8220;Hindcasts&#8221;). So bleiben jegliche Aussagen \u00fcber die Ver\u00e4nderung der Hurrikan-Aktivit\u00e4t reine Spekulationen.<\/p>\n","protected":false},"excerpt":{"rendered":"<p>Zwei Hurrikane haben dieses Jahr die USA heimgesucht: Harvey\u00a0und Irma. Noch nie hat es soviel geregnet wie bei Harvey und noch nie wurden bei einem Tropensturm Windgeschwindigkeiten von 300 Kilometern pro Stunde \u00fcber einen&#46;&#46;&#46;<\/p>\n","protected":false},"author":1,"featured_media":1972,"comment_status":"open","ping_status":"open","sticky":false,"template":"","format":"standard","meta":{"footnotes":""},"categories":[15,4],"tags":[40,97,99],"class_list":["post-1970","post","type-post","status-publish","format-standard","has-post-thumbnail","hentry","category-forschung","category-klimawandel","tag-hurrikan","tag-klimawandel","tag-unwetter"],"yoast_head":"<!-- This site is optimized with the Yoast SEO plugin v25.5 - https:\/\/yoast.com\/wordpress\/plugins\/seo\/ -->\n<title>Hurrikane Harvey und Irma und der Klimawandel - Wetter-Center.de<\/title>\n<meta name=\"robots\" content=\"index, follow, max-snippet:-1, max-image-preview:large, max-video-preview:-1\" \/>\n<link rel=\"canonical\" href=\"https:\/\/www.wetter-center.de\/blog\/hurrikane-harvey-und-irma-und-der-klimawandel\/\" \/>\n<meta property=\"og:locale\" content=\"de_DE\" \/>\n<meta property=\"og:type\" content=\"article\" \/>\n<meta property=\"og:title\" content=\"Hurrikane Harvey und Irma und der Klimawandel - Wetter-Center.de\" \/>\n<meta property=\"og:description\" content=\"Zwei Hurrikane haben dieses Jahr die USA heimgesucht: Harvey\u00a0und Irma. Noch nie hat es soviel geregnet wie bei Harvey und noch nie wurden bei einem Tropensturm Windgeschwindigkeiten von 300 Kilometern pro Stunde \u00fcber einen&#046;&#046;&#046;\" \/>\n<meta property=\"og:url\" content=\"https:\/\/www.wetter-center.de\/blog\/hurrikane-harvey-und-irma-und-der-klimawandel\/\" \/>\n<meta property=\"og:site_name\" content=\"Wetter-Center.de\" \/>\n<meta property=\"article:publisher\" content=\"https:\/\/www.facebook.com\/WetterUndKlima\" \/>\n<meta property=\"article:author\" content=\"https:\/\/www.facebook.com\/WetterUndKlima\" \/>\n<meta property=\"article:published_time\" content=\"2017-09-16T20:26:50+00:00\" \/>\n<meta property=\"article:modified_time\" content=\"2017-09-16T20:32:00+00:00\" \/>\n<meta property=\"og:image\" content=\"https:\/\/www.wetter-center.de\/blog\/wp-content\/uploads\/2017\/09\/global-tropical-cyclone-ace.jpg\" \/>\n\t<meta property=\"og:image:width\" content=\"1200\" \/>\n\t<meta property=\"og:image:height\" content=\"593\" \/>\n\t<meta property=\"og:image:type\" content=\"image\/jpeg\" \/>\n<meta name=\"author\" content=\"meteomara\" \/>\n<meta name=\"twitter:card\" content=\"summary_large_image\" \/>\n<meta name=\"twitter:creator\" content=\"@https:\/\/twitter.com\/meteomara\" \/>\n<meta name=\"twitter:site\" content=\"@meteomara\" \/>\n<meta name=\"twitter:label1\" content=\"Geschrieben von\" \/>\n\t<meta name=\"twitter:data1\" content=\"meteomara\" \/>\n\t<meta name=\"twitter:label2\" content=\"Gesch\u00e4tzte Lesezeit\" \/>\n\t<meta name=\"twitter:data2\" content=\"2\u00a0Minuten\" \/>\n<script type=\"application\/ld+json\" class=\"yoast-schema-graph\">{\"@context\":\"https:\/\/schema.org\",\"@graph\":[{\"@type\":\"Article\",\"@id\":\"https:\/\/www.wetter-center.de\/blog\/hurrikane-harvey-und-irma-und-der-klimawandel\/#article\",\"isPartOf\":{\"@id\":\"https:\/\/www.wetter-center.de\/blog\/hurrikane-harvey-und-irma-und-der-klimawandel\/\"},\"author\":{\"name\":\"meteomara\",\"@id\":\"https:\/\/www.wetter-center.de\/blog\/#\/schema\/person\/6c69612ad4763a699cd157cfbbfa6667\"},\"headline\":\"Hurrikane Harvey und Irma und der Klimawandel\",\"datePublished\":\"2017-09-16T20:26:50+00:00\",\"dateModified\":\"2017-09-16T20:32:00+00:00\",\"mainEntityOfPage\":{\"@id\":\"https:\/\/www.wetter-center.de\/blog\/hurrikane-harvey-und-irma-und-der-klimawandel\/\"},\"wordCount\":356,\"commentCount\":4,\"publisher\":{\"@id\":\"https:\/\/www.wetter-center.de\/blog\/#\/schema\/person\/6c69612ad4763a699cd157cfbbfa6667\"},\"image\":{\"@id\":\"https:\/\/www.wetter-center.de\/blog\/hurrikane-harvey-und-irma-und-der-klimawandel\/#primaryimage\"},\"thumbnailUrl\":\"https:\/\/www.wetter-center.de\/blog\/wp-content\/uploads\/2017\/09\/global-tropical-cyclone-ace.jpg\",\"keywords\":[\"Hurrikan\",\"Klimawandel\",\"Unwetter\"],\"articleSection\":[\"Forschung\",\"Klimawandel\"],\"inLanguage\":\"de\",\"potentialAction\":[{\"@type\":\"CommentAction\",\"name\":\"Comment\",\"target\":[\"https:\/\/www.wetter-center.de\/blog\/hurrikane-harvey-und-irma-und-der-klimawandel\/#respond\"]}]},{\"@type\":\"WebPage\",\"@id\":\"https:\/\/www.wetter-center.de\/blog\/hurrikane-harvey-und-irma-und-der-klimawandel\/\",\"url\":\"https:\/\/www.wetter-center.de\/blog\/hurrikane-harvey-und-irma-und-der-klimawandel\/\",\"name\":\"Hurrikane Harvey und Irma und der Klimawandel - Wetter-Center.de\",\"isPartOf\":{\"@id\":\"https:\/\/www.wetter-center.de\/blog\/#website\"},\"primaryImageOfPage\":{\"@id\":\"https:\/\/www.wetter-center.de\/blog\/hurrikane-harvey-und-irma-und-der-klimawandel\/#primaryimage\"},\"image\":{\"@id\":\"https:\/\/www.wetter-center.de\/blog\/hurrikane-harvey-und-irma-und-der-klimawandel\/#primaryimage\"},\"thumbnailUrl\":\"https:\/\/www.wetter-center.de\/blog\/wp-content\/uploads\/2017\/09\/global-tropical-cyclone-ace.jpg\",\"datePublished\":\"2017-09-16T20:26:50+00:00\",\"dateModified\":\"2017-09-16T20:32:00+00:00\",\"breadcrumb\":{\"@id\":\"https:\/\/www.wetter-center.de\/blog\/hurrikane-harvey-und-irma-und-der-klimawandel\/#breadcrumb\"},\"inLanguage\":\"de\",\"potentialAction\":[{\"@type\":\"ReadAction\",\"target\":[\"https:\/\/www.wetter-center.de\/blog\/hurrikane-harvey-und-irma-und-der-klimawandel\/\"]}]},{\"@type\":\"ImageObject\",\"inLanguage\":\"de\",\"@id\":\"https:\/\/www.wetter-center.de\/blog\/hurrikane-harvey-und-irma-und-der-klimawandel\/#primaryimage\",\"url\":\"https:\/\/www.wetter-center.de\/blog\/wp-content\/uploads\/2017\/09\/global-tropical-cyclone-ace.jpg\",\"contentUrl\":\"https:\/\/www.wetter-center.de\/blog\/wp-content\/uploads\/2017\/09\/global-tropical-cyclone-ace.jpg\",\"width\":1200,\"height\":593},{\"@type\":\"BreadcrumbList\",\"@id\":\"https:\/\/www.wetter-center.de\/blog\/hurrikane-harvey-und-irma-und-der-klimawandel\/#breadcrumb\",\"itemListElement\":[{\"@type\":\"ListItem\",\"position\":1,\"name\":\"Startseite\",\"item\":\"https:\/\/www.wetter-center.de\/blog\/\"},{\"@type\":\"ListItem\",\"position\":2,\"name\":\"Hurrikane Harvey und Irma und der Klimawandel\"}]},{\"@type\":\"WebSite\",\"@id\":\"https:\/\/www.wetter-center.de\/blog\/#website\",\"url\":\"https:\/\/www.wetter-center.de\/blog\/\",\"name\":\"Wetter-Center.de\",\"description\":\"\",\"publisher\":{\"@id\":\"https:\/\/www.wetter-center.de\/blog\/#\/schema\/person\/6c69612ad4763a699cd157cfbbfa6667\"},\"potentialAction\":[{\"@type\":\"SearchAction\",\"target\":{\"@type\":\"EntryPoint\",\"urlTemplate\":\"https:\/\/www.wetter-center.de\/blog\/?s={search_term_string}\"},\"query-input\":{\"@type\":\"PropertyValueSpecification\",\"valueRequired\":true,\"valueName\":\"search_term_string\"}}],\"inLanguage\":\"de\"},{\"@type\":[\"Person\",\"Organization\"],\"@id\":\"https:\/\/www.wetter-center.de\/blog\/#\/schema\/person\/6c69612ad4763a699cd157cfbbfa6667\",\"name\":\"meteomara\",\"image\":{\"@type\":\"ImageObject\",\"inLanguage\":\"de\",\"@id\":\"https:\/\/www.wetter-center.de\/blog\/#\/schema\/person\/image\/\",\"url\":\"https:\/\/www.wetter-center.de\/blog\/wp-content\/uploads\/2022\/08\/sky-1551171_1280.jpg\",\"contentUrl\":\"https:\/\/www.wetter-center.de\/blog\/wp-content\/uploads\/2022\/08\/sky-1551171_1280.jpg\",\"width\":1280,\"height\":643,\"caption\":\"meteomara\"},\"logo\":{\"@id\":\"https:\/\/www.wetter-center.de\/blog\/#\/schema\/person\/image\/\"},\"sameAs\":[\"https:\/\/www.facebook.com\/WetterUndKlima\",\"https:\/\/www.instagram.com\/wettercenterde\/\",\"https:\/\/x.com\/https:\/\/twitter.com\/meteomara\"],\"url\":\"https:\/\/www.wetter-center.de\/blog\/author\/meteomara\/\"}]}<\/script>\n<!-- \/ Yoast SEO plugin. -->","yoast_head_json":{"title":"Hurrikane Harvey und Irma und der Klimawandel - Wetter-Center.de","robots":{"index":"index","follow":"follow","max-snippet":"max-snippet:-1","max-image-preview":"max-image-preview:large","max-video-preview":"max-video-preview:-1"},"canonical":"https:\/\/www.wetter-center.de\/blog\/hurrikane-harvey-und-irma-und-der-klimawandel\/","og_locale":"de_DE","og_type":"article","og_title":"Hurrikane Harvey und Irma und der Klimawandel - Wetter-Center.de","og_description":"Zwei Hurrikane haben dieses Jahr die USA heimgesucht: Harvey\u00a0und Irma. Noch nie hat es soviel geregnet wie bei Harvey und noch nie wurden bei einem Tropensturm Windgeschwindigkeiten von 300 Kilometern pro Stunde \u00fcber einen&#46;&#46;&#46;","og_url":"https:\/\/www.wetter-center.de\/blog\/hurrikane-harvey-und-irma-und-der-klimawandel\/","og_site_name":"Wetter-Center.de","article_publisher":"https:\/\/www.facebook.com\/WetterUndKlima","article_author":"https:\/\/www.facebook.com\/WetterUndKlima","article_published_time":"2017-09-16T20:26:50+00:00","article_modified_time":"2017-09-16T20:32:00+00:00","og_image":[{"width":1200,"height":593,"url":"https:\/\/www.wetter-center.de\/blog\/wp-content\/uploads\/2017\/09\/global-tropical-cyclone-ace.jpg","type":"image\/jpeg"}],"author":"meteomara","twitter_card":"summary_large_image","twitter_creator":"@https:\/\/twitter.com\/meteomara","twitter_site":"@meteomara","twitter_misc":{"Geschrieben von":"meteomara","Gesch\u00e4tzte Lesezeit":"2\u00a0Minuten"},"schema":{"@context":"https:\/\/schema.org","@graph":[{"@type":"Article","@id":"https:\/\/www.wetter-center.de\/blog\/hurrikane-harvey-und-irma-und-der-klimawandel\/#article","isPartOf":{"@id":"https:\/\/www.wetter-center.de\/blog\/hurrikane-harvey-und-irma-und-der-klimawandel\/"},"author":{"name":"meteomara","@id":"https:\/\/www.wetter-center.de\/blog\/#\/schema\/person\/6c69612ad4763a699cd157cfbbfa6667"},"headline":"Hurrikane Harvey und Irma und der Klimawandel","datePublished":"2017-09-16T20:26:50+00:00","dateModified":"2017-09-16T20:32:00+00:00","mainEntityOfPage":{"@id":"https:\/\/www.wetter-center.de\/blog\/hurrikane-harvey-und-irma-und-der-klimawandel\/"},"wordCount":356,"commentCount":4,"publisher":{"@id":"https:\/\/www.wetter-center.de\/blog\/#\/schema\/person\/6c69612ad4763a699cd157cfbbfa6667"},"image":{"@id":"https:\/\/www.wetter-center.de\/blog\/hurrikane-harvey-und-irma-und-der-klimawandel\/#primaryimage"},"thumbnailUrl":"https:\/\/www.wetter-center.de\/blog\/wp-content\/uploads\/2017\/09\/global-tropical-cyclone-ace.jpg","keywords":["Hurrikan","Klimawandel","Unwetter"],"articleSection":["Forschung","Klimawandel"],"inLanguage":"de","potentialAction":[{"@type":"CommentAction","name":"Comment","target":["https:\/\/www.wetter-center.de\/blog\/hurrikane-harvey-und-irma-und-der-klimawandel\/#respond"]}]},{"@type":"WebPage","@id":"https:\/\/www.wetter-center.de\/blog\/hurrikane-harvey-und-irma-und-der-klimawandel\/","url":"https:\/\/www.wetter-center.de\/blog\/hurrikane-harvey-und-irma-und-der-klimawandel\/","name":"Hurrikane Harvey und Irma und der Klimawandel - Wetter-Center.de","isPartOf":{"@id":"https:\/\/www.wetter-center.de\/blog\/#website"},"primaryImageOfPage":{"@id":"https:\/\/www.wetter-center.de\/blog\/hurrikane-harvey-und-irma-und-der-klimawandel\/#primaryimage"},"image":{"@id":"https:\/\/www.wetter-center.de\/blog\/hurrikane-harvey-und-irma-und-der-klimawandel\/#primaryimage"},"thumbnailUrl":"https:\/\/www.wetter-center.de\/blog\/wp-content\/uploads\/2017\/09\/global-tropical-cyclone-ace.jpg","datePublished":"2017-09-16T20:26:50+00:00","dateModified":"2017-09-16T20:32:00+00:00","breadcrumb":{"@id":"https:\/\/www.wetter-center.de\/blog\/hurrikane-harvey-und-irma-und-der-klimawandel\/#breadcrumb"},"inLanguage":"de","potentialAction":[{"@type":"ReadAction","target":["https:\/\/www.wetter-center.de\/blog\/hurrikane-harvey-und-irma-und-der-klimawandel\/"]}]},{"@type":"ImageObject","inLanguage":"de","@id":"https:\/\/www.wetter-center.de\/blog\/hurrikane-harvey-und-irma-und-der-klimawandel\/#primaryimage","url":"https:\/\/www.wetter-center.de\/blog\/wp-content\/uploads\/2017\/09\/global-tropical-cyclone-ace.jpg","contentUrl":"https:\/\/www.wetter-center.de\/blog\/wp-content\/uploads\/2017\/09\/global-tropical-cyclone-ace.jpg","width":1200,"height":593},{"@type":"BreadcrumbList","@id":"https:\/\/www.wetter-center.de\/blog\/hurrikane-harvey-und-irma-und-der-klimawandel\/#breadcrumb","itemListElement":[{"@type":"ListItem","position":1,"name":"Startseite","item":"https:\/\/www.wetter-center.de\/blog\/"},{"@type":"ListItem","position":2,"name":"Hurrikane Harvey und Irma und der Klimawandel"}]},{"@type":"WebSite","@id":"https:\/\/www.wetter-center.de\/blog\/#website","url":"https:\/\/www.wetter-center.de\/blog\/","name":"Wetter-Center.de","description":"","publisher":{"@id":"https:\/\/www.wetter-center.de\/blog\/#\/schema\/person\/6c69612ad4763a699cd157cfbbfa6667"},"potentialAction":[{"@type":"SearchAction","target":{"@type":"EntryPoint","urlTemplate":"https:\/\/www.wetter-center.de\/blog\/?s={search_term_string}"},"query-input":{"@type":"PropertyValueSpecification","valueRequired":true,"valueName":"search_term_string"}}],"inLanguage":"de"},{"@type":["Person","Organization"],"@id":"https:\/\/www.wetter-center.de\/blog\/#\/schema\/person\/6c69612ad4763a699cd157cfbbfa6667","name":"meteomara","image":{"@type":"ImageObject","inLanguage":"de","@id":"https:\/\/www.wetter-center.de\/blog\/#\/schema\/person\/image\/","url":"https:\/\/www.wetter-center.de\/blog\/wp-content\/uploads\/2022\/08\/sky-1551171_1280.jpg","contentUrl":"https:\/\/www.wetter-center.de\/blog\/wp-content\/uploads\/2022\/08\/sky-1551171_1280.jpg","width":1280,"height":643,"caption":"meteomara"},"logo":{"@id":"https:\/\/www.wetter-center.de\/blog\/#\/schema\/person\/image\/"},"sameAs":["https:\/\/www.facebook.com\/WetterUndKlima","https:\/\/www.instagram.com\/wettercenterde\/","https:\/\/x.com\/https:\/\/twitter.com\/meteomara"],"url":"https:\/\/www.wetter-center.de\/blog\/author\/meteomara\/"}]}},"amp_enabled":true,"_links":{"self":[{"href":"https:\/\/www.wetter-center.de\/blog\/wp-json\/wp\/v2\/posts\/1970","targetHints":{"allow":["GET"]}}],"collection":[{"href":"https:\/\/www.wetter-center.de\/blog\/wp-json\/wp\/v2\/posts"}],"about":[{"href":"https:\/\/www.wetter-center.de\/blog\/wp-json\/wp\/v2\/types\/post"}],"author":[{"embeddable":true,"href":"https:\/\/www.wetter-center.de\/blog\/wp-json\/wp\/v2\/users\/1"}],"replies":[{"embeddable":true,"href":"https:\/\/www.wetter-center.de\/blog\/wp-json\/wp\/v2\/comments?post=1970"}],"version-history":[{"count":0,"href":"https:\/\/www.wetter-center.de\/blog\/wp-json\/wp\/v2\/posts\/1970\/revisions"}],"wp:featuredmedia":[{"embeddable":true,"href":"https:\/\/www.wetter-center.de\/blog\/wp-json\/wp\/v2\/media\/1972"}],"wp:attachment":[{"href":"https:\/\/www.wetter-center.de\/blog\/wp-json\/wp\/v2\/media?parent=1970"}],"wp:term":[{"taxonomy":"category","embeddable":true,"href":"https:\/\/www.wetter-center.de\/blog\/wp-json\/wp\/v2\/categories?post=1970"},{"taxonomy":"post_tag","embeddable":true,"href":"https:\/\/www.wetter-center.de\/blog\/wp-json\/wp\/v2\/tags?post=1970"}],"curies":[{"name":"wp","href":"https:\/\/api.w.org\/{rel}","templated":true}]}}