{"id":1922,"date":"2017-07-17T22:31:43","date_gmt":"2017-07-17T20:31:43","guid":{"rendered":"http:\/\/www.wetter-center.de\/blog\/?p=1922"},"modified":"2017-07-17T22:33:06","modified_gmt":"2017-07-17T20:33:06","slug":"windenergie-in-europa-schlecht-geplant","status":"publish","type":"post","link":"https:\/\/www.wetter-center.de\/blog\/windenergie-in-europa-schlecht-geplant\/","title":{"rendered":"Windenergie in Europa schlecht geplant"},"content":{"rendered":"<p>Wenn die L\u00e4nder Europas im Bereich der Windstromerzeugung besser <strong>zusammenarbeiten<\/strong> w\u00fcrden, h\u00e4tte dies eine deutlich <strong>geringe Schwankung<\/strong> der eingespeisten Windenergie zur Folge und die Stromnetze w\u00e4ren leichter auszubalancieren. Dies ist die Schlussfolgerung einer Gruppe von Energie- und Klimaforschern, die zum ersten Mal eine Langzeitanalyse der Wetterverh\u00e4ltnisse mit Windstromerzeugung <a href=\"https:\/\/www.sciencedaily.com\/releases\/2017\/07\/170717115343.htm\" target=\"_blank\" rel=\"noopener\">kombiniert haben<\/a>.<\/p>\n<p>Die Forscher untersuchten die <strong>Gro\u00dfwetterlagen Europas<\/strong> in den vergangenen 30 Jahren und setzen diese mit Daten der <strong>Wind- und Solarstromproduktion<\/strong> in Verbindung. Dazu wurde die an der ETH Z\u00fcrich entwickelte <a href=\"https:\/\/www.renewables.ninja\/\" target=\"_blank\" rel=\"noopener\">Renewables.ninja<\/a>-Plattform zur Simulation von Europas Wind- und Solarparks auf Basis historischer Wetterdaten genutzt. Dieses Simulationswerkzeug steht f\u00fcr jedermann weltweit frei zur Verf\u00fcgung, um die Transparenz und Offenheit der Wissenschaft zu f\u00f6rdern.<\/p>\n<p><img loading=\"lazy\" decoding=\"async\" class=\"alignnone wp-image-1923\" src=\"http:\/\/www.wetter-center.de\/blog\/wp-content\/uploads\/2017\/07\/17121330848_b451c3f2c9_z.jpg\" alt=\"\" width=\"520\" height=\"347\" srcset=\"https:\/\/www.wetter-center.de\/blog\/wp-content\/uploads\/2017\/07\/17121330848_b451c3f2c9_z.jpg 640w, https:\/\/www.wetter-center.de\/blog\/wp-content\/uploads\/2017\/07\/17121330848_b451c3f2c9_z-600x400.jpg 600w, https:\/\/www.wetter-center.de\/blog\/wp-content\/uploads\/2017\/07\/17121330848_b451c3f2c9_z-300x200.jpg 300w\" sizes=\"auto, (max-width: 520px) 100vw, 520px\" \/><\/p>\n<p>Die Forscher nutzten diese Daten, um zu simulieren, wie sich die Windenergie bei sieben vorherrschenden Gro\u00dfwetterlagen in Europa verh\u00e4lt und wie sie sich mit dem weiteren <strong>Ausbau<\/strong> der Windenergiekapazit\u00e4t \u00e4ndern wird. Damit l\u00e4sst sich erkl\u00e4ren, warum die europ\u00e4ische Windstromerzeugung derzeit starken Schwankungen unterworfen ist.<\/p>\n<p>Einige Wetterlagen zeichnen sich durch <strong>Tiefdruckgebiete<\/strong> aus, die vom Atlantik heranziehen und starken Wind nach Westeuropa bringen. Gleichzeitig herrschen dann in Osteuropa ruhige Bedingungen. Bei anderen Wetterlagen herrscht durch ein Hoch <strong>ruhigeres Wetter<\/strong> im Westen und gleichzeitig ist es in S\u00fcdeuropa und im Norden Skandinaviens windig. Es gibt kaum eine Wetterlage, in der es keinen Wind auf dem ganzen Kontinent gibt.<\/p>\n<p>Allerdings sind die heutigen Windparks sehr unregelm\u00e4\u00dfig in Europa verteilt und vor allem in <strong>Nordseen\u00e4he<\/strong> und angrenzenden L\u00e4ndern zu finden. Dies f\u00fchrt zu einer <strong>unausgeglichenen Windstromerzeugung<\/strong>, da die meisten Kapazit\u00e4ten in den Nachbarl\u00e4ndern mit \u00e4hnlichen Wetterbedingungen installiert sind. Wenn \u00fcber Westeuropa ein stabiles Hochdrucksystem f\u00fcr l\u00e4ngere Zeit vorherrschend ist, wie es im Winter 2016\/17 der Fall war, geht die europaweite Windstromerzeugung drastisch zur\u00fcck.<\/p>\n<p>Das Problem wird durch die L\u00e4nder versch\u00e4rft, die ihre eigenen <strong>nationalen Strategien<\/strong> zur Ausweitung der Windenergie verfolgen. So ist es sehr unvorteilhaft, die Kapazit\u00e4ten in der Nordseeregion weiter zu konzentrieren. Dies f\u00fchrt zu noch <strong>extremeren Schwankungen<\/strong>. Der Unterschied zwischen hoher Produktion bei g\u00fcnstigen Windverh\u00e4ltnissen und geringer Produktion bei schwachem Wind k\u00f6nnte bis zu <strong>100 Gigawatt<\/strong> betragen. Das ist etwa die Kapazit\u00e4t von 100 Kernkraftwerken. Um Stromausf\u00e4lle zu verhindern, m\u00fcsste diese Kapazit\u00e4t vorgehalten werden und im Laufe von nur wenigen Tagen verf\u00fcgbar sein.<\/p>\n<p>Wenn die europ\u00e4ischen L\u00e4nder zusammenarbeiten und k\u00fcnftige Windparks auf der Grundlage dieser Studie der Wetterlagen aufbauen w\u00fcrden, k\u00f6nnten Schwankungen der zuk\u00fcnftigen Windenergie auf dem derzeitigen Niveau von rund <strong>20 Gigawatt<\/strong> stabilisiert werden. Der Balkan, Griechenland, das westliche Mittelmeer und Nord-Skandinavien w\u00e4ren bevorzugte Standorte f\u00fcr neue Windparks. Allerdings w\u00fcrde dies einen Paradigmenwechsel in den Planungsstrategien von L\u00e4ndern mit Windkraftpotenzial erfordern, der derzeit leider nicht absehbar ist.<\/p>\n<p>Bildquelle: <a href=\"https:\/\/flic.kr\/p\/s5Xias\" target=\"_blank\" rel=\"noopener\">Flickr.com\/H.P. Brinkmann<\/a><\/p>\n","protected":false},"excerpt":{"rendered":"<p>Wenn die L\u00e4nder Europas im Bereich der Windstromerzeugung besser zusammenarbeiten w\u00fcrden, h\u00e4tte dies eine deutlich geringe Schwankung der eingespeisten Windenergie zur Folge und die Stromnetze w\u00e4ren leichter auszubalancieren. Dies ist die Schlussfolgerung einer Gruppe&#46;&#46;&#46;<\/p>\n","protected":false},"author":1,"featured_media":1923,"comment_status":"open","ping_status":"open","sticky":false,"template":"","format":"standard","meta":{"footnotes":""},"categories":[15,4],"tags":[89,100,33,34],"class_list":["post-1922","post","type-post","status-publish","format-standard","has-post-thumbnail","hentry","category-forschung","category-klimawandel","tag-europa","tag-forschung","tag-wind","tag-windenergie"],"yoast_head":"<!-- This site is optimized with the Yoast SEO plugin v25.5 - https:\/\/yoast.com\/wordpress\/plugins\/seo\/ -->\n<title>Windenergie in Europa schlecht geplant - Wetter-Center.de<\/title>\n<meta name=\"robots\" content=\"index, follow, max-snippet:-1, max-image-preview:large, max-video-preview:-1\" \/>\n<link rel=\"canonical\" href=\"https:\/\/www.wetter-center.de\/blog\/windenergie-in-europa-schlecht-geplant\/\" \/>\n<meta property=\"og:locale\" content=\"de_DE\" \/>\n<meta property=\"og:type\" content=\"article\" \/>\n<meta property=\"og:title\" content=\"Windenergie in Europa schlecht geplant - Wetter-Center.de\" \/>\n<meta property=\"og:description\" content=\"Wenn die L\u00e4nder Europas im Bereich der Windstromerzeugung besser zusammenarbeiten w\u00fcrden, h\u00e4tte dies eine deutlich geringe Schwankung der eingespeisten Windenergie zur Folge und die Stromnetze w\u00e4ren leichter auszubalancieren. Dies ist die Schlussfolgerung einer Gruppe&#046;&#046;&#046;\" \/>\n<meta property=\"og:url\" content=\"https:\/\/www.wetter-center.de\/blog\/windenergie-in-europa-schlecht-geplant\/\" \/>\n<meta property=\"og:site_name\" content=\"Wetter-Center.de\" \/>\n<meta property=\"article:publisher\" content=\"https:\/\/www.facebook.com\/WetterUndKlima\" \/>\n<meta property=\"article:author\" content=\"https:\/\/www.facebook.com\/WetterUndKlima\" \/>\n<meta property=\"article:published_time\" content=\"2017-07-17T20:31:43+00:00\" \/>\n<meta property=\"article:modified_time\" content=\"2017-07-17T20:33:06+00:00\" \/>\n<meta property=\"og:image\" content=\"https:\/\/www.wetter-center.de\/blog\/wp-content\/uploads\/2017\/07\/17121330848_b451c3f2c9_z.jpg\" \/>\n\t<meta property=\"og:image:width\" content=\"640\" \/>\n\t<meta property=\"og:image:height\" content=\"427\" \/>\n\t<meta property=\"og:image:type\" content=\"image\/jpeg\" \/>\n<meta name=\"author\" content=\"meteomara\" \/>\n<meta name=\"twitter:card\" content=\"summary_large_image\" \/>\n<meta name=\"twitter:creator\" content=\"@https:\/\/twitter.com\/meteomara\" \/>\n<meta name=\"twitter:site\" content=\"@meteomara\" \/>\n<meta name=\"twitter:label1\" content=\"Geschrieben von\" \/>\n\t<meta name=\"twitter:data1\" content=\"meteomara\" \/>\n\t<meta name=\"twitter:label2\" content=\"Gesch\u00e4tzte Lesezeit\" \/>\n\t<meta name=\"twitter:data2\" content=\"2\u00a0Minuten\" \/>\n<script type=\"application\/ld+json\" class=\"yoast-schema-graph\">{\"@context\":\"https:\/\/schema.org\",\"@graph\":[{\"@type\":\"Article\",\"@id\":\"https:\/\/www.wetter-center.de\/blog\/windenergie-in-europa-schlecht-geplant\/#article\",\"isPartOf\":{\"@id\":\"https:\/\/www.wetter-center.de\/blog\/windenergie-in-europa-schlecht-geplant\/\"},\"author\":{\"name\":\"meteomara\",\"@id\":\"https:\/\/www.wetter-center.de\/blog\/#\/schema\/person\/6c69612ad4763a699cd157cfbbfa6667\"},\"headline\":\"Windenergie in Europa schlecht geplant\",\"datePublished\":\"2017-07-17T20:31:43+00:00\",\"dateModified\":\"2017-07-17T20:33:06+00:00\",\"mainEntityOfPage\":{\"@id\":\"https:\/\/www.wetter-center.de\/blog\/windenergie-in-europa-schlecht-geplant\/\"},\"wordCount\":481,\"commentCount\":0,\"publisher\":{\"@id\":\"https:\/\/www.wetter-center.de\/blog\/#\/schema\/person\/6c69612ad4763a699cd157cfbbfa6667\"},\"image\":{\"@id\":\"https:\/\/www.wetter-center.de\/blog\/windenergie-in-europa-schlecht-geplant\/#primaryimage\"},\"thumbnailUrl\":\"https:\/\/www.wetter-center.de\/blog\/wp-content\/uploads\/2017\/07\/17121330848_b451c3f2c9_z.jpg\",\"keywords\":[\"Europa\",\"Forschung\",\"wind\",\"windenergie\"],\"articleSection\":[\"Forschung\",\"Klimawandel\"],\"inLanguage\":\"de\",\"potentialAction\":[{\"@type\":\"CommentAction\",\"name\":\"Comment\",\"target\":[\"https:\/\/www.wetter-center.de\/blog\/windenergie-in-europa-schlecht-geplant\/#respond\"]}]},{\"@type\":\"WebPage\",\"@id\":\"https:\/\/www.wetter-center.de\/blog\/windenergie-in-europa-schlecht-geplant\/\",\"url\":\"https:\/\/www.wetter-center.de\/blog\/windenergie-in-europa-schlecht-geplant\/\",\"name\":\"Windenergie in Europa schlecht geplant - Wetter-Center.de\",\"isPartOf\":{\"@id\":\"https:\/\/www.wetter-center.de\/blog\/#website\"},\"primaryImageOfPage\":{\"@id\":\"https:\/\/www.wetter-center.de\/blog\/windenergie-in-europa-schlecht-geplant\/#primaryimage\"},\"image\":{\"@id\":\"https:\/\/www.wetter-center.de\/blog\/windenergie-in-europa-schlecht-geplant\/#primaryimage\"},\"thumbnailUrl\":\"https:\/\/www.wetter-center.de\/blog\/wp-content\/uploads\/2017\/07\/17121330848_b451c3f2c9_z.jpg\",\"datePublished\":\"2017-07-17T20:31:43+00:00\",\"dateModified\":\"2017-07-17T20:33:06+00:00\",\"breadcrumb\":{\"@id\":\"https:\/\/www.wetter-center.de\/blog\/windenergie-in-europa-schlecht-geplant\/#breadcrumb\"},\"inLanguage\":\"de\",\"potentialAction\":[{\"@type\":\"ReadAction\",\"target\":[\"https:\/\/www.wetter-center.de\/blog\/windenergie-in-europa-schlecht-geplant\/\"]}]},{\"@type\":\"ImageObject\",\"inLanguage\":\"de\",\"@id\":\"https:\/\/www.wetter-center.de\/blog\/windenergie-in-europa-schlecht-geplant\/#primaryimage\",\"url\":\"https:\/\/www.wetter-center.de\/blog\/wp-content\/uploads\/2017\/07\/17121330848_b451c3f2c9_z.jpg\",\"contentUrl\":\"https:\/\/www.wetter-center.de\/blog\/wp-content\/uploads\/2017\/07\/17121330848_b451c3f2c9_z.jpg\",\"width\":640,\"height\":427},{\"@type\":\"BreadcrumbList\",\"@id\":\"https:\/\/www.wetter-center.de\/blog\/windenergie-in-europa-schlecht-geplant\/#breadcrumb\",\"itemListElement\":[{\"@type\":\"ListItem\",\"position\":1,\"name\":\"Startseite\",\"item\":\"https:\/\/www.wetter-center.de\/blog\/\"},{\"@type\":\"ListItem\",\"position\":2,\"name\":\"Windenergie in Europa schlecht geplant\"}]},{\"@type\":\"WebSite\",\"@id\":\"https:\/\/www.wetter-center.de\/blog\/#website\",\"url\":\"https:\/\/www.wetter-center.de\/blog\/\",\"name\":\"Wetter-Center.de\",\"description\":\"\",\"publisher\":{\"@id\":\"https:\/\/www.wetter-center.de\/blog\/#\/schema\/person\/6c69612ad4763a699cd157cfbbfa6667\"},\"potentialAction\":[{\"@type\":\"SearchAction\",\"target\":{\"@type\":\"EntryPoint\",\"urlTemplate\":\"https:\/\/www.wetter-center.de\/blog\/?s={search_term_string}\"},\"query-input\":{\"@type\":\"PropertyValueSpecification\",\"valueRequired\":true,\"valueName\":\"search_term_string\"}}],\"inLanguage\":\"de\"},{\"@type\":[\"Person\",\"Organization\"],\"@id\":\"https:\/\/www.wetter-center.de\/blog\/#\/schema\/person\/6c69612ad4763a699cd157cfbbfa6667\",\"name\":\"meteomara\",\"image\":{\"@type\":\"ImageObject\",\"inLanguage\":\"de\",\"@id\":\"https:\/\/www.wetter-center.de\/blog\/#\/schema\/person\/image\/\",\"url\":\"https:\/\/www.wetter-center.de\/blog\/wp-content\/uploads\/2022\/08\/sky-1551171_1280.jpg\",\"contentUrl\":\"https:\/\/www.wetter-center.de\/blog\/wp-content\/uploads\/2022\/08\/sky-1551171_1280.jpg\",\"width\":1280,\"height\":643,\"caption\":\"meteomara\"},\"logo\":{\"@id\":\"https:\/\/www.wetter-center.de\/blog\/#\/schema\/person\/image\/\"},\"sameAs\":[\"https:\/\/www.facebook.com\/WetterUndKlima\",\"https:\/\/www.instagram.com\/wettercenterde\/\",\"https:\/\/x.com\/https:\/\/twitter.com\/meteomara\"],\"url\":\"https:\/\/www.wetter-center.de\/blog\/author\/meteomara\/\"}]}<\/script>\n<!-- \/ Yoast SEO plugin. -->","yoast_head_json":{"title":"Windenergie in Europa schlecht geplant - Wetter-Center.de","robots":{"index":"index","follow":"follow","max-snippet":"max-snippet:-1","max-image-preview":"max-image-preview:large","max-video-preview":"max-video-preview:-1"},"canonical":"https:\/\/www.wetter-center.de\/blog\/windenergie-in-europa-schlecht-geplant\/","og_locale":"de_DE","og_type":"article","og_title":"Windenergie in Europa schlecht geplant - Wetter-Center.de","og_description":"Wenn die L\u00e4nder Europas im Bereich der Windstromerzeugung besser zusammenarbeiten w\u00fcrden, h\u00e4tte dies eine deutlich geringe Schwankung der eingespeisten Windenergie zur Folge und die Stromnetze w\u00e4ren leichter auszubalancieren. Dies ist die Schlussfolgerung einer Gruppe&#46;&#46;&#46;","og_url":"https:\/\/www.wetter-center.de\/blog\/windenergie-in-europa-schlecht-geplant\/","og_site_name":"Wetter-Center.de","article_publisher":"https:\/\/www.facebook.com\/WetterUndKlima","article_author":"https:\/\/www.facebook.com\/WetterUndKlima","article_published_time":"2017-07-17T20:31:43+00:00","article_modified_time":"2017-07-17T20:33:06+00:00","og_image":[{"width":640,"height":427,"url":"https:\/\/www.wetter-center.de\/blog\/wp-content\/uploads\/2017\/07\/17121330848_b451c3f2c9_z.jpg","type":"image\/jpeg"}],"author":"meteomara","twitter_card":"summary_large_image","twitter_creator":"@https:\/\/twitter.com\/meteomara","twitter_site":"@meteomara","twitter_misc":{"Geschrieben von":"meteomara","Gesch\u00e4tzte Lesezeit":"2\u00a0Minuten"},"schema":{"@context":"https:\/\/schema.org","@graph":[{"@type":"Article","@id":"https:\/\/www.wetter-center.de\/blog\/windenergie-in-europa-schlecht-geplant\/#article","isPartOf":{"@id":"https:\/\/www.wetter-center.de\/blog\/windenergie-in-europa-schlecht-geplant\/"},"author":{"name":"meteomara","@id":"https:\/\/www.wetter-center.de\/blog\/#\/schema\/person\/6c69612ad4763a699cd157cfbbfa6667"},"headline":"Windenergie in Europa schlecht geplant","datePublished":"2017-07-17T20:31:43+00:00","dateModified":"2017-07-17T20:33:06+00:00","mainEntityOfPage":{"@id":"https:\/\/www.wetter-center.de\/blog\/windenergie-in-europa-schlecht-geplant\/"},"wordCount":481,"commentCount":0,"publisher":{"@id":"https:\/\/www.wetter-center.de\/blog\/#\/schema\/person\/6c69612ad4763a699cd157cfbbfa6667"},"image":{"@id":"https:\/\/www.wetter-center.de\/blog\/windenergie-in-europa-schlecht-geplant\/#primaryimage"},"thumbnailUrl":"https:\/\/www.wetter-center.de\/blog\/wp-content\/uploads\/2017\/07\/17121330848_b451c3f2c9_z.jpg","keywords":["Europa","Forschung","wind","windenergie"],"articleSection":["Forschung","Klimawandel"],"inLanguage":"de","potentialAction":[{"@type":"CommentAction","name":"Comment","target":["https:\/\/www.wetter-center.de\/blog\/windenergie-in-europa-schlecht-geplant\/#respond"]}]},{"@type":"WebPage","@id":"https:\/\/www.wetter-center.de\/blog\/windenergie-in-europa-schlecht-geplant\/","url":"https:\/\/www.wetter-center.de\/blog\/windenergie-in-europa-schlecht-geplant\/","name":"Windenergie in Europa schlecht geplant - Wetter-Center.de","isPartOf":{"@id":"https:\/\/www.wetter-center.de\/blog\/#website"},"primaryImageOfPage":{"@id":"https:\/\/www.wetter-center.de\/blog\/windenergie-in-europa-schlecht-geplant\/#primaryimage"},"image":{"@id":"https:\/\/www.wetter-center.de\/blog\/windenergie-in-europa-schlecht-geplant\/#primaryimage"},"thumbnailUrl":"https:\/\/www.wetter-center.de\/blog\/wp-content\/uploads\/2017\/07\/17121330848_b451c3f2c9_z.jpg","datePublished":"2017-07-17T20:31:43+00:00","dateModified":"2017-07-17T20:33:06+00:00","breadcrumb":{"@id":"https:\/\/www.wetter-center.de\/blog\/windenergie-in-europa-schlecht-geplant\/#breadcrumb"},"inLanguage":"de","potentialAction":[{"@type":"ReadAction","target":["https:\/\/www.wetter-center.de\/blog\/windenergie-in-europa-schlecht-geplant\/"]}]},{"@type":"ImageObject","inLanguage":"de","@id":"https:\/\/www.wetter-center.de\/blog\/windenergie-in-europa-schlecht-geplant\/#primaryimage","url":"https:\/\/www.wetter-center.de\/blog\/wp-content\/uploads\/2017\/07\/17121330848_b451c3f2c9_z.jpg","contentUrl":"https:\/\/www.wetter-center.de\/blog\/wp-content\/uploads\/2017\/07\/17121330848_b451c3f2c9_z.jpg","width":640,"height":427},{"@type":"BreadcrumbList","@id":"https:\/\/www.wetter-center.de\/blog\/windenergie-in-europa-schlecht-geplant\/#breadcrumb","itemListElement":[{"@type":"ListItem","position":1,"name":"Startseite","item":"https:\/\/www.wetter-center.de\/blog\/"},{"@type":"ListItem","position":2,"name":"Windenergie in Europa schlecht geplant"}]},{"@type":"WebSite","@id":"https:\/\/www.wetter-center.de\/blog\/#website","url":"https:\/\/www.wetter-center.de\/blog\/","name":"Wetter-Center.de","description":"","publisher":{"@id":"https:\/\/www.wetter-center.de\/blog\/#\/schema\/person\/6c69612ad4763a699cd157cfbbfa6667"},"potentialAction":[{"@type":"SearchAction","target":{"@type":"EntryPoint","urlTemplate":"https:\/\/www.wetter-center.de\/blog\/?s={search_term_string}"},"query-input":{"@type":"PropertyValueSpecification","valueRequired":true,"valueName":"search_term_string"}}],"inLanguage":"de"},{"@type":["Person","Organization"],"@id":"https:\/\/www.wetter-center.de\/blog\/#\/schema\/person\/6c69612ad4763a699cd157cfbbfa6667","name":"meteomara","image":{"@type":"ImageObject","inLanguage":"de","@id":"https:\/\/www.wetter-center.de\/blog\/#\/schema\/person\/image\/","url":"https:\/\/www.wetter-center.de\/blog\/wp-content\/uploads\/2022\/08\/sky-1551171_1280.jpg","contentUrl":"https:\/\/www.wetter-center.de\/blog\/wp-content\/uploads\/2022\/08\/sky-1551171_1280.jpg","width":1280,"height":643,"caption":"meteomara"},"logo":{"@id":"https:\/\/www.wetter-center.de\/blog\/#\/schema\/person\/image\/"},"sameAs":["https:\/\/www.facebook.com\/WetterUndKlima","https:\/\/www.instagram.com\/wettercenterde\/","https:\/\/x.com\/https:\/\/twitter.com\/meteomara"],"url":"https:\/\/www.wetter-center.de\/blog\/author\/meteomara\/"}]}},"amp_enabled":true,"_links":{"self":[{"href":"https:\/\/www.wetter-center.de\/blog\/wp-json\/wp\/v2\/posts\/1922","targetHints":{"allow":["GET"]}}],"collection":[{"href":"https:\/\/www.wetter-center.de\/blog\/wp-json\/wp\/v2\/posts"}],"about":[{"href":"https:\/\/www.wetter-center.de\/blog\/wp-json\/wp\/v2\/types\/post"}],"author":[{"embeddable":true,"href":"https:\/\/www.wetter-center.de\/blog\/wp-json\/wp\/v2\/users\/1"}],"replies":[{"embeddable":true,"href":"https:\/\/www.wetter-center.de\/blog\/wp-json\/wp\/v2\/comments?post=1922"}],"version-history":[{"count":0,"href":"https:\/\/www.wetter-center.de\/blog\/wp-json\/wp\/v2\/posts\/1922\/revisions"}],"wp:featuredmedia":[{"embeddable":true,"href":"https:\/\/www.wetter-center.de\/blog\/wp-json\/wp\/v2\/media\/1923"}],"wp:attachment":[{"href":"https:\/\/www.wetter-center.de\/blog\/wp-json\/wp\/v2\/media?parent=1922"}],"wp:term":[{"taxonomy":"category","embeddable":true,"href":"https:\/\/www.wetter-center.de\/blog\/wp-json\/wp\/v2\/categories?post=1922"},{"taxonomy":"post_tag","embeddable":true,"href":"https:\/\/www.wetter-center.de\/blog\/wp-json\/wp\/v2\/tags?post=1922"}],"curies":[{"name":"wp","href":"https:\/\/api.w.org\/{rel}","templated":true}]}}