{"id":1899,"date":"2017-06-06T22:14:27","date_gmt":"2017-06-06T20:14:27","guid":{"rendered":"http:\/\/www.wetter-center.de\/blog\/?p=1899"},"modified":"2017-06-06T22:21:03","modified_gmt":"2017-06-06T20:21:03","slug":"nach-paris-kippt-trump-auch-das-montreal-abkommen","status":"publish","type":"post","link":"https:\/\/www.wetter-center.de\/blog\/nach-paris-kippt-trump-auch-das-montreal-abkommen\/","title":{"rendered":"Nach Paris: Kippt Trump auch das Montreal-Abkommen?"},"content":{"rendered":"<p>Nach dem\u00a0angek\u00fcndigten Ausstieg der USA aus dem <a href=\"https:\/\/de.wikipedia.org\/wiki\/%C3%9Cbereinkommen_von_Paris\" target=\"_blank\" rel=\"noopener noreferrer\">Pariser Klimaabkommen<\/a>, droht Trump mit einem weiteren Schlag gegen die globale Umweltbewegung.\u00a0Trumps Vorschlag f\u00fcr den n\u00e4chsten Haushaltsplan enth\u00e4lt drastische K\u00fcrzungen\u00a0bei der Durchsetzung des\u00a0<a href=\"https:\/\/de.wikipedia.org\/wiki\/Montreal-Protokoll\" target=\"_blank\" rel=\"noopener noreferrer\">Montreal-Abkommens<\/a> zum Schutz der Ozonschicht. Das berichtet der <a href=\"https:\/\/www.nrdc.org\/experts\/david-doniger\/trump-budget-attacks-montreal-protocol-reagans-crown-jewel\" target=\"_blank\" rel=\"noopener noreferrer\">Blog des Natural Resources Defense Council<\/a>.<\/p>\n<p>Die K\u00fcrzungen sollen in der Gr\u00f6\u00dfenordnung von <strong>40 Prozent<\/strong> liegen und gef\u00e4hrden die\u00a0internationalen Verpflichtungen der USA zum\u00a0globalen Ausstieg aus der Produktion und Verwendung von\u00a0Ozon zerst\u00f6renden Chemikalien. Das Ozon sch\u00fctzt uns vor der energiereichen und sch\u00e4dlichen <a href=\"http:\/\/www.wetter-center.de\/blog\/?p=470\">UV-Strahlung<\/a> der Sonne. Das Montreal- Abkommen\u00a0gilt als der\u00a0<strong>erfolgreichste Umweltvertrag<\/strong> der Welt. Er\u00a0wurde im Jahre 1987 unter Pr\u00e4sident Ronald Reagan ausgehandelt. Bislang wurde der Vertrag von allen republikanischen und demokratischen Pr\u00e4sidenten unterst\u00fctzt.<\/p>\n<p>Ob\u00a0Trump einen Blick auf die <a href=\"https:\/\/ozonewatch.gsfc.nasa.gov\/\" target=\"_blank\" rel=\"noopener noreferrer\">Ozon-Daten der NASA<\/a> geworfen hat, ist zwar eher unwahrscheinlich,\u00a0die Zahlen zeigen aber ein durchaus interessantes Bild:<\/p>\n<p><img loading=\"lazy\" decoding=\"async\" class=\"alignnone wp-image-1900\" src=\"http:\/\/www.wetter-center.de\/blog\/wp-content\/uploads\/2017\/06\/meteorology_annual.png\" alt=\"\" width=\"450\" height=\"388\" srcset=\"https:\/\/www.wetter-center.de\/blog\/wp-content\/uploads\/2017\/06\/meteorology_annual.png 348w, https:\/\/www.wetter-center.de\/blog\/wp-content\/uploads\/2017\/06\/meteorology_annual-300x259.png 300w\" sizes=\"auto, (max-width: 450px) 100vw, 450px\" \/><\/p>\n<p>In der oberen Abbildung\u00a0ist die <strong>j\u00e4hrliche maximale Gr\u00f6\u00dfe des Ozonloches<\/strong>\u00a0dargestellt. Das Maximum (roter Balken) wurde im Jahr 2006 erreicht.\u00a0Im unteren Teil\u00a0ist das <strong>Jahresminimum der Ozonkonzentration<\/strong> zu sehen. Hier\u00a0wurde bereits um Jahre 1992 der Minimalwert erreicht.\u00a0Die Daten vor\u00a01985 sind allerdings wegen anderer Messverfahren nicht vergleichbar\u00a0mit den Daten der folgenden Jahre.<\/p>\n<p>Das Montreal-Abkommen trat im Jahre 1989 in Kraft. Schaut man sich die Daten seit diesem Jahr genauer an, dann ist\u00a0 erstaunlicherweise gar keine signifikante Tendenz\u00a0zu erkennen, weder bei der Gr\u00f6\u00dfe des Ozonlochs, noch bei der Konzentration. Vielmehr gibt es besonders bei der Gr\u00f6\u00dfe des Ozonlochs <strong>von Jahr zu Jahr teils starke Schwankungen<\/strong>, die vor allem durch die nat\u00fcrliche Variation\u00a0der atmosph\u00e4rischen Zirkulation\u00a0und den damit verbundenen Temperaturschwankungen in der Stratosph\u00e4re verursacht werden.<\/p>\n","protected":false},"excerpt":{"rendered":"<p>Nach dem\u00a0angek\u00fcndigten Ausstieg der USA aus dem Pariser Klimaabkommen, droht Trump mit einem weiteren Schlag gegen die globale Umweltbewegung.\u00a0Trumps Vorschlag f\u00fcr den n\u00e4chsten Haushaltsplan enth\u00e4lt drastische K\u00fcrzungen\u00a0bei der Durchsetzung des\u00a0Montreal-Abkommens zum Schutz der Ozonschicht.&#46;&#46;&#46;<\/p>\n","protected":false},"author":1,"featured_media":1900,"comment_status":"open","ping_status":"open","sticky":false,"template":"","format":"standard","meta":{"footnotes":""},"categories":[4],"tags":[136,54],"class_list":["post-1899","post","type-post","status-publish","format-standard","has-post-thumbnail","hentry","category-klimawandel","tag-ozonloch","tag-usa"],"yoast_head":"<!-- This site is optimized with the Yoast SEO plugin v25.5 - https:\/\/yoast.com\/wordpress\/plugins\/seo\/ -->\n<title>Nach Paris: Kippt Trump auch das Montreal-Abkommen? - Wetter-Center.de<\/title>\n<meta name=\"robots\" content=\"index, follow, max-snippet:-1, max-image-preview:large, max-video-preview:-1\" \/>\n<link rel=\"canonical\" href=\"https:\/\/www.wetter-center.de\/blog\/nach-paris-kippt-trump-auch-das-montreal-abkommen\/\" \/>\n<meta property=\"og:locale\" content=\"de_DE\" \/>\n<meta property=\"og:type\" content=\"article\" \/>\n<meta property=\"og:title\" content=\"Nach Paris: Kippt Trump auch das Montreal-Abkommen? - Wetter-Center.de\" \/>\n<meta property=\"og:description\" content=\"Nach dem\u00a0angek\u00fcndigten Ausstieg der USA aus dem Pariser Klimaabkommen, droht Trump mit einem weiteren Schlag gegen die globale Umweltbewegung.\u00a0Trumps Vorschlag f\u00fcr den n\u00e4chsten Haushaltsplan enth\u00e4lt drastische K\u00fcrzungen\u00a0bei der Durchsetzung des\u00a0Montreal-Abkommens zum Schutz der Ozonschicht.&#046;&#046;&#046;\" \/>\n<meta property=\"og:url\" content=\"https:\/\/www.wetter-center.de\/blog\/nach-paris-kippt-trump-auch-das-montreal-abkommen\/\" \/>\n<meta property=\"og:site_name\" content=\"Wetter-Center.de\" \/>\n<meta property=\"article:publisher\" content=\"https:\/\/www.facebook.com\/WetterUndKlima\" \/>\n<meta property=\"article:author\" content=\"https:\/\/www.facebook.com\/WetterUndKlima\" \/>\n<meta property=\"article:published_time\" content=\"2017-06-06T20:14:27+00:00\" \/>\n<meta property=\"article:modified_time\" content=\"2017-06-06T20:21:03+00:00\" \/>\n<meta property=\"og:image\" content=\"https:\/\/www.wetter-center.de\/blog\/wp-content\/uploads\/2017\/06\/meteorology_annual.png\" \/>\n\t<meta property=\"og:image:width\" content=\"348\" \/>\n\t<meta property=\"og:image:height\" content=\"300\" \/>\n\t<meta property=\"og:image:type\" content=\"image\/png\" \/>\n<meta name=\"author\" content=\"meteomara\" \/>\n<meta name=\"twitter:card\" content=\"summary_large_image\" \/>\n<meta name=\"twitter:creator\" content=\"@https:\/\/twitter.com\/meteomara\" \/>\n<meta name=\"twitter:site\" content=\"@meteomara\" \/>\n<meta name=\"twitter:label1\" content=\"Geschrieben von\" \/>\n\t<meta name=\"twitter:data1\" content=\"meteomara\" \/>\n\t<meta name=\"twitter:label2\" content=\"Gesch\u00e4tzte Lesezeit\" \/>\n\t<meta name=\"twitter:data2\" content=\"1\u00a0Minute\" \/>\n<script type=\"application\/ld+json\" class=\"yoast-schema-graph\">{\"@context\":\"https:\/\/schema.org\",\"@graph\":[{\"@type\":\"Article\",\"@id\":\"https:\/\/www.wetter-center.de\/blog\/nach-paris-kippt-trump-auch-das-montreal-abkommen\/#article\",\"isPartOf\":{\"@id\":\"https:\/\/www.wetter-center.de\/blog\/nach-paris-kippt-trump-auch-das-montreal-abkommen\/\"},\"author\":{\"name\":\"meteomara\",\"@id\":\"https:\/\/www.wetter-center.de\/blog\/#\/schema\/person\/6c69612ad4763a699cd157cfbbfa6667\"},\"headline\":\"Nach Paris: Kippt Trump auch das Montreal-Abkommen?\",\"datePublished\":\"2017-06-06T20:14:27+00:00\",\"dateModified\":\"2017-06-06T20:21:03+00:00\",\"mainEntityOfPage\":{\"@id\":\"https:\/\/www.wetter-center.de\/blog\/nach-paris-kippt-trump-auch-das-montreal-abkommen\/\"},\"wordCount\":294,\"commentCount\":1,\"publisher\":{\"@id\":\"https:\/\/www.wetter-center.de\/blog\/#\/schema\/person\/6c69612ad4763a699cd157cfbbfa6667\"},\"image\":{\"@id\":\"https:\/\/www.wetter-center.de\/blog\/nach-paris-kippt-trump-auch-das-montreal-abkommen\/#primaryimage\"},\"thumbnailUrl\":\"https:\/\/www.wetter-center.de\/blog\/wp-content\/uploads\/2017\/06\/meteorology_annual.png\",\"keywords\":[\"Ozonloch\",\"USA\"],\"articleSection\":[\"Klimawandel\"],\"inLanguage\":\"de\",\"potentialAction\":[{\"@type\":\"CommentAction\",\"name\":\"Comment\",\"target\":[\"https:\/\/www.wetter-center.de\/blog\/nach-paris-kippt-trump-auch-das-montreal-abkommen\/#respond\"]}]},{\"@type\":\"WebPage\",\"@id\":\"https:\/\/www.wetter-center.de\/blog\/nach-paris-kippt-trump-auch-das-montreal-abkommen\/\",\"url\":\"https:\/\/www.wetter-center.de\/blog\/nach-paris-kippt-trump-auch-das-montreal-abkommen\/\",\"name\":\"Nach Paris: Kippt Trump auch das Montreal-Abkommen? - Wetter-Center.de\",\"isPartOf\":{\"@id\":\"https:\/\/www.wetter-center.de\/blog\/#website\"},\"primaryImageOfPage\":{\"@id\":\"https:\/\/www.wetter-center.de\/blog\/nach-paris-kippt-trump-auch-das-montreal-abkommen\/#primaryimage\"},\"image\":{\"@id\":\"https:\/\/www.wetter-center.de\/blog\/nach-paris-kippt-trump-auch-das-montreal-abkommen\/#primaryimage\"},\"thumbnailUrl\":\"https:\/\/www.wetter-center.de\/blog\/wp-content\/uploads\/2017\/06\/meteorology_annual.png\",\"datePublished\":\"2017-06-06T20:14:27+00:00\",\"dateModified\":\"2017-06-06T20:21:03+00:00\",\"breadcrumb\":{\"@id\":\"https:\/\/www.wetter-center.de\/blog\/nach-paris-kippt-trump-auch-das-montreal-abkommen\/#breadcrumb\"},\"inLanguage\":\"de\",\"potentialAction\":[{\"@type\":\"ReadAction\",\"target\":[\"https:\/\/www.wetter-center.de\/blog\/nach-paris-kippt-trump-auch-das-montreal-abkommen\/\"]}]},{\"@type\":\"ImageObject\",\"inLanguage\":\"de\",\"@id\":\"https:\/\/www.wetter-center.de\/blog\/nach-paris-kippt-trump-auch-das-montreal-abkommen\/#primaryimage\",\"url\":\"https:\/\/www.wetter-center.de\/blog\/wp-content\/uploads\/2017\/06\/meteorology_annual.png\",\"contentUrl\":\"https:\/\/www.wetter-center.de\/blog\/wp-content\/uploads\/2017\/06\/meteorology_annual.png\",\"width\":348,\"height\":300},{\"@type\":\"BreadcrumbList\",\"@id\":\"https:\/\/www.wetter-center.de\/blog\/nach-paris-kippt-trump-auch-das-montreal-abkommen\/#breadcrumb\",\"itemListElement\":[{\"@type\":\"ListItem\",\"position\":1,\"name\":\"Startseite\",\"item\":\"https:\/\/www.wetter-center.de\/blog\/\"},{\"@type\":\"ListItem\",\"position\":2,\"name\":\"Nach Paris: Kippt Trump auch das Montreal-Abkommen?\"}]},{\"@type\":\"WebSite\",\"@id\":\"https:\/\/www.wetter-center.de\/blog\/#website\",\"url\":\"https:\/\/www.wetter-center.de\/blog\/\",\"name\":\"Wetter-Center.de\",\"description\":\"\",\"publisher\":{\"@id\":\"https:\/\/www.wetter-center.de\/blog\/#\/schema\/person\/6c69612ad4763a699cd157cfbbfa6667\"},\"potentialAction\":[{\"@type\":\"SearchAction\",\"target\":{\"@type\":\"EntryPoint\",\"urlTemplate\":\"https:\/\/www.wetter-center.de\/blog\/?s={search_term_string}\"},\"query-input\":{\"@type\":\"PropertyValueSpecification\",\"valueRequired\":true,\"valueName\":\"search_term_string\"}}],\"inLanguage\":\"de\"},{\"@type\":[\"Person\",\"Organization\"],\"@id\":\"https:\/\/www.wetter-center.de\/blog\/#\/schema\/person\/6c69612ad4763a699cd157cfbbfa6667\",\"name\":\"meteomara\",\"image\":{\"@type\":\"ImageObject\",\"inLanguage\":\"de\",\"@id\":\"https:\/\/www.wetter-center.de\/blog\/#\/schema\/person\/image\/\",\"url\":\"https:\/\/www.wetter-center.de\/blog\/wp-content\/uploads\/2022\/08\/sky-1551171_1280.jpg\",\"contentUrl\":\"https:\/\/www.wetter-center.de\/blog\/wp-content\/uploads\/2022\/08\/sky-1551171_1280.jpg\",\"width\":1280,\"height\":643,\"caption\":\"meteomara\"},\"logo\":{\"@id\":\"https:\/\/www.wetter-center.de\/blog\/#\/schema\/person\/image\/\"},\"sameAs\":[\"https:\/\/www.facebook.com\/WetterUndKlima\",\"https:\/\/www.instagram.com\/wettercenterde\/\",\"https:\/\/x.com\/https:\/\/twitter.com\/meteomara\"],\"url\":\"https:\/\/www.wetter-center.de\/blog\/author\/meteomara\/\"}]}<\/script>\n<!-- \/ Yoast SEO plugin. -->","yoast_head_json":{"title":"Nach Paris: Kippt Trump auch das Montreal-Abkommen? - Wetter-Center.de","robots":{"index":"index","follow":"follow","max-snippet":"max-snippet:-1","max-image-preview":"max-image-preview:large","max-video-preview":"max-video-preview:-1"},"canonical":"https:\/\/www.wetter-center.de\/blog\/nach-paris-kippt-trump-auch-das-montreal-abkommen\/","og_locale":"de_DE","og_type":"article","og_title":"Nach Paris: Kippt Trump auch das Montreal-Abkommen? - Wetter-Center.de","og_description":"Nach dem\u00a0angek\u00fcndigten Ausstieg der USA aus dem Pariser Klimaabkommen, droht Trump mit einem weiteren Schlag gegen die globale Umweltbewegung.\u00a0Trumps Vorschlag f\u00fcr den n\u00e4chsten Haushaltsplan enth\u00e4lt drastische K\u00fcrzungen\u00a0bei der Durchsetzung des\u00a0Montreal-Abkommens zum Schutz der Ozonschicht.&#46;&#46;&#46;","og_url":"https:\/\/www.wetter-center.de\/blog\/nach-paris-kippt-trump-auch-das-montreal-abkommen\/","og_site_name":"Wetter-Center.de","article_publisher":"https:\/\/www.facebook.com\/WetterUndKlima","article_author":"https:\/\/www.facebook.com\/WetterUndKlima","article_published_time":"2017-06-06T20:14:27+00:00","article_modified_time":"2017-06-06T20:21:03+00:00","og_image":[{"width":348,"height":300,"url":"https:\/\/www.wetter-center.de\/blog\/wp-content\/uploads\/2017\/06\/meteorology_annual.png","type":"image\/png"}],"author":"meteomara","twitter_card":"summary_large_image","twitter_creator":"@https:\/\/twitter.com\/meteomara","twitter_site":"@meteomara","twitter_misc":{"Geschrieben von":"meteomara","Gesch\u00e4tzte Lesezeit":"1\u00a0Minute"},"schema":{"@context":"https:\/\/schema.org","@graph":[{"@type":"Article","@id":"https:\/\/www.wetter-center.de\/blog\/nach-paris-kippt-trump-auch-das-montreal-abkommen\/#article","isPartOf":{"@id":"https:\/\/www.wetter-center.de\/blog\/nach-paris-kippt-trump-auch-das-montreal-abkommen\/"},"author":{"name":"meteomara","@id":"https:\/\/www.wetter-center.de\/blog\/#\/schema\/person\/6c69612ad4763a699cd157cfbbfa6667"},"headline":"Nach Paris: Kippt Trump auch das Montreal-Abkommen?","datePublished":"2017-06-06T20:14:27+00:00","dateModified":"2017-06-06T20:21:03+00:00","mainEntityOfPage":{"@id":"https:\/\/www.wetter-center.de\/blog\/nach-paris-kippt-trump-auch-das-montreal-abkommen\/"},"wordCount":294,"commentCount":1,"publisher":{"@id":"https:\/\/www.wetter-center.de\/blog\/#\/schema\/person\/6c69612ad4763a699cd157cfbbfa6667"},"image":{"@id":"https:\/\/www.wetter-center.de\/blog\/nach-paris-kippt-trump-auch-das-montreal-abkommen\/#primaryimage"},"thumbnailUrl":"https:\/\/www.wetter-center.de\/blog\/wp-content\/uploads\/2017\/06\/meteorology_annual.png","keywords":["Ozonloch","USA"],"articleSection":["Klimawandel"],"inLanguage":"de","potentialAction":[{"@type":"CommentAction","name":"Comment","target":["https:\/\/www.wetter-center.de\/blog\/nach-paris-kippt-trump-auch-das-montreal-abkommen\/#respond"]}]},{"@type":"WebPage","@id":"https:\/\/www.wetter-center.de\/blog\/nach-paris-kippt-trump-auch-das-montreal-abkommen\/","url":"https:\/\/www.wetter-center.de\/blog\/nach-paris-kippt-trump-auch-das-montreal-abkommen\/","name":"Nach Paris: Kippt Trump auch das Montreal-Abkommen? - Wetter-Center.de","isPartOf":{"@id":"https:\/\/www.wetter-center.de\/blog\/#website"},"primaryImageOfPage":{"@id":"https:\/\/www.wetter-center.de\/blog\/nach-paris-kippt-trump-auch-das-montreal-abkommen\/#primaryimage"},"image":{"@id":"https:\/\/www.wetter-center.de\/blog\/nach-paris-kippt-trump-auch-das-montreal-abkommen\/#primaryimage"},"thumbnailUrl":"https:\/\/www.wetter-center.de\/blog\/wp-content\/uploads\/2017\/06\/meteorology_annual.png","datePublished":"2017-06-06T20:14:27+00:00","dateModified":"2017-06-06T20:21:03+00:00","breadcrumb":{"@id":"https:\/\/www.wetter-center.de\/blog\/nach-paris-kippt-trump-auch-das-montreal-abkommen\/#breadcrumb"},"inLanguage":"de","potentialAction":[{"@type":"ReadAction","target":["https:\/\/www.wetter-center.de\/blog\/nach-paris-kippt-trump-auch-das-montreal-abkommen\/"]}]},{"@type":"ImageObject","inLanguage":"de","@id":"https:\/\/www.wetter-center.de\/blog\/nach-paris-kippt-trump-auch-das-montreal-abkommen\/#primaryimage","url":"https:\/\/www.wetter-center.de\/blog\/wp-content\/uploads\/2017\/06\/meteorology_annual.png","contentUrl":"https:\/\/www.wetter-center.de\/blog\/wp-content\/uploads\/2017\/06\/meteorology_annual.png","width":348,"height":300},{"@type":"BreadcrumbList","@id":"https:\/\/www.wetter-center.de\/blog\/nach-paris-kippt-trump-auch-das-montreal-abkommen\/#breadcrumb","itemListElement":[{"@type":"ListItem","position":1,"name":"Startseite","item":"https:\/\/www.wetter-center.de\/blog\/"},{"@type":"ListItem","position":2,"name":"Nach Paris: Kippt Trump auch das Montreal-Abkommen?"}]},{"@type":"WebSite","@id":"https:\/\/www.wetter-center.de\/blog\/#website","url":"https:\/\/www.wetter-center.de\/blog\/","name":"Wetter-Center.de","description":"","publisher":{"@id":"https:\/\/www.wetter-center.de\/blog\/#\/schema\/person\/6c69612ad4763a699cd157cfbbfa6667"},"potentialAction":[{"@type":"SearchAction","target":{"@type":"EntryPoint","urlTemplate":"https:\/\/www.wetter-center.de\/blog\/?s={search_term_string}"},"query-input":{"@type":"PropertyValueSpecification","valueRequired":true,"valueName":"search_term_string"}}],"inLanguage":"de"},{"@type":["Person","Organization"],"@id":"https:\/\/www.wetter-center.de\/blog\/#\/schema\/person\/6c69612ad4763a699cd157cfbbfa6667","name":"meteomara","image":{"@type":"ImageObject","inLanguage":"de","@id":"https:\/\/www.wetter-center.de\/blog\/#\/schema\/person\/image\/","url":"https:\/\/www.wetter-center.de\/blog\/wp-content\/uploads\/2022\/08\/sky-1551171_1280.jpg","contentUrl":"https:\/\/www.wetter-center.de\/blog\/wp-content\/uploads\/2022\/08\/sky-1551171_1280.jpg","width":1280,"height":643,"caption":"meteomara"},"logo":{"@id":"https:\/\/www.wetter-center.de\/blog\/#\/schema\/person\/image\/"},"sameAs":["https:\/\/www.facebook.com\/WetterUndKlima","https:\/\/www.instagram.com\/wettercenterde\/","https:\/\/x.com\/https:\/\/twitter.com\/meteomara"],"url":"https:\/\/www.wetter-center.de\/blog\/author\/meteomara\/"}]}},"amp_enabled":true,"_links":{"self":[{"href":"https:\/\/www.wetter-center.de\/blog\/wp-json\/wp\/v2\/posts\/1899","targetHints":{"allow":["GET"]}}],"collection":[{"href":"https:\/\/www.wetter-center.de\/blog\/wp-json\/wp\/v2\/posts"}],"about":[{"href":"https:\/\/www.wetter-center.de\/blog\/wp-json\/wp\/v2\/types\/post"}],"author":[{"embeddable":true,"href":"https:\/\/www.wetter-center.de\/blog\/wp-json\/wp\/v2\/users\/1"}],"replies":[{"embeddable":true,"href":"https:\/\/www.wetter-center.de\/blog\/wp-json\/wp\/v2\/comments?post=1899"}],"version-history":[{"count":0,"href":"https:\/\/www.wetter-center.de\/blog\/wp-json\/wp\/v2\/posts\/1899\/revisions"}],"wp:featuredmedia":[{"embeddable":true,"href":"https:\/\/www.wetter-center.de\/blog\/wp-json\/wp\/v2\/media\/1900"}],"wp:attachment":[{"href":"https:\/\/www.wetter-center.de\/blog\/wp-json\/wp\/v2\/media?parent=1899"}],"wp:term":[{"taxonomy":"category","embeddable":true,"href":"https:\/\/www.wetter-center.de\/blog\/wp-json\/wp\/v2\/categories?post=1899"},{"taxonomy":"post_tag","embeddable":true,"href":"https:\/\/www.wetter-center.de\/blog\/wp-json\/wp\/v2\/tags?post=1899"}],"curies":[{"name":"wp","href":"https:\/\/api.w.org\/{rel}","templated":true}]}}