{"id":18,"date":"2007-10-14T18:53:21","date_gmt":"2007-10-14T16:53:21","guid":{"rendered":"http:\/\/www.wetter-center.de\/blog\/?p=18"},"modified":"2007-10-14T19:10:50","modified_gmt":"2007-10-14T17:10:50","slug":"faz-wettert-uber-klimabilanz-der-bahn","status":"publish","type":"post","link":"https:\/\/www.wetter-center.de\/blog\/faz-wettert-uber-klimabilanz-der-bahn\/","title":{"rendered":"FAZ wettert \u00fcber Klimabilanz der Bahn"},"content":{"rendered":"<p>Unter der \u00dcberschrift &#8220;<a href=\"http:\/\/www.faz.net\/s\/Rub560251485DC24AF181BBEF83E12CA16E\/Doc~E2332C8A90ABD415693761BE06E77A5E5~ATpl~Ecommon~Scontent.html\" target=\"_blank\">Noch eine unbequeme Wahrheit<\/a>&#8221; zieht die FAZ \u00fcber die <strong>Klimabilanz der Bahn<\/strong> her  und schlussfolgert am Ende des Artikels <em>&#8220;Die Bahn wirbt mit ihrer Umweltfreundlichkeit, aber bei sachlicher Betrachtung sind ihre Werte auch da weit von dem entfernt, was sich Bahnpassagiere ersehnen.<strong> Rein rechnerisch k\u00f6nnte man sich fast gleich ins Auto setzen<\/strong>.&#8221;<\/em><\/p>\n<p>Man mag der Argumentation folgen oder nicht, aber erst vorrechnen, dass auf Grund der geringen Auslastung der Bahn die Klimabilanz so schlecht ist, und dann daraus schlie\u00dfen, dass man sich sich deswegen gleich ins Auto setzen soll, kann auch nicht der Weisheit letzter Schluss sein. H\u00e4tte die FAZ empfohlen, doch mehr die Bahn zu nutzen, damit die Auslastung und Klimabilanz besser ausf\u00e4llt, h\u00e4tte sich sicher die zahlreichen <strong>Anzeigenkunden aus der Autobranche<\/strong> nicht besonders gefreut.<\/p>\n<p>Mit der gleichen Argumentation k\u00f6nnte man auch gleich s\u00e4mtliches Engagement gegen den Klimwandel schlechtreden: <strong>Es ist ja sowieso nichts mehr zu retten<\/strong>.<\/p>\n<p>Interessant d\u00fcrfte in diesem Zusammenhang \u00fcbrigens auch der Artikel &#8220;<strong><a href=\"http:\/\/www.wetter-center.de\/blog\/?p=8\" target=\"_blank\">Die L\u00fcge vom niedrigen Spritverbrauch<\/a><\/strong>&#8221; sein. Die meisten Autos verbrauchen mehr, als von den Autofirmen angegeben wird. Ob das in der Studie ber\u00fccksichtigt wurde?<\/p>\n","protected":false},"excerpt":{"rendered":"<p>Unter der \u00dcberschrift &#8220;Noch eine unbequeme Wahrheit&#8221; zieht die FAZ \u00fcber die Klimabilanz der Bahn her und schlussfolgert am Ende des Artikels &#8220;Die Bahn wirbt mit ihrer Umweltfreundlichkeit, aber bei sachlicher Betrachtung sind ihre&#46;&#46;&#46;<\/p>\n","protected":false},"author":1,"featured_media":0,"comment_status":"open","ping_status":"open","sticky":false,"template":"","format":"standard","meta":{"footnotes":""},"categories":[],"tags":[],"class_list":["post-18","post","type-post","status-publish","format-standard","hentry"],"yoast_head":"<!-- This site is optimized with the Yoast SEO plugin v25.5 - https:\/\/yoast.com\/wordpress\/plugins\/seo\/ -->\n<title>FAZ wettert \u00fcber Klimabilanz der Bahn - Wetter-Center.de<\/title>\n<meta name=\"robots\" content=\"index, follow, max-snippet:-1, max-image-preview:large, max-video-preview:-1\" \/>\n<link rel=\"canonical\" href=\"https:\/\/www.wetter-center.de\/blog\/faz-wettert-uber-klimabilanz-der-bahn\/\" \/>\n<meta property=\"og:locale\" content=\"de_DE\" \/>\n<meta property=\"og:type\" content=\"article\" \/>\n<meta property=\"og:title\" content=\"FAZ wettert \u00fcber Klimabilanz der Bahn - Wetter-Center.de\" \/>\n<meta property=\"og:description\" content=\"Unter der \u00dcberschrift &#8220;Noch eine unbequeme Wahrheit&#8221; zieht die FAZ \u00fcber die Klimabilanz der Bahn her und schlussfolgert am Ende des Artikels &#8220;Die Bahn wirbt mit ihrer Umweltfreundlichkeit, aber bei sachlicher Betrachtung sind ihre&#046;&#046;&#046;\" \/>\n<meta property=\"og:url\" content=\"https:\/\/www.wetter-center.de\/blog\/faz-wettert-uber-klimabilanz-der-bahn\/\" \/>\n<meta property=\"og:site_name\" content=\"Wetter-Center.de\" \/>\n<meta property=\"article:publisher\" content=\"https:\/\/www.facebook.com\/WetterUndKlima\" \/>\n<meta property=\"article:author\" content=\"https:\/\/www.facebook.com\/WetterUndKlima\" \/>\n<meta property=\"article:published_time\" content=\"2007-10-14T16:53:21+00:00\" \/>\n<meta property=\"article:modified_time\" content=\"2007-10-14T17:10:50+00:00\" \/>\n<meta name=\"author\" content=\"meteomara\" \/>\n<meta name=\"twitter:card\" content=\"summary_large_image\" \/>\n<meta name=\"twitter:creator\" content=\"@https:\/\/twitter.com\/meteomara\" \/>\n<meta name=\"twitter:site\" content=\"@meteomara\" \/>\n<meta name=\"twitter:label1\" content=\"Geschrieben von\" \/>\n\t<meta name=\"twitter:data1\" content=\"meteomara\" \/>\n\t<meta name=\"twitter:label2\" content=\"Gesch\u00e4tzte Lesezeit\" \/>\n\t<meta name=\"twitter:data2\" content=\"1\u00a0Minute\" \/>\n<script type=\"application\/ld+json\" class=\"yoast-schema-graph\">{\"@context\":\"https:\/\/schema.org\",\"@graph\":[{\"@type\":\"Article\",\"@id\":\"https:\/\/www.wetter-center.de\/blog\/faz-wettert-uber-klimabilanz-der-bahn\/#article\",\"isPartOf\":{\"@id\":\"https:\/\/www.wetter-center.de\/blog\/faz-wettert-uber-klimabilanz-der-bahn\/\"},\"author\":{\"name\":\"meteomara\",\"@id\":\"https:\/\/www.wetter-center.de\/blog\/#\/schema\/person\/6c69612ad4763a699cd157cfbbfa6667\"},\"headline\":\"FAZ wettert \u00fcber Klimabilanz der Bahn\",\"datePublished\":\"2007-10-14T16:53:21+00:00\",\"dateModified\":\"2007-10-14T17:10:50+00:00\",\"mainEntityOfPage\":{\"@id\":\"https:\/\/www.wetter-center.de\/blog\/faz-wettert-uber-klimabilanz-der-bahn\/\"},\"wordCount\":200,\"commentCount\":1,\"publisher\":{\"@id\":\"https:\/\/www.wetter-center.de\/blog\/#\/schema\/person\/6c69612ad4763a699cd157cfbbfa6667\"},\"inLanguage\":\"de\",\"potentialAction\":[{\"@type\":\"CommentAction\",\"name\":\"Comment\",\"target\":[\"https:\/\/www.wetter-center.de\/blog\/faz-wettert-uber-klimabilanz-der-bahn\/#respond\"]}]},{\"@type\":\"WebPage\",\"@id\":\"https:\/\/www.wetter-center.de\/blog\/faz-wettert-uber-klimabilanz-der-bahn\/\",\"url\":\"https:\/\/www.wetter-center.de\/blog\/faz-wettert-uber-klimabilanz-der-bahn\/\",\"name\":\"FAZ wettert \u00fcber Klimabilanz der Bahn - Wetter-Center.de\",\"isPartOf\":{\"@id\":\"https:\/\/www.wetter-center.de\/blog\/#website\"},\"datePublished\":\"2007-10-14T16:53:21+00:00\",\"dateModified\":\"2007-10-14T17:10:50+00:00\",\"breadcrumb\":{\"@id\":\"https:\/\/www.wetter-center.de\/blog\/faz-wettert-uber-klimabilanz-der-bahn\/#breadcrumb\"},\"inLanguage\":\"de\",\"potentialAction\":[{\"@type\":\"ReadAction\",\"target\":[\"https:\/\/www.wetter-center.de\/blog\/faz-wettert-uber-klimabilanz-der-bahn\/\"]}]},{\"@type\":\"BreadcrumbList\",\"@id\":\"https:\/\/www.wetter-center.de\/blog\/faz-wettert-uber-klimabilanz-der-bahn\/#breadcrumb\",\"itemListElement\":[{\"@type\":\"ListItem\",\"position\":1,\"name\":\"Startseite\",\"item\":\"https:\/\/www.wetter-center.de\/blog\/\"},{\"@type\":\"ListItem\",\"position\":2,\"name\":\"FAZ wettert \u00fcber Klimabilanz der Bahn\"}]},{\"@type\":\"WebSite\",\"@id\":\"https:\/\/www.wetter-center.de\/blog\/#website\",\"url\":\"https:\/\/www.wetter-center.de\/blog\/\",\"name\":\"Wetter-Center.de\",\"description\":\"\",\"publisher\":{\"@id\":\"https:\/\/www.wetter-center.de\/blog\/#\/schema\/person\/6c69612ad4763a699cd157cfbbfa6667\"},\"potentialAction\":[{\"@type\":\"SearchAction\",\"target\":{\"@type\":\"EntryPoint\",\"urlTemplate\":\"https:\/\/www.wetter-center.de\/blog\/?s={search_term_string}\"},\"query-input\":{\"@type\":\"PropertyValueSpecification\",\"valueRequired\":true,\"valueName\":\"search_term_string\"}}],\"inLanguage\":\"de\"},{\"@type\":[\"Person\",\"Organization\"],\"@id\":\"https:\/\/www.wetter-center.de\/blog\/#\/schema\/person\/6c69612ad4763a699cd157cfbbfa6667\",\"name\":\"meteomara\",\"image\":{\"@type\":\"ImageObject\",\"inLanguage\":\"de\",\"@id\":\"https:\/\/www.wetter-center.de\/blog\/#\/schema\/person\/image\/\",\"url\":\"https:\/\/www.wetter-center.de\/blog\/wp-content\/uploads\/2022\/08\/sky-1551171_1280.jpg\",\"contentUrl\":\"https:\/\/www.wetter-center.de\/blog\/wp-content\/uploads\/2022\/08\/sky-1551171_1280.jpg\",\"width\":1280,\"height\":643,\"caption\":\"meteomara\"},\"logo\":{\"@id\":\"https:\/\/www.wetter-center.de\/blog\/#\/schema\/person\/image\/\"},\"sameAs\":[\"https:\/\/www.facebook.com\/WetterUndKlima\",\"https:\/\/www.instagram.com\/wettercenterde\/\",\"https:\/\/x.com\/https:\/\/twitter.com\/meteomara\"],\"url\":\"https:\/\/www.wetter-center.de\/blog\/author\/meteomara\/\"}]}<\/script>\n<!-- \/ Yoast SEO plugin. -->","yoast_head_json":{"title":"FAZ wettert \u00fcber Klimabilanz der Bahn - Wetter-Center.de","robots":{"index":"index","follow":"follow","max-snippet":"max-snippet:-1","max-image-preview":"max-image-preview:large","max-video-preview":"max-video-preview:-1"},"canonical":"https:\/\/www.wetter-center.de\/blog\/faz-wettert-uber-klimabilanz-der-bahn\/","og_locale":"de_DE","og_type":"article","og_title":"FAZ wettert \u00fcber Klimabilanz der Bahn - Wetter-Center.de","og_description":"Unter der \u00dcberschrift &#8220;Noch eine unbequeme Wahrheit&#8221; zieht die FAZ \u00fcber die Klimabilanz der Bahn her und schlussfolgert am Ende des Artikels &#8220;Die Bahn wirbt mit ihrer Umweltfreundlichkeit, aber bei sachlicher Betrachtung sind ihre&#46;&#46;&#46;","og_url":"https:\/\/www.wetter-center.de\/blog\/faz-wettert-uber-klimabilanz-der-bahn\/","og_site_name":"Wetter-Center.de","article_publisher":"https:\/\/www.facebook.com\/WetterUndKlima","article_author":"https:\/\/www.facebook.com\/WetterUndKlima","article_published_time":"2007-10-14T16:53:21+00:00","article_modified_time":"2007-10-14T17:10:50+00:00","author":"meteomara","twitter_card":"summary_large_image","twitter_creator":"@https:\/\/twitter.com\/meteomara","twitter_site":"@meteomara","twitter_misc":{"Geschrieben von":"meteomara","Gesch\u00e4tzte Lesezeit":"1\u00a0Minute"},"schema":{"@context":"https:\/\/schema.org","@graph":[{"@type":"Article","@id":"https:\/\/www.wetter-center.de\/blog\/faz-wettert-uber-klimabilanz-der-bahn\/#article","isPartOf":{"@id":"https:\/\/www.wetter-center.de\/blog\/faz-wettert-uber-klimabilanz-der-bahn\/"},"author":{"name":"meteomara","@id":"https:\/\/www.wetter-center.de\/blog\/#\/schema\/person\/6c69612ad4763a699cd157cfbbfa6667"},"headline":"FAZ wettert \u00fcber Klimabilanz der Bahn","datePublished":"2007-10-14T16:53:21+00:00","dateModified":"2007-10-14T17:10:50+00:00","mainEntityOfPage":{"@id":"https:\/\/www.wetter-center.de\/blog\/faz-wettert-uber-klimabilanz-der-bahn\/"},"wordCount":200,"commentCount":1,"publisher":{"@id":"https:\/\/www.wetter-center.de\/blog\/#\/schema\/person\/6c69612ad4763a699cd157cfbbfa6667"},"inLanguage":"de","potentialAction":[{"@type":"CommentAction","name":"Comment","target":["https:\/\/www.wetter-center.de\/blog\/faz-wettert-uber-klimabilanz-der-bahn\/#respond"]}]},{"@type":"WebPage","@id":"https:\/\/www.wetter-center.de\/blog\/faz-wettert-uber-klimabilanz-der-bahn\/","url":"https:\/\/www.wetter-center.de\/blog\/faz-wettert-uber-klimabilanz-der-bahn\/","name":"FAZ wettert \u00fcber Klimabilanz der Bahn - Wetter-Center.de","isPartOf":{"@id":"https:\/\/www.wetter-center.de\/blog\/#website"},"datePublished":"2007-10-14T16:53:21+00:00","dateModified":"2007-10-14T17:10:50+00:00","breadcrumb":{"@id":"https:\/\/www.wetter-center.de\/blog\/faz-wettert-uber-klimabilanz-der-bahn\/#breadcrumb"},"inLanguage":"de","potentialAction":[{"@type":"ReadAction","target":["https:\/\/www.wetter-center.de\/blog\/faz-wettert-uber-klimabilanz-der-bahn\/"]}]},{"@type":"BreadcrumbList","@id":"https:\/\/www.wetter-center.de\/blog\/faz-wettert-uber-klimabilanz-der-bahn\/#breadcrumb","itemListElement":[{"@type":"ListItem","position":1,"name":"Startseite","item":"https:\/\/www.wetter-center.de\/blog\/"},{"@type":"ListItem","position":2,"name":"FAZ wettert \u00fcber Klimabilanz der Bahn"}]},{"@type":"WebSite","@id":"https:\/\/www.wetter-center.de\/blog\/#website","url":"https:\/\/www.wetter-center.de\/blog\/","name":"Wetter-Center.de","description":"","publisher":{"@id":"https:\/\/www.wetter-center.de\/blog\/#\/schema\/person\/6c69612ad4763a699cd157cfbbfa6667"},"potentialAction":[{"@type":"SearchAction","target":{"@type":"EntryPoint","urlTemplate":"https:\/\/www.wetter-center.de\/blog\/?s={search_term_string}"},"query-input":{"@type":"PropertyValueSpecification","valueRequired":true,"valueName":"search_term_string"}}],"inLanguage":"de"},{"@type":["Person","Organization"],"@id":"https:\/\/www.wetter-center.de\/blog\/#\/schema\/person\/6c69612ad4763a699cd157cfbbfa6667","name":"meteomara","image":{"@type":"ImageObject","inLanguage":"de","@id":"https:\/\/www.wetter-center.de\/blog\/#\/schema\/person\/image\/","url":"https:\/\/www.wetter-center.de\/blog\/wp-content\/uploads\/2022\/08\/sky-1551171_1280.jpg","contentUrl":"https:\/\/www.wetter-center.de\/blog\/wp-content\/uploads\/2022\/08\/sky-1551171_1280.jpg","width":1280,"height":643,"caption":"meteomara"},"logo":{"@id":"https:\/\/www.wetter-center.de\/blog\/#\/schema\/person\/image\/"},"sameAs":["https:\/\/www.facebook.com\/WetterUndKlima","https:\/\/www.instagram.com\/wettercenterde\/","https:\/\/x.com\/https:\/\/twitter.com\/meteomara"],"url":"https:\/\/www.wetter-center.de\/blog\/author\/meteomara\/"}]}},"amp_enabled":true,"_links":{"self":[{"href":"https:\/\/www.wetter-center.de\/blog\/wp-json\/wp\/v2\/posts\/18","targetHints":{"allow":["GET"]}}],"collection":[{"href":"https:\/\/www.wetter-center.de\/blog\/wp-json\/wp\/v2\/posts"}],"about":[{"href":"https:\/\/www.wetter-center.de\/blog\/wp-json\/wp\/v2\/types\/post"}],"author":[{"embeddable":true,"href":"https:\/\/www.wetter-center.de\/blog\/wp-json\/wp\/v2\/users\/1"}],"replies":[{"embeddable":true,"href":"https:\/\/www.wetter-center.de\/blog\/wp-json\/wp\/v2\/comments?post=18"}],"version-history":[{"count":0,"href":"https:\/\/www.wetter-center.de\/blog\/wp-json\/wp\/v2\/posts\/18\/revisions"}],"wp:attachment":[{"href":"https:\/\/www.wetter-center.de\/blog\/wp-json\/wp\/v2\/media?parent=18"}],"wp:term":[{"taxonomy":"category","embeddable":true,"href":"https:\/\/www.wetter-center.de\/blog\/wp-json\/wp\/v2\/categories?post=18"},{"taxonomy":"post_tag","embeddable":true,"href":"https:\/\/www.wetter-center.de\/blog\/wp-json\/wp\/v2\/tags?post=18"}],"curies":[{"name":"wp","href":"https:\/\/api.w.org\/{rel}","templated":true}]}}