{"id":1781,"date":"2017-02-05T19:46:22","date_gmt":"2017-02-05T18:46:22","guid":{"rendered":"http:\/\/www.wetter-center.de\/blog\/?p=1781"},"modified":"2017-02-05T19:52:46","modified_gmt":"2017-02-05T18:52:46","slug":"waldbraende-in-chile","status":"publish","type":"post","link":"https:\/\/www.wetter-center.de\/blog\/waldbraende-in-chile\/","title":{"rendered":"Waldbr\u00e4nde in Chile"},"content":{"rendered":"<p>Im Januar 2017 haben verheerende <strong>Waldbr\u00e4nde\u00a0<\/strong>in mehreren Regionen von Chiles betr\u00e4chtliche Verw\u00fcstungen angerichtet. Die Br\u00e4nde wurden durch\u00a0starke Winde, hohe Temperaturen und eine D\u00fcrreperiode beg\u00fcnstigt. In dem Zeitraum vom 1. Juli 2016 bis zum 2. Februar 2017 wurden in Chile rund 3.000 Br\u00e4nde mit mehr als 575.000 Hektar registriert,\u00a06.000 Menschen waren <a href=\"http:\/\/erccportal.jrc.ec.europa.eu\/getdailymap\/docId\/1930\" target=\"_blank\">laut JRC<\/a> davon betroffen.<\/p>\n<p>Das folgende Bild zeigt eine <a href=\"http:\/\/earthobservatory.nasa.gov\/NaturalHazards\/view.php?id=89570\" target=\"_blank\">Aufnahme<\/a>\u00a0des <strong>Satelliten<\/strong> Landsat-8 vom 24. Januar 2017.\u00a0Das Bild kombiniert kurzwelliges Infrarot, nahes Infrarot und gr\u00fcnes Licht, um verbrannte Fl\u00e4chen (braun) von unverbrannten\u00a0(gr\u00fcn) zu unterscheiden.\u00a0Das Feuer hinterlie\u00df\u00a0eine enorme\u00a0&#8220;Brandnarbe&#8221; nahe dem Ort Empedrado, die von noch brennenden Feuern flankiert wird:<\/p>\n<p><a href=\"http:\/\/www.wetter-center.de\/blog\/wp-content\/uploads\/2017\/02\/chile_oli_2017024_lrg.jpg\" data-rel=\"lightbox-image-0\" data-rl_title=\"\" data-rl_caption=\"\" title=\"\"><img loading=\"lazy\" decoding=\"async\" class=\"alignnone wp-image-1782\" src=\"http:\/\/www.wetter-center.de\/blog\/wp-content\/uploads\/2017\/02\/chile_oli_2017024_lrg.jpg\" width=\"510\" height=\"510\" srcset=\"https:\/\/www.wetter-center.de\/blog\/wp-content\/uploads\/2017\/02\/chile_oli_2017024_lrg.jpg 720w, https:\/\/www.wetter-center.de\/blog\/wp-content\/uploads\/2017\/02\/chile_oli_2017024_lrg-100x100.jpg 100w, https:\/\/www.wetter-center.de\/blog\/wp-content\/uploads\/2017\/02\/chile_oli_2017024_lrg-600x600.jpg 600w, https:\/\/www.wetter-center.de\/blog\/wp-content\/uploads\/2017\/02\/chile_oli_2017024_lrg-150x150.jpg 150w, https:\/\/www.wetter-center.de\/blog\/wp-content\/uploads\/2017\/02\/chile_oli_2017024_lrg-300x300.jpg 300w, https:\/\/www.wetter-center.de\/blog\/wp-content\/uploads\/2017\/02\/chile_oli_2017024_lrg-160x160.jpg 160w, https:\/\/www.wetter-center.de\/blog\/wp-content\/uploads\/2017\/02\/chile_oli_2017024_lrg-320x320.jpg 320w\" sizes=\"auto, (max-width: 510px) 100vw, 510px\" \/><\/a><\/p>\n<p>Im Rahmen des\u00a0<a href=\"https:\/\/atmosphere.copernicus.eu\/\" target=\"_blank\">Copernicus Atmosphere Monitoring Service<\/a> (CAMS) wurde die Gesamtmenge an\u00a0<strong>Kohlendioxid<\/strong> <a href=\"https:\/\/atmosphere.copernicus.eu\/news-and-media\/news\/worst-wildfires-chiles-modern-history\" target=\"_blank\">abgesch\u00e4tzt<\/a>, die die Br\u00e4nde in Chile in die Atmosph\u00e4re eingebracht haben. Die Analyse des CAMS\u00a0kommt auf 30 Megatonnen (Mt) CO2, was etwa 8% der gesamten weltweiten Emissionen durch Wald- und Buschfeuer entspricht und etwa 6 mal mehr ist als Chile normalerweise im Januar emittiert.<\/p>\n<p><a href=\"http:\/\/www.wetter-center.de\/blog\/wp-content\/uploads\/2017\/02\/ifs_tcco_animation_chile_20170115_20170131.gif\" data-rel=\"lightbox-image-1\" data-rl_title=\"\" data-rl_caption=\"\" title=\"\"><img loading=\"lazy\" decoding=\"async\" class=\"alignleft wp-image-1783\" src=\"http:\/\/www.wetter-center.de\/blog\/wp-content\/uploads\/2017\/02\/ifs_tcco_animation_chile_20170115_20170131.gif\" width=\"300\" height=\"300\" \/><\/a><\/p>\n<p>Satelliten-Daten und die CAMS-Modellanalyse zeigen, dass der Rauch der Feuer <strong>Tausende\u00a0Kilometer<\/strong> hinaus \u00fcber den\u00a0Pazifik geweht wurde. Die\u00a0Animation links (auf das Bild klicken f\u00fcr eine gro\u00dfe Version) zeigt die erh\u00f6hte Kohlenmonoxid-Konzentration, die von den Feuern verursacht wurde (Quelle: <a href=\"https:\/\/atmosphere.copernicus.eu\/news-and-media\/news\/worst-wildfires-chiles-modern-history\" target=\"_blank\">CAMS<\/a>). Sogar\u00a0\u00fcber dem zentralen S\u00fcdpazifik konnten\u00a0mit Satelliten noch Reste der Rauchfahnen <a href=\"http:\/\/earthobservatory.nasa.gov\/NaturalHazards\/view.php?id=89570\" target=\"_blank\">registriert werden<\/a>, das ist sehr ungew\u00f6hnlich.<\/p>\n<p>Seitdem im Jahre\u00a02002 mit Hilfe von Satellitendaten Feuer\u00a0in Chile \u00fcberwacht werden, traten dort Br\u00e4nde in einem recht\u00a0konstanten, <strong>zyklischen Muster<\/strong> auf, bedingt durch die Jahreszeiten. Zwischen 2003 und 2016 wurden\u00a0im Laufe des Monats Januar durchschnittlich 330 Feuerstellen in ganz Chile, im Januar 2017\u00a0verzehnfachte sich diese Zahl.<\/p>\n","protected":false},"excerpt":{"rendered":"<p>Im Januar 2017 haben verheerende Waldbr\u00e4nde\u00a0in mehreren Regionen von Chiles betr\u00e4chtliche Verw\u00fcstungen angerichtet. Die Br\u00e4nde wurden durch\u00a0starke Winde, hohe Temperaturen und eine D\u00fcrreperiode beg\u00fcnstigt. In dem Zeitraum vom 1. Juli 2016 bis zum 2.&#46;&#46;&#46;<\/p>\n","protected":false},"author":1,"featured_media":1782,"comment_status":"open","ping_status":"open","sticky":false,"template":"","format":"standard","meta":{"footnotes":""},"categories":[6],"tags":[128,17,114],"class_list":["post-1781","post","type-post","status-publish","format-standard","has-post-thumbnail","hentry","category-unwetter","tag-chile","tag-satellit","tag-waldbrand"],"yoast_head":"<!-- This site is optimized with the Yoast SEO plugin v25.5 - https:\/\/yoast.com\/wordpress\/plugins\/seo\/ -->\n<title>Waldbr\u00e4nde in Chile - Wetter-Center.de<\/title>\n<meta name=\"robots\" content=\"index, follow, max-snippet:-1, max-image-preview:large, max-video-preview:-1\" \/>\n<link rel=\"canonical\" href=\"https:\/\/www.wetter-center.de\/blog\/waldbraende-in-chile\/\" \/>\n<meta property=\"og:locale\" content=\"de_DE\" \/>\n<meta property=\"og:type\" content=\"article\" \/>\n<meta property=\"og:title\" content=\"Waldbr\u00e4nde in Chile - Wetter-Center.de\" \/>\n<meta property=\"og:description\" content=\"Im Januar 2017 haben verheerende Waldbr\u00e4nde\u00a0in mehreren Regionen von Chiles betr\u00e4chtliche Verw\u00fcstungen angerichtet. Die Br\u00e4nde wurden durch\u00a0starke Winde, hohe Temperaturen und eine D\u00fcrreperiode beg\u00fcnstigt. In dem Zeitraum vom 1. Juli 2016 bis zum 2.&#046;&#046;&#046;\" \/>\n<meta property=\"og:url\" content=\"https:\/\/www.wetter-center.de\/blog\/waldbraende-in-chile\/\" \/>\n<meta property=\"og:site_name\" content=\"Wetter-Center.de\" \/>\n<meta property=\"article:publisher\" content=\"https:\/\/www.facebook.com\/WetterUndKlima\" \/>\n<meta property=\"article:author\" content=\"https:\/\/www.facebook.com\/WetterUndKlima\" \/>\n<meta property=\"article:published_time\" content=\"2017-02-05T18:46:22+00:00\" \/>\n<meta property=\"article:modified_time\" content=\"2017-02-05T18:52:46+00:00\" \/>\n<meta property=\"og:image\" content=\"https:\/\/www.wetter-center.de\/blog\/wp-content\/uploads\/2017\/02\/chile_oli_2017024_lrg.jpg\" \/>\n\t<meta property=\"og:image:width\" content=\"720\" \/>\n\t<meta property=\"og:image:height\" content=\"720\" \/>\n\t<meta property=\"og:image:type\" content=\"image\/jpeg\" \/>\n<meta name=\"author\" content=\"meteomara\" \/>\n<meta name=\"twitter:card\" content=\"summary_large_image\" \/>\n<meta name=\"twitter:creator\" content=\"@https:\/\/twitter.com\/meteomara\" \/>\n<meta name=\"twitter:site\" content=\"@meteomara\" \/>\n<meta name=\"twitter:label1\" content=\"Geschrieben von\" \/>\n\t<meta name=\"twitter:data1\" content=\"meteomara\" \/>\n\t<meta name=\"twitter:label2\" content=\"Gesch\u00e4tzte Lesezeit\" \/>\n\t<meta name=\"twitter:data2\" content=\"1\u00a0Minute\" \/>\n<script type=\"application\/ld+json\" class=\"yoast-schema-graph\">{\"@context\":\"https:\/\/schema.org\",\"@graph\":[{\"@type\":\"Article\",\"@id\":\"https:\/\/www.wetter-center.de\/blog\/waldbraende-in-chile\/#article\",\"isPartOf\":{\"@id\":\"https:\/\/www.wetter-center.de\/blog\/waldbraende-in-chile\/\"},\"author\":{\"name\":\"meteomara\",\"@id\":\"https:\/\/www.wetter-center.de\/blog\/#\/schema\/person\/6c69612ad4763a699cd157cfbbfa6667\"},\"headline\":\"Waldbr\u00e4nde in Chile\",\"datePublished\":\"2017-02-05T18:46:22+00:00\",\"dateModified\":\"2017-02-05T18:52:46+00:00\",\"mainEntityOfPage\":{\"@id\":\"https:\/\/www.wetter-center.de\/blog\/waldbraende-in-chile\/\"},\"wordCount\":278,\"commentCount\":2,\"publisher\":{\"@id\":\"https:\/\/www.wetter-center.de\/blog\/#\/schema\/person\/6c69612ad4763a699cd157cfbbfa6667\"},\"image\":{\"@id\":\"https:\/\/www.wetter-center.de\/blog\/waldbraende-in-chile\/#primaryimage\"},\"thumbnailUrl\":\"https:\/\/www.wetter-center.de\/blog\/wp-content\/uploads\/2017\/02\/chile_oli_2017024_lrg.jpg\",\"keywords\":[\"Chile\",\"Satellit\",\"Waldbrand\"],\"articleSection\":[\"Unwetter\"],\"inLanguage\":\"de\",\"potentialAction\":[{\"@type\":\"CommentAction\",\"name\":\"Comment\",\"target\":[\"https:\/\/www.wetter-center.de\/blog\/waldbraende-in-chile\/#respond\"]}]},{\"@type\":\"WebPage\",\"@id\":\"https:\/\/www.wetter-center.de\/blog\/waldbraende-in-chile\/\",\"url\":\"https:\/\/www.wetter-center.de\/blog\/waldbraende-in-chile\/\",\"name\":\"Waldbr\u00e4nde in Chile - Wetter-Center.de\",\"isPartOf\":{\"@id\":\"https:\/\/www.wetter-center.de\/blog\/#website\"},\"primaryImageOfPage\":{\"@id\":\"https:\/\/www.wetter-center.de\/blog\/waldbraende-in-chile\/#primaryimage\"},\"image\":{\"@id\":\"https:\/\/www.wetter-center.de\/blog\/waldbraende-in-chile\/#primaryimage\"},\"thumbnailUrl\":\"https:\/\/www.wetter-center.de\/blog\/wp-content\/uploads\/2017\/02\/chile_oli_2017024_lrg.jpg\",\"datePublished\":\"2017-02-05T18:46:22+00:00\",\"dateModified\":\"2017-02-05T18:52:46+00:00\",\"breadcrumb\":{\"@id\":\"https:\/\/www.wetter-center.de\/blog\/waldbraende-in-chile\/#breadcrumb\"},\"inLanguage\":\"de\",\"potentialAction\":[{\"@type\":\"ReadAction\",\"target\":[\"https:\/\/www.wetter-center.de\/blog\/waldbraende-in-chile\/\"]}]},{\"@type\":\"ImageObject\",\"inLanguage\":\"de\",\"@id\":\"https:\/\/www.wetter-center.de\/blog\/waldbraende-in-chile\/#primaryimage\",\"url\":\"https:\/\/www.wetter-center.de\/blog\/wp-content\/uploads\/2017\/02\/chile_oli_2017024_lrg.jpg\",\"contentUrl\":\"https:\/\/www.wetter-center.de\/blog\/wp-content\/uploads\/2017\/02\/chile_oli_2017024_lrg.jpg\",\"width\":720,\"height\":720},{\"@type\":\"BreadcrumbList\",\"@id\":\"https:\/\/www.wetter-center.de\/blog\/waldbraende-in-chile\/#breadcrumb\",\"itemListElement\":[{\"@type\":\"ListItem\",\"position\":1,\"name\":\"Startseite\",\"item\":\"https:\/\/www.wetter-center.de\/blog\/\"},{\"@type\":\"ListItem\",\"position\":2,\"name\":\"Waldbr\u00e4nde in Chile\"}]},{\"@type\":\"WebSite\",\"@id\":\"https:\/\/www.wetter-center.de\/blog\/#website\",\"url\":\"https:\/\/www.wetter-center.de\/blog\/\",\"name\":\"Wetter-Center.de\",\"description\":\"\",\"publisher\":{\"@id\":\"https:\/\/www.wetter-center.de\/blog\/#\/schema\/person\/6c69612ad4763a699cd157cfbbfa6667\"},\"potentialAction\":[{\"@type\":\"SearchAction\",\"target\":{\"@type\":\"EntryPoint\",\"urlTemplate\":\"https:\/\/www.wetter-center.de\/blog\/?s={search_term_string}\"},\"query-input\":{\"@type\":\"PropertyValueSpecification\",\"valueRequired\":true,\"valueName\":\"search_term_string\"}}],\"inLanguage\":\"de\"},{\"@type\":[\"Person\",\"Organization\"],\"@id\":\"https:\/\/www.wetter-center.de\/blog\/#\/schema\/person\/6c69612ad4763a699cd157cfbbfa6667\",\"name\":\"meteomara\",\"image\":{\"@type\":\"ImageObject\",\"inLanguage\":\"de\",\"@id\":\"https:\/\/www.wetter-center.de\/blog\/#\/schema\/person\/image\/\",\"url\":\"https:\/\/www.wetter-center.de\/blog\/wp-content\/uploads\/2022\/08\/sky-1551171_1280.jpg\",\"contentUrl\":\"https:\/\/www.wetter-center.de\/blog\/wp-content\/uploads\/2022\/08\/sky-1551171_1280.jpg\",\"width\":1280,\"height\":643,\"caption\":\"meteomara\"},\"logo\":{\"@id\":\"https:\/\/www.wetter-center.de\/blog\/#\/schema\/person\/image\/\"},\"sameAs\":[\"https:\/\/www.facebook.com\/WetterUndKlima\",\"https:\/\/www.instagram.com\/wettercenterde\/\",\"https:\/\/x.com\/https:\/\/twitter.com\/meteomara\"],\"url\":\"https:\/\/www.wetter-center.de\/blog\/author\/meteomara\/\"}]}<\/script>\n<!-- \/ Yoast SEO plugin. -->","yoast_head_json":{"title":"Waldbr\u00e4nde in Chile - Wetter-Center.de","robots":{"index":"index","follow":"follow","max-snippet":"max-snippet:-1","max-image-preview":"max-image-preview:large","max-video-preview":"max-video-preview:-1"},"canonical":"https:\/\/www.wetter-center.de\/blog\/waldbraende-in-chile\/","og_locale":"de_DE","og_type":"article","og_title":"Waldbr\u00e4nde in Chile - Wetter-Center.de","og_description":"Im Januar 2017 haben verheerende Waldbr\u00e4nde\u00a0in mehreren Regionen von Chiles betr\u00e4chtliche Verw\u00fcstungen angerichtet. Die Br\u00e4nde wurden durch\u00a0starke Winde, hohe Temperaturen und eine D\u00fcrreperiode beg\u00fcnstigt. In dem Zeitraum vom 1. Juli 2016 bis zum 2.&#46;&#46;&#46;","og_url":"https:\/\/www.wetter-center.de\/blog\/waldbraende-in-chile\/","og_site_name":"Wetter-Center.de","article_publisher":"https:\/\/www.facebook.com\/WetterUndKlima","article_author":"https:\/\/www.facebook.com\/WetterUndKlima","article_published_time":"2017-02-05T18:46:22+00:00","article_modified_time":"2017-02-05T18:52:46+00:00","og_image":[{"width":720,"height":720,"url":"https:\/\/www.wetter-center.de\/blog\/wp-content\/uploads\/2017\/02\/chile_oli_2017024_lrg.jpg","type":"image\/jpeg"}],"author":"meteomara","twitter_card":"summary_large_image","twitter_creator":"@https:\/\/twitter.com\/meteomara","twitter_site":"@meteomara","twitter_misc":{"Geschrieben von":"meteomara","Gesch\u00e4tzte Lesezeit":"1\u00a0Minute"},"schema":{"@context":"https:\/\/schema.org","@graph":[{"@type":"Article","@id":"https:\/\/www.wetter-center.de\/blog\/waldbraende-in-chile\/#article","isPartOf":{"@id":"https:\/\/www.wetter-center.de\/blog\/waldbraende-in-chile\/"},"author":{"name":"meteomara","@id":"https:\/\/www.wetter-center.de\/blog\/#\/schema\/person\/6c69612ad4763a699cd157cfbbfa6667"},"headline":"Waldbr\u00e4nde in Chile","datePublished":"2017-02-05T18:46:22+00:00","dateModified":"2017-02-05T18:52:46+00:00","mainEntityOfPage":{"@id":"https:\/\/www.wetter-center.de\/blog\/waldbraende-in-chile\/"},"wordCount":278,"commentCount":2,"publisher":{"@id":"https:\/\/www.wetter-center.de\/blog\/#\/schema\/person\/6c69612ad4763a699cd157cfbbfa6667"},"image":{"@id":"https:\/\/www.wetter-center.de\/blog\/waldbraende-in-chile\/#primaryimage"},"thumbnailUrl":"https:\/\/www.wetter-center.de\/blog\/wp-content\/uploads\/2017\/02\/chile_oli_2017024_lrg.jpg","keywords":["Chile","Satellit","Waldbrand"],"articleSection":["Unwetter"],"inLanguage":"de","potentialAction":[{"@type":"CommentAction","name":"Comment","target":["https:\/\/www.wetter-center.de\/blog\/waldbraende-in-chile\/#respond"]}]},{"@type":"WebPage","@id":"https:\/\/www.wetter-center.de\/blog\/waldbraende-in-chile\/","url":"https:\/\/www.wetter-center.de\/blog\/waldbraende-in-chile\/","name":"Waldbr\u00e4nde in Chile - Wetter-Center.de","isPartOf":{"@id":"https:\/\/www.wetter-center.de\/blog\/#website"},"primaryImageOfPage":{"@id":"https:\/\/www.wetter-center.de\/blog\/waldbraende-in-chile\/#primaryimage"},"image":{"@id":"https:\/\/www.wetter-center.de\/blog\/waldbraende-in-chile\/#primaryimage"},"thumbnailUrl":"https:\/\/www.wetter-center.de\/blog\/wp-content\/uploads\/2017\/02\/chile_oli_2017024_lrg.jpg","datePublished":"2017-02-05T18:46:22+00:00","dateModified":"2017-02-05T18:52:46+00:00","breadcrumb":{"@id":"https:\/\/www.wetter-center.de\/blog\/waldbraende-in-chile\/#breadcrumb"},"inLanguage":"de","potentialAction":[{"@type":"ReadAction","target":["https:\/\/www.wetter-center.de\/blog\/waldbraende-in-chile\/"]}]},{"@type":"ImageObject","inLanguage":"de","@id":"https:\/\/www.wetter-center.de\/blog\/waldbraende-in-chile\/#primaryimage","url":"https:\/\/www.wetter-center.de\/blog\/wp-content\/uploads\/2017\/02\/chile_oli_2017024_lrg.jpg","contentUrl":"https:\/\/www.wetter-center.de\/blog\/wp-content\/uploads\/2017\/02\/chile_oli_2017024_lrg.jpg","width":720,"height":720},{"@type":"BreadcrumbList","@id":"https:\/\/www.wetter-center.de\/blog\/waldbraende-in-chile\/#breadcrumb","itemListElement":[{"@type":"ListItem","position":1,"name":"Startseite","item":"https:\/\/www.wetter-center.de\/blog\/"},{"@type":"ListItem","position":2,"name":"Waldbr\u00e4nde in Chile"}]},{"@type":"WebSite","@id":"https:\/\/www.wetter-center.de\/blog\/#website","url":"https:\/\/www.wetter-center.de\/blog\/","name":"Wetter-Center.de","description":"","publisher":{"@id":"https:\/\/www.wetter-center.de\/blog\/#\/schema\/person\/6c69612ad4763a699cd157cfbbfa6667"},"potentialAction":[{"@type":"SearchAction","target":{"@type":"EntryPoint","urlTemplate":"https:\/\/www.wetter-center.de\/blog\/?s={search_term_string}"},"query-input":{"@type":"PropertyValueSpecification","valueRequired":true,"valueName":"search_term_string"}}],"inLanguage":"de"},{"@type":["Person","Organization"],"@id":"https:\/\/www.wetter-center.de\/blog\/#\/schema\/person\/6c69612ad4763a699cd157cfbbfa6667","name":"meteomara","image":{"@type":"ImageObject","inLanguage":"de","@id":"https:\/\/www.wetter-center.de\/blog\/#\/schema\/person\/image\/","url":"https:\/\/www.wetter-center.de\/blog\/wp-content\/uploads\/2022\/08\/sky-1551171_1280.jpg","contentUrl":"https:\/\/www.wetter-center.de\/blog\/wp-content\/uploads\/2022\/08\/sky-1551171_1280.jpg","width":1280,"height":643,"caption":"meteomara"},"logo":{"@id":"https:\/\/www.wetter-center.de\/blog\/#\/schema\/person\/image\/"},"sameAs":["https:\/\/www.facebook.com\/WetterUndKlima","https:\/\/www.instagram.com\/wettercenterde\/","https:\/\/x.com\/https:\/\/twitter.com\/meteomara"],"url":"https:\/\/www.wetter-center.de\/blog\/author\/meteomara\/"}]}},"amp_enabled":true,"_links":{"self":[{"href":"https:\/\/www.wetter-center.de\/blog\/wp-json\/wp\/v2\/posts\/1781","targetHints":{"allow":["GET"]}}],"collection":[{"href":"https:\/\/www.wetter-center.de\/blog\/wp-json\/wp\/v2\/posts"}],"about":[{"href":"https:\/\/www.wetter-center.de\/blog\/wp-json\/wp\/v2\/types\/post"}],"author":[{"embeddable":true,"href":"https:\/\/www.wetter-center.de\/blog\/wp-json\/wp\/v2\/users\/1"}],"replies":[{"embeddable":true,"href":"https:\/\/www.wetter-center.de\/blog\/wp-json\/wp\/v2\/comments?post=1781"}],"version-history":[{"count":0,"href":"https:\/\/www.wetter-center.de\/blog\/wp-json\/wp\/v2\/posts\/1781\/revisions"}],"wp:featuredmedia":[{"embeddable":true,"href":"https:\/\/www.wetter-center.de\/blog\/wp-json\/wp\/v2\/media\/1782"}],"wp:attachment":[{"href":"https:\/\/www.wetter-center.de\/blog\/wp-json\/wp\/v2\/media?parent=1781"}],"wp:term":[{"taxonomy":"category","embeddable":true,"href":"https:\/\/www.wetter-center.de\/blog\/wp-json\/wp\/v2\/categories?post=1781"},{"taxonomy":"post_tag","embeddable":true,"href":"https:\/\/www.wetter-center.de\/blog\/wp-json\/wp\/v2\/tags?post=1781"}],"curies":[{"name":"wp","href":"https:\/\/api.w.org\/{rel}","templated":true}]}}