{"id":1731,"date":"2016-12-04T22:33:20","date_gmt":"2016-12-04T21:33:20","guid":{"rendered":"http:\/\/www.wetter-center.de\/blog\/?p=1731"},"modified":"2016-12-04T22:33:20","modified_gmt":"2016-12-04T21:33:20","slug":"ende-von-el-nino-laesst-globale-temperaturen-fallen","status":"publish","type":"post","link":"https:\/\/www.wetter-center.de\/blog\/ende-von-el-nino-laesst-globale-temperaturen-fallen\/","title":{"rendered":"Ende von El Nino l\u00e4sst globale Temperaturen fallen"},"content":{"rendered":"<p>Nachdem die Meeresoberfl\u00e4chen-Temperaturen im tropischen Pazifik auf das Normalniveau zur\u00fcckgegangen sind, hat sich auch die global gemittelte\u00a0Temperatur der Atmosph\u00e4re wieder normalisiert. Das zeigen unter anderem die aktuellen, aus Satellitenmessungen\u00a0gewonnenen Daten.<\/p>\n<p>Die folgende Abbildung zeigt die <strong>Anomalie der Temperaturen der unteren Troposph\u00e4re<\/strong> (bis ca. 9\u00a0km H\u00f6he) bezogen auf die Normalwerte 1978-98\u00a0 zwischen 70\u00b0 s\u00fcdlicher und 82,5\u00b0 n\u00f6rdlicher Breite von Januar 1979 bis November 2016 (Quelle:\u00a0<a href=\"http:\/\/images.remss.com\/msu\/msu_time_series.html\" target=\"_blank\">remss.com<\/a>, klicken Sie auf das Bild f\u00fcr eine gr\u00f6\u00dfere Version):<\/p>\n<p><a href=\"http:\/\/www.wetter-center.de\/blog\/wp-content\/uploads\/2016\/12\/rss-tlt-global-temperature.png\" data-rel=\"lightbox-image-0\" data-rl_title=\"\" data-rl_caption=\"\" title=\"\"><img loading=\"lazy\" decoding=\"async\" class=\"alignnone wp-image-1732\" src=\"http:\/\/www.wetter-center.de\/blog\/wp-content\/uploads\/2016\/12\/rss-tlt-global-temperature.png\" alt=\"RSS Globale Temperature 1979-2016\" width=\"510\" height=\"270\" srcset=\"https:\/\/www.wetter-center.de\/blog\/wp-content\/uploads\/2016\/12\/rss-tlt-global-temperature.png 1240w, https:\/\/www.wetter-center.de\/blog\/wp-content\/uploads\/2016\/12\/rss-tlt-global-temperature-600x318.png 600w, https:\/\/www.wetter-center.de\/blog\/wp-content\/uploads\/2016\/12\/rss-tlt-global-temperature-300x159.png 300w, https:\/\/www.wetter-center.de\/blog\/wp-content\/uploads\/2016\/12\/rss-tlt-global-temperature-768x407.png 768w, https:\/\/www.wetter-center.de\/blog\/wp-content\/uploads\/2016\/12\/rss-tlt-global-temperature-1024x543.png 1024w\" sizes=\"auto, (max-width: 510px) 100vw, 510px\" \/><\/a><\/p>\n<p>Deutlich zu erkennen sind hier die zwei starken <strong><a href=\"http:\/\/www.wetter-center.de\/blog\/?p=1343\" target=\"_blank\">El-Ni\u00f1o<\/a>-Ereignisse<\/strong> 1998\/99 und 2016, die einen pl\u00f6tzlichen Anstieg der globalen Temperaturen der unteren Troposph\u00e4re um etwa 0.7 Grad bewirkt haben. Ebenso schnell fiel die Temperatur danach wieder auf das Niveau vor dem El Ni\u00f1o. Auch das schw\u00e4chere El-Ni\u00f1o-Ereignis von 2009\/10 ist in dieser Grafik wieder zu erkennen.<\/p>\n<p>Diese Daten zeigen beeindruckend, welchen Einfluss der <strong>tropische Pazifik<\/strong> und die mit ihm\u00a0verbundenen <a href=\"http:\/\/www.wetter-center.de\/blog\/?p=1617\" target=\"_blank\">Meeresstr\u00f6mungen<\/a> auf die globalen Temperaturen haben.\u00a0Innerhalb nur weniger Monate\u00a0wirkt sich eine \u00c4nderung der Meerestemperaturen auch auf die Temperaturen der globalen Atmosph\u00e4re aus.<\/p>\n<p>Die Temperaturen im tropischen Pazifik lagen\u00a0Ende\u00a02015 etwa <strong>3 Grad \u00fcber den Normalwerten<\/strong>. Dies f\u00fchrte zu einem Anstieg der globalen Temperaturen der unteren Troposph\u00e4re um etwa <strong>0,7 Grad im<\/strong> Zeitraum\u00a0September 2015 bis Februar\u00a02016. Ein starkes El-Ni\u00f1o-Ereignis wird h\u00e4ufig von einem La-Ni\u00f1a-Ereignis gefolgt. Das hei\u00dft, die Meerestemperaturen im tropischen Pazifik fallen dann unter die Normalwerte. Auch dies hat globale Auswirkungen.<\/p>\n<p>Man darf gespannt sein, wie weit die\u00a0globale Temperatur in den n\u00e4chsten Monaten\u00a0zur\u00fcckgehen wird und ob demn\u00e4chst das Niveau von 2013 oder 2012 wieder erreicht wird.<\/p>\n","protected":false},"excerpt":{"rendered":"<p>Nachdem die Meeresoberfl\u00e4chen-Temperaturen im tropischen Pazifik auf das Normalniveau zur\u00fcckgegangen sind, hat sich auch die global gemittelte\u00a0Temperatur der Atmosph\u00e4re wieder normalisiert. Das zeigen unter anderem die aktuellen, aus Satellitenmessungen\u00a0gewonnenen Daten. Die folgende Abbildung zeigt&#46;&#46;&#46;<\/p>\n","protected":false},"author":1,"featured_media":1732,"comment_status":"open","ping_status":"open","sticky":false,"template":"","format":"standard","meta":{"footnotes":""},"categories":[4],"tags":[14,26,97,12],"class_list":["post-1731","post","type-post","status-publish","format-standard","has-post-thumbnail","hentry","category-klimawandel","tag-el-nino","tag-globale-erwaermung","tag-klimawandel","tag-pazifik"],"yoast_head":"<!-- This site is optimized with the Yoast SEO plugin v25.5 - https:\/\/yoast.com\/wordpress\/plugins\/seo\/ -->\n<title>Ende von El Nino l\u00e4sst globale Temperaturen fallen - Wetter-Center.de<\/title>\n<meta name=\"robots\" content=\"index, follow, max-snippet:-1, max-image-preview:large, max-video-preview:-1\" \/>\n<link rel=\"canonical\" href=\"https:\/\/www.wetter-center.de\/blog\/ende-von-el-nino-laesst-globale-temperaturen-fallen\/\" \/>\n<meta property=\"og:locale\" content=\"de_DE\" \/>\n<meta property=\"og:type\" content=\"article\" \/>\n<meta property=\"og:title\" content=\"Ende von El Nino l\u00e4sst globale Temperaturen fallen - Wetter-Center.de\" \/>\n<meta property=\"og:description\" content=\"Nachdem die Meeresoberfl\u00e4chen-Temperaturen im tropischen Pazifik auf das Normalniveau zur\u00fcckgegangen sind, hat sich auch die global gemittelte\u00a0Temperatur der Atmosph\u00e4re wieder normalisiert. Das zeigen unter anderem die aktuellen, aus Satellitenmessungen\u00a0gewonnenen Daten. Die folgende Abbildung zeigt&#046;&#046;&#046;\" \/>\n<meta property=\"og:url\" content=\"https:\/\/www.wetter-center.de\/blog\/ende-von-el-nino-laesst-globale-temperaturen-fallen\/\" \/>\n<meta property=\"og:site_name\" content=\"Wetter-Center.de\" \/>\n<meta property=\"article:publisher\" content=\"https:\/\/www.facebook.com\/WetterUndKlima\" \/>\n<meta property=\"article:author\" content=\"https:\/\/www.facebook.com\/WetterUndKlima\" \/>\n<meta property=\"article:published_time\" content=\"2016-12-04T21:33:20+00:00\" \/>\n<meta property=\"og:image\" content=\"https:\/\/www.wetter-center.de\/blog\/wp-content\/uploads\/2016\/12\/rss-tlt-global-temperature.png\" \/>\n\t<meta property=\"og:image:width\" content=\"1240\" \/>\n\t<meta property=\"og:image:height\" content=\"657\" \/>\n\t<meta property=\"og:image:type\" content=\"image\/png\" \/>\n<meta name=\"author\" content=\"meteomara\" \/>\n<meta name=\"twitter:card\" content=\"summary_large_image\" \/>\n<meta name=\"twitter:creator\" content=\"@https:\/\/twitter.com\/meteomara\" \/>\n<meta name=\"twitter:site\" content=\"@meteomara\" \/>\n<meta name=\"twitter:label1\" content=\"Geschrieben von\" \/>\n\t<meta name=\"twitter:data1\" content=\"meteomara\" \/>\n\t<meta name=\"twitter:label2\" content=\"Gesch\u00e4tzte Lesezeit\" \/>\n\t<meta name=\"twitter:data2\" content=\"1\u00a0Minute\" \/>\n<script type=\"application\/ld+json\" class=\"yoast-schema-graph\">{\"@context\":\"https:\/\/schema.org\",\"@graph\":[{\"@type\":\"Article\",\"@id\":\"https:\/\/www.wetter-center.de\/blog\/ende-von-el-nino-laesst-globale-temperaturen-fallen\/#article\",\"isPartOf\":{\"@id\":\"https:\/\/www.wetter-center.de\/blog\/ende-von-el-nino-laesst-globale-temperaturen-fallen\/\"},\"author\":{\"name\":\"meteomara\",\"@id\":\"https:\/\/www.wetter-center.de\/blog\/#\/schema\/person\/6c69612ad4763a699cd157cfbbfa6667\"},\"headline\":\"Ende von El Nino l\u00e4sst globale Temperaturen fallen\",\"datePublished\":\"2016-12-04T21:33:20+00:00\",\"mainEntityOfPage\":{\"@id\":\"https:\/\/www.wetter-center.de\/blog\/ende-von-el-nino-laesst-globale-temperaturen-fallen\/\"},\"wordCount\":279,\"commentCount\":5,\"publisher\":{\"@id\":\"https:\/\/www.wetter-center.de\/blog\/#\/schema\/person\/6c69612ad4763a699cd157cfbbfa6667\"},\"image\":{\"@id\":\"https:\/\/www.wetter-center.de\/blog\/ende-von-el-nino-laesst-globale-temperaturen-fallen\/#primaryimage\"},\"thumbnailUrl\":\"https:\/\/www.wetter-center.de\/blog\/wp-content\/uploads\/2016\/12\/rss-tlt-global-temperature.png\",\"keywords\":[\"El Nino\",\"Globale Erw\u00e4rmung\",\"Klimawandel\",\"Pazifik\"],\"articleSection\":[\"Klimawandel\"],\"inLanguage\":\"de\",\"potentialAction\":[{\"@type\":\"CommentAction\",\"name\":\"Comment\",\"target\":[\"https:\/\/www.wetter-center.de\/blog\/ende-von-el-nino-laesst-globale-temperaturen-fallen\/#respond\"]}]},{\"@type\":\"WebPage\",\"@id\":\"https:\/\/www.wetter-center.de\/blog\/ende-von-el-nino-laesst-globale-temperaturen-fallen\/\",\"url\":\"https:\/\/www.wetter-center.de\/blog\/ende-von-el-nino-laesst-globale-temperaturen-fallen\/\",\"name\":\"Ende von El Nino l\u00e4sst globale Temperaturen fallen - Wetter-Center.de\",\"isPartOf\":{\"@id\":\"https:\/\/www.wetter-center.de\/blog\/#website\"},\"primaryImageOfPage\":{\"@id\":\"https:\/\/www.wetter-center.de\/blog\/ende-von-el-nino-laesst-globale-temperaturen-fallen\/#primaryimage\"},\"image\":{\"@id\":\"https:\/\/www.wetter-center.de\/blog\/ende-von-el-nino-laesst-globale-temperaturen-fallen\/#primaryimage\"},\"thumbnailUrl\":\"https:\/\/www.wetter-center.de\/blog\/wp-content\/uploads\/2016\/12\/rss-tlt-global-temperature.png\",\"datePublished\":\"2016-12-04T21:33:20+00:00\",\"breadcrumb\":{\"@id\":\"https:\/\/www.wetter-center.de\/blog\/ende-von-el-nino-laesst-globale-temperaturen-fallen\/#breadcrumb\"},\"inLanguage\":\"de\",\"potentialAction\":[{\"@type\":\"ReadAction\",\"target\":[\"https:\/\/www.wetter-center.de\/blog\/ende-von-el-nino-laesst-globale-temperaturen-fallen\/\"]}]},{\"@type\":\"ImageObject\",\"inLanguage\":\"de\",\"@id\":\"https:\/\/www.wetter-center.de\/blog\/ende-von-el-nino-laesst-globale-temperaturen-fallen\/#primaryimage\",\"url\":\"https:\/\/www.wetter-center.de\/blog\/wp-content\/uploads\/2016\/12\/rss-tlt-global-temperature.png\",\"contentUrl\":\"https:\/\/www.wetter-center.de\/blog\/wp-content\/uploads\/2016\/12\/rss-tlt-global-temperature.png\",\"width\":1240,\"height\":657},{\"@type\":\"BreadcrumbList\",\"@id\":\"https:\/\/www.wetter-center.de\/blog\/ende-von-el-nino-laesst-globale-temperaturen-fallen\/#breadcrumb\",\"itemListElement\":[{\"@type\":\"ListItem\",\"position\":1,\"name\":\"Startseite\",\"item\":\"https:\/\/www.wetter-center.de\/blog\/\"},{\"@type\":\"ListItem\",\"position\":2,\"name\":\"Ende von El Nino l\u00e4sst globale Temperaturen fallen\"}]},{\"@type\":\"WebSite\",\"@id\":\"https:\/\/www.wetter-center.de\/blog\/#website\",\"url\":\"https:\/\/www.wetter-center.de\/blog\/\",\"name\":\"Wetter-Center.de\",\"description\":\"\",\"publisher\":{\"@id\":\"https:\/\/www.wetter-center.de\/blog\/#\/schema\/person\/6c69612ad4763a699cd157cfbbfa6667\"},\"potentialAction\":[{\"@type\":\"SearchAction\",\"target\":{\"@type\":\"EntryPoint\",\"urlTemplate\":\"https:\/\/www.wetter-center.de\/blog\/?s={search_term_string}\"},\"query-input\":{\"@type\":\"PropertyValueSpecification\",\"valueRequired\":true,\"valueName\":\"search_term_string\"}}],\"inLanguage\":\"de\"},{\"@type\":[\"Person\",\"Organization\"],\"@id\":\"https:\/\/www.wetter-center.de\/blog\/#\/schema\/person\/6c69612ad4763a699cd157cfbbfa6667\",\"name\":\"meteomara\",\"image\":{\"@type\":\"ImageObject\",\"inLanguage\":\"de\",\"@id\":\"https:\/\/www.wetter-center.de\/blog\/#\/schema\/person\/image\/\",\"url\":\"https:\/\/www.wetter-center.de\/blog\/wp-content\/uploads\/2022\/08\/sky-1551171_1280.jpg\",\"contentUrl\":\"https:\/\/www.wetter-center.de\/blog\/wp-content\/uploads\/2022\/08\/sky-1551171_1280.jpg\",\"width\":1280,\"height\":643,\"caption\":\"meteomara\"},\"logo\":{\"@id\":\"https:\/\/www.wetter-center.de\/blog\/#\/schema\/person\/image\/\"},\"sameAs\":[\"https:\/\/www.facebook.com\/WetterUndKlima\",\"https:\/\/www.instagram.com\/wettercenterde\/\",\"https:\/\/x.com\/https:\/\/twitter.com\/meteomara\"],\"url\":\"https:\/\/www.wetter-center.de\/blog\/author\/meteomara\/\"}]}<\/script>\n<!-- \/ Yoast SEO plugin. -->","yoast_head_json":{"title":"Ende von El Nino l\u00e4sst globale Temperaturen fallen - Wetter-Center.de","robots":{"index":"index","follow":"follow","max-snippet":"max-snippet:-1","max-image-preview":"max-image-preview:large","max-video-preview":"max-video-preview:-1"},"canonical":"https:\/\/www.wetter-center.de\/blog\/ende-von-el-nino-laesst-globale-temperaturen-fallen\/","og_locale":"de_DE","og_type":"article","og_title":"Ende von El Nino l\u00e4sst globale Temperaturen fallen - Wetter-Center.de","og_description":"Nachdem die Meeresoberfl\u00e4chen-Temperaturen im tropischen Pazifik auf das Normalniveau zur\u00fcckgegangen sind, hat sich auch die global gemittelte\u00a0Temperatur der Atmosph\u00e4re wieder normalisiert. Das zeigen unter anderem die aktuellen, aus Satellitenmessungen\u00a0gewonnenen Daten. Die folgende Abbildung zeigt&#46;&#46;&#46;","og_url":"https:\/\/www.wetter-center.de\/blog\/ende-von-el-nino-laesst-globale-temperaturen-fallen\/","og_site_name":"Wetter-Center.de","article_publisher":"https:\/\/www.facebook.com\/WetterUndKlima","article_author":"https:\/\/www.facebook.com\/WetterUndKlima","article_published_time":"2016-12-04T21:33:20+00:00","og_image":[{"width":1240,"height":657,"url":"https:\/\/www.wetter-center.de\/blog\/wp-content\/uploads\/2016\/12\/rss-tlt-global-temperature.png","type":"image\/png"}],"author":"meteomara","twitter_card":"summary_large_image","twitter_creator":"@https:\/\/twitter.com\/meteomara","twitter_site":"@meteomara","twitter_misc":{"Geschrieben von":"meteomara","Gesch\u00e4tzte Lesezeit":"1\u00a0Minute"},"schema":{"@context":"https:\/\/schema.org","@graph":[{"@type":"Article","@id":"https:\/\/www.wetter-center.de\/blog\/ende-von-el-nino-laesst-globale-temperaturen-fallen\/#article","isPartOf":{"@id":"https:\/\/www.wetter-center.de\/blog\/ende-von-el-nino-laesst-globale-temperaturen-fallen\/"},"author":{"name":"meteomara","@id":"https:\/\/www.wetter-center.de\/blog\/#\/schema\/person\/6c69612ad4763a699cd157cfbbfa6667"},"headline":"Ende von El Nino l\u00e4sst globale Temperaturen fallen","datePublished":"2016-12-04T21:33:20+00:00","mainEntityOfPage":{"@id":"https:\/\/www.wetter-center.de\/blog\/ende-von-el-nino-laesst-globale-temperaturen-fallen\/"},"wordCount":279,"commentCount":5,"publisher":{"@id":"https:\/\/www.wetter-center.de\/blog\/#\/schema\/person\/6c69612ad4763a699cd157cfbbfa6667"},"image":{"@id":"https:\/\/www.wetter-center.de\/blog\/ende-von-el-nino-laesst-globale-temperaturen-fallen\/#primaryimage"},"thumbnailUrl":"https:\/\/www.wetter-center.de\/blog\/wp-content\/uploads\/2016\/12\/rss-tlt-global-temperature.png","keywords":["El Nino","Globale Erw\u00e4rmung","Klimawandel","Pazifik"],"articleSection":["Klimawandel"],"inLanguage":"de","potentialAction":[{"@type":"CommentAction","name":"Comment","target":["https:\/\/www.wetter-center.de\/blog\/ende-von-el-nino-laesst-globale-temperaturen-fallen\/#respond"]}]},{"@type":"WebPage","@id":"https:\/\/www.wetter-center.de\/blog\/ende-von-el-nino-laesst-globale-temperaturen-fallen\/","url":"https:\/\/www.wetter-center.de\/blog\/ende-von-el-nino-laesst-globale-temperaturen-fallen\/","name":"Ende von El Nino l\u00e4sst globale Temperaturen fallen - Wetter-Center.de","isPartOf":{"@id":"https:\/\/www.wetter-center.de\/blog\/#website"},"primaryImageOfPage":{"@id":"https:\/\/www.wetter-center.de\/blog\/ende-von-el-nino-laesst-globale-temperaturen-fallen\/#primaryimage"},"image":{"@id":"https:\/\/www.wetter-center.de\/blog\/ende-von-el-nino-laesst-globale-temperaturen-fallen\/#primaryimage"},"thumbnailUrl":"https:\/\/www.wetter-center.de\/blog\/wp-content\/uploads\/2016\/12\/rss-tlt-global-temperature.png","datePublished":"2016-12-04T21:33:20+00:00","breadcrumb":{"@id":"https:\/\/www.wetter-center.de\/blog\/ende-von-el-nino-laesst-globale-temperaturen-fallen\/#breadcrumb"},"inLanguage":"de","potentialAction":[{"@type":"ReadAction","target":["https:\/\/www.wetter-center.de\/blog\/ende-von-el-nino-laesst-globale-temperaturen-fallen\/"]}]},{"@type":"ImageObject","inLanguage":"de","@id":"https:\/\/www.wetter-center.de\/blog\/ende-von-el-nino-laesst-globale-temperaturen-fallen\/#primaryimage","url":"https:\/\/www.wetter-center.de\/blog\/wp-content\/uploads\/2016\/12\/rss-tlt-global-temperature.png","contentUrl":"https:\/\/www.wetter-center.de\/blog\/wp-content\/uploads\/2016\/12\/rss-tlt-global-temperature.png","width":1240,"height":657},{"@type":"BreadcrumbList","@id":"https:\/\/www.wetter-center.de\/blog\/ende-von-el-nino-laesst-globale-temperaturen-fallen\/#breadcrumb","itemListElement":[{"@type":"ListItem","position":1,"name":"Startseite","item":"https:\/\/www.wetter-center.de\/blog\/"},{"@type":"ListItem","position":2,"name":"Ende von El Nino l\u00e4sst globale Temperaturen fallen"}]},{"@type":"WebSite","@id":"https:\/\/www.wetter-center.de\/blog\/#website","url":"https:\/\/www.wetter-center.de\/blog\/","name":"Wetter-Center.de","description":"","publisher":{"@id":"https:\/\/www.wetter-center.de\/blog\/#\/schema\/person\/6c69612ad4763a699cd157cfbbfa6667"},"potentialAction":[{"@type":"SearchAction","target":{"@type":"EntryPoint","urlTemplate":"https:\/\/www.wetter-center.de\/blog\/?s={search_term_string}"},"query-input":{"@type":"PropertyValueSpecification","valueRequired":true,"valueName":"search_term_string"}}],"inLanguage":"de"},{"@type":["Person","Organization"],"@id":"https:\/\/www.wetter-center.de\/blog\/#\/schema\/person\/6c69612ad4763a699cd157cfbbfa6667","name":"meteomara","image":{"@type":"ImageObject","inLanguage":"de","@id":"https:\/\/www.wetter-center.de\/blog\/#\/schema\/person\/image\/","url":"https:\/\/www.wetter-center.de\/blog\/wp-content\/uploads\/2022\/08\/sky-1551171_1280.jpg","contentUrl":"https:\/\/www.wetter-center.de\/blog\/wp-content\/uploads\/2022\/08\/sky-1551171_1280.jpg","width":1280,"height":643,"caption":"meteomara"},"logo":{"@id":"https:\/\/www.wetter-center.de\/blog\/#\/schema\/person\/image\/"},"sameAs":["https:\/\/www.facebook.com\/WetterUndKlima","https:\/\/www.instagram.com\/wettercenterde\/","https:\/\/x.com\/https:\/\/twitter.com\/meteomara"],"url":"https:\/\/www.wetter-center.de\/blog\/author\/meteomara\/"}]}},"amp_enabled":true,"_links":{"self":[{"href":"https:\/\/www.wetter-center.de\/blog\/wp-json\/wp\/v2\/posts\/1731","targetHints":{"allow":["GET"]}}],"collection":[{"href":"https:\/\/www.wetter-center.de\/blog\/wp-json\/wp\/v2\/posts"}],"about":[{"href":"https:\/\/www.wetter-center.de\/blog\/wp-json\/wp\/v2\/types\/post"}],"author":[{"embeddable":true,"href":"https:\/\/www.wetter-center.de\/blog\/wp-json\/wp\/v2\/users\/1"}],"replies":[{"embeddable":true,"href":"https:\/\/www.wetter-center.de\/blog\/wp-json\/wp\/v2\/comments?post=1731"}],"version-history":[{"count":0,"href":"https:\/\/www.wetter-center.de\/blog\/wp-json\/wp\/v2\/posts\/1731\/revisions"}],"wp:featuredmedia":[{"embeddable":true,"href":"https:\/\/www.wetter-center.de\/blog\/wp-json\/wp\/v2\/media\/1732"}],"wp:attachment":[{"href":"https:\/\/www.wetter-center.de\/blog\/wp-json\/wp\/v2\/media?parent=1731"}],"wp:term":[{"taxonomy":"category","embeddable":true,"href":"https:\/\/www.wetter-center.de\/blog\/wp-json\/wp\/v2\/categories?post=1731"},{"taxonomy":"post_tag","embeddable":true,"href":"https:\/\/www.wetter-center.de\/blog\/wp-json\/wp\/v2\/tags?post=1731"}],"curies":[{"name":"wp","href":"https:\/\/api.w.org\/{rel}","templated":true}]}}