{"id":16851,"date":"2025-10-31T17:57:42","date_gmt":"2025-10-31T16:57:42","guid":{"rendered":"https:\/\/www.wetter-center.de\/blog\/?p=16851"},"modified":"2025-10-31T17:57:44","modified_gmt":"2025-10-31T16:57:44","slug":"wir-die-superreichen-das-klima-zerstoeren","status":"publish","type":"post","link":"https:\/\/www.wetter-center.de\/blog\/wir-die-superreichen-das-klima-zerstoeren\/","title":{"rendered":"Wir die Superreichen das Klima zerst\u00f6ren"},"content":{"rendered":"\n<p>Der <a href=\"https:\/\/www.theguardian.com\/environment\/2025\/oct\/29\/americas-super-rich-running-down-planet-safe-climate-spaces-oxfam\" target=\"_blank\" rel=\"noreferrer noopener\">Guardian berichtet<\/a>, wie ein winziger Teil der US-Bev\u00f6lkerung \u2013 insbesondere die reichsten 0,1% \u2013 auf extrem unverh\u00e4ltnism\u00e4\u00dfige Weise zu Treibhausgas-Emissionen beitragen und damit die Klimakrise befeuern. <\/p>\n\n\n\n<p>Analyseergebnisse von Oxfam und dem Stockholm Environment Institute verdeutlichen, dass die Emissionen der superreichen Amerikaner im Vergleich zu den \u00e4rmsten L\u00e4ndern astronomisch hoch sind: Die reichsten 0,1 % der US-Bev\u00f6lkerung verursachen demnach <strong>t\u00e4glich im Schnitt etwa 2,2 Tonnen CO\u2082<\/strong> \u2013 eine Menge, die dem Gewicht eines Nashorns oder eines gro\u00dfen SUVs entspricht. <\/p>\n\n\n\n<p>Im Gegensatz dazu verursacht ein Mensch in Somalia rund 82 Gramm CO\u2082 pro Tag \u2013 etwa so viel wie eine halbe Tasse Reis. Der weltweite Durchschnitt liegt bei etwa <strong>12 kg CO\u2082 pro Tag<\/strong>.<\/p>\n\n\n\n<figure class=\"wp-block-gallery has-nested-images columns-default is-cropped wp-block-gallery-1 is-layout-flex wp-block-gallery-is-layout-flex\">\n<figure class=\"wp-block-image size-large\"><a href=\"https:\/\/www.wetter-center.de\/blog\/wp-content\/uploads\/2025\/10\/men-8917660_1280.jpg\" data-rel=\"lightbox-image-0\" data-rl_title=\"\" data-rl_caption=\"\" title=\"\"><img loading=\"lazy\" decoding=\"async\" width=\"1024\" height=\"512\" data-id=\"16852\" src=\"https:\/\/www.wetter-center.de\/blog\/wp-content\/uploads\/2025\/10\/men-8917660_1280-1024x512.jpg\" alt=\"\" class=\"wp-image-16852\" srcset=\"https:\/\/www.wetter-center.de\/blog\/wp-content\/uploads\/2025\/10\/men-8917660_1280-1024x512.jpg 1024w, https:\/\/www.wetter-center.de\/blog\/wp-content\/uploads\/2025\/10\/men-8917660_1280-300x150.jpg 300w, https:\/\/www.wetter-center.de\/blog\/wp-content\/uploads\/2025\/10\/men-8917660_1280-768x384.jpg 768w, https:\/\/www.wetter-center.de\/blog\/wp-content\/uploads\/2025\/10\/men-8917660_1280.jpg 1280w\" sizes=\"auto, (max-width: 1024px) 100vw, 1024px\" \/><\/a><\/figure>\n<\/figure>\n\n\n\n<h3 class=\"wp-block-heading\"><br>Ungleichheit bei Emissionen und Verantwortung<\/h3>\n\n\n\n<p>Die reichsten 0,1 % in den USA versto\u00dfen demnach gegen den globalen Durchschnitt in Bezug auf die Nutzung des verbleibenden CO\u2082-Budgets (\u201esafe climate space\u201c) um den Faktor <strong>183<\/strong>. Seit 1990 hat der Anteil der Emissionen, die auf die reichsten 0,1 % entfallen, um 32 % zugenommen, w\u00e4hrend der Anteil der \u00e4rmsten 50 % um 3 % gesunken ist. Oxfam bringt es auf den Punkt: \u201e<strong>Die Klimakrise ist eine Ungleichheitskrise<\/strong>.\u201c <\/p>\n\n\n\n<h3 class=\"wp-block-heading\">Investitionen, Lobbying und politischer Einfluss<\/h3>\n\n\n\n<p>Ein Gro\u00dfteil der Investments der Milliard\u00e4re \u2013 fast 60 % \u2013 flie\u00dft in Sektoren mit hohem Klima-Einfluss wie Bergbau oder \u00d6l- und Gasunternehmen. Das ist etwa 11 Prozentpunkte h\u00f6her als der Durchschnitt aller Investoren. Dar\u00fcber hinaus wird die dait verbundene politische Einflussnahme kritisch hervorgehoben: So geben Unternehmen im US-Konzernumfeld durchschnittlich 277.000 US-Dollar pro Jahr f\u00fcr Anti-Klima-Lobbying aus. <\/p>\n\n\n\n<p>Beim UN-Klimagipfel in Baku waren mehr als 1.700 Lobbyist:innen von Kohle-, \u00d6l- und Gasunternehmen vertreten \u2013 eine gr\u00f6\u00dfere Gruppe als die Delegation nahezu aller Staaten. Laut Oxfam finanzieren reiche Spender zunehmend auch rechtsextreme und rassistische Bewegungen, die dem Ziel \u201eNet Zero\u201c entgegenwirken. <\/p>\n\n\n\n<h3 class=\"wp-block-heading\">Folgen und Warnungen<\/h3>\n\n\n\n<p>Die Studie warnt, dass die Emissionen der reichsten 1 % weltweit bis zum Ende des Jahrhunderts voraussichtlich 1,3 Millionen hitzebedingte Todesf\u00e4lle verursachen k\u00f6nnten und wirtschaftliche Sch\u00e4den in H\u00f6he von 44 Billionen US-Dollar bei einkommensschw\u00e4cheren L\u00e4ndern bis 2050 entstehen werden. <\/p>\n\n\n\n<p>Seit dem Pariser Klimaschutzabkommen von 2015 haben die reichsten 1 % mehr als doppelt so viel des verbleibenden CO\u2082\u2013Budgets verbraucht wie die \u00e4rmere H\u00e4lfte der Menschheit zusammen. Der Bericht fordert daher dringende Ma\u00dfnahmen: Dazu geh\u00f6ren <strong>Steuern auf extreme Verm\u00f6gen<\/strong>, ein <strong>Verbot von Lobbying<\/strong> durch die Superreichen und eine st\u00e4rkere Einbindung der von der Klimakrise am meisten Betroffenen in Klimapolitik-Entscheidungen. <\/p>\n\n\n\n<h3 class=\"wp-block-heading\">Bedeutung<\/h3>\n\n\n\n<p>Die Studie zeichnet ein starkes Bild davon, wie Klimaschutz nicht nur eine Umwelt- bzw. technologische Herausforderung ist, sondern eng verkn\u00fcpft mit <strong>wirtschaftlicher und sozialer Ungleichheit<\/strong>. Er unterstreicht, dass diejenigen, die am meisten Verantwortung und Einfluss haben \u2013 die wirtschaftlich M\u00e4chtigen \u2013 gegenw\u00e4rtig ma\u00dfgeblich zu der \u00dcberschreitung \u00f6kologischer Grenzen beitragen. Gleichzeitig seien diejenigen, die am wenigsten zur Krise beigetragen haben, am st\u00e4rksten von deren Folgen betroffen.<\/p>\n","protected":false},"excerpt":{"rendered":"<p>Der Guardian berichtet, wie ein winziger Teil der US-Bev\u00f6lkerung \u2013 insbesondere die reichsten 0,1% \u2013 auf extrem unverh\u00e4ltnism\u00e4\u00dfige Weise zu Treibhausgas-Emissionen beitragen und damit die Klimakrise befeuern. Analyseergebnisse von Oxfam und dem Stockholm Environment&#46;&#46;&#46;<\/p>\n","protected":false},"author":1,"featured_media":16852,"comment_status":"open","ping_status":"open","sticky":false,"template":"","format":"standard","meta":{"footnotes":""},"categories":[4],"tags":[463,464],"class_list":["post-16851","post","type-post","status-publish","format-standard","has-post-thumbnail","hentry","category-klimawandel","tag-klimakrise","tag-ungleichheit"],"yoast_head":"<!-- This site is optimized with the Yoast SEO plugin v25.5 - https:\/\/yoast.com\/wordpress\/plugins\/seo\/ -->\n<title>Wir die Superreichen das Klima zerst\u00f6ren - Wetter-Center.de<\/title>\n<meta name=\"robots\" content=\"index, follow, max-snippet:-1, max-image-preview:large, max-video-preview:-1\" \/>\n<link rel=\"canonical\" href=\"https:\/\/www.wetter-center.de\/blog\/wir-die-superreichen-das-klima-zerstoeren\/\" \/>\n<meta property=\"og:locale\" content=\"de_DE\" \/>\n<meta property=\"og:type\" content=\"article\" \/>\n<meta property=\"og:title\" content=\"Wir die Superreichen das Klima zerst\u00f6ren - Wetter-Center.de\" \/>\n<meta property=\"og:description\" content=\"Der Guardian berichtet, wie ein winziger Teil der US-Bev\u00f6lkerung \u2013 insbesondere die reichsten 0,1% \u2013 auf extrem unverh\u00e4ltnism\u00e4\u00dfige Weise zu Treibhausgas-Emissionen beitragen und damit die Klimakrise befeuern. Analyseergebnisse von Oxfam und dem Stockholm Environment&#046;&#046;&#046;\" \/>\n<meta property=\"og:url\" content=\"https:\/\/www.wetter-center.de\/blog\/wir-die-superreichen-das-klima-zerstoeren\/\" \/>\n<meta property=\"og:site_name\" content=\"Wetter-Center.de\" \/>\n<meta property=\"article:publisher\" content=\"https:\/\/www.facebook.com\/WetterUndKlima\" \/>\n<meta property=\"article:author\" content=\"https:\/\/www.facebook.com\/WetterUndKlima\" \/>\n<meta property=\"article:published_time\" content=\"2025-10-31T16:57:42+00:00\" \/>\n<meta property=\"article:modified_time\" content=\"2025-10-31T16:57:44+00:00\" \/>\n<meta property=\"og:image\" content=\"https:\/\/www.wetter-center.de\/blog\/wp-content\/uploads\/2025\/10\/men-8917660_1280.jpg\" \/>\n\t<meta property=\"og:image:width\" content=\"1280\" \/>\n\t<meta property=\"og:image:height\" content=\"640\" \/>\n\t<meta property=\"og:image:type\" content=\"image\/jpeg\" \/>\n<meta name=\"author\" content=\"meteomara\" \/>\n<meta name=\"twitter:card\" content=\"summary_large_image\" \/>\n<meta name=\"twitter:creator\" content=\"@https:\/\/twitter.com\/meteomara\" \/>\n<meta name=\"twitter:site\" content=\"@meteomara\" \/>\n<meta name=\"twitter:label1\" content=\"Geschrieben von\" \/>\n\t<meta name=\"twitter:data1\" content=\"meteomara\" \/>\n\t<meta name=\"twitter:label2\" content=\"Gesch\u00e4tzte Lesezeit\" \/>\n\t<meta name=\"twitter:data2\" content=\"3\u00a0Minuten\" \/>\n<script type=\"application\/ld+json\" class=\"yoast-schema-graph\">{\"@context\":\"https:\/\/schema.org\",\"@graph\":[{\"@type\":\"Article\",\"@id\":\"https:\/\/www.wetter-center.de\/blog\/wir-die-superreichen-das-klima-zerstoeren\/#article\",\"isPartOf\":{\"@id\":\"https:\/\/www.wetter-center.de\/blog\/wir-die-superreichen-das-klima-zerstoeren\/\"},\"author\":{\"name\":\"meteomara\",\"@id\":\"https:\/\/www.wetter-center.de\/blog\/#\/schema\/person\/6c69612ad4763a699cd157cfbbfa6667\"},\"headline\":\"Wir die Superreichen das Klima zerst\u00f6ren\",\"datePublished\":\"2025-10-31T16:57:42+00:00\",\"dateModified\":\"2025-10-31T16:57:44+00:00\",\"mainEntityOfPage\":{\"@id\":\"https:\/\/www.wetter-center.de\/blog\/wir-die-superreichen-das-klima-zerstoeren\/\"},\"wordCount\":460,\"commentCount\":0,\"publisher\":{\"@id\":\"https:\/\/www.wetter-center.de\/blog\/#\/schema\/person\/6c69612ad4763a699cd157cfbbfa6667\"},\"image\":{\"@id\":\"https:\/\/www.wetter-center.de\/blog\/wir-die-superreichen-das-klima-zerstoeren\/#primaryimage\"},\"thumbnailUrl\":\"https:\/\/www.wetter-center.de\/blog\/wp-content\/uploads\/2025\/10\/men-8917660_1280.jpg\",\"keywords\":[\"Klimakrise\",\"Ungleichheit\"],\"articleSection\":[\"Klimawandel\"],\"inLanguage\":\"de\",\"potentialAction\":[{\"@type\":\"CommentAction\",\"name\":\"Comment\",\"target\":[\"https:\/\/www.wetter-center.de\/blog\/wir-die-superreichen-das-klima-zerstoeren\/#respond\"]}]},{\"@type\":\"WebPage\",\"@id\":\"https:\/\/www.wetter-center.de\/blog\/wir-die-superreichen-das-klima-zerstoeren\/\",\"url\":\"https:\/\/www.wetter-center.de\/blog\/wir-die-superreichen-das-klima-zerstoeren\/\",\"name\":\"Wir die Superreichen das Klima zerst\u00f6ren - Wetter-Center.de\",\"isPartOf\":{\"@id\":\"https:\/\/www.wetter-center.de\/blog\/#website\"},\"primaryImageOfPage\":{\"@id\":\"https:\/\/www.wetter-center.de\/blog\/wir-die-superreichen-das-klima-zerstoeren\/#primaryimage\"},\"image\":{\"@id\":\"https:\/\/www.wetter-center.de\/blog\/wir-die-superreichen-das-klima-zerstoeren\/#primaryimage\"},\"thumbnailUrl\":\"https:\/\/www.wetter-center.de\/blog\/wp-content\/uploads\/2025\/10\/men-8917660_1280.jpg\",\"datePublished\":\"2025-10-31T16:57:42+00:00\",\"dateModified\":\"2025-10-31T16:57:44+00:00\",\"breadcrumb\":{\"@id\":\"https:\/\/www.wetter-center.de\/blog\/wir-die-superreichen-das-klima-zerstoeren\/#breadcrumb\"},\"inLanguage\":\"de\",\"potentialAction\":[{\"@type\":\"ReadAction\",\"target\":[\"https:\/\/www.wetter-center.de\/blog\/wir-die-superreichen-das-klima-zerstoeren\/\"]}]},{\"@type\":\"ImageObject\",\"inLanguage\":\"de\",\"@id\":\"https:\/\/www.wetter-center.de\/blog\/wir-die-superreichen-das-klima-zerstoeren\/#primaryimage\",\"url\":\"https:\/\/www.wetter-center.de\/blog\/wp-content\/uploads\/2025\/10\/men-8917660_1280.jpg\",\"contentUrl\":\"https:\/\/www.wetter-center.de\/blog\/wp-content\/uploads\/2025\/10\/men-8917660_1280.jpg\",\"width\":1280,\"height\":640},{\"@type\":\"BreadcrumbList\",\"@id\":\"https:\/\/www.wetter-center.de\/blog\/wir-die-superreichen-das-klima-zerstoeren\/#breadcrumb\",\"itemListElement\":[{\"@type\":\"ListItem\",\"position\":1,\"name\":\"Startseite\",\"item\":\"https:\/\/www.wetter-center.de\/blog\/\"},{\"@type\":\"ListItem\",\"position\":2,\"name\":\"Wir die Superreichen das Klima zerst\u00f6ren\"}]},{\"@type\":\"WebSite\",\"@id\":\"https:\/\/www.wetter-center.de\/blog\/#website\",\"url\":\"https:\/\/www.wetter-center.de\/blog\/\",\"name\":\"Wetter-Center.de\",\"description\":\"\",\"publisher\":{\"@id\":\"https:\/\/www.wetter-center.de\/blog\/#\/schema\/person\/6c69612ad4763a699cd157cfbbfa6667\"},\"potentialAction\":[{\"@type\":\"SearchAction\",\"target\":{\"@type\":\"EntryPoint\",\"urlTemplate\":\"https:\/\/www.wetter-center.de\/blog\/?s={search_term_string}\"},\"query-input\":{\"@type\":\"PropertyValueSpecification\",\"valueRequired\":true,\"valueName\":\"search_term_string\"}}],\"inLanguage\":\"de\"},{\"@type\":[\"Person\",\"Organization\"],\"@id\":\"https:\/\/www.wetter-center.de\/blog\/#\/schema\/person\/6c69612ad4763a699cd157cfbbfa6667\",\"name\":\"meteomara\",\"image\":{\"@type\":\"ImageObject\",\"inLanguage\":\"de\",\"@id\":\"https:\/\/www.wetter-center.de\/blog\/#\/schema\/person\/image\/\",\"url\":\"https:\/\/www.wetter-center.de\/blog\/wp-content\/uploads\/2022\/08\/sky-1551171_1280.jpg\",\"contentUrl\":\"https:\/\/www.wetter-center.de\/blog\/wp-content\/uploads\/2022\/08\/sky-1551171_1280.jpg\",\"width\":1280,\"height\":643,\"caption\":\"meteomara\"},\"logo\":{\"@id\":\"https:\/\/www.wetter-center.de\/blog\/#\/schema\/person\/image\/\"},\"sameAs\":[\"https:\/\/www.facebook.com\/WetterUndKlima\",\"https:\/\/www.instagram.com\/wettercenterde\/\",\"https:\/\/x.com\/https:\/\/twitter.com\/meteomara\"],\"url\":\"https:\/\/www.wetter-center.de\/blog\/author\/meteomara\/\"}]}<\/script>\n<!-- \/ Yoast SEO plugin. -->","yoast_head_json":{"title":"Wir die Superreichen das Klima zerst\u00f6ren - Wetter-Center.de","robots":{"index":"index","follow":"follow","max-snippet":"max-snippet:-1","max-image-preview":"max-image-preview:large","max-video-preview":"max-video-preview:-1"},"canonical":"https:\/\/www.wetter-center.de\/blog\/wir-die-superreichen-das-klima-zerstoeren\/","og_locale":"de_DE","og_type":"article","og_title":"Wir die Superreichen das Klima zerst\u00f6ren - Wetter-Center.de","og_description":"Der Guardian berichtet, wie ein winziger Teil der US-Bev\u00f6lkerung \u2013 insbesondere die reichsten 0,1% \u2013 auf extrem unverh\u00e4ltnism\u00e4\u00dfige Weise zu Treibhausgas-Emissionen beitragen und damit die Klimakrise befeuern. Analyseergebnisse von Oxfam und dem Stockholm Environment&#46;&#46;&#46;","og_url":"https:\/\/www.wetter-center.de\/blog\/wir-die-superreichen-das-klima-zerstoeren\/","og_site_name":"Wetter-Center.de","article_publisher":"https:\/\/www.facebook.com\/WetterUndKlima","article_author":"https:\/\/www.facebook.com\/WetterUndKlima","article_published_time":"2025-10-31T16:57:42+00:00","article_modified_time":"2025-10-31T16:57:44+00:00","og_image":[{"width":1280,"height":640,"url":"https:\/\/www.wetter-center.de\/blog\/wp-content\/uploads\/2025\/10\/men-8917660_1280.jpg","type":"image\/jpeg"}],"author":"meteomara","twitter_card":"summary_large_image","twitter_creator":"@https:\/\/twitter.com\/meteomara","twitter_site":"@meteomara","twitter_misc":{"Geschrieben von":"meteomara","Gesch\u00e4tzte Lesezeit":"3\u00a0Minuten"},"schema":{"@context":"https:\/\/schema.org","@graph":[{"@type":"Article","@id":"https:\/\/www.wetter-center.de\/blog\/wir-die-superreichen-das-klima-zerstoeren\/#article","isPartOf":{"@id":"https:\/\/www.wetter-center.de\/blog\/wir-die-superreichen-das-klima-zerstoeren\/"},"author":{"name":"meteomara","@id":"https:\/\/www.wetter-center.de\/blog\/#\/schema\/person\/6c69612ad4763a699cd157cfbbfa6667"},"headline":"Wir die Superreichen das Klima zerst\u00f6ren","datePublished":"2025-10-31T16:57:42+00:00","dateModified":"2025-10-31T16:57:44+00:00","mainEntityOfPage":{"@id":"https:\/\/www.wetter-center.de\/blog\/wir-die-superreichen-das-klima-zerstoeren\/"},"wordCount":460,"commentCount":0,"publisher":{"@id":"https:\/\/www.wetter-center.de\/blog\/#\/schema\/person\/6c69612ad4763a699cd157cfbbfa6667"},"image":{"@id":"https:\/\/www.wetter-center.de\/blog\/wir-die-superreichen-das-klima-zerstoeren\/#primaryimage"},"thumbnailUrl":"https:\/\/www.wetter-center.de\/blog\/wp-content\/uploads\/2025\/10\/men-8917660_1280.jpg","keywords":["Klimakrise","Ungleichheit"],"articleSection":["Klimawandel"],"inLanguage":"de","potentialAction":[{"@type":"CommentAction","name":"Comment","target":["https:\/\/www.wetter-center.de\/blog\/wir-die-superreichen-das-klima-zerstoeren\/#respond"]}]},{"@type":"WebPage","@id":"https:\/\/www.wetter-center.de\/blog\/wir-die-superreichen-das-klima-zerstoeren\/","url":"https:\/\/www.wetter-center.de\/blog\/wir-die-superreichen-das-klima-zerstoeren\/","name":"Wir die Superreichen das Klima zerst\u00f6ren - Wetter-Center.de","isPartOf":{"@id":"https:\/\/www.wetter-center.de\/blog\/#website"},"primaryImageOfPage":{"@id":"https:\/\/www.wetter-center.de\/blog\/wir-die-superreichen-das-klima-zerstoeren\/#primaryimage"},"image":{"@id":"https:\/\/www.wetter-center.de\/blog\/wir-die-superreichen-das-klima-zerstoeren\/#primaryimage"},"thumbnailUrl":"https:\/\/www.wetter-center.de\/blog\/wp-content\/uploads\/2025\/10\/men-8917660_1280.jpg","datePublished":"2025-10-31T16:57:42+00:00","dateModified":"2025-10-31T16:57:44+00:00","breadcrumb":{"@id":"https:\/\/www.wetter-center.de\/blog\/wir-die-superreichen-das-klima-zerstoeren\/#breadcrumb"},"inLanguage":"de","potentialAction":[{"@type":"ReadAction","target":["https:\/\/www.wetter-center.de\/blog\/wir-die-superreichen-das-klima-zerstoeren\/"]}]},{"@type":"ImageObject","inLanguage":"de","@id":"https:\/\/www.wetter-center.de\/blog\/wir-die-superreichen-das-klima-zerstoeren\/#primaryimage","url":"https:\/\/www.wetter-center.de\/blog\/wp-content\/uploads\/2025\/10\/men-8917660_1280.jpg","contentUrl":"https:\/\/www.wetter-center.de\/blog\/wp-content\/uploads\/2025\/10\/men-8917660_1280.jpg","width":1280,"height":640},{"@type":"BreadcrumbList","@id":"https:\/\/www.wetter-center.de\/blog\/wir-die-superreichen-das-klima-zerstoeren\/#breadcrumb","itemListElement":[{"@type":"ListItem","position":1,"name":"Startseite","item":"https:\/\/www.wetter-center.de\/blog\/"},{"@type":"ListItem","position":2,"name":"Wir die Superreichen das Klima zerst\u00f6ren"}]},{"@type":"WebSite","@id":"https:\/\/www.wetter-center.de\/blog\/#website","url":"https:\/\/www.wetter-center.de\/blog\/","name":"Wetter-Center.de","description":"","publisher":{"@id":"https:\/\/www.wetter-center.de\/blog\/#\/schema\/person\/6c69612ad4763a699cd157cfbbfa6667"},"potentialAction":[{"@type":"SearchAction","target":{"@type":"EntryPoint","urlTemplate":"https:\/\/www.wetter-center.de\/blog\/?s={search_term_string}"},"query-input":{"@type":"PropertyValueSpecification","valueRequired":true,"valueName":"search_term_string"}}],"inLanguage":"de"},{"@type":["Person","Organization"],"@id":"https:\/\/www.wetter-center.de\/blog\/#\/schema\/person\/6c69612ad4763a699cd157cfbbfa6667","name":"meteomara","image":{"@type":"ImageObject","inLanguage":"de","@id":"https:\/\/www.wetter-center.de\/blog\/#\/schema\/person\/image\/","url":"https:\/\/www.wetter-center.de\/blog\/wp-content\/uploads\/2022\/08\/sky-1551171_1280.jpg","contentUrl":"https:\/\/www.wetter-center.de\/blog\/wp-content\/uploads\/2022\/08\/sky-1551171_1280.jpg","width":1280,"height":643,"caption":"meteomara"},"logo":{"@id":"https:\/\/www.wetter-center.de\/blog\/#\/schema\/person\/image\/"},"sameAs":["https:\/\/www.facebook.com\/WetterUndKlima","https:\/\/www.instagram.com\/wettercenterde\/","https:\/\/x.com\/https:\/\/twitter.com\/meteomara"],"url":"https:\/\/www.wetter-center.de\/blog\/author\/meteomara\/"}]}},"amp_enabled":true,"_links":{"self":[{"href":"https:\/\/www.wetter-center.de\/blog\/wp-json\/wp\/v2\/posts\/16851","targetHints":{"allow":["GET"]}}],"collection":[{"href":"https:\/\/www.wetter-center.de\/blog\/wp-json\/wp\/v2\/posts"}],"about":[{"href":"https:\/\/www.wetter-center.de\/blog\/wp-json\/wp\/v2\/types\/post"}],"author":[{"embeddable":true,"href":"https:\/\/www.wetter-center.de\/blog\/wp-json\/wp\/v2\/users\/1"}],"replies":[{"embeddable":true,"href":"https:\/\/www.wetter-center.de\/blog\/wp-json\/wp\/v2\/comments?post=16851"}],"version-history":[{"count":1,"href":"https:\/\/www.wetter-center.de\/blog\/wp-json\/wp\/v2\/posts\/16851\/revisions"}],"predecessor-version":[{"id":16853,"href":"https:\/\/www.wetter-center.de\/blog\/wp-json\/wp\/v2\/posts\/16851\/revisions\/16853"}],"wp:featuredmedia":[{"embeddable":true,"href":"https:\/\/www.wetter-center.de\/blog\/wp-json\/wp\/v2\/media\/16852"}],"wp:attachment":[{"href":"https:\/\/www.wetter-center.de\/blog\/wp-json\/wp\/v2\/media?parent=16851"}],"wp:term":[{"taxonomy":"category","embeddable":true,"href":"https:\/\/www.wetter-center.de\/blog\/wp-json\/wp\/v2\/categories?post=16851"},{"taxonomy":"post_tag","embeddable":true,"href":"https:\/\/www.wetter-center.de\/blog\/wp-json\/wp\/v2\/tags?post=16851"}],"curies":[{"name":"wp","href":"https:\/\/api.w.org\/{rel}","templated":true}]}}