{"id":16652,"date":"2023-12-22T17:22:49","date_gmt":"2023-12-22T16:22:49","guid":{"rendered":"https:\/\/www.wetter-center.de\/blog\/?p=16652"},"modified":"2023-12-22T17:25:12","modified_gmt":"2023-12-22T16:25:12","slug":"urlaubstipp-fuer-den-sommer-camping-auf-der-ile-de-re","status":"publish","type":"post","link":"https:\/\/www.wetter-center.de\/blog\/urlaubstipp-fuer-den-sommer-camping-auf-der-ile-de-re\/","title":{"rendered":"Urlaubstipp f\u00fcr den Sommer: Camping auf der \u00cele de R\u00e9"},"content":{"rendered":"\n<p>Die \u00cele de R\u00e9, eine malerische franz\u00f6sische Insel vor der Westk\u00fcste Frankreichs, ist ein wahres Paradies f\u00fcr Naturliebhaber und Erholungssuchende. Mit ihren <strong>endlosen Str\u00e4nden<\/strong>, charmanten <strong>D\u00f6rfern<\/strong> und einer entspannten Atmosph\u00e4re lockt die Insel j\u00e4hrlich zahlreiche Besucher an. Insbesondere f\u00fcr Camping-Enthusiasten bietet die \u00cele de R\u00e9 ein einzigartiges Erlebnis, das die Verbindung von Natur und Freiheit in den Vordergrund stellt.<\/p>\n\n\n\n<p>Die Insel, durch eine Br\u00fccke mit dem Festland verbunden, erstreckt sich \u00fcber 30 Kilometer und bietet eine abwechslungsreiche Landschaft aus <strong>Sandd\u00fcnen<\/strong>, Salzwiesen und malerischen <strong>Pinienw\u00e4ldern<\/strong>. Hier erlebt man die Natur in ihrer ganzen Pracht und kann den Alltagsstress hinter sich lassen. Die Auswahl an Campingpl\u00e4tzen auf der \u00cele de R\u00e9 ist vielf\u00e4ltig und verspricht f\u00fcr jeden Geschmack das passende Ambiente.<\/p>\n\n\n\n<figure class=\"wp-block-gallery has-nested-images columns-default is-cropped wp-block-gallery-1 is-layout-flex wp-block-gallery-is-layout-flex\">\n<figure class=\"wp-block-image size-large\"><a href=\"https:\/\/www.wetter-center.de\/blog\/wp-content\/uploads\/2023\/12\/coast-419047_1280.jpg\" data-rel=\"lightbox-image-0\" data-rl_title=\"\" data-rl_caption=\"\" title=\"\"><img loading=\"lazy\" decoding=\"async\" width=\"1280\" height=\"720\" data-id=\"16654\" src=\"https:\/\/www.wetter-center.de\/blog\/wp-content\/uploads\/2023\/12\/coast-419047_1280-edited.jpg\" alt=\"\" class=\"wp-image-16654\" srcset=\"https:\/\/www.wetter-center.de\/blog\/wp-content\/uploads\/2023\/12\/coast-419047_1280-edited.jpg 1280w, https:\/\/www.wetter-center.de\/blog\/wp-content\/uploads\/2023\/12\/coast-419047_1280-edited-300x169.jpg 300w, https:\/\/www.wetter-center.de\/blog\/wp-content\/uploads\/2023\/12\/coast-419047_1280-edited-1024x576.jpg 1024w, https:\/\/www.wetter-center.de\/blog\/wp-content\/uploads\/2023\/12\/coast-419047_1280-edited-768x432.jpg 768w, https:\/\/www.wetter-center.de\/blog\/wp-content\/uploads\/2023\/12\/coast-419047_1280-edited-600x338.jpg 600w\" sizes=\"auto, (max-width: 1280px) 100vw, 1280px\" \/><\/a><\/figure>\n<\/figure>\n\n\n\n<p><br>Besonders beliebte Ort f\u00fcr Camping-Enthusiasten sind der Campingplatz Les Varennes der sich im Norden der Insel befindet. Eingebettet zwischen Pinien und nur wenige Schritte vom Atlantik entfernt, bietet die Campingpl\u00e4tze eine idyllische Umgebung f\u00fcr einen unvergesslichen Urlaub. Die Stellpl\u00e4tze sind gro\u00dfz\u00fcgig gestaltet und erm\u00f6glichen es den G\u00e4sten, ihre Zelte oder Wohnmobile inmitten der Natur aufzustellen. Ein Camping-Erlebnis der gehobeneren Klasse mit Chalets und Ferienwohnungen bietet Camping Interlude (<a href=\"https:\/\/www.interlude.fr\/de\/\" target=\"_blank\" rel=\"noreferrer noopener\">https:\/\/www.interlude.fr\/de\/<\/a>) an der S\u00fcdk\u00fcste in Le Bois-Plage-en-R\u00e9.<\/p>\n\n\n\n<p>Die \u00cele de R\u00e9 ist nicht nur f\u00fcr ihre Str\u00e4nde bekannt, sondern auch f\u00fcr ihre charmanten D\u00f6rfer mit ihren engen Gassen und pastellfarbenen H\u00e4usern. Saint-Martin-de-R\u00e9, das als <strong>UNESCO-Weltkulturerbe<\/strong> eingestuft ist, ist ein wahres Juwel der Insel. Hier k\u00f6nnen Besucher durch die gepflasterten Stra\u00dfen schlendern, in gem\u00fctlichen Caf\u00e9s verweilen und das Flair eines malerischen Hafens genie\u00dfen. Camping auf der \u00cele de R\u00e9 erm\u00f6glicht es, all diese Sch\u00e4tze leicht zu erkunden, da viele Campingpl\u00e4tze in der N\u00e4he der D\u00f6rfer liegen und somit eine optimale Anbindung bieten.<\/p>\n\n\n\n<p>Ein weiteres Highlight f\u00fcr Camping-Enthusiasten ist die <strong>Fahrradfreundlichkeit <\/strong>der Insel. Mit einem gut ausgebauten Netz von Radwegen k\u00f6nnen Besucher die \u00cele de R\u00e9 auf zwei R\u00e4dern erkunden und dabei die atemberaubende Landschaft in vollen Z\u00fcgen genie\u00dfen. Fahrradverleihe sind auf der gesamten Insel verf\u00fcgbar, und viele Campingpl\u00e4tze bieten sogar eigene Fahrradvermietungen an.<\/p>\n\n\n\n<p>Die \u00cele de R\u00e9 ist nicht nur w\u00e4hrend der warmen Sommermonate attraktiv, sondern auch in der <strong>Nebensaison <\/strong>ein lohnendes Ziel. Die milden Temperaturen im Fr\u00fchling und Herbst machen die Insel zu einem idealen Ort f\u00fcr einen entspannten Campingurlaub. In dieser Zeit kann man die Ruhe und Authentizit\u00e4t der \u00cele de R\u00e9 in vollen Z\u00fcgen erleben, abseits der \u00fcberf\u00fcllten Touristenstr\u00f6me.<\/p>\n\n\n\n<p>Die kulinarische Vielfalt der Insel ist ein weiterer Grund, warum die \u00cele de R\u00e9 bei Reisenden so beliebt ist. Frischer <strong>Fisch<\/strong>, <strong>Meeresfr\u00fcchte <\/strong>und lokale Spezialit\u00e4ten k\u00f6nnen auf den Wochenm\u00e4rkten und in den gem\u00fctlichen Restaurants genossen werden. Campingurlauber haben oft die M\u00f6glichkeit, regionale Produkte direkt auf dem Campingplatz zu erwerben und ihre eigenen kulinarischen Kreationen zu zaubern.<\/p>\n\n\n\n<p>Insgesamt bietet die \u00cele de R\u00e9 eine perfekte Mischung aus Natur, Kultur und Entspannung. Der Campingurlaub auf dieser Insel erm\u00f6glicht es den G\u00e4sten, die Freiheit des Campinglebens mit der Sch\u00f6nheit der franz\u00f6sischen Atlantikk\u00fcste zu verbinden. Wer die Hektik des Alltags hinter sich lassen und inmitten unber\u00fchrter Natur neue Energie tanken m\u00f6chte, findet auf der \u00cele de R\u00e9 das ideale Reiseziel.<\/p>\n","protected":false},"excerpt":{"rendered":"<p>Die \u00cele de R\u00e9, eine malerische franz\u00f6sische Insel vor der Westk\u00fcste Frankreichs, ist ein wahres Paradies f\u00fcr Naturliebhaber und Erholungssuchende. Mit ihren endlosen Str\u00e4nden, charmanten D\u00f6rfern und einer entspannten Atmosph\u00e4re lockt die Insel j\u00e4hrlich&#46;&#46;&#46;<\/p>\n","protected":false},"author":1,"featured_media":16654,"comment_status":"open","ping_status":"open","sticky":false,"template":"","format":"standard","meta":{"footnotes":""},"categories":[1],"tags":[],"class_list":["post-16652","post","type-post","status-publish","format-standard","has-post-thumbnail","hentry","category-allgemein"],"yoast_head":"<!-- This site is optimized with the Yoast SEO plugin v25.5 - https:\/\/yoast.com\/wordpress\/plugins\/seo\/ -->\n<title>Urlaubstipp f\u00fcr den Sommer: Camping auf der \u00cele de R\u00e9 - Wetter-Center.de<\/title>\n<meta name=\"robots\" content=\"index, follow, max-snippet:-1, max-image-preview:large, max-video-preview:-1\" \/>\n<link rel=\"canonical\" href=\"https:\/\/www.wetter-center.de\/blog\/urlaubstipp-fuer-den-sommer-camping-auf-der-ile-de-re\/\" \/>\n<meta property=\"og:locale\" content=\"de_DE\" \/>\n<meta property=\"og:type\" content=\"article\" \/>\n<meta property=\"og:title\" content=\"Urlaubstipp f\u00fcr den Sommer: Camping auf der \u00cele de R\u00e9 - Wetter-Center.de\" \/>\n<meta property=\"og:description\" content=\"Die \u00cele de R\u00e9, eine malerische franz\u00f6sische Insel vor der Westk\u00fcste Frankreichs, ist ein wahres Paradies f\u00fcr Naturliebhaber und Erholungssuchende. Mit ihren endlosen Str\u00e4nden, charmanten D\u00f6rfern und einer entspannten Atmosph\u00e4re lockt die Insel j\u00e4hrlich&#046;&#046;&#046;\" \/>\n<meta property=\"og:url\" content=\"https:\/\/www.wetter-center.de\/blog\/urlaubstipp-fuer-den-sommer-camping-auf-der-ile-de-re\/\" \/>\n<meta property=\"og:site_name\" content=\"Wetter-Center.de\" \/>\n<meta property=\"article:publisher\" content=\"https:\/\/www.facebook.com\/WetterUndKlima\" \/>\n<meta property=\"article:author\" content=\"https:\/\/www.facebook.com\/WetterUndKlima\" \/>\n<meta property=\"article:published_time\" content=\"2023-12-22T16:22:49+00:00\" \/>\n<meta property=\"article:modified_time\" content=\"2023-12-22T16:25:12+00:00\" \/>\n<meta property=\"og:image\" content=\"https:\/\/www.wetter-center.de\/blog\/wp-content\/uploads\/2023\/12\/coast-419047_1280-edited.jpg\" \/>\n\t<meta property=\"og:image:width\" content=\"1280\" \/>\n\t<meta property=\"og:image:height\" content=\"720\" \/>\n\t<meta property=\"og:image:type\" content=\"image\/jpeg\" \/>\n<meta name=\"author\" content=\"meteomara\" \/>\n<meta name=\"twitter:card\" content=\"summary_large_image\" \/>\n<meta name=\"twitter:creator\" content=\"@https:\/\/twitter.com\/meteomara\" \/>\n<meta name=\"twitter:site\" content=\"@meteomara\" \/>\n<meta name=\"twitter:label1\" content=\"Geschrieben von\" \/>\n\t<meta name=\"twitter:data1\" content=\"meteomara\" \/>\n\t<meta name=\"twitter:label2\" content=\"Gesch\u00e4tzte Lesezeit\" \/>\n\t<meta name=\"twitter:data2\" content=\"4\u00a0Minuten\" \/>\n<script type=\"application\/ld+json\" class=\"yoast-schema-graph\">{\"@context\":\"https:\/\/schema.org\",\"@graph\":[{\"@type\":\"Article\",\"@id\":\"https:\/\/www.wetter-center.de\/blog\/urlaubstipp-fuer-den-sommer-camping-auf-der-ile-de-re\/#article\",\"isPartOf\":{\"@id\":\"https:\/\/www.wetter-center.de\/blog\/urlaubstipp-fuer-den-sommer-camping-auf-der-ile-de-re\/\"},\"author\":{\"name\":\"meteomara\",\"@id\":\"https:\/\/www.wetter-center.de\/blog\/#\/schema\/person\/6c69612ad4763a699cd157cfbbfa6667\"},\"headline\":\"Urlaubstipp f\u00fcr den Sommer: Camping auf der \u00cele de R\u00e9\",\"datePublished\":\"2023-12-22T16:22:49+00:00\",\"dateModified\":\"2023-12-22T16:25:12+00:00\",\"mainEntityOfPage\":{\"@id\":\"https:\/\/www.wetter-center.de\/blog\/urlaubstipp-fuer-den-sommer-camping-auf-der-ile-de-re\/\"},\"wordCount\":583,\"commentCount\":0,\"publisher\":{\"@id\":\"https:\/\/www.wetter-center.de\/blog\/#\/schema\/person\/6c69612ad4763a699cd157cfbbfa6667\"},\"image\":{\"@id\":\"https:\/\/www.wetter-center.de\/blog\/urlaubstipp-fuer-den-sommer-camping-auf-der-ile-de-re\/#primaryimage\"},\"thumbnailUrl\":\"https:\/\/www.wetter-center.de\/blog\/wp-content\/uploads\/2023\/12\/coast-419047_1280-edited.jpg\",\"inLanguage\":\"de\",\"potentialAction\":[{\"@type\":\"CommentAction\",\"name\":\"Comment\",\"target\":[\"https:\/\/www.wetter-center.de\/blog\/urlaubstipp-fuer-den-sommer-camping-auf-der-ile-de-re\/#respond\"]}]},{\"@type\":\"WebPage\",\"@id\":\"https:\/\/www.wetter-center.de\/blog\/urlaubstipp-fuer-den-sommer-camping-auf-der-ile-de-re\/\",\"url\":\"https:\/\/www.wetter-center.de\/blog\/urlaubstipp-fuer-den-sommer-camping-auf-der-ile-de-re\/\",\"name\":\"Urlaubstipp f\u00fcr den Sommer: Camping auf der \u00cele de R\u00e9 - Wetter-Center.de\",\"isPartOf\":{\"@id\":\"https:\/\/www.wetter-center.de\/blog\/#website\"},\"primaryImageOfPage\":{\"@id\":\"https:\/\/www.wetter-center.de\/blog\/urlaubstipp-fuer-den-sommer-camping-auf-der-ile-de-re\/#primaryimage\"},\"image\":{\"@id\":\"https:\/\/www.wetter-center.de\/blog\/urlaubstipp-fuer-den-sommer-camping-auf-der-ile-de-re\/#primaryimage\"},\"thumbnailUrl\":\"https:\/\/www.wetter-center.de\/blog\/wp-content\/uploads\/2023\/12\/coast-419047_1280-edited.jpg\",\"datePublished\":\"2023-12-22T16:22:49+00:00\",\"dateModified\":\"2023-12-22T16:25:12+00:00\",\"breadcrumb\":{\"@id\":\"https:\/\/www.wetter-center.de\/blog\/urlaubstipp-fuer-den-sommer-camping-auf-der-ile-de-re\/#breadcrumb\"},\"inLanguage\":\"de\",\"potentialAction\":[{\"@type\":\"ReadAction\",\"target\":[\"https:\/\/www.wetter-center.de\/blog\/urlaubstipp-fuer-den-sommer-camping-auf-der-ile-de-re\/\"]}]},{\"@type\":\"ImageObject\",\"inLanguage\":\"de\",\"@id\":\"https:\/\/www.wetter-center.de\/blog\/urlaubstipp-fuer-den-sommer-camping-auf-der-ile-de-re\/#primaryimage\",\"url\":\"https:\/\/www.wetter-center.de\/blog\/wp-content\/uploads\/2023\/12\/coast-419047_1280-edited.jpg\",\"contentUrl\":\"https:\/\/www.wetter-center.de\/blog\/wp-content\/uploads\/2023\/12\/coast-419047_1280-edited.jpg\",\"width\":1280,\"height\":720},{\"@type\":\"BreadcrumbList\",\"@id\":\"https:\/\/www.wetter-center.de\/blog\/urlaubstipp-fuer-den-sommer-camping-auf-der-ile-de-re\/#breadcrumb\",\"itemListElement\":[{\"@type\":\"ListItem\",\"position\":1,\"name\":\"Startseite\",\"item\":\"https:\/\/www.wetter-center.de\/blog\/\"},{\"@type\":\"ListItem\",\"position\":2,\"name\":\"Urlaubstipp f\u00fcr den Sommer: Camping auf der \u00cele de R\u00e9\"}]},{\"@type\":\"WebSite\",\"@id\":\"https:\/\/www.wetter-center.de\/blog\/#website\",\"url\":\"https:\/\/www.wetter-center.de\/blog\/\",\"name\":\"Wetter-Center.de\",\"description\":\"\",\"publisher\":{\"@id\":\"https:\/\/www.wetter-center.de\/blog\/#\/schema\/person\/6c69612ad4763a699cd157cfbbfa6667\"},\"potentialAction\":[{\"@type\":\"SearchAction\",\"target\":{\"@type\":\"EntryPoint\",\"urlTemplate\":\"https:\/\/www.wetter-center.de\/blog\/?s={search_term_string}\"},\"query-input\":{\"@type\":\"PropertyValueSpecification\",\"valueRequired\":true,\"valueName\":\"search_term_string\"}}],\"inLanguage\":\"de\"},{\"@type\":[\"Person\",\"Organization\"],\"@id\":\"https:\/\/www.wetter-center.de\/blog\/#\/schema\/person\/6c69612ad4763a699cd157cfbbfa6667\",\"name\":\"meteomara\",\"image\":{\"@type\":\"ImageObject\",\"inLanguage\":\"de\",\"@id\":\"https:\/\/www.wetter-center.de\/blog\/#\/schema\/person\/image\/\",\"url\":\"https:\/\/www.wetter-center.de\/blog\/wp-content\/uploads\/2022\/08\/sky-1551171_1280.jpg\",\"contentUrl\":\"https:\/\/www.wetter-center.de\/blog\/wp-content\/uploads\/2022\/08\/sky-1551171_1280.jpg\",\"width\":1280,\"height\":643,\"caption\":\"meteomara\"},\"logo\":{\"@id\":\"https:\/\/www.wetter-center.de\/blog\/#\/schema\/person\/image\/\"},\"sameAs\":[\"https:\/\/www.facebook.com\/WetterUndKlima\",\"https:\/\/www.instagram.com\/wettercenterde\/\",\"https:\/\/x.com\/https:\/\/twitter.com\/meteomara\"],\"url\":\"https:\/\/www.wetter-center.de\/blog\/author\/meteomara\/\"}]}<\/script>\n<!-- \/ Yoast SEO plugin. -->","yoast_head_json":{"title":"Urlaubstipp f\u00fcr den Sommer: Camping auf der \u00cele de R\u00e9 - Wetter-Center.de","robots":{"index":"index","follow":"follow","max-snippet":"max-snippet:-1","max-image-preview":"max-image-preview:large","max-video-preview":"max-video-preview:-1"},"canonical":"https:\/\/www.wetter-center.de\/blog\/urlaubstipp-fuer-den-sommer-camping-auf-der-ile-de-re\/","og_locale":"de_DE","og_type":"article","og_title":"Urlaubstipp f\u00fcr den Sommer: Camping auf der \u00cele de R\u00e9 - Wetter-Center.de","og_description":"Die \u00cele de R\u00e9, eine malerische franz\u00f6sische Insel vor der Westk\u00fcste Frankreichs, ist ein wahres Paradies f\u00fcr Naturliebhaber und Erholungssuchende. Mit ihren endlosen Str\u00e4nden, charmanten D\u00f6rfern und einer entspannten Atmosph\u00e4re lockt die Insel j\u00e4hrlich&#46;&#46;&#46;","og_url":"https:\/\/www.wetter-center.de\/blog\/urlaubstipp-fuer-den-sommer-camping-auf-der-ile-de-re\/","og_site_name":"Wetter-Center.de","article_publisher":"https:\/\/www.facebook.com\/WetterUndKlima","article_author":"https:\/\/www.facebook.com\/WetterUndKlima","article_published_time":"2023-12-22T16:22:49+00:00","article_modified_time":"2023-12-22T16:25:12+00:00","og_image":[{"width":1280,"height":720,"url":"https:\/\/www.wetter-center.de\/blog\/wp-content\/uploads\/2023\/12\/coast-419047_1280-edited.jpg","type":"image\/jpeg"}],"author":"meteomara","twitter_card":"summary_large_image","twitter_creator":"@https:\/\/twitter.com\/meteomara","twitter_site":"@meteomara","twitter_misc":{"Geschrieben von":"meteomara","Gesch\u00e4tzte Lesezeit":"4\u00a0Minuten"},"schema":{"@context":"https:\/\/schema.org","@graph":[{"@type":"Article","@id":"https:\/\/www.wetter-center.de\/blog\/urlaubstipp-fuer-den-sommer-camping-auf-der-ile-de-re\/#article","isPartOf":{"@id":"https:\/\/www.wetter-center.de\/blog\/urlaubstipp-fuer-den-sommer-camping-auf-der-ile-de-re\/"},"author":{"name":"meteomara","@id":"https:\/\/www.wetter-center.de\/blog\/#\/schema\/person\/6c69612ad4763a699cd157cfbbfa6667"},"headline":"Urlaubstipp f\u00fcr den Sommer: Camping auf der \u00cele de R\u00e9","datePublished":"2023-12-22T16:22:49+00:00","dateModified":"2023-12-22T16:25:12+00:00","mainEntityOfPage":{"@id":"https:\/\/www.wetter-center.de\/blog\/urlaubstipp-fuer-den-sommer-camping-auf-der-ile-de-re\/"},"wordCount":583,"commentCount":0,"publisher":{"@id":"https:\/\/www.wetter-center.de\/blog\/#\/schema\/person\/6c69612ad4763a699cd157cfbbfa6667"},"image":{"@id":"https:\/\/www.wetter-center.de\/blog\/urlaubstipp-fuer-den-sommer-camping-auf-der-ile-de-re\/#primaryimage"},"thumbnailUrl":"https:\/\/www.wetter-center.de\/blog\/wp-content\/uploads\/2023\/12\/coast-419047_1280-edited.jpg","inLanguage":"de","potentialAction":[{"@type":"CommentAction","name":"Comment","target":["https:\/\/www.wetter-center.de\/blog\/urlaubstipp-fuer-den-sommer-camping-auf-der-ile-de-re\/#respond"]}]},{"@type":"WebPage","@id":"https:\/\/www.wetter-center.de\/blog\/urlaubstipp-fuer-den-sommer-camping-auf-der-ile-de-re\/","url":"https:\/\/www.wetter-center.de\/blog\/urlaubstipp-fuer-den-sommer-camping-auf-der-ile-de-re\/","name":"Urlaubstipp f\u00fcr den Sommer: Camping auf der \u00cele de R\u00e9 - Wetter-Center.de","isPartOf":{"@id":"https:\/\/www.wetter-center.de\/blog\/#website"},"primaryImageOfPage":{"@id":"https:\/\/www.wetter-center.de\/blog\/urlaubstipp-fuer-den-sommer-camping-auf-der-ile-de-re\/#primaryimage"},"image":{"@id":"https:\/\/www.wetter-center.de\/blog\/urlaubstipp-fuer-den-sommer-camping-auf-der-ile-de-re\/#primaryimage"},"thumbnailUrl":"https:\/\/www.wetter-center.de\/blog\/wp-content\/uploads\/2023\/12\/coast-419047_1280-edited.jpg","datePublished":"2023-12-22T16:22:49+00:00","dateModified":"2023-12-22T16:25:12+00:00","breadcrumb":{"@id":"https:\/\/www.wetter-center.de\/blog\/urlaubstipp-fuer-den-sommer-camping-auf-der-ile-de-re\/#breadcrumb"},"inLanguage":"de","potentialAction":[{"@type":"ReadAction","target":["https:\/\/www.wetter-center.de\/blog\/urlaubstipp-fuer-den-sommer-camping-auf-der-ile-de-re\/"]}]},{"@type":"ImageObject","inLanguage":"de","@id":"https:\/\/www.wetter-center.de\/blog\/urlaubstipp-fuer-den-sommer-camping-auf-der-ile-de-re\/#primaryimage","url":"https:\/\/www.wetter-center.de\/blog\/wp-content\/uploads\/2023\/12\/coast-419047_1280-edited.jpg","contentUrl":"https:\/\/www.wetter-center.de\/blog\/wp-content\/uploads\/2023\/12\/coast-419047_1280-edited.jpg","width":1280,"height":720},{"@type":"BreadcrumbList","@id":"https:\/\/www.wetter-center.de\/blog\/urlaubstipp-fuer-den-sommer-camping-auf-der-ile-de-re\/#breadcrumb","itemListElement":[{"@type":"ListItem","position":1,"name":"Startseite","item":"https:\/\/www.wetter-center.de\/blog\/"},{"@type":"ListItem","position":2,"name":"Urlaubstipp f\u00fcr den Sommer: Camping auf der \u00cele de R\u00e9"}]},{"@type":"WebSite","@id":"https:\/\/www.wetter-center.de\/blog\/#website","url":"https:\/\/www.wetter-center.de\/blog\/","name":"Wetter-Center.de","description":"","publisher":{"@id":"https:\/\/www.wetter-center.de\/blog\/#\/schema\/person\/6c69612ad4763a699cd157cfbbfa6667"},"potentialAction":[{"@type":"SearchAction","target":{"@type":"EntryPoint","urlTemplate":"https:\/\/www.wetter-center.de\/blog\/?s={search_term_string}"},"query-input":{"@type":"PropertyValueSpecification","valueRequired":true,"valueName":"search_term_string"}}],"inLanguage":"de"},{"@type":["Person","Organization"],"@id":"https:\/\/www.wetter-center.de\/blog\/#\/schema\/person\/6c69612ad4763a699cd157cfbbfa6667","name":"meteomara","image":{"@type":"ImageObject","inLanguage":"de","@id":"https:\/\/www.wetter-center.de\/blog\/#\/schema\/person\/image\/","url":"https:\/\/www.wetter-center.de\/blog\/wp-content\/uploads\/2022\/08\/sky-1551171_1280.jpg","contentUrl":"https:\/\/www.wetter-center.de\/blog\/wp-content\/uploads\/2022\/08\/sky-1551171_1280.jpg","width":1280,"height":643,"caption":"meteomara"},"logo":{"@id":"https:\/\/www.wetter-center.de\/blog\/#\/schema\/person\/image\/"},"sameAs":["https:\/\/www.facebook.com\/WetterUndKlima","https:\/\/www.instagram.com\/wettercenterde\/","https:\/\/x.com\/https:\/\/twitter.com\/meteomara"],"url":"https:\/\/www.wetter-center.de\/blog\/author\/meteomara\/"}]}},"amp_enabled":true,"_links":{"self":[{"href":"https:\/\/www.wetter-center.de\/blog\/wp-json\/wp\/v2\/posts\/16652","targetHints":{"allow":["GET"]}}],"collection":[{"href":"https:\/\/www.wetter-center.de\/blog\/wp-json\/wp\/v2\/posts"}],"about":[{"href":"https:\/\/www.wetter-center.de\/blog\/wp-json\/wp\/v2\/types\/post"}],"author":[{"embeddable":true,"href":"https:\/\/www.wetter-center.de\/blog\/wp-json\/wp\/v2\/users\/1"}],"replies":[{"embeddable":true,"href":"https:\/\/www.wetter-center.de\/blog\/wp-json\/wp\/v2\/comments?post=16652"}],"version-history":[{"count":2,"href":"https:\/\/www.wetter-center.de\/blog\/wp-json\/wp\/v2\/posts\/16652\/revisions"}],"predecessor-version":[{"id":16656,"href":"https:\/\/www.wetter-center.de\/blog\/wp-json\/wp\/v2\/posts\/16652\/revisions\/16656"}],"wp:featuredmedia":[{"embeddable":true,"href":"https:\/\/www.wetter-center.de\/blog\/wp-json\/wp\/v2\/media\/16654"}],"wp:attachment":[{"href":"https:\/\/www.wetter-center.de\/blog\/wp-json\/wp\/v2\/media?parent=16652"}],"wp:term":[{"taxonomy":"category","embeddable":true,"href":"https:\/\/www.wetter-center.de\/blog\/wp-json\/wp\/v2\/categories?post=16652"},{"taxonomy":"post_tag","embeddable":true,"href":"https:\/\/www.wetter-center.de\/blog\/wp-json\/wp\/v2\/tags?post=16652"}],"curies":[{"name":"wp","href":"https:\/\/api.w.org\/{rel}","templated":true}]}}