{"id":16577,"date":"2023-06-15T23:00:00","date_gmt":"2023-06-15T21:00:00","guid":{"rendered":"https:\/\/www.wetter-center.de\/blog\/?p=16577"},"modified":"2023-06-17T00:29:40","modified_gmt":"2023-06-16T22:29:40","slug":"wie-geschaefte-auf-den-klimawandel-reagieren-und-ihren-co2-ausstoss-verringern-wollen","status":"publish","type":"post","link":"https:\/\/www.wetter-center.de\/blog\/wie-geschaefte-auf-den-klimawandel-reagieren-und-ihren-co2-ausstoss-verringern-wollen\/","title":{"rendered":"Wie Gesch\u00e4fte auf den Klimawandel reagieren und ihren CO2-Aussto\u00df verringern wollen"},"content":{"rendered":"\n<p>Das Thema Nachhaltigkeit steht im Fokus f\u00fcr Verbraucher und Unternehmen, wir wollen uns immer weiterentwickeln und den <strong>Weg f\u00fcr die Zukunft ebnen<\/strong>. Jedoch stehen die Schonung der Ressourcen und der Schutz der Umwelt im Sinne des <a href=\"https:\/\/www.wwf.de\/themen-projekte\/klima-energie\/klimawandel#:~:text=Was%20versteht%20man%20unter%20Klimawandel,Erde%20%C3%BCber%20einen%20langen%20Zeitraum.\" target=\"_blank\" rel=\"noreferrer noopener\">Klimawandels<\/a> an erster Stelle. Eine <strong>nachhaltige Zukunft<\/strong> ist nur m\u00f6glich, wenn die CO2-Emissionen sinken, dies spielt f\u00fcr Unternehmen ebenso eine wichtige Rolle, wie f\u00fcr Konsumenten.<\/p>\n\n\n\n<h3 class=\"wp-block-heading\">Transparente Unternehmensf\u00fchrung<\/h3>\n\n\n\n<p>Vor allen Ma\u00dfnahmen steht die <em>Entscheidung zur Ver\u00f6ffentlichung aller Zahlen<\/em> rund um den Klimaschutz. Klimabedingte Risiken m\u00fcssen erkannt und Ma\u00dfnahmen getroffen werden, das sind wichtige Anhaltspunkte f\u00fcr Kunden, Investoren und Mitarbeiter von Unternehmen. Die Zahlen zur <strong>Kohlenstoffemission<\/strong> sind der erste Anhaltspunkt, um die Emissionswerte zu erkennen und zu verbessern. Denn ein Unternehmen muss <strong>Klimarisiken erkennen<\/strong>, um sich zu verbessern.<\/p>\n\n\n\n<h3 class=\"wp-block-heading\">Zahlen zur Reduktion und zum Klimaschutz<\/h3>\n\n\n\n<p>Im Pariser Klimaabkommen werden klare Vorgaben gemacht, deren Einhaltung eine Erderw\u00e4rmung auf unter 2\u00b0 begrenzen k\u00f6nnen. Um <strong>unternehmenseigene Klimaziele<\/strong> zu erreichen, legen Wissenschaftler fundierte Berechnungen zugrunde, die den Klimaschutz definieren. Unternehmen erhalten somit Grundlagen, die beim Klimaschutz unterst\u00fctzen.<\/p>\n\n\n\n<h3 class=\"wp-block-heading\">So k\u00f6nnen Unternehmen ihren Fu\u00dfabdruck verringern<\/h3>\n\n\n\n<p>Unternehmen k\u00f6nnen auf verschiedene Ma\u00dfnahmen zur\u00fcckgreifen, um auf den Klimawandel zu reagieren und die Umwelt zu sch\u00fctzen. Zun\u00e4chst kann man die <strong>Energieeffizienz der Firmengeb\u00e4ude<\/strong> steigern, eine massive Bauweise und gute W\u00e4rmed\u00e4mmung sorgen f\u00fcr geringen W\u00e4rmeverlust bei Neubauten. Geb\u00e4ude, die zuverl\u00e4ssig vor Wind gesch\u00fctzt sind, vermeiden Feuchtigkeitssch\u00e4den, hier ist ein gutes L\u00fcftungskonzept angebracht. Die Nutzung von <strong>erneuerbaren Energien<\/strong> wie Solar- oder Photovoltaikanlagen spart Geld und schont die Umwelt.<\/p>\n\n\n\n<p>Vorhandene Maschinen, Anlagen oder verwendete Technologien m\u00fcssen \u00fcberdacht und an die neuen Gegebenheiten angepasst werden, auch ein <strong>Ausgleich von Emissionswerten<\/strong> durch Emissionszertifikate ist m\u00f6glich.<\/p>\n\n\n\n<p>Moderne Unternehmen entwickeln neue klimafreundliche Produkte oder verbessern ihren bestehenden Service. Denn nur ein <strong>verantwortungsvoller Umgang mit den Ressourcen<\/strong> erm\u00f6glicht ein klimafreundliches Handeln.&nbsp;<\/p>\n\n\n\n<p>Auch vorhandene <strong>Lieferketten<\/strong> m\u00fcssen \u00fcberdacht und angepasst werden. Die Logistik bietet gro\u00dfes Potenzial f\u00fcr Einsparungen von Emissionen. Hierzu kann man neue, klimafreundliche Fahrzeuge einsetzen oder seinen bestehenden <strong>Fuhrpark<\/strong> entsprechend aufr\u00fcsten.<\/p>\n\n\n\n<figure class=\"wp-block-gallery has-nested-images columns-default is-cropped wp-block-gallery-1 is-layout-flex wp-block-gallery-is-layout-flex\">\n<figure class=\"wp-block-image size-large\"><a href=\"https:\/\/www.wetter-center.de\/blog\/wp-content\/uploads\/2023\/06\/truck-3910170_1280.jpg\" data-rel=\"lightbox-image-0\" data-rl_title=\"\" data-rl_caption=\"\" title=\"\"><img loading=\"lazy\" decoding=\"async\" width=\"1024\" height=\"682\" data-id=\"16578\" src=\"https:\/\/www.wetter-center.de\/blog\/wp-content\/uploads\/2023\/06\/truck-3910170_1280-1024x682.jpg\" alt=\"\" class=\"wp-image-16578\" srcset=\"https:\/\/www.wetter-center.de\/blog\/wp-content\/uploads\/2023\/06\/truck-3910170_1280-1024x682.jpg 1024w, https:\/\/www.wetter-center.de\/blog\/wp-content\/uploads\/2023\/06\/truck-3910170_1280-300x200.jpg 300w, https:\/\/www.wetter-center.de\/blog\/wp-content\/uploads\/2023\/06\/truck-3910170_1280-768x512.jpg 768w, https:\/\/www.wetter-center.de\/blog\/wp-content\/uploads\/2023\/06\/truck-3910170_1280-600x400.jpg 600w, https:\/\/www.wetter-center.de\/blog\/wp-content\/uploads\/2023\/06\/truck-3910170_1280.jpg 1280w\" sizes=\"auto, (max-width: 1024px) 100vw, 1024px\" \/><\/a><\/figure>\n<\/figure>\n\n\n\n<h3 class=\"wp-block-heading\">Fahrzeuge mit GPS-Tracker ausstatten<\/h3>\n\n\n\n<p>Vorhandene Fahrzeuge in einem Unternehmen k\u00f6nnen zu jeder Zeit problemlos mit einem <strong>GPS-Tracker<\/strong> ausgestattet werden, um genaue Auswertungen aller Routen zu erhalten. Diese GPS-Daten erm\u00f6glichen eine exakte \u00dcbersicht und bieten eine gute Grundlage f\u00fcr Optimierungen der Lieferketten.<\/p>\n\n\n\n<h3 class=\"wp-block-heading\">Funktionsweise eines GPS-Trackers<\/h3>\n\n\n\n<p>GPS-Ger\u00e4te k\u00f6nnen die eigene Position und Geschwindigkeit ermitteln, hierzu werden globale Satellitensignale genutzt. Die <strong>Daten aller Fahrten werden<\/strong> mithilfe einer integrierten SIM-Karte vom Ger\u00e4t direkt an eine verbundene App gesendet, die alle Informationen visualisiert.<\/p>\n\n\n\n<p>So hat der Fuhrparkleiter eine gute \u00dcbersicht, \u00fcber alle gefahrenen Strecken, deren Dauer und kann den Verbrauch der Fahrzeuge im Auge behalten. Diese Daten sind eine hervorragende Basis, um <strong>Anpassungen in der Tourenplanung<\/strong> vorzunehmen, denn so k\u00f6nnen unn\u00f6tige Fahrten vermieden werden.<\/p>\n\n\n\n<h3 class=\"wp-block-heading\">GPS-Tracker im Fahrzeug<\/h3>\n\n\n\n<p>Damit das Ger\u00e4t im Wagen konstant die ben\u00f6tigten Daten sendet, ben\u00f6tigt es Energie. Hierzu kann man einen Tracker w\u00e4hlen, der regelm\u00e4\u00dfig aufgeladen werden muss. Noch praktischer f\u00fcr dieses Vorhaben sind jedoch Modelle, die <strong>fest im Fahrzeug eingebaut<\/strong> und mit dem Strom des Wagens verbunden werden. So entf\u00e4llt l\u00e4stiges Aufladen und das GPS-Ger\u00e4t kann ununterbrochen die ben\u00f6tigten Informationen senden.<\/p>\n\n\n\n<h3 class=\"wp-block-heading\">Speicherung aller Strecken<\/h3>\n\n\n\n<p>Die <strong>Berechnungen des Trackers<\/strong> werden auf dem Server des Anbieters gespeichert, so hat das Management im Benutzerkonto einen \u00dcberblick \u00fcber alle GPS-Ger\u00e4te des Unternehmens. Die gesammelten Informationen k\u00f6nnen zu jedem Zeitpunkt eingesehen und nach Wunsch ausgewertet werden. Sie bieten eine Grundlage f\u00fcr Anpassungen der Routen, <strong>Optimierung der Auslastung<\/strong> aller Fahrzeuge und erm\u00f6glichen dem Unternehmen neue Wege in die Digitalisierung.<\/p>\n\n\n\n<hr class=\"wp-block-separator has-alpha-channel-opacity\"\/>\n\n\n\n\n\n<hr class=\"wp-block-separator has-alpha-channel-opacity\"\/>\n\n\n\n<h3 class=\"wp-block-heading\">Digitales Fahrtenbuch<\/h3>\n\n\n\n<p>Die F\u00fchrung eines Fahrtenbuches geh\u00f6rt f\u00fcr viele Unternehmen zum Alltag, diese Aufgabe ist zwar l\u00e4stig und kostet viel Zeit, sie erleichtert jedoch die Rechtfertigung gegen\u00fcber dem Finanzamt. Mittlerweile ist es in vielen F\u00e4llen m\u00f6glich, ein <a href=\"https:\/\/www.paj-gps.de\/fahrtenbuch\/\" target=\"_blank\" rel=\"noreferrer noopener\"><strong>Fahrtenbuch digital<\/strong><\/a> zu f\u00fchren. Das ist besonders dann sinnvoll, wenn die Fahrzeuge des Fuhrparks ohnehin mit GPS-Ger\u00e4ten aufger\u00fcstet werden. Denn ein GPS-Tracker erfasst genau die Informationen, die sowieso ins Fahrtenbuch geh\u00f6ren. Der Tracker ermittelt bei jeder Strecke den Beginn und das Ende der Fahrt, zus\u00e4tzlich notiert er die Dauer, die Kilometerzahl und das Ziel. In der App des Trackers muss lediglich zu Beginn jedes Fahrzeug eingetragen werden, Eckdaten des Wagens, Informationen zum Fahrer und der aktuelle Kilometerstand. Anhand dieser Daten kann die Software des Trackers nun das <strong>digitale Fahrtenbuch<\/strong> f\u00fchren, die Mitarbeiter m\u00fcssen nun nicht mehr <strong>jede Fahrt<\/strong> handschriftlich notieren.<\/p>\n\n\n\n<p>Ein weiterer Vorteil: Auch die Arbeitszeiten der Fahrer werden so sicher erfasst, denn das Fahrtenbuch ist manipulationssicher, die Informationen werden direkt auf dem Server gespeichert. Innerhalb der <strong>Software<\/strong> kann das Management auf Wunsch Ausz\u00fcge in Form einer PDF anfordern und diese dann an das zust\u00e4ndige <strong>Finanzamt<\/strong> \u00fcbermitteln.<\/p>\n\n\n\n<h3 class=\"wp-block-heading\">Routenplanung optimieren<\/h3>\n\n\n\n<p>Mithilfe von Informationen zu jeder Fahrt, kann der Fuhrpark des Unternehmens <strong>optimiert und angepasst<\/strong> werden. Schnell ist ersichtlich, wie gut die Planung und die Auslastung der Fahrzeuge sind. Anhand dieser Daten k\u00f6nnen zuk\u00fcnftige Routenplanungen und der logistische Aufwand geplant werden, Leerfahrten oder doppelte Wege werden nachhaltig vermieden. Diese Punkte schonen Ressourcen, da vorhandene Fahrzeuge gesch\u00fctzt werden, zudem kann man den Kraftstoffverbrauch nachhaltig reduzieren, das wirkt sich positiv auf die <a href=\"https:\/\/www.co2online.de\/glossar\/de\/default\/definition\/klimabilanz\/\" target=\"_blank\" rel=\"noreferrer noopener\"><strong>Klimabilanz <\/strong><\/a><strong>des Unternehmens<\/strong> aus.<\/p>\n\n\n\n<p>Je nach Ausstattung des Wagens ist auch eine <strong>Kommunikation mit dem Fahrer<\/strong> m\u00f6glich, das ist besonders bei spontanen \u00c4nderungen oder Hindernissen im Verkehr sinnvoll. Wenn es zu einem Stau oder einer Sperrung kommt, kann die Fuhrparkleitung Kontakt mit dem Fahrer aufnehmen, um ihm eine alternative Route zu nennen.<\/p>\n\n\n\n<p>Innerhalb der App kann jedes vernetzte <strong>Fahrzeug verfolgt<\/strong> und \u00fcberwacht werden, sie sind ein gutes Tool f\u00fcr Unternehmen, um <strong>unn\u00f6tige Fahrten zu vermeiden<\/strong> und wichtige Ressourcen zu schonen. Das gilt nicht nur f\u00fcr Kraftstoffe, auch Verschlei\u00dfteile sowie Personal profitieren von einer <strong>Verbesserung der Abl\u00e4ufe im Betrieb<\/strong>.<\/p>\n","protected":false},"excerpt":{"rendered":"<p>Das Thema Nachhaltigkeit steht im Fokus f\u00fcr Verbraucher und Unternehmen, wir wollen uns immer weiterentwickeln und den Weg f\u00fcr die Zukunft ebnen. Jedoch stehen die Schonung der Ressourcen und der Schutz der Umwelt im&#46;&#46;&#46;<\/p>\n","protected":false},"author":1,"featured_media":16578,"comment_status":"open","ping_status":"open","sticky":false,"template":"","format":"standard","meta":{"footnotes":""},"categories":[1],"tags":[],"class_list":["post-16577","post","type-post","status-publish","format-standard","has-post-thumbnail","hentry","category-allgemein"],"yoast_head":"<!-- This site is optimized with the Yoast SEO plugin v25.5 - https:\/\/yoast.com\/wordpress\/plugins\/seo\/ -->\n<title>Wie Gesch\u00e4fte auf den Klimawandel reagieren und ihren CO2-Aussto\u00df verringern wollen - Wetter-Center.de<\/title>\n<meta name=\"robots\" content=\"index, follow, max-snippet:-1, max-image-preview:large, max-video-preview:-1\" \/>\n<link rel=\"canonical\" href=\"https:\/\/www.wetter-center.de\/blog\/wie-geschaefte-auf-den-klimawandel-reagieren-und-ihren-co2-ausstoss-verringern-wollen\/\" \/>\n<meta property=\"og:locale\" content=\"de_DE\" \/>\n<meta property=\"og:type\" content=\"article\" \/>\n<meta property=\"og:title\" content=\"Wie Gesch\u00e4fte auf den Klimawandel reagieren und ihren CO2-Aussto\u00df verringern wollen - Wetter-Center.de\" \/>\n<meta property=\"og:description\" content=\"Das Thema Nachhaltigkeit steht im Fokus f\u00fcr Verbraucher und Unternehmen, wir wollen uns immer weiterentwickeln und den Weg f\u00fcr die Zukunft ebnen. Jedoch stehen die Schonung der Ressourcen und der Schutz der Umwelt im&#046;&#046;&#046;\" \/>\n<meta property=\"og:url\" content=\"https:\/\/www.wetter-center.de\/blog\/wie-geschaefte-auf-den-klimawandel-reagieren-und-ihren-co2-ausstoss-verringern-wollen\/\" \/>\n<meta property=\"og:site_name\" content=\"Wetter-Center.de\" \/>\n<meta property=\"article:publisher\" content=\"https:\/\/www.facebook.com\/WetterUndKlima\" \/>\n<meta property=\"article:author\" content=\"https:\/\/www.facebook.com\/WetterUndKlima\" \/>\n<meta property=\"article:published_time\" content=\"2023-06-15T21:00:00+00:00\" \/>\n<meta property=\"article:modified_time\" content=\"2023-06-16T22:29:40+00:00\" \/>\n<meta property=\"og:image\" content=\"https:\/\/www.wetter-center.de\/blog\/wp-content\/uploads\/2023\/06\/truck-3910170_1280.jpg\" \/>\n\t<meta property=\"og:image:width\" content=\"1280\" \/>\n\t<meta property=\"og:image:height\" content=\"853\" \/>\n\t<meta property=\"og:image:type\" content=\"image\/jpeg\" \/>\n<meta name=\"author\" content=\"meteomara\" \/>\n<meta name=\"twitter:card\" content=\"summary_large_image\" \/>\n<meta name=\"twitter:creator\" content=\"@https:\/\/twitter.com\/meteomara\" \/>\n<meta name=\"twitter:site\" content=\"@meteomara\" \/>\n<meta name=\"twitter:label1\" content=\"Geschrieben von\" \/>\n\t<meta name=\"twitter:data1\" content=\"meteomara\" \/>\n\t<meta name=\"twitter:label2\" content=\"Gesch\u00e4tzte Lesezeit\" \/>\n\t<meta name=\"twitter:data2\" content=\"6\u00a0Minuten\" \/>\n<script type=\"application\/ld+json\" class=\"yoast-schema-graph\">{\"@context\":\"https:\/\/schema.org\",\"@graph\":[{\"@type\":\"Article\",\"@id\":\"https:\/\/www.wetter-center.de\/blog\/wie-geschaefte-auf-den-klimawandel-reagieren-und-ihren-co2-ausstoss-verringern-wollen\/#article\",\"isPartOf\":{\"@id\":\"https:\/\/www.wetter-center.de\/blog\/wie-geschaefte-auf-den-klimawandel-reagieren-und-ihren-co2-ausstoss-verringern-wollen\/\"},\"author\":{\"name\":\"meteomara\",\"@id\":\"https:\/\/www.wetter-center.de\/blog\/#\/schema\/person\/6c69612ad4763a699cd157cfbbfa6667\"},\"headline\":\"Wie Gesch\u00e4fte auf den Klimawandel reagieren und ihren CO2-Aussto\u00df verringern wollen\",\"datePublished\":\"2023-06-15T21:00:00+00:00\",\"dateModified\":\"2023-06-16T22:29:40+00:00\",\"mainEntityOfPage\":{\"@id\":\"https:\/\/www.wetter-center.de\/blog\/wie-geschaefte-auf-den-klimawandel-reagieren-und-ihren-co2-ausstoss-verringern-wollen\/\"},\"wordCount\":1010,\"commentCount\":0,\"publisher\":{\"@id\":\"https:\/\/www.wetter-center.de\/blog\/#\/schema\/person\/6c69612ad4763a699cd157cfbbfa6667\"},\"image\":{\"@id\":\"https:\/\/www.wetter-center.de\/blog\/wie-geschaefte-auf-den-klimawandel-reagieren-und-ihren-co2-ausstoss-verringern-wollen\/#primaryimage\"},\"thumbnailUrl\":\"https:\/\/www.wetter-center.de\/blog\/wp-content\/uploads\/2023\/06\/truck-3910170_1280.jpg\",\"inLanguage\":\"de\",\"potentialAction\":[{\"@type\":\"CommentAction\",\"name\":\"Comment\",\"target\":[\"https:\/\/www.wetter-center.de\/blog\/wie-geschaefte-auf-den-klimawandel-reagieren-und-ihren-co2-ausstoss-verringern-wollen\/#respond\"]}]},{\"@type\":\"WebPage\",\"@id\":\"https:\/\/www.wetter-center.de\/blog\/wie-geschaefte-auf-den-klimawandel-reagieren-und-ihren-co2-ausstoss-verringern-wollen\/\",\"url\":\"https:\/\/www.wetter-center.de\/blog\/wie-geschaefte-auf-den-klimawandel-reagieren-und-ihren-co2-ausstoss-verringern-wollen\/\",\"name\":\"Wie Gesch\u00e4fte auf den Klimawandel reagieren und ihren CO2-Aussto\u00df verringern wollen - Wetter-Center.de\",\"isPartOf\":{\"@id\":\"https:\/\/www.wetter-center.de\/blog\/#website\"},\"primaryImageOfPage\":{\"@id\":\"https:\/\/www.wetter-center.de\/blog\/wie-geschaefte-auf-den-klimawandel-reagieren-und-ihren-co2-ausstoss-verringern-wollen\/#primaryimage\"},\"image\":{\"@id\":\"https:\/\/www.wetter-center.de\/blog\/wie-geschaefte-auf-den-klimawandel-reagieren-und-ihren-co2-ausstoss-verringern-wollen\/#primaryimage\"},\"thumbnailUrl\":\"https:\/\/www.wetter-center.de\/blog\/wp-content\/uploads\/2023\/06\/truck-3910170_1280.jpg\",\"datePublished\":\"2023-06-15T21:00:00+00:00\",\"dateModified\":\"2023-06-16T22:29:40+00:00\",\"breadcrumb\":{\"@id\":\"https:\/\/www.wetter-center.de\/blog\/wie-geschaefte-auf-den-klimawandel-reagieren-und-ihren-co2-ausstoss-verringern-wollen\/#breadcrumb\"},\"inLanguage\":\"de\",\"potentialAction\":[{\"@type\":\"ReadAction\",\"target\":[\"https:\/\/www.wetter-center.de\/blog\/wie-geschaefte-auf-den-klimawandel-reagieren-und-ihren-co2-ausstoss-verringern-wollen\/\"]}]},{\"@type\":\"ImageObject\",\"inLanguage\":\"de\",\"@id\":\"https:\/\/www.wetter-center.de\/blog\/wie-geschaefte-auf-den-klimawandel-reagieren-und-ihren-co2-ausstoss-verringern-wollen\/#primaryimage\",\"url\":\"https:\/\/www.wetter-center.de\/blog\/wp-content\/uploads\/2023\/06\/truck-3910170_1280.jpg\",\"contentUrl\":\"https:\/\/www.wetter-center.de\/blog\/wp-content\/uploads\/2023\/06\/truck-3910170_1280.jpg\",\"width\":1280,\"height\":853},{\"@type\":\"BreadcrumbList\",\"@id\":\"https:\/\/www.wetter-center.de\/blog\/wie-geschaefte-auf-den-klimawandel-reagieren-und-ihren-co2-ausstoss-verringern-wollen\/#breadcrumb\",\"itemListElement\":[{\"@type\":\"ListItem\",\"position\":1,\"name\":\"Startseite\",\"item\":\"https:\/\/www.wetter-center.de\/blog\/\"},{\"@type\":\"ListItem\",\"position\":2,\"name\":\"Wie Gesch\u00e4fte auf den Klimawandel reagieren und ihren CO2-Aussto\u00df verringern wollen\"}]},{\"@type\":\"WebSite\",\"@id\":\"https:\/\/www.wetter-center.de\/blog\/#website\",\"url\":\"https:\/\/www.wetter-center.de\/blog\/\",\"name\":\"Wetter-Center.de\",\"description\":\"\",\"publisher\":{\"@id\":\"https:\/\/www.wetter-center.de\/blog\/#\/schema\/person\/6c69612ad4763a699cd157cfbbfa6667\"},\"potentialAction\":[{\"@type\":\"SearchAction\",\"target\":{\"@type\":\"EntryPoint\",\"urlTemplate\":\"https:\/\/www.wetter-center.de\/blog\/?s={search_term_string}\"},\"query-input\":{\"@type\":\"PropertyValueSpecification\",\"valueRequired\":true,\"valueName\":\"search_term_string\"}}],\"inLanguage\":\"de\"},{\"@type\":[\"Person\",\"Organization\"],\"@id\":\"https:\/\/www.wetter-center.de\/blog\/#\/schema\/person\/6c69612ad4763a699cd157cfbbfa6667\",\"name\":\"meteomara\",\"image\":{\"@type\":\"ImageObject\",\"inLanguage\":\"de\",\"@id\":\"https:\/\/www.wetter-center.de\/blog\/#\/schema\/person\/image\/\",\"url\":\"https:\/\/www.wetter-center.de\/blog\/wp-content\/uploads\/2022\/08\/sky-1551171_1280.jpg\",\"contentUrl\":\"https:\/\/www.wetter-center.de\/blog\/wp-content\/uploads\/2022\/08\/sky-1551171_1280.jpg\",\"width\":1280,\"height\":643,\"caption\":\"meteomara\"},\"logo\":{\"@id\":\"https:\/\/www.wetter-center.de\/blog\/#\/schema\/person\/image\/\"},\"sameAs\":[\"https:\/\/www.facebook.com\/WetterUndKlima\",\"https:\/\/www.instagram.com\/wettercenterde\/\",\"https:\/\/x.com\/https:\/\/twitter.com\/meteomara\"],\"url\":\"https:\/\/www.wetter-center.de\/blog\/author\/meteomara\/\"}]}<\/script>\n<!-- \/ Yoast SEO plugin. -->","yoast_head_json":{"title":"Wie Gesch\u00e4fte auf den Klimawandel reagieren und ihren CO2-Aussto\u00df verringern wollen - Wetter-Center.de","robots":{"index":"index","follow":"follow","max-snippet":"max-snippet:-1","max-image-preview":"max-image-preview:large","max-video-preview":"max-video-preview:-1"},"canonical":"https:\/\/www.wetter-center.de\/blog\/wie-geschaefte-auf-den-klimawandel-reagieren-und-ihren-co2-ausstoss-verringern-wollen\/","og_locale":"de_DE","og_type":"article","og_title":"Wie Gesch\u00e4fte auf den Klimawandel reagieren und ihren CO2-Aussto\u00df verringern wollen - Wetter-Center.de","og_description":"Das Thema Nachhaltigkeit steht im Fokus f\u00fcr Verbraucher und Unternehmen, wir wollen uns immer weiterentwickeln und den Weg f\u00fcr die Zukunft ebnen. Jedoch stehen die Schonung der Ressourcen und der Schutz der Umwelt im&#46;&#46;&#46;","og_url":"https:\/\/www.wetter-center.de\/blog\/wie-geschaefte-auf-den-klimawandel-reagieren-und-ihren-co2-ausstoss-verringern-wollen\/","og_site_name":"Wetter-Center.de","article_publisher":"https:\/\/www.facebook.com\/WetterUndKlima","article_author":"https:\/\/www.facebook.com\/WetterUndKlima","article_published_time":"2023-06-15T21:00:00+00:00","article_modified_time":"2023-06-16T22:29:40+00:00","og_image":[{"width":1280,"height":853,"url":"https:\/\/www.wetter-center.de\/blog\/wp-content\/uploads\/2023\/06\/truck-3910170_1280.jpg","type":"image\/jpeg"}],"author":"meteomara","twitter_card":"summary_large_image","twitter_creator":"@https:\/\/twitter.com\/meteomara","twitter_site":"@meteomara","twitter_misc":{"Geschrieben von":"meteomara","Gesch\u00e4tzte Lesezeit":"6\u00a0Minuten"},"schema":{"@context":"https:\/\/schema.org","@graph":[{"@type":"Article","@id":"https:\/\/www.wetter-center.de\/blog\/wie-geschaefte-auf-den-klimawandel-reagieren-und-ihren-co2-ausstoss-verringern-wollen\/#article","isPartOf":{"@id":"https:\/\/www.wetter-center.de\/blog\/wie-geschaefte-auf-den-klimawandel-reagieren-und-ihren-co2-ausstoss-verringern-wollen\/"},"author":{"name":"meteomara","@id":"https:\/\/www.wetter-center.de\/blog\/#\/schema\/person\/6c69612ad4763a699cd157cfbbfa6667"},"headline":"Wie Gesch\u00e4fte auf den Klimawandel reagieren und ihren CO2-Aussto\u00df verringern wollen","datePublished":"2023-06-15T21:00:00+00:00","dateModified":"2023-06-16T22:29:40+00:00","mainEntityOfPage":{"@id":"https:\/\/www.wetter-center.de\/blog\/wie-geschaefte-auf-den-klimawandel-reagieren-und-ihren-co2-ausstoss-verringern-wollen\/"},"wordCount":1010,"commentCount":0,"publisher":{"@id":"https:\/\/www.wetter-center.de\/blog\/#\/schema\/person\/6c69612ad4763a699cd157cfbbfa6667"},"image":{"@id":"https:\/\/www.wetter-center.de\/blog\/wie-geschaefte-auf-den-klimawandel-reagieren-und-ihren-co2-ausstoss-verringern-wollen\/#primaryimage"},"thumbnailUrl":"https:\/\/www.wetter-center.de\/blog\/wp-content\/uploads\/2023\/06\/truck-3910170_1280.jpg","inLanguage":"de","potentialAction":[{"@type":"CommentAction","name":"Comment","target":["https:\/\/www.wetter-center.de\/blog\/wie-geschaefte-auf-den-klimawandel-reagieren-und-ihren-co2-ausstoss-verringern-wollen\/#respond"]}]},{"@type":"WebPage","@id":"https:\/\/www.wetter-center.de\/blog\/wie-geschaefte-auf-den-klimawandel-reagieren-und-ihren-co2-ausstoss-verringern-wollen\/","url":"https:\/\/www.wetter-center.de\/blog\/wie-geschaefte-auf-den-klimawandel-reagieren-und-ihren-co2-ausstoss-verringern-wollen\/","name":"Wie Gesch\u00e4fte auf den Klimawandel reagieren und ihren CO2-Aussto\u00df verringern wollen - Wetter-Center.de","isPartOf":{"@id":"https:\/\/www.wetter-center.de\/blog\/#website"},"primaryImageOfPage":{"@id":"https:\/\/www.wetter-center.de\/blog\/wie-geschaefte-auf-den-klimawandel-reagieren-und-ihren-co2-ausstoss-verringern-wollen\/#primaryimage"},"image":{"@id":"https:\/\/www.wetter-center.de\/blog\/wie-geschaefte-auf-den-klimawandel-reagieren-und-ihren-co2-ausstoss-verringern-wollen\/#primaryimage"},"thumbnailUrl":"https:\/\/www.wetter-center.de\/blog\/wp-content\/uploads\/2023\/06\/truck-3910170_1280.jpg","datePublished":"2023-06-15T21:00:00+00:00","dateModified":"2023-06-16T22:29:40+00:00","breadcrumb":{"@id":"https:\/\/www.wetter-center.de\/blog\/wie-geschaefte-auf-den-klimawandel-reagieren-und-ihren-co2-ausstoss-verringern-wollen\/#breadcrumb"},"inLanguage":"de","potentialAction":[{"@type":"ReadAction","target":["https:\/\/www.wetter-center.de\/blog\/wie-geschaefte-auf-den-klimawandel-reagieren-und-ihren-co2-ausstoss-verringern-wollen\/"]}]},{"@type":"ImageObject","inLanguage":"de","@id":"https:\/\/www.wetter-center.de\/blog\/wie-geschaefte-auf-den-klimawandel-reagieren-und-ihren-co2-ausstoss-verringern-wollen\/#primaryimage","url":"https:\/\/www.wetter-center.de\/blog\/wp-content\/uploads\/2023\/06\/truck-3910170_1280.jpg","contentUrl":"https:\/\/www.wetter-center.de\/blog\/wp-content\/uploads\/2023\/06\/truck-3910170_1280.jpg","width":1280,"height":853},{"@type":"BreadcrumbList","@id":"https:\/\/www.wetter-center.de\/blog\/wie-geschaefte-auf-den-klimawandel-reagieren-und-ihren-co2-ausstoss-verringern-wollen\/#breadcrumb","itemListElement":[{"@type":"ListItem","position":1,"name":"Startseite","item":"https:\/\/www.wetter-center.de\/blog\/"},{"@type":"ListItem","position":2,"name":"Wie Gesch\u00e4fte auf den Klimawandel reagieren und ihren CO2-Aussto\u00df verringern wollen"}]},{"@type":"WebSite","@id":"https:\/\/www.wetter-center.de\/blog\/#website","url":"https:\/\/www.wetter-center.de\/blog\/","name":"Wetter-Center.de","description":"","publisher":{"@id":"https:\/\/www.wetter-center.de\/blog\/#\/schema\/person\/6c69612ad4763a699cd157cfbbfa6667"},"potentialAction":[{"@type":"SearchAction","target":{"@type":"EntryPoint","urlTemplate":"https:\/\/www.wetter-center.de\/blog\/?s={search_term_string}"},"query-input":{"@type":"PropertyValueSpecification","valueRequired":true,"valueName":"search_term_string"}}],"inLanguage":"de"},{"@type":["Person","Organization"],"@id":"https:\/\/www.wetter-center.de\/blog\/#\/schema\/person\/6c69612ad4763a699cd157cfbbfa6667","name":"meteomara","image":{"@type":"ImageObject","inLanguage":"de","@id":"https:\/\/www.wetter-center.de\/blog\/#\/schema\/person\/image\/","url":"https:\/\/www.wetter-center.de\/blog\/wp-content\/uploads\/2022\/08\/sky-1551171_1280.jpg","contentUrl":"https:\/\/www.wetter-center.de\/blog\/wp-content\/uploads\/2022\/08\/sky-1551171_1280.jpg","width":1280,"height":643,"caption":"meteomara"},"logo":{"@id":"https:\/\/www.wetter-center.de\/blog\/#\/schema\/person\/image\/"},"sameAs":["https:\/\/www.facebook.com\/WetterUndKlima","https:\/\/www.instagram.com\/wettercenterde\/","https:\/\/x.com\/https:\/\/twitter.com\/meteomara"],"url":"https:\/\/www.wetter-center.de\/blog\/author\/meteomara\/"}]}},"amp_enabled":true,"_links":{"self":[{"href":"https:\/\/www.wetter-center.de\/blog\/wp-json\/wp\/v2\/posts\/16577","targetHints":{"allow":["GET"]}}],"collection":[{"href":"https:\/\/www.wetter-center.de\/blog\/wp-json\/wp\/v2\/posts"}],"about":[{"href":"https:\/\/www.wetter-center.de\/blog\/wp-json\/wp\/v2\/types\/post"}],"author":[{"embeddable":true,"href":"https:\/\/www.wetter-center.de\/blog\/wp-json\/wp\/v2\/users\/1"}],"replies":[{"embeddable":true,"href":"https:\/\/www.wetter-center.de\/blog\/wp-json\/wp\/v2\/comments?post=16577"}],"version-history":[{"count":2,"href":"https:\/\/www.wetter-center.de\/blog\/wp-json\/wp\/v2\/posts\/16577\/revisions"}],"predecessor-version":[{"id":16580,"href":"https:\/\/www.wetter-center.de\/blog\/wp-json\/wp\/v2\/posts\/16577\/revisions\/16580"}],"wp:featuredmedia":[{"embeddable":true,"href":"https:\/\/www.wetter-center.de\/blog\/wp-json\/wp\/v2\/media\/16578"}],"wp:attachment":[{"href":"https:\/\/www.wetter-center.de\/blog\/wp-json\/wp\/v2\/media?parent=16577"}],"wp:term":[{"taxonomy":"category","embeddable":true,"href":"https:\/\/www.wetter-center.de\/blog\/wp-json\/wp\/v2\/categories?post=16577"},{"taxonomy":"post_tag","embeddable":true,"href":"https:\/\/www.wetter-center.de\/blog\/wp-json\/wp\/v2\/tags?post=16577"}],"curies":[{"name":"wp","href":"https:\/\/api.w.org\/{rel}","templated":true}]}}