{"id":1604,"date":"2016-07-04T22:20:34","date_gmt":"2016-07-04T20:20:34","guid":{"rendered":"http:\/\/www.wetter-center.de\/blog\/?p=1604"},"modified":"2016-07-04T22:22:49","modified_gmt":"2016-07-04T20:22:49","slug":"das-geheimnis-des-kalten-blobs-im-nordatlantik","status":"publish","type":"post","link":"https:\/\/www.wetter-center.de\/blog\/das-geheimnis-des-kalten-blobs-im-nordatlantik\/","title":{"rendered":"Das Geheimnis des kalten Blobs im Nordatlantik"},"content":{"rendered":"<p>Im n\u00f6rdlichen Atlantischen Ozean gibt es seit geraumer Zeit schon eine negative Temperaturanomalie, die zahlreiche Klimaforscher zu Spekulationen\u00a0\u00fcber deren Ursachen angeregt hat.\u00a0Wissenschaftler des K\u00f6niglichen Niederl\u00e4ndischen Instituts f\u00fcr Meeresforschung wollen jetzt <a href=\"http:\/\/onlinelibrary.wiley.com\/doi\/10.1002\/2016GL069596\/full\" target=\"_blank\">die Ursache<\/a> gefunden haben.<\/p>\n<p>Bisher sah\u00a0eine Reihe von Klimaforschern die Ursache f\u00fcr diese Anomalie in der\u00a0Globalen Erw\u00e4rmung. Diese verursacht das Abschmelzen des Eisschildes in <a href=\"http:\/\/www.wetter-center.de\/blog\/?p=887\">Gr\u00f6nland<\/a>, wodurch leichteres S\u00fc\u00dfwasser in die Region s\u00fcdlich von Gr\u00f6nland gelangt. Als Folge davon soll sich die <a href=\"https:\/\/de.m.wikipedia.org\/wiki\/Thermohaline_Zirkulation\" target=\"_blank\">thermohaline Zirkulation<\/a>\u00a0im Nordatlantik verlangsamen und der Nordatlantikstrom,\u00a0die Verl\u00e4ngerung des Golfstromes bis s\u00fcdlich von Island\u00a0soll sich abschw\u00e4chen.<\/p>\n<p><a href=\"http:\/\/www.wetter-center.de\/blog\/wp-content\/uploads\/2016\/07\/201601-201603.gif\" data-rel=\"lightbox-image-0\" data-rl_title=\"\" data-rl_caption=\"\" title=\"\"><img loading=\"lazy\" decoding=\"async\" class=\"alignnone wp-image-1606\" src=\"http:\/\/www.wetter-center.de\/blog\/wp-content\/uploads\/2016\/07\/201601-201603.gif\" alt=\"Temperaturanomalie Jan-M\u00e4r 2016\" width=\"500\" height=\"387\" \/><\/a><\/p>\n<p>Doch die niederl\u00e4ndischen Forscher bezweifeln diese Theorie. Anhand von Messungen mit\u00a0<a href=\"http:\/\/www.wetter-center.de\/blog\/?p=795\">Tiefseebojen<\/a>, die in dieser Region\u00a0in den Jahren 2003 bis 2015 bis in 1,5 km Meerestiefe vorgenommen wurden, konnte festgestellt werden, dass ungew\u00f6hnlich\u00a0starke\u00a0Vertikalbewegungen im Nordatlantik, sogenannten <strong>Tiefenkonvektion<\/strong> zu einem Austausch von Oberfl\u00e4chen- und Tiefenwasser und damit zu einer Abk\u00fchlung an der Meersoberfl\u00e4che gef\u00fchrt hat.<\/p>\n<p>Die Forscher sehen die Ursache in einer nat\u00fcrlichen Variation der atmosph\u00e4rischen Zirkulation \u00fcber der Region und somit als <strong>nat\u00fcrliche Variabilit\u00e4t<\/strong> des Klimasystems, damit widersprechen sie der bisherigen These, die das Abschmelzen des Gr\u00f6nlandeises verantwortlich macht. Die gewonnenen Messwerte sind auch wichtig f\u00fcr\u00a0die Verbesserung von\u00a0Ozeanmodellen, die bisher Tiefenkonvektion im Ozean in diesem Ausma\u00dfe nicht simulieren kann.<\/p>\n<p>Auch andere Studien zweifeln an der Gr\u00f6nlandeis-Theorie. So ist heftig\u00a0umstritten, ob das S\u00fcdwasser aus den bisher <strong>abgeschmolzenen\u00a0Eismassen<\/strong> \u00fcberhaupt ausreichen, um die thermohaline Zirklulation und damit den Nordatlantikstrom zu beeinflussen.<\/p>\n<p>Quelle Grafik:\u00a0<a href=\"https:\/\/www.ncdc.noaa.gov\/sotc\/global\/201603\">ncdc.noaa.gov<\/a><\/p>\n","protected":false},"excerpt":{"rendered":"<p>Im n\u00f6rdlichen Atlantischen Ozean gibt es seit geraumer Zeit schon eine negative Temperaturanomalie, die zahlreiche Klimaforscher zu Spekulationen\u00a0\u00fcber deren Ursachen angeregt hat.\u00a0Wissenschaftler des K\u00f6niglichen Niederl\u00e4ndischen Instituts f\u00fcr Meeresforschung wollen jetzt die Ursache gefunden haben.&#46;&#46;&#46;<\/p>\n","protected":false},"author":1,"featured_media":1606,"comment_status":"open","ping_status":"open","sticky":false,"template":"","format":"standard","meta":{"footnotes":""},"categories":[15,4],"tags":[49,26,37,11,35],"class_list":["post-1604","post","type-post","status-publish","format-standard","has-post-thumbnail","hentry","category-forschung","category-klimawandel","tag-atlantik","tag-globale-erwaermung","tag-groenland","tag-klima","tag-meeresstroemung"],"yoast_head":"<!-- This site is optimized with the Yoast SEO plugin v25.5 - https:\/\/yoast.com\/wordpress\/plugins\/seo\/ -->\n<title>Das Geheimnis des kalten Blobs im Nordatlantik - Wetter-Center.de<\/title>\n<meta name=\"robots\" content=\"index, follow, max-snippet:-1, max-image-preview:large, max-video-preview:-1\" \/>\n<link rel=\"canonical\" href=\"https:\/\/www.wetter-center.de\/blog\/das-geheimnis-des-kalten-blobs-im-nordatlantik\/\" \/>\n<meta property=\"og:locale\" content=\"de_DE\" \/>\n<meta property=\"og:type\" content=\"article\" \/>\n<meta property=\"og:title\" content=\"Das Geheimnis des kalten Blobs im Nordatlantik - Wetter-Center.de\" \/>\n<meta property=\"og:description\" content=\"Im n\u00f6rdlichen Atlantischen Ozean gibt es seit geraumer Zeit schon eine negative Temperaturanomalie, die zahlreiche Klimaforscher zu Spekulationen\u00a0\u00fcber deren Ursachen angeregt hat.\u00a0Wissenschaftler des K\u00f6niglichen Niederl\u00e4ndischen Instituts f\u00fcr Meeresforschung wollen jetzt die Ursache gefunden haben.&#046;&#046;&#046;\" \/>\n<meta property=\"og:url\" content=\"https:\/\/www.wetter-center.de\/blog\/das-geheimnis-des-kalten-blobs-im-nordatlantik\/\" \/>\n<meta property=\"og:site_name\" content=\"Wetter-Center.de\" \/>\n<meta property=\"article:publisher\" content=\"https:\/\/www.facebook.com\/WetterUndKlima\" \/>\n<meta property=\"article:author\" content=\"https:\/\/www.facebook.com\/WetterUndKlima\" \/>\n<meta property=\"article:published_time\" content=\"2016-07-04T20:20:34+00:00\" \/>\n<meta property=\"article:modified_time\" content=\"2016-07-04T20:22:49+00:00\" \/>\n<meta property=\"og:image\" content=\"https:\/\/www.wetter-center.de\/blog\/wp-content\/uploads\/2016\/07\/201601-201603.gif\" \/>\n\t<meta property=\"og:image:width\" content=\"990\" \/>\n\t<meta property=\"og:image:height\" content=\"766\" \/>\n\t<meta property=\"og:image:type\" content=\"image\/gif\" \/>\n<meta name=\"author\" content=\"meteomara\" \/>\n<meta name=\"twitter:card\" content=\"summary_large_image\" \/>\n<meta name=\"twitter:creator\" content=\"@https:\/\/twitter.com\/meteomara\" \/>\n<meta name=\"twitter:site\" content=\"@meteomara\" \/>\n<meta name=\"twitter:label1\" content=\"Geschrieben von\" \/>\n\t<meta name=\"twitter:data1\" content=\"meteomara\" \/>\n\t<meta name=\"twitter:label2\" content=\"Gesch\u00e4tzte Lesezeit\" \/>\n\t<meta name=\"twitter:data2\" content=\"1\u00a0Minute\" \/>\n<script type=\"application\/ld+json\" class=\"yoast-schema-graph\">{\"@context\":\"https:\/\/schema.org\",\"@graph\":[{\"@type\":\"Article\",\"@id\":\"https:\/\/www.wetter-center.de\/blog\/das-geheimnis-des-kalten-blobs-im-nordatlantik\/#article\",\"isPartOf\":{\"@id\":\"https:\/\/www.wetter-center.de\/blog\/das-geheimnis-des-kalten-blobs-im-nordatlantik\/\"},\"author\":{\"name\":\"meteomara\",\"@id\":\"https:\/\/www.wetter-center.de\/blog\/#\/schema\/person\/6c69612ad4763a699cd157cfbbfa6667\"},\"headline\":\"Das Geheimnis des kalten Blobs im Nordatlantik\",\"datePublished\":\"2016-07-04T20:20:34+00:00\",\"dateModified\":\"2016-07-04T20:22:49+00:00\",\"mainEntityOfPage\":{\"@id\":\"https:\/\/www.wetter-center.de\/blog\/das-geheimnis-des-kalten-blobs-im-nordatlantik\/\"},\"wordCount\":276,\"commentCount\":0,\"publisher\":{\"@id\":\"https:\/\/www.wetter-center.de\/blog\/#\/schema\/person\/6c69612ad4763a699cd157cfbbfa6667\"},\"image\":{\"@id\":\"https:\/\/www.wetter-center.de\/blog\/das-geheimnis-des-kalten-blobs-im-nordatlantik\/#primaryimage\"},\"thumbnailUrl\":\"https:\/\/www.wetter-center.de\/blog\/wp-content\/uploads\/2016\/07\/201601-201603.gif\",\"keywords\":[\"Atlantik\",\"Globale Erw\u00e4rmung\",\"Gr\u00f6nland\",\"Klima\",\"Meeresstr\u00f6mung\"],\"articleSection\":[\"Forschung\",\"Klimawandel\"],\"inLanguage\":\"de\",\"potentialAction\":[{\"@type\":\"CommentAction\",\"name\":\"Comment\",\"target\":[\"https:\/\/www.wetter-center.de\/blog\/das-geheimnis-des-kalten-blobs-im-nordatlantik\/#respond\"]}]},{\"@type\":\"WebPage\",\"@id\":\"https:\/\/www.wetter-center.de\/blog\/das-geheimnis-des-kalten-blobs-im-nordatlantik\/\",\"url\":\"https:\/\/www.wetter-center.de\/blog\/das-geheimnis-des-kalten-blobs-im-nordatlantik\/\",\"name\":\"Das Geheimnis des kalten Blobs im Nordatlantik - Wetter-Center.de\",\"isPartOf\":{\"@id\":\"https:\/\/www.wetter-center.de\/blog\/#website\"},\"primaryImageOfPage\":{\"@id\":\"https:\/\/www.wetter-center.de\/blog\/das-geheimnis-des-kalten-blobs-im-nordatlantik\/#primaryimage\"},\"image\":{\"@id\":\"https:\/\/www.wetter-center.de\/blog\/das-geheimnis-des-kalten-blobs-im-nordatlantik\/#primaryimage\"},\"thumbnailUrl\":\"https:\/\/www.wetter-center.de\/blog\/wp-content\/uploads\/2016\/07\/201601-201603.gif\",\"datePublished\":\"2016-07-04T20:20:34+00:00\",\"dateModified\":\"2016-07-04T20:22:49+00:00\",\"breadcrumb\":{\"@id\":\"https:\/\/www.wetter-center.de\/blog\/das-geheimnis-des-kalten-blobs-im-nordatlantik\/#breadcrumb\"},\"inLanguage\":\"de\",\"potentialAction\":[{\"@type\":\"ReadAction\",\"target\":[\"https:\/\/www.wetter-center.de\/blog\/das-geheimnis-des-kalten-blobs-im-nordatlantik\/\"]}]},{\"@type\":\"ImageObject\",\"inLanguage\":\"de\",\"@id\":\"https:\/\/www.wetter-center.de\/blog\/das-geheimnis-des-kalten-blobs-im-nordatlantik\/#primaryimage\",\"url\":\"https:\/\/www.wetter-center.de\/blog\/wp-content\/uploads\/2016\/07\/201601-201603.gif\",\"contentUrl\":\"https:\/\/www.wetter-center.de\/blog\/wp-content\/uploads\/2016\/07\/201601-201603.gif\",\"width\":990,\"height\":766},{\"@type\":\"BreadcrumbList\",\"@id\":\"https:\/\/www.wetter-center.de\/blog\/das-geheimnis-des-kalten-blobs-im-nordatlantik\/#breadcrumb\",\"itemListElement\":[{\"@type\":\"ListItem\",\"position\":1,\"name\":\"Startseite\",\"item\":\"https:\/\/www.wetter-center.de\/blog\/\"},{\"@type\":\"ListItem\",\"position\":2,\"name\":\"Das Geheimnis des kalten Blobs im Nordatlantik\"}]},{\"@type\":\"WebSite\",\"@id\":\"https:\/\/www.wetter-center.de\/blog\/#website\",\"url\":\"https:\/\/www.wetter-center.de\/blog\/\",\"name\":\"Wetter-Center.de\",\"description\":\"\",\"publisher\":{\"@id\":\"https:\/\/www.wetter-center.de\/blog\/#\/schema\/person\/6c69612ad4763a699cd157cfbbfa6667\"},\"potentialAction\":[{\"@type\":\"SearchAction\",\"target\":{\"@type\":\"EntryPoint\",\"urlTemplate\":\"https:\/\/www.wetter-center.de\/blog\/?s={search_term_string}\"},\"query-input\":{\"@type\":\"PropertyValueSpecification\",\"valueRequired\":true,\"valueName\":\"search_term_string\"}}],\"inLanguage\":\"de\"},{\"@type\":[\"Person\",\"Organization\"],\"@id\":\"https:\/\/www.wetter-center.de\/blog\/#\/schema\/person\/6c69612ad4763a699cd157cfbbfa6667\",\"name\":\"meteomara\",\"image\":{\"@type\":\"ImageObject\",\"inLanguage\":\"de\",\"@id\":\"https:\/\/www.wetter-center.de\/blog\/#\/schema\/person\/image\/\",\"url\":\"https:\/\/www.wetter-center.de\/blog\/wp-content\/uploads\/2022\/08\/sky-1551171_1280.jpg\",\"contentUrl\":\"https:\/\/www.wetter-center.de\/blog\/wp-content\/uploads\/2022\/08\/sky-1551171_1280.jpg\",\"width\":1280,\"height\":643,\"caption\":\"meteomara\"},\"logo\":{\"@id\":\"https:\/\/www.wetter-center.de\/blog\/#\/schema\/person\/image\/\"},\"sameAs\":[\"https:\/\/www.facebook.com\/WetterUndKlima\",\"https:\/\/www.instagram.com\/wettercenterde\/\",\"https:\/\/x.com\/https:\/\/twitter.com\/meteomara\"],\"url\":\"https:\/\/www.wetter-center.de\/blog\/author\/meteomara\/\"}]}<\/script>\n<!-- \/ Yoast SEO plugin. -->","yoast_head_json":{"title":"Das Geheimnis des kalten Blobs im Nordatlantik - Wetter-Center.de","robots":{"index":"index","follow":"follow","max-snippet":"max-snippet:-1","max-image-preview":"max-image-preview:large","max-video-preview":"max-video-preview:-1"},"canonical":"https:\/\/www.wetter-center.de\/blog\/das-geheimnis-des-kalten-blobs-im-nordatlantik\/","og_locale":"de_DE","og_type":"article","og_title":"Das Geheimnis des kalten Blobs im Nordatlantik - Wetter-Center.de","og_description":"Im n\u00f6rdlichen Atlantischen Ozean gibt es seit geraumer Zeit schon eine negative Temperaturanomalie, die zahlreiche Klimaforscher zu Spekulationen\u00a0\u00fcber deren Ursachen angeregt hat.\u00a0Wissenschaftler des K\u00f6niglichen Niederl\u00e4ndischen Instituts f\u00fcr Meeresforschung wollen jetzt die Ursache gefunden haben.&#46;&#46;&#46;","og_url":"https:\/\/www.wetter-center.de\/blog\/das-geheimnis-des-kalten-blobs-im-nordatlantik\/","og_site_name":"Wetter-Center.de","article_publisher":"https:\/\/www.facebook.com\/WetterUndKlima","article_author":"https:\/\/www.facebook.com\/WetterUndKlima","article_published_time":"2016-07-04T20:20:34+00:00","article_modified_time":"2016-07-04T20:22:49+00:00","og_image":[{"width":990,"height":766,"url":"https:\/\/www.wetter-center.de\/blog\/wp-content\/uploads\/2016\/07\/201601-201603.gif","type":"image\/gif"}],"author":"meteomara","twitter_card":"summary_large_image","twitter_creator":"@https:\/\/twitter.com\/meteomara","twitter_site":"@meteomara","twitter_misc":{"Geschrieben von":"meteomara","Gesch\u00e4tzte Lesezeit":"1\u00a0Minute"},"schema":{"@context":"https:\/\/schema.org","@graph":[{"@type":"Article","@id":"https:\/\/www.wetter-center.de\/blog\/das-geheimnis-des-kalten-blobs-im-nordatlantik\/#article","isPartOf":{"@id":"https:\/\/www.wetter-center.de\/blog\/das-geheimnis-des-kalten-blobs-im-nordatlantik\/"},"author":{"name":"meteomara","@id":"https:\/\/www.wetter-center.de\/blog\/#\/schema\/person\/6c69612ad4763a699cd157cfbbfa6667"},"headline":"Das Geheimnis des kalten Blobs im Nordatlantik","datePublished":"2016-07-04T20:20:34+00:00","dateModified":"2016-07-04T20:22:49+00:00","mainEntityOfPage":{"@id":"https:\/\/www.wetter-center.de\/blog\/das-geheimnis-des-kalten-blobs-im-nordatlantik\/"},"wordCount":276,"commentCount":0,"publisher":{"@id":"https:\/\/www.wetter-center.de\/blog\/#\/schema\/person\/6c69612ad4763a699cd157cfbbfa6667"},"image":{"@id":"https:\/\/www.wetter-center.de\/blog\/das-geheimnis-des-kalten-blobs-im-nordatlantik\/#primaryimage"},"thumbnailUrl":"https:\/\/www.wetter-center.de\/blog\/wp-content\/uploads\/2016\/07\/201601-201603.gif","keywords":["Atlantik","Globale Erw\u00e4rmung","Gr\u00f6nland","Klima","Meeresstr\u00f6mung"],"articleSection":["Forschung","Klimawandel"],"inLanguage":"de","potentialAction":[{"@type":"CommentAction","name":"Comment","target":["https:\/\/www.wetter-center.de\/blog\/das-geheimnis-des-kalten-blobs-im-nordatlantik\/#respond"]}]},{"@type":"WebPage","@id":"https:\/\/www.wetter-center.de\/blog\/das-geheimnis-des-kalten-blobs-im-nordatlantik\/","url":"https:\/\/www.wetter-center.de\/blog\/das-geheimnis-des-kalten-blobs-im-nordatlantik\/","name":"Das Geheimnis des kalten Blobs im Nordatlantik - Wetter-Center.de","isPartOf":{"@id":"https:\/\/www.wetter-center.de\/blog\/#website"},"primaryImageOfPage":{"@id":"https:\/\/www.wetter-center.de\/blog\/das-geheimnis-des-kalten-blobs-im-nordatlantik\/#primaryimage"},"image":{"@id":"https:\/\/www.wetter-center.de\/blog\/das-geheimnis-des-kalten-blobs-im-nordatlantik\/#primaryimage"},"thumbnailUrl":"https:\/\/www.wetter-center.de\/blog\/wp-content\/uploads\/2016\/07\/201601-201603.gif","datePublished":"2016-07-04T20:20:34+00:00","dateModified":"2016-07-04T20:22:49+00:00","breadcrumb":{"@id":"https:\/\/www.wetter-center.de\/blog\/das-geheimnis-des-kalten-blobs-im-nordatlantik\/#breadcrumb"},"inLanguage":"de","potentialAction":[{"@type":"ReadAction","target":["https:\/\/www.wetter-center.de\/blog\/das-geheimnis-des-kalten-blobs-im-nordatlantik\/"]}]},{"@type":"ImageObject","inLanguage":"de","@id":"https:\/\/www.wetter-center.de\/blog\/das-geheimnis-des-kalten-blobs-im-nordatlantik\/#primaryimage","url":"https:\/\/www.wetter-center.de\/blog\/wp-content\/uploads\/2016\/07\/201601-201603.gif","contentUrl":"https:\/\/www.wetter-center.de\/blog\/wp-content\/uploads\/2016\/07\/201601-201603.gif","width":990,"height":766},{"@type":"BreadcrumbList","@id":"https:\/\/www.wetter-center.de\/blog\/das-geheimnis-des-kalten-blobs-im-nordatlantik\/#breadcrumb","itemListElement":[{"@type":"ListItem","position":1,"name":"Startseite","item":"https:\/\/www.wetter-center.de\/blog\/"},{"@type":"ListItem","position":2,"name":"Das Geheimnis des kalten Blobs im Nordatlantik"}]},{"@type":"WebSite","@id":"https:\/\/www.wetter-center.de\/blog\/#website","url":"https:\/\/www.wetter-center.de\/blog\/","name":"Wetter-Center.de","description":"","publisher":{"@id":"https:\/\/www.wetter-center.de\/blog\/#\/schema\/person\/6c69612ad4763a699cd157cfbbfa6667"},"potentialAction":[{"@type":"SearchAction","target":{"@type":"EntryPoint","urlTemplate":"https:\/\/www.wetter-center.de\/blog\/?s={search_term_string}"},"query-input":{"@type":"PropertyValueSpecification","valueRequired":true,"valueName":"search_term_string"}}],"inLanguage":"de"},{"@type":["Person","Organization"],"@id":"https:\/\/www.wetter-center.de\/blog\/#\/schema\/person\/6c69612ad4763a699cd157cfbbfa6667","name":"meteomara","image":{"@type":"ImageObject","inLanguage":"de","@id":"https:\/\/www.wetter-center.de\/blog\/#\/schema\/person\/image\/","url":"https:\/\/www.wetter-center.de\/blog\/wp-content\/uploads\/2022\/08\/sky-1551171_1280.jpg","contentUrl":"https:\/\/www.wetter-center.de\/blog\/wp-content\/uploads\/2022\/08\/sky-1551171_1280.jpg","width":1280,"height":643,"caption":"meteomara"},"logo":{"@id":"https:\/\/www.wetter-center.de\/blog\/#\/schema\/person\/image\/"},"sameAs":["https:\/\/www.facebook.com\/WetterUndKlima","https:\/\/www.instagram.com\/wettercenterde\/","https:\/\/x.com\/https:\/\/twitter.com\/meteomara"],"url":"https:\/\/www.wetter-center.de\/blog\/author\/meteomara\/"}]}},"amp_enabled":true,"_links":{"self":[{"href":"https:\/\/www.wetter-center.de\/blog\/wp-json\/wp\/v2\/posts\/1604","targetHints":{"allow":["GET"]}}],"collection":[{"href":"https:\/\/www.wetter-center.de\/blog\/wp-json\/wp\/v2\/posts"}],"about":[{"href":"https:\/\/www.wetter-center.de\/blog\/wp-json\/wp\/v2\/types\/post"}],"author":[{"embeddable":true,"href":"https:\/\/www.wetter-center.de\/blog\/wp-json\/wp\/v2\/users\/1"}],"replies":[{"embeddable":true,"href":"https:\/\/www.wetter-center.de\/blog\/wp-json\/wp\/v2\/comments?post=1604"}],"version-history":[{"count":0,"href":"https:\/\/www.wetter-center.de\/blog\/wp-json\/wp\/v2\/posts\/1604\/revisions"}],"wp:featuredmedia":[{"embeddable":true,"href":"https:\/\/www.wetter-center.de\/blog\/wp-json\/wp\/v2\/media\/1606"}],"wp:attachment":[{"href":"https:\/\/www.wetter-center.de\/blog\/wp-json\/wp\/v2\/media?parent=1604"}],"wp:term":[{"taxonomy":"category","embeddable":true,"href":"https:\/\/www.wetter-center.de\/blog\/wp-json\/wp\/v2\/categories?post=1604"},{"taxonomy":"post_tag","embeddable":true,"href":"https:\/\/www.wetter-center.de\/blog\/wp-json\/wp\/v2\/tags?post=1604"}],"curies":[{"name":"wp","href":"https:\/\/api.w.org\/{rel}","templated":true}]}}