{"id":1579,"date":"2016-06-10T11:22:02","date_gmt":"2016-06-10T09:22:02","guid":{"rendered":"http:\/\/www.wetter-center.de\/blog\/?p=1579"},"modified":"2016-06-10T11:27:10","modified_gmt":"2016-06-10T09:27:10","slug":"die-besten-fotos-aus-dem-weltall-air-charter-service","status":"publish","type":"post","link":"https:\/\/www.wetter-center.de\/blog\/die-besten-fotos-aus-dem-weltall-air-charter-service\/","title":{"rendered":"Die besten Fotos aus dem Weltall: Air Charter Service"},"content":{"rendered":"<p>Bei Charterfl\u00fcgen in <a href=\"http:\/\/www.aircharterservice.de\/\" target=\"_blank\">Privatjets<\/a>\u00a0kann man regelm\u00e4\u00dfig die majest\u00e4tische Sch\u00f6nheit unseres Planeten aus hohem Himmel bewundern, tausende Meter \u00fcber dem Gedr\u00e4nge in den Stra\u00dfen. Deshalb sind ist man bei\u00a0Air Charter Service H\u00f6henfl\u00fcge gewohnt, doch so hoch hinaus gehen sie dann aber doch nicht.<\/p>\n<p>Flugreisen sind etwas Besonderes \u2013 auch dann, wenn man sie schon oft erlebt hat. Einige Stunden lang haben Sie das Gef\u00fchl, von der Au\u00dfenwelt abgeschnitten zu sein. Die Zeit scheint stillzustehen und alles ist ruhig und bequem, w\u00e4hrend sich die Betriebsamkeit am Boden fortsetzt.<\/p>\n<p>Im Weltall nimmt dieses Gef\u00fchl noch zu, und angesichts all der Berichte \u00fcber LightSail, New Horizons und kommerzielle Weltraumfl\u00fcge ist es nicht erstaunlich, dass uns Astrophysiker wieder einmal in ihren Bann gezogen haben. Im Zuge dieser Entwicklungen beschloss Air Charter Service, einige f\u00fchrende Forscher und wissenschaftliche Einrichtungen im Vereinigten K\u00f6nigreich zu fragen, welche Bilder f\u00fcr sie am inspirierendsten waren und uns den Grund daf\u00fcr zu nennen.<\/p>\n<p><a href=\"http:\/\/www.wetter-center.de\/blog\/wp-content\/uploads\/2016\/06\/earthrise.jpg\" data-rel=\"lightbox-image-0\" data-rl_title=\"\" data-rl_caption=\"\" title=\"\"><img loading=\"lazy\" decoding=\"async\" class=\"alignnone wp-image-1580\" src=\"http:\/\/www.wetter-center.de\/blog\/wp-content\/uploads\/2016\/06\/earthrise.jpg\" alt=\"Earthrise\" width=\"500\" height=\"234\" srcset=\"https:\/\/www.wetter-center.de\/blog\/wp-content\/uploads\/2016\/06\/earthrise.jpg 1280w, https:\/\/www.wetter-center.de\/blog\/wp-content\/uploads\/2016\/06\/earthrise-600x281.jpg 600w, https:\/\/www.wetter-center.de\/blog\/wp-content\/uploads\/2016\/06\/earthrise-300x141.jpg 300w, https:\/\/www.wetter-center.de\/blog\/wp-content\/uploads\/2016\/06\/earthrise-768x360.jpg 768w, https:\/\/www.wetter-center.de\/blog\/wp-content\/uploads\/2016\/06\/earthrise-1024x480.jpg 1024w\" sizes=\"auto, (max-width: 500px) 100vw, 500px\" \/><br \/>\n<\/a>(Mit freundlicher Genehmigung durch Gemma Lavender von <a href=\"http:\/\/www.imagine-publishing.co.uk\/portfolio\/magazines\/AllAboutSpace\" target=\"_blank\">All about Space<\/a>.)<\/p>\n<p>Dieses atemberaubende Bild der Erde entstand w\u00e4hrend der Apollo-8-Mission, der ersten bemannten Mondumkreisung. Das Foto, das vom ehemaligen NASA-Astronauten William Anders am Heiligen Abend 1968 aufgenommen wurde, ist unter dem Namen \u201eEarthrise\u201c bekannt. Die Apollo-Astronauten waren so beeindruckt, als sie unseren Heimatplaneten \u00fcber der Mondoberfl\u00e4che aufsteigen sahen, dass Kommandant Frank Borman schnell ein Schwarz-Wei\u00df-Foto von der Szene schoss.<\/p>\n<p>Anders machte die erste Farbaufnahme der Erde von der Mondumlaufbahn, wobei man die Antarktis auf der 10-Uhr-Position sieht und der \u00c4quator Richtung Westen zur rechten oberen Ecke verl\u00e4uft. Au\u00dferdem ist erkennbar, wie sich die Trennlinie zwischen Tag und Nacht, der Terminator, \u00fcber den afrikanischen Kontinent zieht.<\/p>\n<p>Earthrise, vom Fotografen Galen Rowell als \u201edas einflussreichste Umweltfoto \u00fcberhaupt\u201c bezeichnet, wurde mit einer modifizierten Hasselblad-Kamera aufgenommen, in die ein spezieller, vom Technologieunternehmen Kodak entwickelter 70-mm-Film eingelegt war.<\/p>\n<p>Philae ist eine Raumsonde von der Gr\u00f6\u00dfe einer Waschmaschine, die 2004 gestartet wurde und auf einem Kometen landen sollte, um die Zusammensetzung seiner Oberfl\u00e4che zu analysieren. Die Sonde setzte zwar Ende 2014 auf dem Kometen auf, war aber eine Weile inaktiv, nachdem sie vom Kometen abfederte und dann an einem schattigen Platz landete, wo das Sonnenlicht f\u00fcr ihre Solarkollektoren nicht ausreichte. Als sie sich schlie\u00dflich sieben Monate sp\u00e4ter wieder meldete, sandte sie der Missionsleitung eine Nachricht.<\/p>\n<p><img loading=\"lazy\" decoding=\"async\" class=\"alignnone size-full wp-image-1585\" src=\"http:\/\/www.wetter-center.de\/blog\/wp-content\/uploads\/2016\/06\/tweets.jpg\" alt=\"tweets\" width=\"499\" height=\"301\" srcset=\"https:\/\/www.wetter-center.de\/blog\/wp-content\/uploads\/2016\/06\/tweets.jpg 499w, https:\/\/www.wetter-center.de\/blog\/wp-content\/uploads\/2016\/06\/tweets-300x181.jpg 300w\" sizes=\"auto, (max-width: 499px) 100vw, 499px\" \/><\/p>\n<p>Dieses Bild entstand kurz bevor erneut ein Signal von Philae empfangen wurde. Philae ist in diesem Bild laut herrschender Meinung rechts oben auf dem Kometen zu sehen.<\/p>\n<p><a href=\"http:\/\/www.wetter-center.de\/blog\/wp-content\/uploads\/2016\/06\/komet.jpg\" data-rel=\"lightbox-image-1\" data-rl_title=\"\" data-rl_caption=\"\" title=\"\"><img loading=\"lazy\" decoding=\"async\" class=\"alignnone wp-image-1581\" src=\"http:\/\/www.wetter-center.de\/blog\/wp-content\/uploads\/2016\/06\/komet.jpg\" alt=\"Komet\" width=\"500\" height=\"234\" srcset=\"https:\/\/www.wetter-center.de\/blog\/wp-content\/uploads\/2016\/06\/komet.jpg 1280w, https:\/\/www.wetter-center.de\/blog\/wp-content\/uploads\/2016\/06\/komet-600x281.jpg 600w, https:\/\/www.wetter-center.de\/blog\/wp-content\/uploads\/2016\/06\/komet-300x141.jpg 300w, https:\/\/www.wetter-center.de\/blog\/wp-content\/uploads\/2016\/06\/komet-768x360.jpg 768w, https:\/\/www.wetter-center.de\/blog\/wp-content\/uploads\/2016\/06\/komet-1024x480.jpg 1024w\" sizes=\"auto, (max-width: 500px) 100vw, 500px\" \/><br \/>\n<\/a>(Mit freundlicher Genehmigung von Karen Rogers von <a href=\"https:\/\/sa.catapult.org.uk\/\" target=\"_blank\">Satellite Applications Catapult<\/a>.\u00a0Satellite Applications Catapult wurde im Mai 2013 als unabh\u00e4ngiges Innovations- und Technologieunternehmen gegr\u00fcndet. Das Unternehmen sollte das Wirtschaftswachstum durch die Weltraumnutzung f\u00f6rdern, andere dazu inspirieren, mithilfe von Satellitentechnologien Innovationen vorzunehmen, und die Entwicklung neuer Produkte und Services unterst\u00fctzen.)<\/p>\n<p>Angesichts des wachsenden Interesses an Weltraumtechnologien, des Flugs des britischen Astronauten Tim Peake zur Internationalen Raumstation und der k\u00fcrzlichen Aufregung rund um die Landung von Philae auf einem sich bewegenden Kometen, wird der Weltraum jetzt als eine der \u201eacht gro\u00dfartigen Technologien\u201c des Vereinigten K\u00f6nigreichs wahrgenommen, die neue Anwendungen und Services f\u00fcr britische Unternehmen bereitstellt.<\/p>\n<p><a href=\"http:\/\/www.wetter-center.de\/blog\/wp-content\/uploads\/2016\/06\/sambesi.jpg\" data-rel=\"lightbox-image-2\" data-rl_title=\"\" data-rl_caption=\"\" title=\"\"><img loading=\"lazy\" decoding=\"async\" class=\"alignnone wp-image-1586\" src=\"http:\/\/www.wetter-center.de\/blog\/wp-content\/uploads\/2016\/06\/sambesi.jpg\" alt=\"Sambesi\" width=\"500\" height=\"234\" srcset=\"https:\/\/www.wetter-center.de\/blog\/wp-content\/uploads\/2016\/06\/sambesi.jpg 1280w, https:\/\/www.wetter-center.de\/blog\/wp-content\/uploads\/2016\/06\/sambesi-600x281.jpg 600w, https:\/\/www.wetter-center.de\/blog\/wp-content\/uploads\/2016\/06\/sambesi-300x141.jpg 300w, https:\/\/www.wetter-center.de\/blog\/wp-content\/uploads\/2016\/06\/sambesi-768x360.jpg 768w, https:\/\/www.wetter-center.de\/blog\/wp-content\/uploads\/2016\/06\/sambesi-1024x480.jpg 1024w\" sizes=\"auto, (max-width: 500px) 100vw, 500px\" \/><br \/>\n<\/a>(Mit freundlicher Genehmigung von Si\u00e2n Cleaver von <a href=\"https:\/\/www.wisecampaign.org.uk\/\" target=\"_blank\">WISE<\/a>.\u00a0Si\u00e2n Cleaver ist Mitglied des WISE Young Women\u2019s Board und Mission Systems Engineer f\u00fcr Airbus Defence and Space im Vereinigten K\u00f6nigreich. Derzeit arbeitet sie im Future Programmes Team und hilft mit, neue Weltraummissionen zu konzipieren und zu entwickeln. Das Team arbeitet haupts\u00e4chlich mit der europ\u00e4ischen Weltraumorganisation (ESA), aber auch mit der britischen Weltraumorganisation.)<\/p>\n<p>Dieses wundersch\u00f6ne Bild des Sambesi-Flusses in Sambia entstand durch die \u00dcberlagerung unterschiedlich gef\u00e4rbter Radarbilder vom M\u00e4rz, September und Dezember 2011. Durch die Kombination der drei Bilder erkennt man, wie sich die \u00dcberschwemmungsebene im Laufe der Jahreszeiten \u00e4ndert.<\/p>\n<p>Die Bilder des Synthetic Aperture Radar (SAR) wurden von Europas Envisat-Satelliten aufgenommen, der bis 2012 zehn\u00a0Jahre lang in Betrieb war. Ein SAR-Bild entsteht durch das koh\u00e4rente Zusammenf\u00fcgen komplexer Echosignale, die mittels Radarabtastung der Erdoberfl\u00e4che \u00fcber einen gewissen Zeitraum hinweg empfangen werden. Da sich der Satellit im Verh\u00e4ltnis zur Erde verschiebt, hat dies den Effekt, dass eine viel gr\u00f6\u00dfere Antenne simuliert wird, deren L\u00e4nge der vom Satelliten abgedeckten Bodenentfernung entspricht \u2013 daher die Bezeichnung \u201eSynthetic Aperture\u201c (synthetische Apertur). Die dabei angefertigten Bilder haben eine viel h\u00f6here r\u00e4umliche Aufl\u00f6sung als Bilder, die mit herk\u00f6mmlichen Radarmethoden erstellt werden.<\/p>\n<p>Die britische Weltraumindustrie verzeichnet ein schnelles Wachstum. Britische Unternehmen leisteten zu vielen der europ\u00e4ischen Satelliten, einschlie\u00dflich der Erdbeobachtungssatelliten, einen wesentlichen Beitrag. Airbus Defence and Space mit Sitz in Stevenage und Portsmouth im Vereinigten K\u00f6nigreich ist der Hauptauftragnehmer f\u00fcr den ESA-Satelliten Sentinel-5 Precursor, der die chemische Zusammensetzung der Atmosph\u00e4re messen wird, und ADM-Aeolus zum Beobachten des Windes in der Atmosph\u00e4re. Derartige Missionen werden wertvolle Daten liefern, mit deren Hilfe wir unsere Kenntnisse \u00fcber die Erde verbessern, Ver\u00e4nderungen in unserer Umwelt prognostizieren und in Zukunft harmonisch mit unserem Planeten interagieren k\u00f6nnen.<\/p>\n<p>Eine wachsende Branche ben\u00f6tigt mehr Arbeitskr\u00e4fte. Deshalb ist es f\u00fcr das Vereinigte K\u00f6nigreich zu einer Priorit\u00e4t geworden, mehr Fachkr\u00e4fte f\u00fcr berufliche Laufbahnen im Bereich der Naturwissenschaften, Technologie, Technik und Mathematik auszubilden. Die WISE-Kampagne (Women Into Science and Engineering) engagiert sich f\u00fcr dieses Ziel, indem sie mehr M\u00e4dchen und Frauen dazu ermutigt, in den genannten Bereichen zu arbeiten.<\/p>\n<p><a href=\"http:\/\/www.wetter-center.de\/blog\/wp-content\/uploads\/2016\/06\/s126e008048_tcm57-12067.jpg\" data-rel=\"lightbox-image-3\" data-rl_title=\"\" data-rl_caption=\"\" title=\"\"><img loading=\"lazy\" decoding=\"async\" class=\"alignnone wp-image-1588\" src=\"http:\/\/www.wetter-center.de\/blog\/wp-content\/uploads\/2016\/06\/s126e008048_tcm57-12067.jpg\" alt=\"s126e008048_tcm57-12067\" width=\"500\" height=\"234\" srcset=\"https:\/\/www.wetter-center.de\/blog\/wp-content\/uploads\/2016\/06\/s126e008048_tcm57-12067.jpg 1280w, https:\/\/www.wetter-center.de\/blog\/wp-content\/uploads\/2016\/06\/s126e008048_tcm57-12067-600x281.jpg 600w, https:\/\/www.wetter-center.de\/blog\/wp-content\/uploads\/2016\/06\/s126e008048_tcm57-12067-300x141.jpg 300w, https:\/\/www.wetter-center.de\/blog\/wp-content\/uploads\/2016\/06\/s126e008048_tcm57-12067-768x360.jpg 768w, https:\/\/www.wetter-center.de\/blog\/wp-content\/uploads\/2016\/06\/s126e008048_tcm57-12067-1024x480.jpg 1024w\" sizes=\"auto, (max-width: 500px) 100vw, 500px\" \/><\/a><br \/>\n(Mit freundlicher Genehmigung von Chris Bramely vom <a href=\"http:\/\/www.skyatnightmagazine.com\/\">Sky at Night Magazine<\/a>.\u00a0\u201eIn diesem Bild, das von der Internationalen Raumstation mit einer Nikon DSLR-Kamera aufgenommen wurde, wirkt der Astronaut aufgrund der riesigen Sonnenstrahlen und der Tr\u00e4gerstrukturen um ihn herum zwergenhaft.)<\/p>\n<p>Missionsspezialist Steve Bowen f\u00fchrt routinem\u00e4\u00dfige Wartungsarbeiten durch. Er schmiert die Verbindungsst\u00fccke und Lager, die es erm\u00f6glichen, dass die gelben Solarkollektoren sich drehen und der Sonne folgen. F\u00fcr diese Arbeit ben\u00f6tigten er und ein weiterer Astronaut fast sieben Stunden. Auf den ersten Blick sieht es so aus, als ob Bowen nur deshalb nicht von der Raumstation wegfliegt, weil er sich an der Stange festh\u00e4lt. Er ist jedoch \u00fcber einen Sicherheitsgurt mit der Raumstation verbunden. Au\u00dferdem befindet sich in seinem Raketenrucksack ein per Joystick steuerbarer D\u00fcsenantrieb, den er nutzen kann, falls der Gurt rei\u00dft.<\/p>\n<p>Hinter der technisch komplexen Metallstruktur ruht die Erde in ihrer nat\u00fcrlichen Einfachheit. Unsere Atmosph\u00e4re gl\u00e4nzt aus diesem seitlichen Blickwinkel in hellem Wei\u00df, und man kann erkennen, wie d\u00fcnn das Sonnenlicht ist. Der britische Astronaut Tim Peake startete im Dezember eine sechsmonatige Mission zur Internationalen Raumstation. Dort wird er die wichtigen Forschungsarbeiten dazu fortf\u00fchren, welche Auswirkungen Schwerelosigkeit hat und wie Menschen im lebensfeindlichen Weltraum besser bestehen k\u00f6nnen. Wahrscheinlich muss auch er ein paar Lager schmieren.\u201c &#8211; Chris Bramley, Redakteur, BBC Sky at Night Magazine.<\/p>\n<p>Das ist doch eine echte Inspiration f\u00fcr uns alle, die wir die Sch\u00f6nheit unseres blauen, gr\u00fcnen Heimatplaneten von weit oben bewundern. Sie k\u00f6nnen zwar (noch) keinen Privatjet mieten, der Sie in den Weltraum bringt, aber das hei\u00dft nicht, dass wir uns nicht an der Erhabenheit und der Hoffnung erfreuen k\u00f6nnen, die diese Bilder in uns hervorrufen. Falls wir hiermit Ihr Interesse geweckt haben, sollten Sie sich den Rest der NASA-Galerie mit beeindruckenden Bildern ansehen. Klicken Sie dazu <a href=\"https:\/\/www.nasa.gov\/multimedia\/imagegallery\/\" target=\"_blank\">einfach hier<\/a>.<\/p>\n","protected":false},"excerpt":{"rendered":"<p>Bei Charterfl\u00fcgen in Privatjets\u00a0kann man regelm\u00e4\u00dfig die majest\u00e4tische Sch\u00f6nheit unseres Planeten aus hohem Himmel bewundern, tausende Meter \u00fcber dem Gedr\u00e4nge in den Stra\u00dfen. Deshalb sind ist man bei\u00a0Air Charter Service H\u00f6henfl\u00fcge gewohnt, doch so&#46;&#46;&#46;<\/p>\n","protected":false},"author":1,"featured_media":1580,"comment_status":"open","ping_status":"open","sticky":false,"template":"","format":"standard","meta":{"footnotes":""},"categories":[1],"tags":[],"class_list":["post-1579","post","type-post","status-publish","format-standard","has-post-thumbnail","hentry","category-allgemein"],"yoast_head":"<!-- This site is optimized with the Yoast SEO plugin v25.5 - https:\/\/yoast.com\/wordpress\/plugins\/seo\/ -->\n<title>Die besten Fotos aus dem Weltall: Air Charter Service - Wetter-Center.de<\/title>\n<meta name=\"robots\" content=\"index, follow, max-snippet:-1, max-image-preview:large, max-video-preview:-1\" \/>\n<link rel=\"canonical\" href=\"https:\/\/www.wetter-center.de\/blog\/die-besten-fotos-aus-dem-weltall-air-charter-service\/\" \/>\n<meta property=\"og:locale\" content=\"de_DE\" \/>\n<meta property=\"og:type\" content=\"article\" \/>\n<meta property=\"og:title\" content=\"Die besten Fotos aus dem Weltall: Air Charter Service - Wetter-Center.de\" \/>\n<meta property=\"og:description\" content=\"Bei Charterfl\u00fcgen in Privatjets\u00a0kann man regelm\u00e4\u00dfig die majest\u00e4tische Sch\u00f6nheit unseres Planeten aus hohem Himmel bewundern, tausende Meter \u00fcber dem Gedr\u00e4nge in den Stra\u00dfen. Deshalb sind ist man bei\u00a0Air Charter Service H\u00f6henfl\u00fcge gewohnt, doch so&#046;&#046;&#046;\" \/>\n<meta property=\"og:url\" content=\"https:\/\/www.wetter-center.de\/blog\/die-besten-fotos-aus-dem-weltall-air-charter-service\/\" \/>\n<meta property=\"og:site_name\" content=\"Wetter-Center.de\" \/>\n<meta property=\"article:publisher\" content=\"https:\/\/www.facebook.com\/WetterUndKlima\" \/>\n<meta property=\"article:author\" content=\"https:\/\/www.facebook.com\/WetterUndKlima\" \/>\n<meta property=\"article:published_time\" content=\"2016-06-10T09:22:02+00:00\" \/>\n<meta property=\"article:modified_time\" content=\"2016-06-10T09:27:10+00:00\" \/>\n<meta property=\"og:image\" content=\"https:\/\/www.wetter-center.de\/blog\/wp-content\/uploads\/2016\/06\/earthrise.jpg\" \/>\n\t<meta property=\"og:image:width\" content=\"1280\" \/>\n\t<meta property=\"og:image:height\" content=\"600\" \/>\n\t<meta property=\"og:image:type\" content=\"image\/jpeg\" \/>\n<meta name=\"author\" content=\"meteomara\" \/>\n<meta name=\"twitter:card\" content=\"summary_large_image\" \/>\n<meta name=\"twitter:creator\" content=\"@https:\/\/twitter.com\/meteomara\" \/>\n<meta name=\"twitter:site\" content=\"@meteomara\" \/>\n<meta name=\"twitter:label1\" content=\"Geschrieben von\" \/>\n\t<meta name=\"twitter:data1\" content=\"meteomara\" \/>\n\t<meta name=\"twitter:label2\" content=\"Gesch\u00e4tzte Lesezeit\" \/>\n\t<meta name=\"twitter:data2\" content=\"6\u00a0Minuten\" \/>\n<script type=\"application\/ld+json\" class=\"yoast-schema-graph\">{\"@context\":\"https:\/\/schema.org\",\"@graph\":[{\"@type\":\"Article\",\"@id\":\"https:\/\/www.wetter-center.de\/blog\/die-besten-fotos-aus-dem-weltall-air-charter-service\/#article\",\"isPartOf\":{\"@id\":\"https:\/\/www.wetter-center.de\/blog\/die-besten-fotos-aus-dem-weltall-air-charter-service\/\"},\"author\":{\"name\":\"meteomara\",\"@id\":\"https:\/\/www.wetter-center.de\/blog\/#\/schema\/person\/6c69612ad4763a699cd157cfbbfa6667\"},\"headline\":\"Die besten Fotos aus dem Weltall: Air Charter Service\",\"datePublished\":\"2016-06-10T09:22:02+00:00\",\"dateModified\":\"2016-06-10T09:27:10+00:00\",\"mainEntityOfPage\":{\"@id\":\"https:\/\/www.wetter-center.de\/blog\/die-besten-fotos-aus-dem-weltall-air-charter-service\/\"},\"wordCount\":1231,\"commentCount\":0,\"publisher\":{\"@id\":\"https:\/\/www.wetter-center.de\/blog\/#\/schema\/person\/6c69612ad4763a699cd157cfbbfa6667\"},\"image\":{\"@id\":\"https:\/\/www.wetter-center.de\/blog\/die-besten-fotos-aus-dem-weltall-air-charter-service\/#primaryimage\"},\"thumbnailUrl\":\"https:\/\/www.wetter-center.de\/blog\/wp-content\/uploads\/2016\/06\/earthrise.jpg\",\"inLanguage\":\"de\",\"potentialAction\":[{\"@type\":\"CommentAction\",\"name\":\"Comment\",\"target\":[\"https:\/\/www.wetter-center.de\/blog\/die-besten-fotos-aus-dem-weltall-air-charter-service\/#respond\"]}]},{\"@type\":\"WebPage\",\"@id\":\"https:\/\/www.wetter-center.de\/blog\/die-besten-fotos-aus-dem-weltall-air-charter-service\/\",\"url\":\"https:\/\/www.wetter-center.de\/blog\/die-besten-fotos-aus-dem-weltall-air-charter-service\/\",\"name\":\"Die besten Fotos aus dem Weltall: Air Charter Service - Wetter-Center.de\",\"isPartOf\":{\"@id\":\"https:\/\/www.wetter-center.de\/blog\/#website\"},\"primaryImageOfPage\":{\"@id\":\"https:\/\/www.wetter-center.de\/blog\/die-besten-fotos-aus-dem-weltall-air-charter-service\/#primaryimage\"},\"image\":{\"@id\":\"https:\/\/www.wetter-center.de\/blog\/die-besten-fotos-aus-dem-weltall-air-charter-service\/#primaryimage\"},\"thumbnailUrl\":\"https:\/\/www.wetter-center.de\/blog\/wp-content\/uploads\/2016\/06\/earthrise.jpg\",\"datePublished\":\"2016-06-10T09:22:02+00:00\",\"dateModified\":\"2016-06-10T09:27:10+00:00\",\"breadcrumb\":{\"@id\":\"https:\/\/www.wetter-center.de\/blog\/die-besten-fotos-aus-dem-weltall-air-charter-service\/#breadcrumb\"},\"inLanguage\":\"de\",\"potentialAction\":[{\"@type\":\"ReadAction\",\"target\":[\"https:\/\/www.wetter-center.de\/blog\/die-besten-fotos-aus-dem-weltall-air-charter-service\/\"]}]},{\"@type\":\"ImageObject\",\"inLanguage\":\"de\",\"@id\":\"https:\/\/www.wetter-center.de\/blog\/die-besten-fotos-aus-dem-weltall-air-charter-service\/#primaryimage\",\"url\":\"https:\/\/www.wetter-center.de\/blog\/wp-content\/uploads\/2016\/06\/earthrise.jpg\",\"contentUrl\":\"https:\/\/www.wetter-center.de\/blog\/wp-content\/uploads\/2016\/06\/earthrise.jpg\",\"width\":1280,\"height\":600},{\"@type\":\"BreadcrumbList\",\"@id\":\"https:\/\/www.wetter-center.de\/blog\/die-besten-fotos-aus-dem-weltall-air-charter-service\/#breadcrumb\",\"itemListElement\":[{\"@type\":\"ListItem\",\"position\":1,\"name\":\"Startseite\",\"item\":\"https:\/\/www.wetter-center.de\/blog\/\"},{\"@type\":\"ListItem\",\"position\":2,\"name\":\"Die besten Fotos aus dem Weltall: Air Charter Service\"}]},{\"@type\":\"WebSite\",\"@id\":\"https:\/\/www.wetter-center.de\/blog\/#website\",\"url\":\"https:\/\/www.wetter-center.de\/blog\/\",\"name\":\"Wetter-Center.de\",\"description\":\"\",\"publisher\":{\"@id\":\"https:\/\/www.wetter-center.de\/blog\/#\/schema\/person\/6c69612ad4763a699cd157cfbbfa6667\"},\"potentialAction\":[{\"@type\":\"SearchAction\",\"target\":{\"@type\":\"EntryPoint\",\"urlTemplate\":\"https:\/\/www.wetter-center.de\/blog\/?s={search_term_string}\"},\"query-input\":{\"@type\":\"PropertyValueSpecification\",\"valueRequired\":true,\"valueName\":\"search_term_string\"}}],\"inLanguage\":\"de\"},{\"@type\":[\"Person\",\"Organization\"],\"@id\":\"https:\/\/www.wetter-center.de\/blog\/#\/schema\/person\/6c69612ad4763a699cd157cfbbfa6667\",\"name\":\"meteomara\",\"image\":{\"@type\":\"ImageObject\",\"inLanguage\":\"de\",\"@id\":\"https:\/\/www.wetter-center.de\/blog\/#\/schema\/person\/image\/\",\"url\":\"https:\/\/www.wetter-center.de\/blog\/wp-content\/uploads\/2022\/08\/sky-1551171_1280.jpg\",\"contentUrl\":\"https:\/\/www.wetter-center.de\/blog\/wp-content\/uploads\/2022\/08\/sky-1551171_1280.jpg\",\"width\":1280,\"height\":643,\"caption\":\"meteomara\"},\"logo\":{\"@id\":\"https:\/\/www.wetter-center.de\/blog\/#\/schema\/person\/image\/\"},\"sameAs\":[\"https:\/\/www.facebook.com\/WetterUndKlima\",\"https:\/\/www.instagram.com\/wettercenterde\/\",\"https:\/\/x.com\/https:\/\/twitter.com\/meteomara\"],\"url\":\"https:\/\/www.wetter-center.de\/blog\/author\/meteomara\/\"}]}<\/script>\n<!-- \/ Yoast SEO plugin. -->","yoast_head_json":{"title":"Die besten Fotos aus dem Weltall: Air Charter Service - Wetter-Center.de","robots":{"index":"index","follow":"follow","max-snippet":"max-snippet:-1","max-image-preview":"max-image-preview:large","max-video-preview":"max-video-preview:-1"},"canonical":"https:\/\/www.wetter-center.de\/blog\/die-besten-fotos-aus-dem-weltall-air-charter-service\/","og_locale":"de_DE","og_type":"article","og_title":"Die besten Fotos aus dem Weltall: Air Charter Service - Wetter-Center.de","og_description":"Bei Charterfl\u00fcgen in Privatjets\u00a0kann man regelm\u00e4\u00dfig die majest\u00e4tische Sch\u00f6nheit unseres Planeten aus hohem Himmel bewundern, tausende Meter \u00fcber dem Gedr\u00e4nge in den Stra\u00dfen. Deshalb sind ist man bei\u00a0Air Charter Service H\u00f6henfl\u00fcge gewohnt, doch so&#46;&#46;&#46;","og_url":"https:\/\/www.wetter-center.de\/blog\/die-besten-fotos-aus-dem-weltall-air-charter-service\/","og_site_name":"Wetter-Center.de","article_publisher":"https:\/\/www.facebook.com\/WetterUndKlima","article_author":"https:\/\/www.facebook.com\/WetterUndKlima","article_published_time":"2016-06-10T09:22:02+00:00","article_modified_time":"2016-06-10T09:27:10+00:00","og_image":[{"width":1280,"height":600,"url":"https:\/\/www.wetter-center.de\/blog\/wp-content\/uploads\/2016\/06\/earthrise.jpg","type":"image\/jpeg"}],"author":"meteomara","twitter_card":"summary_large_image","twitter_creator":"@https:\/\/twitter.com\/meteomara","twitter_site":"@meteomara","twitter_misc":{"Geschrieben von":"meteomara","Gesch\u00e4tzte Lesezeit":"6\u00a0Minuten"},"schema":{"@context":"https:\/\/schema.org","@graph":[{"@type":"Article","@id":"https:\/\/www.wetter-center.de\/blog\/die-besten-fotos-aus-dem-weltall-air-charter-service\/#article","isPartOf":{"@id":"https:\/\/www.wetter-center.de\/blog\/die-besten-fotos-aus-dem-weltall-air-charter-service\/"},"author":{"name":"meteomara","@id":"https:\/\/www.wetter-center.de\/blog\/#\/schema\/person\/6c69612ad4763a699cd157cfbbfa6667"},"headline":"Die besten Fotos aus dem Weltall: Air Charter Service","datePublished":"2016-06-10T09:22:02+00:00","dateModified":"2016-06-10T09:27:10+00:00","mainEntityOfPage":{"@id":"https:\/\/www.wetter-center.de\/blog\/die-besten-fotos-aus-dem-weltall-air-charter-service\/"},"wordCount":1231,"commentCount":0,"publisher":{"@id":"https:\/\/www.wetter-center.de\/blog\/#\/schema\/person\/6c69612ad4763a699cd157cfbbfa6667"},"image":{"@id":"https:\/\/www.wetter-center.de\/blog\/die-besten-fotos-aus-dem-weltall-air-charter-service\/#primaryimage"},"thumbnailUrl":"https:\/\/www.wetter-center.de\/blog\/wp-content\/uploads\/2016\/06\/earthrise.jpg","inLanguage":"de","potentialAction":[{"@type":"CommentAction","name":"Comment","target":["https:\/\/www.wetter-center.de\/blog\/die-besten-fotos-aus-dem-weltall-air-charter-service\/#respond"]}]},{"@type":"WebPage","@id":"https:\/\/www.wetter-center.de\/blog\/die-besten-fotos-aus-dem-weltall-air-charter-service\/","url":"https:\/\/www.wetter-center.de\/blog\/die-besten-fotos-aus-dem-weltall-air-charter-service\/","name":"Die besten Fotos aus dem Weltall: Air Charter Service - Wetter-Center.de","isPartOf":{"@id":"https:\/\/www.wetter-center.de\/blog\/#website"},"primaryImageOfPage":{"@id":"https:\/\/www.wetter-center.de\/blog\/die-besten-fotos-aus-dem-weltall-air-charter-service\/#primaryimage"},"image":{"@id":"https:\/\/www.wetter-center.de\/blog\/die-besten-fotos-aus-dem-weltall-air-charter-service\/#primaryimage"},"thumbnailUrl":"https:\/\/www.wetter-center.de\/blog\/wp-content\/uploads\/2016\/06\/earthrise.jpg","datePublished":"2016-06-10T09:22:02+00:00","dateModified":"2016-06-10T09:27:10+00:00","breadcrumb":{"@id":"https:\/\/www.wetter-center.de\/blog\/die-besten-fotos-aus-dem-weltall-air-charter-service\/#breadcrumb"},"inLanguage":"de","potentialAction":[{"@type":"ReadAction","target":["https:\/\/www.wetter-center.de\/blog\/die-besten-fotos-aus-dem-weltall-air-charter-service\/"]}]},{"@type":"ImageObject","inLanguage":"de","@id":"https:\/\/www.wetter-center.de\/blog\/die-besten-fotos-aus-dem-weltall-air-charter-service\/#primaryimage","url":"https:\/\/www.wetter-center.de\/blog\/wp-content\/uploads\/2016\/06\/earthrise.jpg","contentUrl":"https:\/\/www.wetter-center.de\/blog\/wp-content\/uploads\/2016\/06\/earthrise.jpg","width":1280,"height":600},{"@type":"BreadcrumbList","@id":"https:\/\/www.wetter-center.de\/blog\/die-besten-fotos-aus-dem-weltall-air-charter-service\/#breadcrumb","itemListElement":[{"@type":"ListItem","position":1,"name":"Startseite","item":"https:\/\/www.wetter-center.de\/blog\/"},{"@type":"ListItem","position":2,"name":"Die besten Fotos aus dem Weltall: Air Charter Service"}]},{"@type":"WebSite","@id":"https:\/\/www.wetter-center.de\/blog\/#website","url":"https:\/\/www.wetter-center.de\/blog\/","name":"Wetter-Center.de","description":"","publisher":{"@id":"https:\/\/www.wetter-center.de\/blog\/#\/schema\/person\/6c69612ad4763a699cd157cfbbfa6667"},"potentialAction":[{"@type":"SearchAction","target":{"@type":"EntryPoint","urlTemplate":"https:\/\/www.wetter-center.de\/blog\/?s={search_term_string}"},"query-input":{"@type":"PropertyValueSpecification","valueRequired":true,"valueName":"search_term_string"}}],"inLanguage":"de"},{"@type":["Person","Organization"],"@id":"https:\/\/www.wetter-center.de\/blog\/#\/schema\/person\/6c69612ad4763a699cd157cfbbfa6667","name":"meteomara","image":{"@type":"ImageObject","inLanguage":"de","@id":"https:\/\/www.wetter-center.de\/blog\/#\/schema\/person\/image\/","url":"https:\/\/www.wetter-center.de\/blog\/wp-content\/uploads\/2022\/08\/sky-1551171_1280.jpg","contentUrl":"https:\/\/www.wetter-center.de\/blog\/wp-content\/uploads\/2022\/08\/sky-1551171_1280.jpg","width":1280,"height":643,"caption":"meteomara"},"logo":{"@id":"https:\/\/www.wetter-center.de\/blog\/#\/schema\/person\/image\/"},"sameAs":["https:\/\/www.facebook.com\/WetterUndKlima","https:\/\/www.instagram.com\/wettercenterde\/","https:\/\/x.com\/https:\/\/twitter.com\/meteomara"],"url":"https:\/\/www.wetter-center.de\/blog\/author\/meteomara\/"}]}},"amp_enabled":true,"_links":{"self":[{"href":"https:\/\/www.wetter-center.de\/blog\/wp-json\/wp\/v2\/posts\/1579","targetHints":{"allow":["GET"]}}],"collection":[{"href":"https:\/\/www.wetter-center.de\/blog\/wp-json\/wp\/v2\/posts"}],"about":[{"href":"https:\/\/www.wetter-center.de\/blog\/wp-json\/wp\/v2\/types\/post"}],"author":[{"embeddable":true,"href":"https:\/\/www.wetter-center.de\/blog\/wp-json\/wp\/v2\/users\/1"}],"replies":[{"embeddable":true,"href":"https:\/\/www.wetter-center.de\/blog\/wp-json\/wp\/v2\/comments?post=1579"}],"version-history":[{"count":0,"href":"https:\/\/www.wetter-center.de\/blog\/wp-json\/wp\/v2\/posts\/1579\/revisions"}],"wp:featuredmedia":[{"embeddable":true,"href":"https:\/\/www.wetter-center.de\/blog\/wp-json\/wp\/v2\/media\/1580"}],"wp:attachment":[{"href":"https:\/\/www.wetter-center.de\/blog\/wp-json\/wp\/v2\/media?parent=1579"}],"wp:term":[{"taxonomy":"category","embeddable":true,"href":"https:\/\/www.wetter-center.de\/blog\/wp-json\/wp\/v2\/categories?post=1579"},{"taxonomy":"post_tag","embeddable":true,"href":"https:\/\/www.wetter-center.de\/blog\/wp-json\/wp\/v2\/tags?post=1579"}],"curies":[{"name":"wp","href":"https:\/\/api.w.org\/{rel}","templated":true}]}}