{"id":1550,"date":"2016-05-10T23:37:04","date_gmt":"2016-05-10T21:37:04","guid":{"rendered":"http:\/\/www.wetter-center.de\/blog\/?p=1550"},"modified":"2016-05-10T23:44:21","modified_gmt":"2016-05-10T21:44:21","slug":"waldbraende-in-kanada-und-der-klimawandel","status":"publish","type":"post","link":"https:\/\/www.wetter-center.de\/blog\/waldbraende-in-kanada-und-der-klimawandel\/","title":{"rendered":"Waldbr\u00e4nde in Kanada und der Klimawandel"},"content":{"rendered":"<p>Sind die verheerenden Waldbr\u00e4nde im kanadischen Alberta eine\u00a0Folge des Klimawandels? Auch wenn einige Experten dies behaupten, ist dies doch eher unwahrscheinlich.<\/p>\n<p>Wie das <a href=\"http:\/\/edmontonjournal.com\/news\/local-news\/albertas-aging-forests-increase-risk-of-catastrophic-fires-2012-report\" target=\"_blank\">Edmonton Journal berichtet<\/a>, hat bereits im Jahre 2012 hat eine Expertenkommission der Regierung von Alberta vor\u00a0einem deutlich erh\u00f6hten Risiko von gr\u00f6\u00dferen Waldbr\u00e4nden gewarnt. Als\u00a0Ursache\u00a0wird aber nicht der Klimawandel\u00a0angef\u00fchrt, sondern die eingef\u00fchrten Programme zur schnellen\u00a0Bek\u00e4mpfung von Waldbr\u00e4nden.<\/p>\n<p><img loading=\"lazy\" decoding=\"async\" class=\"alignnone wp-image-1551\" src=\"http:\/\/www.wetter-center.de\/blog\/wp-content\/uploads\/2016\/05\/26160574883_998dc4f997_z.jpg\" alt=\"Ft. McMurray Feuer 2016\" width=\"500\" height=\"375\" srcset=\"https:\/\/www.wetter-center.de\/blog\/wp-content\/uploads\/2016\/05\/26160574883_998dc4f997_z.jpg 640w, https:\/\/www.wetter-center.de\/blog\/wp-content\/uploads\/2016\/05\/26160574883_998dc4f997_z-600x450.jpg 600w, https:\/\/www.wetter-center.de\/blog\/wp-content\/uploads\/2016\/05\/26160574883_998dc4f997_z-300x225.jpg 300w\" sizes=\"auto, (max-width: 500px) 100vw, 500px\" \/><\/p>\n<p>Diese Programme haben n\u00e4mlich dazu gef\u00fchrt, dass die <strong>W\u00e4lder \u00fcberaltern<\/strong>.\u00a0Im Jahr 1971 war noch mehr als die H\u00e4lfte der B\u00e4ume in den W\u00e4ldern Albertas jung, wobei\u00a0etwa ein Drittel der B\u00e4ume nicht\u00a0ausgewachsen waren, f\u00fcnf Prozent ausgewachsen\u00a0und nur ein kleiner Teil \u00fcberaltertet.<\/p>\n<p>Dies hatte sich\u00a0bis zum Jahr 2011 drastisch ver\u00e4ndert: Nur noch\u00a010 Prozent der B\u00e4ume waren jungen Alters, etwa ein Viertel nicht ausgewachsen, mehr als 40 Prozent ausgewachsen\u00a0und mehr als 20 Prozent \u00fcberaltetert.<\/p>\n<p>Vor der Einf\u00fchrung der Programme zur Waldbrandbek\u00e4mpfung gab es durch\u00a0Blitzschl\u00e4ge und durch vom Menschen verursachte Br\u00e4nde ein Art <strong>Regenerationszyklus der W\u00e4lder<\/strong>\u00a0von 50 bis 200 Jahren.\u00a0Heutzutage haben viele\u00a0Waldfl\u00e4chen l\u00e4ngere Zeit nicht gebrannt. Dadurch\u00a0werden die B\u00e4ume <strong>immer \u00e4lter<\/strong> und weniger widerstandsf\u00e4hig gegen\u00a0Waldbr\u00e4nde,\u00a0das Risiko f\u00fcr gr\u00f6\u00dfere und potenziell teure katastrophale Br\u00e4nde\u00a0erh\u00f6ht sich.<\/p>\n<p>Hinzu kommt au\u00dferdem, dass <strong>immer mehr Menschen<\/strong> in den von Wald bedeckten Gebieten Albertas\u00a0leben. Als Folge davon stiegen auch die\u00a0Zahl der von Menschen verursachten Br\u00e4nde rapide: von etwas mehr als 200 im Jahr 1993 auf mehr als 1.100 im\u00a0Jahr 2011. Blitzschlag ist aber weiterhin die h\u00e4ufigste Ursache f\u00fcr Waldbr\u00e4nde, 40 Prozent werden dadurch ausgel\u00f6st.<\/p>\n<p>Foto: <a href=\"https:\/\/flic.kr\/p\/FRHMux\" target=\"_blank\">Flickr.com\/jasonwoodhead23<\/a><\/p>\n","protected":false},"excerpt":{"rendered":"<p>Sind die verheerenden Waldbr\u00e4nde im kanadischen Alberta eine\u00a0Folge des Klimawandels? Auch wenn einige Experten dies behaupten, ist dies doch eher unwahrscheinlich. Wie das Edmonton Journal berichtet, hat bereits im Jahre 2012 hat eine Expertenkommission&#46;&#46;&#46;<\/p>\n","protected":false},"author":1,"featured_media":1551,"comment_status":"open","ping_status":"open","sticky":false,"template":"","format":"standard","meta":{"footnotes":""},"categories":[4,6],"tags":[115,70,114],"class_list":["post-1550","post","type-post","status-publish","format-standard","has-post-thumbnail","hentry","category-klimawandel","category-unwetter","tag-kanada","tag-wald","tag-waldbrand"],"yoast_head":"<!-- This site is optimized with the Yoast SEO plugin v25.5 - https:\/\/yoast.com\/wordpress\/plugins\/seo\/ -->\n<title>Waldbr\u00e4nde in Kanada und der Klimawandel - Wetter-Center.de<\/title>\n<meta name=\"robots\" content=\"index, follow, max-snippet:-1, max-image-preview:large, max-video-preview:-1\" \/>\n<link rel=\"canonical\" href=\"https:\/\/www.wetter-center.de\/blog\/waldbraende-in-kanada-und-der-klimawandel\/\" \/>\n<meta property=\"og:locale\" content=\"de_DE\" \/>\n<meta property=\"og:type\" content=\"article\" \/>\n<meta property=\"og:title\" content=\"Waldbr\u00e4nde in Kanada und der Klimawandel - Wetter-Center.de\" \/>\n<meta property=\"og:description\" content=\"Sind die verheerenden Waldbr\u00e4nde im kanadischen Alberta eine\u00a0Folge des Klimawandels? Auch wenn einige Experten dies behaupten, ist dies doch eher unwahrscheinlich. Wie das Edmonton Journal berichtet, hat bereits im Jahre 2012 hat eine Expertenkommission&#046;&#046;&#046;\" \/>\n<meta property=\"og:url\" content=\"https:\/\/www.wetter-center.de\/blog\/waldbraende-in-kanada-und-der-klimawandel\/\" \/>\n<meta property=\"og:site_name\" content=\"Wetter-Center.de\" \/>\n<meta property=\"article:publisher\" content=\"https:\/\/www.facebook.com\/WetterUndKlima\" \/>\n<meta property=\"article:author\" content=\"https:\/\/www.facebook.com\/WetterUndKlima\" \/>\n<meta property=\"article:published_time\" content=\"2016-05-10T21:37:04+00:00\" \/>\n<meta property=\"article:modified_time\" content=\"2016-05-10T21:44:21+00:00\" \/>\n<meta property=\"og:image\" content=\"https:\/\/www.wetter-center.de\/blog\/wp-content\/uploads\/2016\/05\/26160574883_998dc4f997_z.jpg\" \/>\n\t<meta property=\"og:image:width\" content=\"640\" \/>\n\t<meta property=\"og:image:height\" content=\"480\" \/>\n\t<meta property=\"og:image:type\" content=\"image\/jpeg\" \/>\n<meta name=\"author\" content=\"meteomara\" \/>\n<meta name=\"twitter:card\" content=\"summary_large_image\" \/>\n<meta name=\"twitter:creator\" content=\"@https:\/\/twitter.com\/meteomara\" \/>\n<meta name=\"twitter:site\" content=\"@meteomara\" \/>\n<meta name=\"twitter:label1\" content=\"Geschrieben von\" \/>\n\t<meta name=\"twitter:data1\" content=\"meteomara\" \/>\n\t<meta name=\"twitter:label2\" content=\"Gesch\u00e4tzte Lesezeit\" \/>\n\t<meta name=\"twitter:data2\" content=\"1\u00a0Minute\" \/>\n<script type=\"application\/ld+json\" class=\"yoast-schema-graph\">{\"@context\":\"https:\/\/schema.org\",\"@graph\":[{\"@type\":\"Article\",\"@id\":\"https:\/\/www.wetter-center.de\/blog\/waldbraende-in-kanada-und-der-klimawandel\/#article\",\"isPartOf\":{\"@id\":\"https:\/\/www.wetter-center.de\/blog\/waldbraende-in-kanada-und-der-klimawandel\/\"},\"author\":{\"name\":\"meteomara\",\"@id\":\"https:\/\/www.wetter-center.de\/blog\/#\/schema\/person\/6c69612ad4763a699cd157cfbbfa6667\"},\"headline\":\"Waldbr\u00e4nde in Kanada und der Klimawandel\",\"datePublished\":\"2016-05-10T21:37:04+00:00\",\"dateModified\":\"2016-05-10T21:44:21+00:00\",\"mainEntityOfPage\":{\"@id\":\"https:\/\/www.wetter-center.de\/blog\/waldbraende-in-kanada-und-der-klimawandel\/\"},\"wordCount\":293,\"commentCount\":3,\"publisher\":{\"@id\":\"https:\/\/www.wetter-center.de\/blog\/#\/schema\/person\/6c69612ad4763a699cd157cfbbfa6667\"},\"image\":{\"@id\":\"https:\/\/www.wetter-center.de\/blog\/waldbraende-in-kanada-und-der-klimawandel\/#primaryimage\"},\"thumbnailUrl\":\"https:\/\/www.wetter-center.de\/blog\/wp-content\/uploads\/2016\/05\/26160574883_998dc4f997_z.jpg\",\"keywords\":[\"Kanada\",\"Wald\",\"Waldbrand\"],\"articleSection\":[\"Klimawandel\",\"Unwetter\"],\"inLanguage\":\"de\",\"potentialAction\":[{\"@type\":\"CommentAction\",\"name\":\"Comment\",\"target\":[\"https:\/\/www.wetter-center.de\/blog\/waldbraende-in-kanada-und-der-klimawandel\/#respond\"]}]},{\"@type\":\"WebPage\",\"@id\":\"https:\/\/www.wetter-center.de\/blog\/waldbraende-in-kanada-und-der-klimawandel\/\",\"url\":\"https:\/\/www.wetter-center.de\/blog\/waldbraende-in-kanada-und-der-klimawandel\/\",\"name\":\"Waldbr\u00e4nde in Kanada und der Klimawandel - Wetter-Center.de\",\"isPartOf\":{\"@id\":\"https:\/\/www.wetter-center.de\/blog\/#website\"},\"primaryImageOfPage\":{\"@id\":\"https:\/\/www.wetter-center.de\/blog\/waldbraende-in-kanada-und-der-klimawandel\/#primaryimage\"},\"image\":{\"@id\":\"https:\/\/www.wetter-center.de\/blog\/waldbraende-in-kanada-und-der-klimawandel\/#primaryimage\"},\"thumbnailUrl\":\"https:\/\/www.wetter-center.de\/blog\/wp-content\/uploads\/2016\/05\/26160574883_998dc4f997_z.jpg\",\"datePublished\":\"2016-05-10T21:37:04+00:00\",\"dateModified\":\"2016-05-10T21:44:21+00:00\",\"breadcrumb\":{\"@id\":\"https:\/\/www.wetter-center.de\/blog\/waldbraende-in-kanada-und-der-klimawandel\/#breadcrumb\"},\"inLanguage\":\"de\",\"potentialAction\":[{\"@type\":\"ReadAction\",\"target\":[\"https:\/\/www.wetter-center.de\/blog\/waldbraende-in-kanada-und-der-klimawandel\/\"]}]},{\"@type\":\"ImageObject\",\"inLanguage\":\"de\",\"@id\":\"https:\/\/www.wetter-center.de\/blog\/waldbraende-in-kanada-und-der-klimawandel\/#primaryimage\",\"url\":\"https:\/\/www.wetter-center.de\/blog\/wp-content\/uploads\/2016\/05\/26160574883_998dc4f997_z.jpg\",\"contentUrl\":\"https:\/\/www.wetter-center.de\/blog\/wp-content\/uploads\/2016\/05\/26160574883_998dc4f997_z.jpg\",\"width\":640,\"height\":480},{\"@type\":\"BreadcrumbList\",\"@id\":\"https:\/\/www.wetter-center.de\/blog\/waldbraende-in-kanada-und-der-klimawandel\/#breadcrumb\",\"itemListElement\":[{\"@type\":\"ListItem\",\"position\":1,\"name\":\"Startseite\",\"item\":\"https:\/\/www.wetter-center.de\/blog\/\"},{\"@type\":\"ListItem\",\"position\":2,\"name\":\"Waldbr\u00e4nde in Kanada und der Klimawandel\"}]},{\"@type\":\"WebSite\",\"@id\":\"https:\/\/www.wetter-center.de\/blog\/#website\",\"url\":\"https:\/\/www.wetter-center.de\/blog\/\",\"name\":\"Wetter-Center.de\",\"description\":\"\",\"publisher\":{\"@id\":\"https:\/\/www.wetter-center.de\/blog\/#\/schema\/person\/6c69612ad4763a699cd157cfbbfa6667\"},\"potentialAction\":[{\"@type\":\"SearchAction\",\"target\":{\"@type\":\"EntryPoint\",\"urlTemplate\":\"https:\/\/www.wetter-center.de\/blog\/?s={search_term_string}\"},\"query-input\":{\"@type\":\"PropertyValueSpecification\",\"valueRequired\":true,\"valueName\":\"search_term_string\"}}],\"inLanguage\":\"de\"},{\"@type\":[\"Person\",\"Organization\"],\"@id\":\"https:\/\/www.wetter-center.de\/blog\/#\/schema\/person\/6c69612ad4763a699cd157cfbbfa6667\",\"name\":\"meteomara\",\"image\":{\"@type\":\"ImageObject\",\"inLanguage\":\"de\",\"@id\":\"https:\/\/www.wetter-center.de\/blog\/#\/schema\/person\/image\/\",\"url\":\"https:\/\/www.wetter-center.de\/blog\/wp-content\/uploads\/2022\/08\/sky-1551171_1280.jpg\",\"contentUrl\":\"https:\/\/www.wetter-center.de\/blog\/wp-content\/uploads\/2022\/08\/sky-1551171_1280.jpg\",\"width\":1280,\"height\":643,\"caption\":\"meteomara\"},\"logo\":{\"@id\":\"https:\/\/www.wetter-center.de\/blog\/#\/schema\/person\/image\/\"},\"sameAs\":[\"https:\/\/www.facebook.com\/WetterUndKlima\",\"https:\/\/www.instagram.com\/wettercenterde\/\",\"https:\/\/x.com\/https:\/\/twitter.com\/meteomara\"],\"url\":\"https:\/\/www.wetter-center.de\/blog\/author\/meteomara\/\"}]}<\/script>\n<!-- \/ Yoast SEO plugin. -->","yoast_head_json":{"title":"Waldbr\u00e4nde in Kanada und der Klimawandel - Wetter-Center.de","robots":{"index":"index","follow":"follow","max-snippet":"max-snippet:-1","max-image-preview":"max-image-preview:large","max-video-preview":"max-video-preview:-1"},"canonical":"https:\/\/www.wetter-center.de\/blog\/waldbraende-in-kanada-und-der-klimawandel\/","og_locale":"de_DE","og_type":"article","og_title":"Waldbr\u00e4nde in Kanada und der Klimawandel - Wetter-Center.de","og_description":"Sind die verheerenden Waldbr\u00e4nde im kanadischen Alberta eine\u00a0Folge des Klimawandels? Auch wenn einige Experten dies behaupten, ist dies doch eher unwahrscheinlich. Wie das Edmonton Journal berichtet, hat bereits im Jahre 2012 hat eine Expertenkommission&#46;&#46;&#46;","og_url":"https:\/\/www.wetter-center.de\/blog\/waldbraende-in-kanada-und-der-klimawandel\/","og_site_name":"Wetter-Center.de","article_publisher":"https:\/\/www.facebook.com\/WetterUndKlima","article_author":"https:\/\/www.facebook.com\/WetterUndKlima","article_published_time":"2016-05-10T21:37:04+00:00","article_modified_time":"2016-05-10T21:44:21+00:00","og_image":[{"width":640,"height":480,"url":"https:\/\/www.wetter-center.de\/blog\/wp-content\/uploads\/2016\/05\/26160574883_998dc4f997_z.jpg","type":"image\/jpeg"}],"author":"meteomara","twitter_card":"summary_large_image","twitter_creator":"@https:\/\/twitter.com\/meteomara","twitter_site":"@meteomara","twitter_misc":{"Geschrieben von":"meteomara","Gesch\u00e4tzte Lesezeit":"1\u00a0Minute"},"schema":{"@context":"https:\/\/schema.org","@graph":[{"@type":"Article","@id":"https:\/\/www.wetter-center.de\/blog\/waldbraende-in-kanada-und-der-klimawandel\/#article","isPartOf":{"@id":"https:\/\/www.wetter-center.de\/blog\/waldbraende-in-kanada-und-der-klimawandel\/"},"author":{"name":"meteomara","@id":"https:\/\/www.wetter-center.de\/blog\/#\/schema\/person\/6c69612ad4763a699cd157cfbbfa6667"},"headline":"Waldbr\u00e4nde in Kanada und der Klimawandel","datePublished":"2016-05-10T21:37:04+00:00","dateModified":"2016-05-10T21:44:21+00:00","mainEntityOfPage":{"@id":"https:\/\/www.wetter-center.de\/blog\/waldbraende-in-kanada-und-der-klimawandel\/"},"wordCount":293,"commentCount":3,"publisher":{"@id":"https:\/\/www.wetter-center.de\/blog\/#\/schema\/person\/6c69612ad4763a699cd157cfbbfa6667"},"image":{"@id":"https:\/\/www.wetter-center.de\/blog\/waldbraende-in-kanada-und-der-klimawandel\/#primaryimage"},"thumbnailUrl":"https:\/\/www.wetter-center.de\/blog\/wp-content\/uploads\/2016\/05\/26160574883_998dc4f997_z.jpg","keywords":["Kanada","Wald","Waldbrand"],"articleSection":["Klimawandel","Unwetter"],"inLanguage":"de","potentialAction":[{"@type":"CommentAction","name":"Comment","target":["https:\/\/www.wetter-center.de\/blog\/waldbraende-in-kanada-und-der-klimawandel\/#respond"]}]},{"@type":"WebPage","@id":"https:\/\/www.wetter-center.de\/blog\/waldbraende-in-kanada-und-der-klimawandel\/","url":"https:\/\/www.wetter-center.de\/blog\/waldbraende-in-kanada-und-der-klimawandel\/","name":"Waldbr\u00e4nde in Kanada und der Klimawandel - Wetter-Center.de","isPartOf":{"@id":"https:\/\/www.wetter-center.de\/blog\/#website"},"primaryImageOfPage":{"@id":"https:\/\/www.wetter-center.de\/blog\/waldbraende-in-kanada-und-der-klimawandel\/#primaryimage"},"image":{"@id":"https:\/\/www.wetter-center.de\/blog\/waldbraende-in-kanada-und-der-klimawandel\/#primaryimage"},"thumbnailUrl":"https:\/\/www.wetter-center.de\/blog\/wp-content\/uploads\/2016\/05\/26160574883_998dc4f997_z.jpg","datePublished":"2016-05-10T21:37:04+00:00","dateModified":"2016-05-10T21:44:21+00:00","breadcrumb":{"@id":"https:\/\/www.wetter-center.de\/blog\/waldbraende-in-kanada-und-der-klimawandel\/#breadcrumb"},"inLanguage":"de","potentialAction":[{"@type":"ReadAction","target":["https:\/\/www.wetter-center.de\/blog\/waldbraende-in-kanada-und-der-klimawandel\/"]}]},{"@type":"ImageObject","inLanguage":"de","@id":"https:\/\/www.wetter-center.de\/blog\/waldbraende-in-kanada-und-der-klimawandel\/#primaryimage","url":"https:\/\/www.wetter-center.de\/blog\/wp-content\/uploads\/2016\/05\/26160574883_998dc4f997_z.jpg","contentUrl":"https:\/\/www.wetter-center.de\/blog\/wp-content\/uploads\/2016\/05\/26160574883_998dc4f997_z.jpg","width":640,"height":480},{"@type":"BreadcrumbList","@id":"https:\/\/www.wetter-center.de\/blog\/waldbraende-in-kanada-und-der-klimawandel\/#breadcrumb","itemListElement":[{"@type":"ListItem","position":1,"name":"Startseite","item":"https:\/\/www.wetter-center.de\/blog\/"},{"@type":"ListItem","position":2,"name":"Waldbr\u00e4nde in Kanada und der Klimawandel"}]},{"@type":"WebSite","@id":"https:\/\/www.wetter-center.de\/blog\/#website","url":"https:\/\/www.wetter-center.de\/blog\/","name":"Wetter-Center.de","description":"","publisher":{"@id":"https:\/\/www.wetter-center.de\/blog\/#\/schema\/person\/6c69612ad4763a699cd157cfbbfa6667"},"potentialAction":[{"@type":"SearchAction","target":{"@type":"EntryPoint","urlTemplate":"https:\/\/www.wetter-center.de\/blog\/?s={search_term_string}"},"query-input":{"@type":"PropertyValueSpecification","valueRequired":true,"valueName":"search_term_string"}}],"inLanguage":"de"},{"@type":["Person","Organization"],"@id":"https:\/\/www.wetter-center.de\/blog\/#\/schema\/person\/6c69612ad4763a699cd157cfbbfa6667","name":"meteomara","image":{"@type":"ImageObject","inLanguage":"de","@id":"https:\/\/www.wetter-center.de\/blog\/#\/schema\/person\/image\/","url":"https:\/\/www.wetter-center.de\/blog\/wp-content\/uploads\/2022\/08\/sky-1551171_1280.jpg","contentUrl":"https:\/\/www.wetter-center.de\/blog\/wp-content\/uploads\/2022\/08\/sky-1551171_1280.jpg","width":1280,"height":643,"caption":"meteomara"},"logo":{"@id":"https:\/\/www.wetter-center.de\/blog\/#\/schema\/person\/image\/"},"sameAs":["https:\/\/www.facebook.com\/WetterUndKlima","https:\/\/www.instagram.com\/wettercenterde\/","https:\/\/x.com\/https:\/\/twitter.com\/meteomara"],"url":"https:\/\/www.wetter-center.de\/blog\/author\/meteomara\/"}]}},"amp_enabled":true,"_links":{"self":[{"href":"https:\/\/www.wetter-center.de\/blog\/wp-json\/wp\/v2\/posts\/1550","targetHints":{"allow":["GET"]}}],"collection":[{"href":"https:\/\/www.wetter-center.de\/blog\/wp-json\/wp\/v2\/posts"}],"about":[{"href":"https:\/\/www.wetter-center.de\/blog\/wp-json\/wp\/v2\/types\/post"}],"author":[{"embeddable":true,"href":"https:\/\/www.wetter-center.de\/blog\/wp-json\/wp\/v2\/users\/1"}],"replies":[{"embeddable":true,"href":"https:\/\/www.wetter-center.de\/blog\/wp-json\/wp\/v2\/comments?post=1550"}],"version-history":[{"count":0,"href":"https:\/\/www.wetter-center.de\/blog\/wp-json\/wp\/v2\/posts\/1550\/revisions"}],"wp:featuredmedia":[{"embeddable":true,"href":"https:\/\/www.wetter-center.de\/blog\/wp-json\/wp\/v2\/media\/1551"}],"wp:attachment":[{"href":"https:\/\/www.wetter-center.de\/blog\/wp-json\/wp\/v2\/media?parent=1550"}],"wp:term":[{"taxonomy":"category","embeddable":true,"href":"https:\/\/www.wetter-center.de\/blog\/wp-json\/wp\/v2\/categories?post=1550"},{"taxonomy":"post_tag","embeddable":true,"href":"https:\/\/www.wetter-center.de\/blog\/wp-json\/wp\/v2\/tags?post=1550"}],"curies":[{"name":"wp","href":"https:\/\/api.w.org\/{rel}","templated":true}]}}