{"id":1509,"date":"2016-03-05T23:37:52","date_gmt":"2016-03-05T22:37:52","guid":{"rendered":"http:\/\/www.wetter-center.de\/blog\/?p=1509"},"modified":"2016-03-05T23:38:59","modified_gmt":"2016-03-05T22:38:59","slug":"die-wetterstation-auf-raedern","status":"publish","type":"post","link":"https:\/\/www.wetter-center.de\/blog\/die-wetterstation-auf-raedern\/","title":{"rendered":"Die Wetterstation auf R\u00e4dern"},"content":{"rendered":"<p>Der Architekt Nicholas Rajkovich von der University von\u00a0Buffalo hat vor einigen Jahren f\u00fcr neugierige und verbl\u00fcffte Blicke\u00a0gesorgt, als er mit seiner\u00a0<strong>Fahrrad-Wetterstation<\/strong> durch das n\u00f6rdliche Ohio fuhr.\u00a0Rajkovich hat diese Wetterstation selbst im Rahmen seiner <a href=\"https:\/\/www.sciencedaily.com\/releases\/2016\/02\/160225101601.htm\" target=\"_blank\">Doktorarbeit<\/a> an der\u00a0University of Michigan\u00a0entworfen, sie kann w\u00e4hrend der Fahrt verschiedene Wetterdaten aufzeichnen und ist wohl die erste Wetterstation dieser Art auf einem Fahrrad.<\/p>\n<p><a href=\"http:\/\/www.wetter-center.de\/blog\/wp-content\/uploads\/2016\/03\/160225101601_1_900x600.jpg\" data-rel=\"lightbox-image-0\" data-rl_title=\"\" data-rl_caption=\"\" title=\"\"><img loading=\"lazy\" decoding=\"async\" class=\"alignleft wp-image-1510\" src=\"http:\/\/www.wetter-center.de\/blog\/wp-content\/uploads\/2016\/03\/160225101601_1_900x600.jpg\" alt=\"Wetterstation auf R\u00e4dernd\" width=\"300\" height=\"300\" srcset=\"https:\/\/www.wetter-center.de\/blog\/wp-content\/uploads\/2016\/03\/160225101601_1_900x600.jpg 600w, https:\/\/www.wetter-center.de\/blog\/wp-content\/uploads\/2016\/03\/160225101601_1_900x600-100x100.jpg 100w, https:\/\/www.wetter-center.de\/blog\/wp-content\/uploads\/2016\/03\/160225101601_1_900x600-150x150.jpg 150w, https:\/\/www.wetter-center.de\/blog\/wp-content\/uploads\/2016\/03\/160225101601_1_900x600-300x300.jpg 300w, https:\/\/www.wetter-center.de\/blog\/wp-content\/uploads\/2016\/03\/160225101601_1_900x600-160x160.jpg 160w, https:\/\/www.wetter-center.de\/blog\/wp-content\/uploads\/2016\/03\/160225101601_1_900x600-320x320.jpg 320w\" sizes=\"auto, (max-width: 300px) 100vw, 300px\" \/><\/a><\/p>\n<p>Obwohl zahlreiche\u00a0Wetterstationen und Satellitendaten zur Verf\u00fcgung stehen, um die groben Temperaturverh\u00e4ltnisse in einer Stadt zu ermitteln, werden doch f\u00fcr die st\u00e4dtische\u00a0Planung detaillierte <strong>Wetterdaten auf Stra\u00dfenebene<\/strong> ben\u00f6tigt. Hier kann diese mobile Wetterstation wichtige Dienste leisten, um zum Beispiel den Einfluss von B\u00e4umen und\u00a0Gr\u00fcnanlagen abzusch\u00e4tzen.<\/p>\n<p>Rajkovich verwendete\u00a0ein Lastenfahrrad, um die n\u00f6tige\u00a0Stabilit\u00e4t f\u00fcr die Montage der Messger\u00e4te zu gew\u00e4hrleisten.\u00a0Das gesamte Ger\u00e4t wiegt etwa 22\u00a0Kilogramm und umfasst Sensoren\u00a0zur Messung von\u00a0<strong>Temperaturen\u00a0<\/strong>und <strong>Luftfeuchte\u00a0<\/strong>sowie ein GPS-Ger\u00e4t an einem\u00a01.8\u00a0Meter hohen Aluminium-Ger\u00fcst, das\u00a0am Hinterrad befestigt ist, um\u00a0Einfl\u00fcsse des Bodens auf die Messungen zu vermeiden.<\/p>\n<p>Das Rad\u00a0wurde auch mit einer in den Himmel gerichteten <strong>Kamera<\/strong>, einem Vier-Komponenten-Radiometer zur Messung der <strong>Solarstrahlung<\/strong> und einem Infrarot-Radiometer zur Messung der <strong>Stra\u00dfentemperatur\u00a0<\/strong>ausgestattet. Die Ablesungen wurden jede Sekunde vorgenommen, in einem Datenlogger aufgezeichnet und als\u00a0min\u00fctliche Mittelwerte auf einer Festplatte abgespeichert.<\/p>\n<p>Zw\u00f6lf\u00a0Messfahrten wurden\u00a0im Sommer 2012 auf Radwegen in\u00a0<strong>Cleveland<\/strong> sowie im\u00a0<strong>Cuyahoga Valley National Park<\/strong>\u00a0durchgef\u00fchrt, jeweils w\u00e4hrend der hei\u00dfesten Stunden des Tages, in der Regel am sp\u00e4ten Nachmittag. Die Ergebnisse wurden jetzt im\u00a0International Journal of Environmental Research und Public Health in einem Artikel ver\u00f6ffentlicht. Die Daten sollen von\u00a0Stadtplanern genutzt werden, um bei der Bebauung\u00a0die\u00a0Effekte von\u00a0<strong><a href=\"http:\/\/www.wetter-center.de\/blog\/?p=895\">st\u00e4dtischen W\u00e4rmeinseln<\/a><\/strong> zu vermeiden. So\u00a0will\u00a0die Stadt Cleveland die Daten\u00a0f\u00fcr\u00a0die Planung von\u00a0Baumpflanzaktionen nutzen.<\/p>\n<p>Die Messungen\u00a0sind noch nicht abgeschlossen, das Fahrrad wird voraussichtlich im Sommer 2016 wieder zum Einsatz kommen, um Daten in Buffalo oder Cleveland zu sammeln.<\/p>\n<p>Foto: <em>University at Buffalo<\/em><\/p>\n","protected":false},"excerpt":{"rendered":"<p>Der Architekt Nicholas Rajkovich von der University von\u00a0Buffalo hat vor einigen Jahren f\u00fcr neugierige und verbl\u00fcffte Blicke\u00a0gesorgt, als er mit seiner\u00a0Fahrrad-Wetterstation durch das n\u00f6rdliche Ohio fuhr.\u00a0Rajkovich hat diese Wetterstation selbst im Rahmen seiner Doktorarbeit&#46;&#46;&#46;<\/p>\n","protected":false},"author":1,"featured_media":1510,"comment_status":"open","ping_status":"open","sticky":false,"template":"","format":"standard","meta":{"footnotes":""},"categories":[15],"tags":[97,74],"class_list":["post-1509","post","type-post","status-publish","format-standard","has-post-thumbnail","hentry","category-forschung","tag-klimawandel","tag-wetterstation"],"yoast_head":"<!-- This site is optimized with the Yoast SEO plugin v25.5 - https:\/\/yoast.com\/wordpress\/plugins\/seo\/ -->\n<title>Die Wetterstation auf R\u00e4dern - Wetter-Center.de<\/title>\n<meta name=\"robots\" content=\"index, follow, max-snippet:-1, max-image-preview:large, max-video-preview:-1\" \/>\n<link rel=\"canonical\" href=\"https:\/\/www.wetter-center.de\/blog\/die-wetterstation-auf-raedern\/\" \/>\n<meta property=\"og:locale\" content=\"de_DE\" \/>\n<meta property=\"og:type\" content=\"article\" \/>\n<meta property=\"og:title\" content=\"Die Wetterstation auf R\u00e4dern - Wetter-Center.de\" \/>\n<meta property=\"og:description\" content=\"Der Architekt Nicholas Rajkovich von der University von\u00a0Buffalo hat vor einigen Jahren f\u00fcr neugierige und verbl\u00fcffte Blicke\u00a0gesorgt, als er mit seiner\u00a0Fahrrad-Wetterstation durch das n\u00f6rdliche Ohio fuhr.\u00a0Rajkovich hat diese Wetterstation selbst im Rahmen seiner Doktorarbeit&#046;&#046;&#046;\" \/>\n<meta property=\"og:url\" content=\"https:\/\/www.wetter-center.de\/blog\/die-wetterstation-auf-raedern\/\" \/>\n<meta property=\"og:site_name\" content=\"Wetter-Center.de\" \/>\n<meta property=\"article:publisher\" content=\"https:\/\/www.facebook.com\/WetterUndKlima\" \/>\n<meta property=\"article:author\" content=\"https:\/\/www.facebook.com\/WetterUndKlima\" \/>\n<meta property=\"article:published_time\" content=\"2016-03-05T22:37:52+00:00\" \/>\n<meta property=\"article:modified_time\" content=\"2016-03-05T22:38:59+00:00\" \/>\n<meta property=\"og:image\" content=\"https:\/\/www.wetter-center.de\/blog\/wp-content\/uploads\/2016\/03\/160225101601_1_900x600.jpg\" \/>\n\t<meta property=\"og:image:width\" content=\"600\" \/>\n\t<meta property=\"og:image:height\" content=\"600\" \/>\n\t<meta property=\"og:image:type\" content=\"image\/jpeg\" \/>\n<meta name=\"author\" content=\"meteomara\" \/>\n<meta name=\"twitter:card\" content=\"summary_large_image\" \/>\n<meta name=\"twitter:creator\" content=\"@https:\/\/twitter.com\/meteomara\" \/>\n<meta name=\"twitter:site\" content=\"@meteomara\" \/>\n<meta name=\"twitter:label1\" content=\"Geschrieben von\" \/>\n\t<meta name=\"twitter:data1\" content=\"meteomara\" \/>\n\t<meta name=\"twitter:label2\" content=\"Gesch\u00e4tzte Lesezeit\" \/>\n\t<meta name=\"twitter:data2\" content=\"2\u00a0Minuten\" \/>\n<script type=\"application\/ld+json\" class=\"yoast-schema-graph\">{\"@context\":\"https:\/\/schema.org\",\"@graph\":[{\"@type\":\"Article\",\"@id\":\"https:\/\/www.wetter-center.de\/blog\/die-wetterstation-auf-raedern\/#article\",\"isPartOf\":{\"@id\":\"https:\/\/www.wetter-center.de\/blog\/die-wetterstation-auf-raedern\/\"},\"author\":{\"name\":\"meteomara\",\"@id\":\"https:\/\/www.wetter-center.de\/blog\/#\/schema\/person\/6c69612ad4763a699cd157cfbbfa6667\"},\"headline\":\"Die Wetterstation auf R\u00e4dern\",\"datePublished\":\"2016-03-05T22:37:52+00:00\",\"dateModified\":\"2016-03-05T22:38:59+00:00\",\"mainEntityOfPage\":{\"@id\":\"https:\/\/www.wetter-center.de\/blog\/die-wetterstation-auf-raedern\/\"},\"wordCount\":347,\"commentCount\":0,\"publisher\":{\"@id\":\"https:\/\/www.wetter-center.de\/blog\/#\/schema\/person\/6c69612ad4763a699cd157cfbbfa6667\"},\"image\":{\"@id\":\"https:\/\/www.wetter-center.de\/blog\/die-wetterstation-auf-raedern\/#primaryimage\"},\"thumbnailUrl\":\"https:\/\/www.wetter-center.de\/blog\/wp-content\/uploads\/2016\/03\/160225101601_1_900x600.jpg\",\"keywords\":[\"Klimawandel\",\"Wetterstation\"],\"articleSection\":[\"Forschung\"],\"inLanguage\":\"de\",\"potentialAction\":[{\"@type\":\"CommentAction\",\"name\":\"Comment\",\"target\":[\"https:\/\/www.wetter-center.de\/blog\/die-wetterstation-auf-raedern\/#respond\"]}]},{\"@type\":\"WebPage\",\"@id\":\"https:\/\/www.wetter-center.de\/blog\/die-wetterstation-auf-raedern\/\",\"url\":\"https:\/\/www.wetter-center.de\/blog\/die-wetterstation-auf-raedern\/\",\"name\":\"Die Wetterstation auf R\u00e4dern - Wetter-Center.de\",\"isPartOf\":{\"@id\":\"https:\/\/www.wetter-center.de\/blog\/#website\"},\"primaryImageOfPage\":{\"@id\":\"https:\/\/www.wetter-center.de\/blog\/die-wetterstation-auf-raedern\/#primaryimage\"},\"image\":{\"@id\":\"https:\/\/www.wetter-center.de\/blog\/die-wetterstation-auf-raedern\/#primaryimage\"},\"thumbnailUrl\":\"https:\/\/www.wetter-center.de\/blog\/wp-content\/uploads\/2016\/03\/160225101601_1_900x600.jpg\",\"datePublished\":\"2016-03-05T22:37:52+00:00\",\"dateModified\":\"2016-03-05T22:38:59+00:00\",\"breadcrumb\":{\"@id\":\"https:\/\/www.wetter-center.de\/blog\/die-wetterstation-auf-raedern\/#breadcrumb\"},\"inLanguage\":\"de\",\"potentialAction\":[{\"@type\":\"ReadAction\",\"target\":[\"https:\/\/www.wetter-center.de\/blog\/die-wetterstation-auf-raedern\/\"]}]},{\"@type\":\"ImageObject\",\"inLanguage\":\"de\",\"@id\":\"https:\/\/www.wetter-center.de\/blog\/die-wetterstation-auf-raedern\/#primaryimage\",\"url\":\"https:\/\/www.wetter-center.de\/blog\/wp-content\/uploads\/2016\/03\/160225101601_1_900x600.jpg\",\"contentUrl\":\"https:\/\/www.wetter-center.de\/blog\/wp-content\/uploads\/2016\/03\/160225101601_1_900x600.jpg\",\"width\":600,\"height\":600},{\"@type\":\"BreadcrumbList\",\"@id\":\"https:\/\/www.wetter-center.de\/blog\/die-wetterstation-auf-raedern\/#breadcrumb\",\"itemListElement\":[{\"@type\":\"ListItem\",\"position\":1,\"name\":\"Startseite\",\"item\":\"https:\/\/www.wetter-center.de\/blog\/\"},{\"@type\":\"ListItem\",\"position\":2,\"name\":\"Die Wetterstation auf R\u00e4dern\"}]},{\"@type\":\"WebSite\",\"@id\":\"https:\/\/www.wetter-center.de\/blog\/#website\",\"url\":\"https:\/\/www.wetter-center.de\/blog\/\",\"name\":\"Wetter-Center.de\",\"description\":\"\",\"publisher\":{\"@id\":\"https:\/\/www.wetter-center.de\/blog\/#\/schema\/person\/6c69612ad4763a699cd157cfbbfa6667\"},\"potentialAction\":[{\"@type\":\"SearchAction\",\"target\":{\"@type\":\"EntryPoint\",\"urlTemplate\":\"https:\/\/www.wetter-center.de\/blog\/?s={search_term_string}\"},\"query-input\":{\"@type\":\"PropertyValueSpecification\",\"valueRequired\":true,\"valueName\":\"search_term_string\"}}],\"inLanguage\":\"de\"},{\"@type\":[\"Person\",\"Organization\"],\"@id\":\"https:\/\/www.wetter-center.de\/blog\/#\/schema\/person\/6c69612ad4763a699cd157cfbbfa6667\",\"name\":\"meteomara\",\"image\":{\"@type\":\"ImageObject\",\"inLanguage\":\"de\",\"@id\":\"https:\/\/www.wetter-center.de\/blog\/#\/schema\/person\/image\/\",\"url\":\"https:\/\/www.wetter-center.de\/blog\/wp-content\/uploads\/2022\/08\/sky-1551171_1280.jpg\",\"contentUrl\":\"https:\/\/www.wetter-center.de\/blog\/wp-content\/uploads\/2022\/08\/sky-1551171_1280.jpg\",\"width\":1280,\"height\":643,\"caption\":\"meteomara\"},\"logo\":{\"@id\":\"https:\/\/www.wetter-center.de\/blog\/#\/schema\/person\/image\/\"},\"sameAs\":[\"https:\/\/www.facebook.com\/WetterUndKlima\",\"https:\/\/www.instagram.com\/wettercenterde\/\",\"https:\/\/x.com\/https:\/\/twitter.com\/meteomara\"],\"url\":\"https:\/\/www.wetter-center.de\/blog\/author\/meteomara\/\"}]}<\/script>\n<!-- \/ Yoast SEO plugin. -->","yoast_head_json":{"title":"Die Wetterstation auf R\u00e4dern - Wetter-Center.de","robots":{"index":"index","follow":"follow","max-snippet":"max-snippet:-1","max-image-preview":"max-image-preview:large","max-video-preview":"max-video-preview:-1"},"canonical":"https:\/\/www.wetter-center.de\/blog\/die-wetterstation-auf-raedern\/","og_locale":"de_DE","og_type":"article","og_title":"Die Wetterstation auf R\u00e4dern - Wetter-Center.de","og_description":"Der Architekt Nicholas Rajkovich von der University von\u00a0Buffalo hat vor einigen Jahren f\u00fcr neugierige und verbl\u00fcffte Blicke\u00a0gesorgt, als er mit seiner\u00a0Fahrrad-Wetterstation durch das n\u00f6rdliche Ohio fuhr.\u00a0Rajkovich hat diese Wetterstation selbst im Rahmen seiner Doktorarbeit&#46;&#46;&#46;","og_url":"https:\/\/www.wetter-center.de\/blog\/die-wetterstation-auf-raedern\/","og_site_name":"Wetter-Center.de","article_publisher":"https:\/\/www.facebook.com\/WetterUndKlima","article_author":"https:\/\/www.facebook.com\/WetterUndKlima","article_published_time":"2016-03-05T22:37:52+00:00","article_modified_time":"2016-03-05T22:38:59+00:00","og_image":[{"width":600,"height":600,"url":"https:\/\/www.wetter-center.de\/blog\/wp-content\/uploads\/2016\/03\/160225101601_1_900x600.jpg","type":"image\/jpeg"}],"author":"meteomara","twitter_card":"summary_large_image","twitter_creator":"@https:\/\/twitter.com\/meteomara","twitter_site":"@meteomara","twitter_misc":{"Geschrieben von":"meteomara","Gesch\u00e4tzte Lesezeit":"2\u00a0Minuten"},"schema":{"@context":"https:\/\/schema.org","@graph":[{"@type":"Article","@id":"https:\/\/www.wetter-center.de\/blog\/die-wetterstation-auf-raedern\/#article","isPartOf":{"@id":"https:\/\/www.wetter-center.de\/blog\/die-wetterstation-auf-raedern\/"},"author":{"name":"meteomara","@id":"https:\/\/www.wetter-center.de\/blog\/#\/schema\/person\/6c69612ad4763a699cd157cfbbfa6667"},"headline":"Die Wetterstation auf R\u00e4dern","datePublished":"2016-03-05T22:37:52+00:00","dateModified":"2016-03-05T22:38:59+00:00","mainEntityOfPage":{"@id":"https:\/\/www.wetter-center.de\/blog\/die-wetterstation-auf-raedern\/"},"wordCount":347,"commentCount":0,"publisher":{"@id":"https:\/\/www.wetter-center.de\/blog\/#\/schema\/person\/6c69612ad4763a699cd157cfbbfa6667"},"image":{"@id":"https:\/\/www.wetter-center.de\/blog\/die-wetterstation-auf-raedern\/#primaryimage"},"thumbnailUrl":"https:\/\/www.wetter-center.de\/blog\/wp-content\/uploads\/2016\/03\/160225101601_1_900x600.jpg","keywords":["Klimawandel","Wetterstation"],"articleSection":["Forschung"],"inLanguage":"de","potentialAction":[{"@type":"CommentAction","name":"Comment","target":["https:\/\/www.wetter-center.de\/blog\/die-wetterstation-auf-raedern\/#respond"]}]},{"@type":"WebPage","@id":"https:\/\/www.wetter-center.de\/blog\/die-wetterstation-auf-raedern\/","url":"https:\/\/www.wetter-center.de\/blog\/die-wetterstation-auf-raedern\/","name":"Die Wetterstation auf R\u00e4dern - Wetter-Center.de","isPartOf":{"@id":"https:\/\/www.wetter-center.de\/blog\/#website"},"primaryImageOfPage":{"@id":"https:\/\/www.wetter-center.de\/blog\/die-wetterstation-auf-raedern\/#primaryimage"},"image":{"@id":"https:\/\/www.wetter-center.de\/blog\/die-wetterstation-auf-raedern\/#primaryimage"},"thumbnailUrl":"https:\/\/www.wetter-center.de\/blog\/wp-content\/uploads\/2016\/03\/160225101601_1_900x600.jpg","datePublished":"2016-03-05T22:37:52+00:00","dateModified":"2016-03-05T22:38:59+00:00","breadcrumb":{"@id":"https:\/\/www.wetter-center.de\/blog\/die-wetterstation-auf-raedern\/#breadcrumb"},"inLanguage":"de","potentialAction":[{"@type":"ReadAction","target":["https:\/\/www.wetter-center.de\/blog\/die-wetterstation-auf-raedern\/"]}]},{"@type":"ImageObject","inLanguage":"de","@id":"https:\/\/www.wetter-center.de\/blog\/die-wetterstation-auf-raedern\/#primaryimage","url":"https:\/\/www.wetter-center.de\/blog\/wp-content\/uploads\/2016\/03\/160225101601_1_900x600.jpg","contentUrl":"https:\/\/www.wetter-center.de\/blog\/wp-content\/uploads\/2016\/03\/160225101601_1_900x600.jpg","width":600,"height":600},{"@type":"BreadcrumbList","@id":"https:\/\/www.wetter-center.de\/blog\/die-wetterstation-auf-raedern\/#breadcrumb","itemListElement":[{"@type":"ListItem","position":1,"name":"Startseite","item":"https:\/\/www.wetter-center.de\/blog\/"},{"@type":"ListItem","position":2,"name":"Die Wetterstation auf R\u00e4dern"}]},{"@type":"WebSite","@id":"https:\/\/www.wetter-center.de\/blog\/#website","url":"https:\/\/www.wetter-center.de\/blog\/","name":"Wetter-Center.de","description":"","publisher":{"@id":"https:\/\/www.wetter-center.de\/blog\/#\/schema\/person\/6c69612ad4763a699cd157cfbbfa6667"},"potentialAction":[{"@type":"SearchAction","target":{"@type":"EntryPoint","urlTemplate":"https:\/\/www.wetter-center.de\/blog\/?s={search_term_string}"},"query-input":{"@type":"PropertyValueSpecification","valueRequired":true,"valueName":"search_term_string"}}],"inLanguage":"de"},{"@type":["Person","Organization"],"@id":"https:\/\/www.wetter-center.de\/blog\/#\/schema\/person\/6c69612ad4763a699cd157cfbbfa6667","name":"meteomara","image":{"@type":"ImageObject","inLanguage":"de","@id":"https:\/\/www.wetter-center.de\/blog\/#\/schema\/person\/image\/","url":"https:\/\/www.wetter-center.de\/blog\/wp-content\/uploads\/2022\/08\/sky-1551171_1280.jpg","contentUrl":"https:\/\/www.wetter-center.de\/blog\/wp-content\/uploads\/2022\/08\/sky-1551171_1280.jpg","width":1280,"height":643,"caption":"meteomara"},"logo":{"@id":"https:\/\/www.wetter-center.de\/blog\/#\/schema\/person\/image\/"},"sameAs":["https:\/\/www.facebook.com\/WetterUndKlima","https:\/\/www.instagram.com\/wettercenterde\/","https:\/\/x.com\/https:\/\/twitter.com\/meteomara"],"url":"https:\/\/www.wetter-center.de\/blog\/author\/meteomara\/"}]}},"amp_enabled":true,"_links":{"self":[{"href":"https:\/\/www.wetter-center.de\/blog\/wp-json\/wp\/v2\/posts\/1509","targetHints":{"allow":["GET"]}}],"collection":[{"href":"https:\/\/www.wetter-center.de\/blog\/wp-json\/wp\/v2\/posts"}],"about":[{"href":"https:\/\/www.wetter-center.de\/blog\/wp-json\/wp\/v2\/types\/post"}],"author":[{"embeddable":true,"href":"https:\/\/www.wetter-center.de\/blog\/wp-json\/wp\/v2\/users\/1"}],"replies":[{"embeddable":true,"href":"https:\/\/www.wetter-center.de\/blog\/wp-json\/wp\/v2\/comments?post=1509"}],"version-history":[{"count":0,"href":"https:\/\/www.wetter-center.de\/blog\/wp-json\/wp\/v2\/posts\/1509\/revisions"}],"wp:featuredmedia":[{"embeddable":true,"href":"https:\/\/www.wetter-center.de\/blog\/wp-json\/wp\/v2\/media\/1510"}],"wp:attachment":[{"href":"https:\/\/www.wetter-center.de\/blog\/wp-json\/wp\/v2\/media?parent=1509"}],"wp:term":[{"taxonomy":"category","embeddable":true,"href":"https:\/\/www.wetter-center.de\/blog\/wp-json\/wp\/v2\/categories?post=1509"},{"taxonomy":"post_tag","embeddable":true,"href":"https:\/\/www.wetter-center.de\/blog\/wp-json\/wp\/v2\/tags?post=1509"}],"curies":[{"name":"wp","href":"https:\/\/api.w.org\/{rel}","templated":true}]}}