{"id":15,"date":"2007-10-09T09:34:23","date_gmt":"2007-10-09T07:34:23","guid":{"rendered":"http:\/\/www.wetter-center.de\/blog\/?p=15"},"modified":"2007-10-09T09:34:23","modified_gmt":"2007-10-09T07:34:23","slug":"lasst-sich-al-gore-von-energiekonzern-enbw-kaufen","status":"publish","type":"post","link":"https:\/\/www.wetter-center.de\/blog\/lasst-sich-al-gore-von-energiekonzern-enbw-kaufen\/","title":{"rendered":"L\u00e4sst sich Al Gore von Energiekonzern EnBW kaufen?"},"content":{"rendered":"<p>In Anzeigen und Pressemitteilungen wirbt der deutsche Energiekonzern Energie Baden-W\u00fcrttemberg (EnBW) f\u00fcr den 2. Deutschen Klimakongress &#8220;The Economics of Climate Change&#8221;. Dass ein Klimakongress von einem Energiekonzern veranstaltet wird, mutet allein schon merkw\u00fcrdig an, noch kurioser ist allerdings, dass sich nun mehr der bekannteste US-Umweltaktivist <strong>Al Gore<\/strong> von EnBW einspannen l\u00e4sst.<\/p>\n<p><img loading=\"lazy\" decoding=\"async\" src=\"http:\/\/www.bmu.de\/files\/bilder\/allgemein\/image\/pjpeg\/gore_film.jpg\" height=\"330\" width=\"470\" \/><\/p>\n<p>Und um zu beweisen, dass EnBW nicht nur ein ganz toller Energiekonzern ist, der sich um die Umwelt bem\u00fcht, sondern dass es dort auch richtig demokratisch zugeht, darf auch das allgemeine Volk am Klimakongress des Energiekonzerns teilnehmen: &#8220;<a href=\"http:\/\/www.enbw.com\/content\/de\/impulse\/gesellschaft\/klimawandel-kongress-2007\/fragen_algore\/index.jsp\" target=\"_blank\">Sie fragen. Al Gore antwortet<\/a>&#8221; lautet die Aktion. Ups, ist Al Gore jetzt zum Klimaforscher geworden? Schade auch, dass man EnBW keine Fragen stellen kann.<\/p>\n<p>Der tiefere Sinn von Al Gores Auftritt auf dem Kongress erschlie\u00dft sich f\u00fcr den Umweltaktivisten nur schwer. Stattdessen dr\u00e4ngt sich gleich der Eindruck auf, dass die PR-Abteilung von EnBW die tolle Idee nicht missen wollte, die Popularit\u00e4t von Gore auch f\u00fcr den Energiekonzern maximal anzunutzen. Da k\u00f6nnen andere Konzerne wie Vattenfall noch was lernen.<\/p>\n","protected":false},"excerpt":{"rendered":"<p>In Anzeigen und Pressemitteilungen wirbt der deutsche Energiekonzern Energie Baden-W\u00fcrttemberg (EnBW) f\u00fcr den 2. Deutschen Klimakongress &#8220;The Economics of Climate Change&#8221;. Dass ein Klimakongress von einem Energiekonzern veranstaltet wird, mutet allein schon merkw\u00fcrdig an,&#46;&#46;&#46;<\/p>\n","protected":false},"author":1,"featured_media":0,"comment_status":"open","ping_status":"open","sticky":false,"template":"","format":"standard","meta":{"footnotes":""},"categories":[],"tags":[],"class_list":["post-15","post","type-post","status-publish","format-standard","hentry"],"yoast_head":"<!-- This site is optimized with the Yoast SEO plugin v25.5 - https:\/\/yoast.com\/wordpress\/plugins\/seo\/ -->\n<title>L\u00e4sst sich Al Gore von Energiekonzern EnBW kaufen? - Wetter-Center.de<\/title>\n<meta name=\"robots\" content=\"index, follow, max-snippet:-1, max-image-preview:large, max-video-preview:-1\" \/>\n<link rel=\"canonical\" href=\"https:\/\/www.wetter-center.de\/blog\/lasst-sich-al-gore-von-energiekonzern-enbw-kaufen\/\" \/>\n<meta property=\"og:locale\" content=\"de_DE\" \/>\n<meta property=\"og:type\" content=\"article\" \/>\n<meta property=\"og:title\" content=\"L\u00e4sst sich Al Gore von Energiekonzern EnBW kaufen? - Wetter-Center.de\" \/>\n<meta property=\"og:description\" content=\"In Anzeigen und Pressemitteilungen wirbt der deutsche Energiekonzern Energie Baden-W\u00fcrttemberg (EnBW) f\u00fcr den 2. Deutschen Klimakongress &#8220;The Economics of Climate Change&#8221;. Dass ein Klimakongress von einem Energiekonzern veranstaltet wird, mutet allein schon merkw\u00fcrdig an,&#046;&#046;&#046;\" \/>\n<meta property=\"og:url\" content=\"https:\/\/www.wetter-center.de\/blog\/lasst-sich-al-gore-von-energiekonzern-enbw-kaufen\/\" \/>\n<meta property=\"og:site_name\" content=\"Wetter-Center.de\" \/>\n<meta property=\"article:publisher\" content=\"https:\/\/www.facebook.com\/WetterUndKlima\" \/>\n<meta property=\"article:author\" content=\"https:\/\/www.facebook.com\/WetterUndKlima\" \/>\n<meta property=\"article:published_time\" content=\"2007-10-09T07:34:23+00:00\" \/>\n<meta property=\"og:image\" content=\"http:\/\/www.bmu.de\/files\/bilder\/allgemein\/image\/pjpeg\/gore_film.jpg\" \/>\n<meta name=\"author\" content=\"meteomara\" \/>\n<meta name=\"twitter:card\" content=\"summary_large_image\" \/>\n<meta name=\"twitter:creator\" content=\"@https:\/\/twitter.com\/meteomara\" \/>\n<meta name=\"twitter:site\" content=\"@meteomara\" \/>\n<meta name=\"twitter:label1\" content=\"Geschrieben von\" \/>\n\t<meta name=\"twitter:data1\" content=\"meteomara\" \/>\n\t<meta name=\"twitter:label2\" content=\"Gesch\u00e4tzte Lesezeit\" \/>\n\t<meta name=\"twitter:data2\" content=\"1\u00a0Minute\" \/>\n<script type=\"application\/ld+json\" class=\"yoast-schema-graph\">{\"@context\":\"https:\/\/schema.org\",\"@graph\":[{\"@type\":\"Article\",\"@id\":\"https:\/\/www.wetter-center.de\/blog\/lasst-sich-al-gore-von-energiekonzern-enbw-kaufen\/#article\",\"isPartOf\":{\"@id\":\"https:\/\/www.wetter-center.de\/blog\/lasst-sich-al-gore-von-energiekonzern-enbw-kaufen\/\"},\"author\":{\"name\":\"meteomara\",\"@id\":\"https:\/\/www.wetter-center.de\/blog\/#\/schema\/person\/6c69612ad4763a699cd157cfbbfa6667\"},\"headline\":\"L\u00e4sst sich Al Gore von Energiekonzern EnBW kaufen?\",\"datePublished\":\"2007-10-09T07:34:23+00:00\",\"mainEntityOfPage\":{\"@id\":\"https:\/\/www.wetter-center.de\/blog\/lasst-sich-al-gore-von-energiekonzern-enbw-kaufen\/\"},\"wordCount\":186,\"commentCount\":1,\"publisher\":{\"@id\":\"https:\/\/www.wetter-center.de\/blog\/#\/schema\/person\/6c69612ad4763a699cd157cfbbfa6667\"},\"image\":{\"@id\":\"https:\/\/www.wetter-center.de\/blog\/lasst-sich-al-gore-von-energiekonzern-enbw-kaufen\/#primaryimage\"},\"thumbnailUrl\":\"http:\/\/www.bmu.de\/files\/bilder\/allgemein\/image\/pjpeg\/gore_film.jpg\",\"inLanguage\":\"de\",\"potentialAction\":[{\"@type\":\"CommentAction\",\"name\":\"Comment\",\"target\":[\"https:\/\/www.wetter-center.de\/blog\/lasst-sich-al-gore-von-energiekonzern-enbw-kaufen\/#respond\"]}]},{\"@type\":\"WebPage\",\"@id\":\"https:\/\/www.wetter-center.de\/blog\/lasst-sich-al-gore-von-energiekonzern-enbw-kaufen\/\",\"url\":\"https:\/\/www.wetter-center.de\/blog\/lasst-sich-al-gore-von-energiekonzern-enbw-kaufen\/\",\"name\":\"L\u00e4sst sich Al Gore von Energiekonzern EnBW kaufen? - Wetter-Center.de\",\"isPartOf\":{\"@id\":\"https:\/\/www.wetter-center.de\/blog\/#website\"},\"primaryImageOfPage\":{\"@id\":\"https:\/\/www.wetter-center.de\/blog\/lasst-sich-al-gore-von-energiekonzern-enbw-kaufen\/#primaryimage\"},\"image\":{\"@id\":\"https:\/\/www.wetter-center.de\/blog\/lasst-sich-al-gore-von-energiekonzern-enbw-kaufen\/#primaryimage\"},\"thumbnailUrl\":\"http:\/\/www.bmu.de\/files\/bilder\/allgemein\/image\/pjpeg\/gore_film.jpg\",\"datePublished\":\"2007-10-09T07:34:23+00:00\",\"breadcrumb\":{\"@id\":\"https:\/\/www.wetter-center.de\/blog\/lasst-sich-al-gore-von-energiekonzern-enbw-kaufen\/#breadcrumb\"},\"inLanguage\":\"de\",\"potentialAction\":[{\"@type\":\"ReadAction\",\"target\":[\"https:\/\/www.wetter-center.de\/blog\/lasst-sich-al-gore-von-energiekonzern-enbw-kaufen\/\"]}]},{\"@type\":\"ImageObject\",\"inLanguage\":\"de\",\"@id\":\"https:\/\/www.wetter-center.de\/blog\/lasst-sich-al-gore-von-energiekonzern-enbw-kaufen\/#primaryimage\",\"url\":\"http:\/\/www.bmu.de\/files\/bilder\/allgemein\/image\/pjpeg\/gore_film.jpg\",\"contentUrl\":\"http:\/\/www.bmu.de\/files\/bilder\/allgemein\/image\/pjpeg\/gore_film.jpg\"},{\"@type\":\"BreadcrumbList\",\"@id\":\"https:\/\/www.wetter-center.de\/blog\/lasst-sich-al-gore-von-energiekonzern-enbw-kaufen\/#breadcrumb\",\"itemListElement\":[{\"@type\":\"ListItem\",\"position\":1,\"name\":\"Startseite\",\"item\":\"https:\/\/www.wetter-center.de\/blog\/\"},{\"@type\":\"ListItem\",\"position\":2,\"name\":\"L\u00e4sst sich Al Gore von Energiekonzern EnBW kaufen?\"}]},{\"@type\":\"WebSite\",\"@id\":\"https:\/\/www.wetter-center.de\/blog\/#website\",\"url\":\"https:\/\/www.wetter-center.de\/blog\/\",\"name\":\"Wetter-Center.de\",\"description\":\"\",\"publisher\":{\"@id\":\"https:\/\/www.wetter-center.de\/blog\/#\/schema\/person\/6c69612ad4763a699cd157cfbbfa6667\"},\"potentialAction\":[{\"@type\":\"SearchAction\",\"target\":{\"@type\":\"EntryPoint\",\"urlTemplate\":\"https:\/\/www.wetter-center.de\/blog\/?s={search_term_string}\"},\"query-input\":{\"@type\":\"PropertyValueSpecification\",\"valueRequired\":true,\"valueName\":\"search_term_string\"}}],\"inLanguage\":\"de\"},{\"@type\":[\"Person\",\"Organization\"],\"@id\":\"https:\/\/www.wetter-center.de\/blog\/#\/schema\/person\/6c69612ad4763a699cd157cfbbfa6667\",\"name\":\"meteomara\",\"image\":{\"@type\":\"ImageObject\",\"inLanguage\":\"de\",\"@id\":\"https:\/\/www.wetter-center.de\/blog\/#\/schema\/person\/image\/\",\"url\":\"https:\/\/www.wetter-center.de\/blog\/wp-content\/uploads\/2022\/08\/sky-1551171_1280.jpg\",\"contentUrl\":\"https:\/\/www.wetter-center.de\/blog\/wp-content\/uploads\/2022\/08\/sky-1551171_1280.jpg\",\"width\":1280,\"height\":643,\"caption\":\"meteomara\"},\"logo\":{\"@id\":\"https:\/\/www.wetter-center.de\/blog\/#\/schema\/person\/image\/\"},\"sameAs\":[\"https:\/\/www.facebook.com\/WetterUndKlima\",\"https:\/\/www.instagram.com\/wettercenterde\/\",\"https:\/\/x.com\/https:\/\/twitter.com\/meteomara\"],\"url\":\"https:\/\/www.wetter-center.de\/blog\/author\/meteomara\/\"}]}<\/script>\n<!-- \/ Yoast SEO plugin. -->","yoast_head_json":{"title":"L\u00e4sst sich Al Gore von Energiekonzern EnBW kaufen? - Wetter-Center.de","robots":{"index":"index","follow":"follow","max-snippet":"max-snippet:-1","max-image-preview":"max-image-preview:large","max-video-preview":"max-video-preview:-1"},"canonical":"https:\/\/www.wetter-center.de\/blog\/lasst-sich-al-gore-von-energiekonzern-enbw-kaufen\/","og_locale":"de_DE","og_type":"article","og_title":"L\u00e4sst sich Al Gore von Energiekonzern EnBW kaufen? - Wetter-Center.de","og_description":"In Anzeigen und Pressemitteilungen wirbt der deutsche Energiekonzern Energie Baden-W\u00fcrttemberg (EnBW) f\u00fcr den 2. Deutschen Klimakongress &#8220;The Economics of Climate Change&#8221;. Dass ein Klimakongress von einem Energiekonzern veranstaltet wird, mutet allein schon merkw\u00fcrdig an,&#46;&#46;&#46;","og_url":"https:\/\/www.wetter-center.de\/blog\/lasst-sich-al-gore-von-energiekonzern-enbw-kaufen\/","og_site_name":"Wetter-Center.de","article_publisher":"https:\/\/www.facebook.com\/WetterUndKlima","article_author":"https:\/\/www.facebook.com\/WetterUndKlima","article_published_time":"2007-10-09T07:34:23+00:00","og_image":[{"url":"http:\/\/www.bmu.de\/files\/bilder\/allgemein\/image\/pjpeg\/gore_film.jpg","type":"","width":"","height":""}],"author":"meteomara","twitter_card":"summary_large_image","twitter_creator":"@https:\/\/twitter.com\/meteomara","twitter_site":"@meteomara","twitter_misc":{"Geschrieben von":"meteomara","Gesch\u00e4tzte Lesezeit":"1\u00a0Minute"},"schema":{"@context":"https:\/\/schema.org","@graph":[{"@type":"Article","@id":"https:\/\/www.wetter-center.de\/blog\/lasst-sich-al-gore-von-energiekonzern-enbw-kaufen\/#article","isPartOf":{"@id":"https:\/\/www.wetter-center.de\/blog\/lasst-sich-al-gore-von-energiekonzern-enbw-kaufen\/"},"author":{"name":"meteomara","@id":"https:\/\/www.wetter-center.de\/blog\/#\/schema\/person\/6c69612ad4763a699cd157cfbbfa6667"},"headline":"L\u00e4sst sich Al Gore von Energiekonzern EnBW kaufen?","datePublished":"2007-10-09T07:34:23+00:00","mainEntityOfPage":{"@id":"https:\/\/www.wetter-center.de\/blog\/lasst-sich-al-gore-von-energiekonzern-enbw-kaufen\/"},"wordCount":186,"commentCount":1,"publisher":{"@id":"https:\/\/www.wetter-center.de\/blog\/#\/schema\/person\/6c69612ad4763a699cd157cfbbfa6667"},"image":{"@id":"https:\/\/www.wetter-center.de\/blog\/lasst-sich-al-gore-von-energiekonzern-enbw-kaufen\/#primaryimage"},"thumbnailUrl":"http:\/\/www.bmu.de\/files\/bilder\/allgemein\/image\/pjpeg\/gore_film.jpg","inLanguage":"de","potentialAction":[{"@type":"CommentAction","name":"Comment","target":["https:\/\/www.wetter-center.de\/blog\/lasst-sich-al-gore-von-energiekonzern-enbw-kaufen\/#respond"]}]},{"@type":"WebPage","@id":"https:\/\/www.wetter-center.de\/blog\/lasst-sich-al-gore-von-energiekonzern-enbw-kaufen\/","url":"https:\/\/www.wetter-center.de\/blog\/lasst-sich-al-gore-von-energiekonzern-enbw-kaufen\/","name":"L\u00e4sst sich Al Gore von Energiekonzern EnBW kaufen? - Wetter-Center.de","isPartOf":{"@id":"https:\/\/www.wetter-center.de\/blog\/#website"},"primaryImageOfPage":{"@id":"https:\/\/www.wetter-center.de\/blog\/lasst-sich-al-gore-von-energiekonzern-enbw-kaufen\/#primaryimage"},"image":{"@id":"https:\/\/www.wetter-center.de\/blog\/lasst-sich-al-gore-von-energiekonzern-enbw-kaufen\/#primaryimage"},"thumbnailUrl":"http:\/\/www.bmu.de\/files\/bilder\/allgemein\/image\/pjpeg\/gore_film.jpg","datePublished":"2007-10-09T07:34:23+00:00","breadcrumb":{"@id":"https:\/\/www.wetter-center.de\/blog\/lasst-sich-al-gore-von-energiekonzern-enbw-kaufen\/#breadcrumb"},"inLanguage":"de","potentialAction":[{"@type":"ReadAction","target":["https:\/\/www.wetter-center.de\/blog\/lasst-sich-al-gore-von-energiekonzern-enbw-kaufen\/"]}]},{"@type":"ImageObject","inLanguage":"de","@id":"https:\/\/www.wetter-center.de\/blog\/lasst-sich-al-gore-von-energiekonzern-enbw-kaufen\/#primaryimage","url":"http:\/\/www.bmu.de\/files\/bilder\/allgemein\/image\/pjpeg\/gore_film.jpg","contentUrl":"http:\/\/www.bmu.de\/files\/bilder\/allgemein\/image\/pjpeg\/gore_film.jpg"},{"@type":"BreadcrumbList","@id":"https:\/\/www.wetter-center.de\/blog\/lasst-sich-al-gore-von-energiekonzern-enbw-kaufen\/#breadcrumb","itemListElement":[{"@type":"ListItem","position":1,"name":"Startseite","item":"https:\/\/www.wetter-center.de\/blog\/"},{"@type":"ListItem","position":2,"name":"L\u00e4sst sich Al Gore von Energiekonzern EnBW kaufen?"}]},{"@type":"WebSite","@id":"https:\/\/www.wetter-center.de\/blog\/#website","url":"https:\/\/www.wetter-center.de\/blog\/","name":"Wetter-Center.de","description":"","publisher":{"@id":"https:\/\/www.wetter-center.de\/blog\/#\/schema\/person\/6c69612ad4763a699cd157cfbbfa6667"},"potentialAction":[{"@type":"SearchAction","target":{"@type":"EntryPoint","urlTemplate":"https:\/\/www.wetter-center.de\/blog\/?s={search_term_string}"},"query-input":{"@type":"PropertyValueSpecification","valueRequired":true,"valueName":"search_term_string"}}],"inLanguage":"de"},{"@type":["Person","Organization"],"@id":"https:\/\/www.wetter-center.de\/blog\/#\/schema\/person\/6c69612ad4763a699cd157cfbbfa6667","name":"meteomara","image":{"@type":"ImageObject","inLanguage":"de","@id":"https:\/\/www.wetter-center.de\/blog\/#\/schema\/person\/image\/","url":"https:\/\/www.wetter-center.de\/blog\/wp-content\/uploads\/2022\/08\/sky-1551171_1280.jpg","contentUrl":"https:\/\/www.wetter-center.de\/blog\/wp-content\/uploads\/2022\/08\/sky-1551171_1280.jpg","width":1280,"height":643,"caption":"meteomara"},"logo":{"@id":"https:\/\/www.wetter-center.de\/blog\/#\/schema\/person\/image\/"},"sameAs":["https:\/\/www.facebook.com\/WetterUndKlima","https:\/\/www.instagram.com\/wettercenterde\/","https:\/\/x.com\/https:\/\/twitter.com\/meteomara"],"url":"https:\/\/www.wetter-center.de\/blog\/author\/meteomara\/"}]}},"amp_enabled":true,"_links":{"self":[{"href":"https:\/\/www.wetter-center.de\/blog\/wp-json\/wp\/v2\/posts\/15","targetHints":{"allow":["GET"]}}],"collection":[{"href":"https:\/\/www.wetter-center.de\/blog\/wp-json\/wp\/v2\/posts"}],"about":[{"href":"https:\/\/www.wetter-center.de\/blog\/wp-json\/wp\/v2\/types\/post"}],"author":[{"embeddable":true,"href":"https:\/\/www.wetter-center.de\/blog\/wp-json\/wp\/v2\/users\/1"}],"replies":[{"embeddable":true,"href":"https:\/\/www.wetter-center.de\/blog\/wp-json\/wp\/v2\/comments?post=15"}],"version-history":[{"count":0,"href":"https:\/\/www.wetter-center.de\/blog\/wp-json\/wp\/v2\/posts\/15\/revisions"}],"wp:attachment":[{"href":"https:\/\/www.wetter-center.de\/blog\/wp-json\/wp\/v2\/media?parent=15"}],"wp:term":[{"taxonomy":"category","embeddable":true,"href":"https:\/\/www.wetter-center.de\/blog\/wp-json\/wp\/v2\/categories?post=15"},{"taxonomy":"post_tag","embeddable":true,"href":"https:\/\/www.wetter-center.de\/blog\/wp-json\/wp\/v2\/tags?post=15"}],"curies":[{"name":"wp","href":"https:\/\/api.w.org\/{rel}","templated":true}]}}