{"id":147,"date":"2009-03-14T22:37:01","date_gmt":"2009-03-14T21:37:01","guid":{"rendered":"http:\/\/www.wetter-center.de\/blog\/?p=147"},"modified":"2009-03-14T22:53:43","modified_gmt":"2009-03-14T21:53:43","slug":"waldbrande-in-nepals-nationalparks","status":"publish","type":"post","link":"https:\/\/www.wetter-center.de\/blog\/waldbrande-in-nepals-nationalparks\/","title":{"rendered":"Waldbr\u00e4nde in Nepals Nationalparks"},"content":{"rendered":"<p>Im Februar w\u00fcteten <a href=\"http:\/\/www.wetter-center.de\/blog\/?p=137\" target=\"_blank\">Waldbr\u00e4nde in Australien<\/a>, jetzt brennen auch in den Bergen des <strong>Himalayas<\/strong> im Norden <strong>Nepals<\/strong> die W\u00e4lder, eine Region, die man nicht unbedingt mit Waldbr\u00e4nden in Verbindung bringt. Nicht ungew\u00f6hnlich sind allerdings kleinere Feuer im S\u00fcden des Landes, die f\u00fcr landwirtschaftliche Zwecke gelegt wurden.<\/p>\n<p>Das folgende Bild des NASA-Satelliten <a href=\"http:\/\/aqua.nasa.gov\/\" target=\"_blank\">Aqua<\/a> zeigt eine <a href=\"http:\/\/earthobservatory.nasa.gov\/NaturalHazards\/view.php?id=37518\" target=\"_blank\">Aufnahme vom 12. M\u00e4rz 2009<\/a> mit den schneebedeckten Bergen des Himalaya und drei gr\u00f6\u00dferen Rauchfahnen, die nach S\u00fcden ziehen.<\/p>\n<p><a href=\"http:\/\/earthobservatory.nasa.gov\/images\/imagerecords\/37000\/37518\/Nepal_AMO_2009071_lrg.jpg\" target=\"_blank\" data-rel=\"lightbox-image-0\" data-rl_title=\"\" data-rl_caption=\"\"><img decoding=\"async\" src=\"http:\/\/www.wetter-center.de\/blog\/wp-content\/uploads\/2009\/03\/nepal_amo_2009071.jpg\" title=\"\" alt=\"Waldbr\u00e4nde in Nepal\" border=\"0\" width=\"470\" \/><\/a><\/p>\n<p>Im Norden des Landes sind auch der <strong>Langtang National Park <\/strong>und der <strong>Makala Barun National Park <\/strong>von den Br\u00e4nden betroffen und s\u00fcdwestlich von <strong>Annapurna <\/strong>waren Anfang M\u00e4rz bereits mindestens f\u00fcnf <a href=\"http:\/\/www.topnews.in\/forest-fires-kill-five-nepal-2133321\" target=\"_blank\">Todesopfer<\/a> zu beklagen. Das Feuer dort wurde vermutlich von Wilddieben gelegt und ist au\u00dfer Kontrolle geraten. In Nepal herrscht zurzeit das <strong>Ende der Trockenzeit<\/strong>, die dieses Jahr besonders niederschlagsarm ausgefallen ist.<\/p>\n","protected":false},"excerpt":{"rendered":"<p>Im Februar w\u00fcteten Waldbr\u00e4nde in Australien, jetzt brennen auch in den Bergen des Himalayas im Norden Nepals die W\u00e4lder, eine Region, die man nicht unbedingt mit Waldbr\u00e4nden in Verbindung bringt. Nicht ungew\u00f6hnlich sind allerdings&#46;&#46;&#46;<\/p>\n","protected":false},"author":1,"featured_media":0,"comment_status":"open","ping_status":"open","sticky":false,"template":"","format":"standard","meta":{"footnotes":""},"categories":[],"tags":[],"class_list":["post-147","post","type-post","status-publish","format-standard","hentry"],"yoast_head":"<!-- This site is optimized with the Yoast SEO plugin v25.5 - https:\/\/yoast.com\/wordpress\/plugins\/seo\/ -->\n<title>Waldbr\u00e4nde in Nepals Nationalparks - Wetter-Center.de<\/title>\n<meta name=\"robots\" content=\"index, follow, max-snippet:-1, max-image-preview:large, max-video-preview:-1\" \/>\n<link rel=\"canonical\" href=\"https:\/\/www.wetter-center.de\/blog\/waldbrande-in-nepals-nationalparks\/\" \/>\n<meta property=\"og:locale\" content=\"de_DE\" \/>\n<meta property=\"og:type\" content=\"article\" \/>\n<meta property=\"og:title\" content=\"Waldbr\u00e4nde in Nepals Nationalparks - Wetter-Center.de\" \/>\n<meta property=\"og:description\" content=\"Im Februar w\u00fcteten Waldbr\u00e4nde in Australien, jetzt brennen auch in den Bergen des Himalayas im Norden Nepals die W\u00e4lder, eine Region, die man nicht unbedingt mit Waldbr\u00e4nden in Verbindung bringt. Nicht ungew\u00f6hnlich sind allerdings&#046;&#046;&#046;\" \/>\n<meta property=\"og:url\" content=\"https:\/\/www.wetter-center.de\/blog\/waldbrande-in-nepals-nationalparks\/\" \/>\n<meta property=\"og:site_name\" content=\"Wetter-Center.de\" \/>\n<meta property=\"article:publisher\" content=\"https:\/\/www.facebook.com\/WetterUndKlima\" \/>\n<meta property=\"article:author\" content=\"https:\/\/www.facebook.com\/WetterUndKlima\" \/>\n<meta property=\"article:published_time\" content=\"2009-03-14T21:37:01+00:00\" \/>\n<meta property=\"article:modified_time\" content=\"2009-03-14T21:53:43+00:00\" \/>\n<meta property=\"og:image\" content=\"http:\/\/www.wetter-center.de\/blog\/wp-content\/uploads\/2009\/03\/nepal_amo_2009071.jpg\" \/>\n<meta name=\"author\" content=\"meteomara\" \/>\n<meta name=\"twitter:card\" content=\"summary_large_image\" \/>\n<meta name=\"twitter:creator\" content=\"@https:\/\/twitter.com\/meteomara\" \/>\n<meta name=\"twitter:site\" content=\"@meteomara\" \/>\n<meta name=\"twitter:label1\" content=\"Geschrieben von\" \/>\n\t<meta name=\"twitter:data1\" content=\"meteomara\" \/>\n\t<meta name=\"twitter:label2\" content=\"Gesch\u00e4tzte Lesezeit\" \/>\n\t<meta name=\"twitter:data2\" content=\"1\u00a0Minute\" \/>\n<script type=\"application\/ld+json\" class=\"yoast-schema-graph\">{\"@context\":\"https:\/\/schema.org\",\"@graph\":[{\"@type\":\"Article\",\"@id\":\"https:\/\/www.wetter-center.de\/blog\/waldbrande-in-nepals-nationalparks\/#article\",\"isPartOf\":{\"@id\":\"https:\/\/www.wetter-center.de\/blog\/waldbrande-in-nepals-nationalparks\/\"},\"author\":{\"name\":\"meteomara\",\"@id\":\"https:\/\/www.wetter-center.de\/blog\/#\/schema\/person\/6c69612ad4763a699cd157cfbbfa6667\"},\"headline\":\"Waldbr\u00e4nde in Nepals Nationalparks\",\"datePublished\":\"2009-03-14T21:37:01+00:00\",\"dateModified\":\"2009-03-14T21:53:43+00:00\",\"mainEntityOfPage\":{\"@id\":\"https:\/\/www.wetter-center.de\/blog\/waldbrande-in-nepals-nationalparks\/\"},\"wordCount\":152,\"commentCount\":0,\"publisher\":{\"@id\":\"https:\/\/www.wetter-center.de\/blog\/#\/schema\/person\/6c69612ad4763a699cd157cfbbfa6667\"},\"image\":{\"@id\":\"https:\/\/www.wetter-center.de\/blog\/waldbrande-in-nepals-nationalparks\/#primaryimage\"},\"thumbnailUrl\":\"http:\/\/www.wetter-center.de\/blog\/wp-content\/uploads\/2009\/03\/nepal_amo_2009071.jpg\",\"inLanguage\":\"de\",\"potentialAction\":[{\"@type\":\"CommentAction\",\"name\":\"Comment\",\"target\":[\"https:\/\/www.wetter-center.de\/blog\/waldbrande-in-nepals-nationalparks\/#respond\"]}]},{\"@type\":\"WebPage\",\"@id\":\"https:\/\/www.wetter-center.de\/blog\/waldbrande-in-nepals-nationalparks\/\",\"url\":\"https:\/\/www.wetter-center.de\/blog\/waldbrande-in-nepals-nationalparks\/\",\"name\":\"Waldbr\u00e4nde in Nepals Nationalparks - Wetter-Center.de\",\"isPartOf\":{\"@id\":\"https:\/\/www.wetter-center.de\/blog\/#website\"},\"primaryImageOfPage\":{\"@id\":\"https:\/\/www.wetter-center.de\/blog\/waldbrande-in-nepals-nationalparks\/#primaryimage\"},\"image\":{\"@id\":\"https:\/\/www.wetter-center.de\/blog\/waldbrande-in-nepals-nationalparks\/#primaryimage\"},\"thumbnailUrl\":\"http:\/\/www.wetter-center.de\/blog\/wp-content\/uploads\/2009\/03\/nepal_amo_2009071.jpg\",\"datePublished\":\"2009-03-14T21:37:01+00:00\",\"dateModified\":\"2009-03-14T21:53:43+00:00\",\"breadcrumb\":{\"@id\":\"https:\/\/www.wetter-center.de\/blog\/waldbrande-in-nepals-nationalparks\/#breadcrumb\"},\"inLanguage\":\"de\",\"potentialAction\":[{\"@type\":\"ReadAction\",\"target\":[\"https:\/\/www.wetter-center.de\/blog\/waldbrande-in-nepals-nationalparks\/\"]}]},{\"@type\":\"ImageObject\",\"inLanguage\":\"de\",\"@id\":\"https:\/\/www.wetter-center.de\/blog\/waldbrande-in-nepals-nationalparks\/#primaryimage\",\"url\":\"http:\/\/www.wetter-center.de\/blog\/wp-content\/uploads\/2009\/03\/nepal_amo_2009071.jpg\",\"contentUrl\":\"http:\/\/www.wetter-center.de\/blog\/wp-content\/uploads\/2009\/03\/nepal_amo_2009071.jpg\"},{\"@type\":\"BreadcrumbList\",\"@id\":\"https:\/\/www.wetter-center.de\/blog\/waldbrande-in-nepals-nationalparks\/#breadcrumb\",\"itemListElement\":[{\"@type\":\"ListItem\",\"position\":1,\"name\":\"Startseite\",\"item\":\"https:\/\/www.wetter-center.de\/blog\/\"},{\"@type\":\"ListItem\",\"position\":2,\"name\":\"Waldbr\u00e4nde in Nepals Nationalparks\"}]},{\"@type\":\"WebSite\",\"@id\":\"https:\/\/www.wetter-center.de\/blog\/#website\",\"url\":\"https:\/\/www.wetter-center.de\/blog\/\",\"name\":\"Wetter-Center.de\",\"description\":\"\",\"publisher\":{\"@id\":\"https:\/\/www.wetter-center.de\/blog\/#\/schema\/person\/6c69612ad4763a699cd157cfbbfa6667\"},\"potentialAction\":[{\"@type\":\"SearchAction\",\"target\":{\"@type\":\"EntryPoint\",\"urlTemplate\":\"https:\/\/www.wetter-center.de\/blog\/?s={search_term_string}\"},\"query-input\":{\"@type\":\"PropertyValueSpecification\",\"valueRequired\":true,\"valueName\":\"search_term_string\"}}],\"inLanguage\":\"de\"},{\"@type\":[\"Person\",\"Organization\"],\"@id\":\"https:\/\/www.wetter-center.de\/blog\/#\/schema\/person\/6c69612ad4763a699cd157cfbbfa6667\",\"name\":\"meteomara\",\"image\":{\"@type\":\"ImageObject\",\"inLanguage\":\"de\",\"@id\":\"https:\/\/www.wetter-center.de\/blog\/#\/schema\/person\/image\/\",\"url\":\"https:\/\/www.wetter-center.de\/blog\/wp-content\/uploads\/2022\/08\/sky-1551171_1280.jpg\",\"contentUrl\":\"https:\/\/www.wetter-center.de\/blog\/wp-content\/uploads\/2022\/08\/sky-1551171_1280.jpg\",\"width\":1280,\"height\":643,\"caption\":\"meteomara\"},\"logo\":{\"@id\":\"https:\/\/www.wetter-center.de\/blog\/#\/schema\/person\/image\/\"},\"sameAs\":[\"https:\/\/www.facebook.com\/WetterUndKlima\",\"https:\/\/www.instagram.com\/wettercenterde\/\",\"https:\/\/x.com\/https:\/\/twitter.com\/meteomara\"],\"url\":\"https:\/\/www.wetter-center.de\/blog\/author\/meteomara\/\"}]}<\/script>\n<!-- \/ Yoast SEO plugin. -->","yoast_head_json":{"title":"Waldbr\u00e4nde in Nepals Nationalparks - Wetter-Center.de","robots":{"index":"index","follow":"follow","max-snippet":"max-snippet:-1","max-image-preview":"max-image-preview:large","max-video-preview":"max-video-preview:-1"},"canonical":"https:\/\/www.wetter-center.de\/blog\/waldbrande-in-nepals-nationalparks\/","og_locale":"de_DE","og_type":"article","og_title":"Waldbr\u00e4nde in Nepals Nationalparks - Wetter-Center.de","og_description":"Im Februar w\u00fcteten Waldbr\u00e4nde in Australien, jetzt brennen auch in den Bergen des Himalayas im Norden Nepals die W\u00e4lder, eine Region, die man nicht unbedingt mit Waldbr\u00e4nden in Verbindung bringt. Nicht ungew\u00f6hnlich sind allerdings&#46;&#46;&#46;","og_url":"https:\/\/www.wetter-center.de\/blog\/waldbrande-in-nepals-nationalparks\/","og_site_name":"Wetter-Center.de","article_publisher":"https:\/\/www.facebook.com\/WetterUndKlima","article_author":"https:\/\/www.facebook.com\/WetterUndKlima","article_published_time":"2009-03-14T21:37:01+00:00","article_modified_time":"2009-03-14T21:53:43+00:00","og_image":[{"url":"http:\/\/www.wetter-center.de\/blog\/wp-content\/uploads\/2009\/03\/nepal_amo_2009071.jpg","type":"","width":"","height":""}],"author":"meteomara","twitter_card":"summary_large_image","twitter_creator":"@https:\/\/twitter.com\/meteomara","twitter_site":"@meteomara","twitter_misc":{"Geschrieben von":"meteomara","Gesch\u00e4tzte Lesezeit":"1\u00a0Minute"},"schema":{"@context":"https:\/\/schema.org","@graph":[{"@type":"Article","@id":"https:\/\/www.wetter-center.de\/blog\/waldbrande-in-nepals-nationalparks\/#article","isPartOf":{"@id":"https:\/\/www.wetter-center.de\/blog\/waldbrande-in-nepals-nationalparks\/"},"author":{"name":"meteomara","@id":"https:\/\/www.wetter-center.de\/blog\/#\/schema\/person\/6c69612ad4763a699cd157cfbbfa6667"},"headline":"Waldbr\u00e4nde in Nepals Nationalparks","datePublished":"2009-03-14T21:37:01+00:00","dateModified":"2009-03-14T21:53:43+00:00","mainEntityOfPage":{"@id":"https:\/\/www.wetter-center.de\/blog\/waldbrande-in-nepals-nationalparks\/"},"wordCount":152,"commentCount":0,"publisher":{"@id":"https:\/\/www.wetter-center.de\/blog\/#\/schema\/person\/6c69612ad4763a699cd157cfbbfa6667"},"image":{"@id":"https:\/\/www.wetter-center.de\/blog\/waldbrande-in-nepals-nationalparks\/#primaryimage"},"thumbnailUrl":"http:\/\/www.wetter-center.de\/blog\/wp-content\/uploads\/2009\/03\/nepal_amo_2009071.jpg","inLanguage":"de","potentialAction":[{"@type":"CommentAction","name":"Comment","target":["https:\/\/www.wetter-center.de\/blog\/waldbrande-in-nepals-nationalparks\/#respond"]}]},{"@type":"WebPage","@id":"https:\/\/www.wetter-center.de\/blog\/waldbrande-in-nepals-nationalparks\/","url":"https:\/\/www.wetter-center.de\/blog\/waldbrande-in-nepals-nationalparks\/","name":"Waldbr\u00e4nde in Nepals Nationalparks - Wetter-Center.de","isPartOf":{"@id":"https:\/\/www.wetter-center.de\/blog\/#website"},"primaryImageOfPage":{"@id":"https:\/\/www.wetter-center.de\/blog\/waldbrande-in-nepals-nationalparks\/#primaryimage"},"image":{"@id":"https:\/\/www.wetter-center.de\/blog\/waldbrande-in-nepals-nationalparks\/#primaryimage"},"thumbnailUrl":"http:\/\/www.wetter-center.de\/blog\/wp-content\/uploads\/2009\/03\/nepal_amo_2009071.jpg","datePublished":"2009-03-14T21:37:01+00:00","dateModified":"2009-03-14T21:53:43+00:00","breadcrumb":{"@id":"https:\/\/www.wetter-center.de\/blog\/waldbrande-in-nepals-nationalparks\/#breadcrumb"},"inLanguage":"de","potentialAction":[{"@type":"ReadAction","target":["https:\/\/www.wetter-center.de\/blog\/waldbrande-in-nepals-nationalparks\/"]}]},{"@type":"ImageObject","inLanguage":"de","@id":"https:\/\/www.wetter-center.de\/blog\/waldbrande-in-nepals-nationalparks\/#primaryimage","url":"http:\/\/www.wetter-center.de\/blog\/wp-content\/uploads\/2009\/03\/nepal_amo_2009071.jpg","contentUrl":"http:\/\/www.wetter-center.de\/blog\/wp-content\/uploads\/2009\/03\/nepal_amo_2009071.jpg"},{"@type":"BreadcrumbList","@id":"https:\/\/www.wetter-center.de\/blog\/waldbrande-in-nepals-nationalparks\/#breadcrumb","itemListElement":[{"@type":"ListItem","position":1,"name":"Startseite","item":"https:\/\/www.wetter-center.de\/blog\/"},{"@type":"ListItem","position":2,"name":"Waldbr\u00e4nde in Nepals Nationalparks"}]},{"@type":"WebSite","@id":"https:\/\/www.wetter-center.de\/blog\/#website","url":"https:\/\/www.wetter-center.de\/blog\/","name":"Wetter-Center.de","description":"","publisher":{"@id":"https:\/\/www.wetter-center.de\/blog\/#\/schema\/person\/6c69612ad4763a699cd157cfbbfa6667"},"potentialAction":[{"@type":"SearchAction","target":{"@type":"EntryPoint","urlTemplate":"https:\/\/www.wetter-center.de\/blog\/?s={search_term_string}"},"query-input":{"@type":"PropertyValueSpecification","valueRequired":true,"valueName":"search_term_string"}}],"inLanguage":"de"},{"@type":["Person","Organization"],"@id":"https:\/\/www.wetter-center.de\/blog\/#\/schema\/person\/6c69612ad4763a699cd157cfbbfa6667","name":"meteomara","image":{"@type":"ImageObject","inLanguage":"de","@id":"https:\/\/www.wetter-center.de\/blog\/#\/schema\/person\/image\/","url":"https:\/\/www.wetter-center.de\/blog\/wp-content\/uploads\/2022\/08\/sky-1551171_1280.jpg","contentUrl":"https:\/\/www.wetter-center.de\/blog\/wp-content\/uploads\/2022\/08\/sky-1551171_1280.jpg","width":1280,"height":643,"caption":"meteomara"},"logo":{"@id":"https:\/\/www.wetter-center.de\/blog\/#\/schema\/person\/image\/"},"sameAs":["https:\/\/www.facebook.com\/WetterUndKlima","https:\/\/www.instagram.com\/wettercenterde\/","https:\/\/x.com\/https:\/\/twitter.com\/meteomara"],"url":"https:\/\/www.wetter-center.de\/blog\/author\/meteomara\/"}]}},"amp_enabled":true,"_links":{"self":[{"href":"https:\/\/www.wetter-center.de\/blog\/wp-json\/wp\/v2\/posts\/147","targetHints":{"allow":["GET"]}}],"collection":[{"href":"https:\/\/www.wetter-center.de\/blog\/wp-json\/wp\/v2\/posts"}],"about":[{"href":"https:\/\/www.wetter-center.de\/blog\/wp-json\/wp\/v2\/types\/post"}],"author":[{"embeddable":true,"href":"https:\/\/www.wetter-center.de\/blog\/wp-json\/wp\/v2\/users\/1"}],"replies":[{"embeddable":true,"href":"https:\/\/www.wetter-center.de\/blog\/wp-json\/wp\/v2\/comments?post=147"}],"version-history":[{"count":0,"href":"https:\/\/www.wetter-center.de\/blog\/wp-json\/wp\/v2\/posts\/147\/revisions"}],"wp:attachment":[{"href":"https:\/\/www.wetter-center.de\/blog\/wp-json\/wp\/v2\/media?parent=147"}],"wp:term":[{"taxonomy":"category","embeddable":true,"href":"https:\/\/www.wetter-center.de\/blog\/wp-json\/wp\/v2\/categories?post=147"},{"taxonomy":"post_tag","embeddable":true,"href":"https:\/\/www.wetter-center.de\/blog\/wp-json\/wp\/v2\/tags?post=147"}],"curies":[{"name":"wp","href":"https:\/\/api.w.org\/{rel}","templated":true}]}}