{"id":1446,"date":"2015-12-06T21:56:52","date_gmt":"2015-12-06T20:56:52","guid":{"rendered":"http:\/\/www.wetter-center.de\/blog\/?p=1446"},"modified":"2015-12-16T11:41:40","modified_gmt":"2015-12-16T10:41:40","slug":"faktencheck-zum-klimawandel","status":"publish","type":"post","link":"https:\/\/www.wetter-center.de\/blog\/faktencheck-zum-klimawandel\/","title":{"rendered":"Faktencheck zum Klimawandel"},"content":{"rendered":"<p>In Paris findet zurzeit\u00a0die <a href=\"https:\/\/de.wikipedia.org\/wiki\/UN-Klimakonferenz_in_Paris_2015\" target=\"_blank\">UN-Klimakonferenz<\/a> statt. Es ist bereits die 21. dieser Konferenzen und sie hat das Ziel, eine internationale Klimaschutz-Vereinbarung zu treffen.\u00a0Hier sind ein paar Fakten zum Klimawandel, von denen\u00a0wohl\u00a0die meisten der Konferenzteilnehmer nicht allzu viel wissen.<\/p>\n<p><strong>Fakt 1:<\/strong> Die\u00a0in den letzten Jahren gemessenen globalen Mitteltemperaturen liegen unterhalb\u00a0<strong>des Wertebereichs der von den Klimamodellen berechneten Temperaturen<\/strong>. Das hei\u00dft, dass die Klimamodelle die <a href=\"http:\/\/www.wetter-center.de\/blog\/?p=1277\">derzeitigen\u00a0Temperaturen<\/a> nicht erkl\u00e4ren k\u00f6nnen. Das hat sogar der UN-Weltklimarat (IPCC) <a href=\"http:\/\/www.wetter-center.de\/blog\/?p=651\">selbst zugegeben<\/a>.<\/p>\n<p><strong>Fakt 2:\u00a0<\/strong>Das<strong> <a href=\"http:\/\/globalchange.mit.edu\/files\/2015%20Energy%20%26%20Climate%20Outlook.pdf\" target=\"_blank\">Massachusetts Institute of Technology<\/a>\u00a0<\/strong>hat mit den aktuellen Klimamodellen ausgerechnet, welche Wirkung die <strong>vorgeschlagene Reduktion der Emissionen<\/strong> von Treibhausgasen bis zum Jahr 2100 haben wird und kommt auf einen Effekt von gerade einmal <strong>0,2 Grad<\/strong>. Daf\u00fcr der ganze Aufwand?<\/p>\n<p><strong><img loading=\"lazy\" decoding=\"async\" class=\"alignleft wp-image-969 size-medium\" src=\"http:\/\/www.wetter-center.de\/blog\/wp-content\/uploads\/2014\/08\/800px-Atafutrim-300x212.jpg\" alt=\"Atafutrim\" width=\"300\" height=\"212\" srcset=\"https:\/\/www.wetter-center.de\/blog\/wp-content\/uploads\/2014\/08\/800px-Atafutrim-300x212.jpg 300w, https:\/\/www.wetter-center.de\/blog\/wp-content\/uploads\/2014\/08\/800px-Atafutrim-600x425.jpg 600w, https:\/\/www.wetter-center.de\/blog\/wp-content\/uploads\/2014\/08\/800px-Atafutrim-212x150.jpg 212w, https:\/\/www.wetter-center.de\/blog\/wp-content\/uploads\/2014\/08\/800px-Atafutrim-150x106.jpg 150w, https:\/\/www.wetter-center.de\/blog\/wp-content\/uploads\/2014\/08\/800px-Atafutrim.jpg 800w\" sizes=\"auto, (max-width: 300px) 100vw, 300px\" \/>Fakt 3:\u00a0<\/strong>Pegelmessungen an den Kontinentalk\u00fcsten haben gezeigt, dass der globale <strong>mittlere Meeresspiegel<\/strong> seit dem sp\u00e4ten 19. Jahrhundert um 1.33 bis 1.98 mm pro Jahr steigt. Dabei gibt es bisher eine <a href=\"http:\/\/www.nature.com\/ncomms\/2015\/150729\/ncomms8849\/full\/ncomms8849.html\" target=\"_blank\">Untersch\u00e4tzung des nat\u00fcrlichen Trends<\/a> von etwa 1 mm pro Jahr und eine <a href=\"http:\/\/www.wetter-center.de\/blog\/?p=444\" target=\"_blank\">\u00dcbersch\u00e4tzung des vom Menschen verursachten\u00a0Anstiegs<\/a>, das haben Forscher der Universit\u00e4t Siegen herausgefunden.<\/p>\n<p><strong>Fakt 4:\u00a0<\/strong>Australische Forscher <a href=\"http:\/\/geology.gsapubs.org\/content\/early\/2015\/04\/27\/G36555.1.abstract?papetoc\" target=\"_blank\">haben herausgefunden<\/a>, dass im Zeitraum 1897 bis 2013 nicht eine einzige Insel im Meer versunken ist. Die meisten Inseln sind sogar gr\u00f6\u00dfer geworden. Die gesamte Inselfl\u00e4che der Erde hat\u00a0um 7.3% zugenommen, und das, obwohl der Meeresspiegel angestiegen ist.\u00a0Wissenschaftler\u00a0aus Neuseeland haben <a href=\"http:\/\/www.wetter-center.de\/blog\/?p=968\">mit Computermodellen simuliert<\/a>, dass Atolle mit dem Meeresspiegelanstieg wachsen.<\/p>\n<p><strong>Fakt 5:\u00a0<\/strong>Nach Auswertung von Satellitendaten hat die <a href=\"http:\/\/www.nasa.gov\/feature\/goddard\/nasa-study-mass-gains-of-antarctic-ice-sheet-greater-than-losses\" target=\"_blank\">NASA herausgefunden<\/a>, dass der antarktische <strong>Eisschild<\/strong> zwischen 1992 und 2001 um 112 Milliarden Tonnen Eis <strong>gewachsen ist<\/strong> und zwischen 2003 und 2008 nochmals um 82 Milliarden Tonnen. Es wird\u00a0<a href=\"http:\/\/www.wetter-center.de\/blog\/?p=1436\">immer mehr Schnee<\/a> abgelagert und so Wasser aus der Atmosph\u00e4re entfernt. Die Antarktis tr\u00e4gt also derzeit nicht zu einem Anstieg des Meeresspiegels bei.<\/p>\n<p><strong>Fakt 6:\u00a0<\/strong>Die globale Population von <strong><a href=\"http:\/\/www.wetter-center.de\/blog\/?p=1067\">Eisb\u00e4ren<\/a><\/strong> liegt derzeit bei 26.000 Tieren, das hat die <a href=\"http:\/\/polarbearscience.com\/2015\/05\/31\/global-polar-bear-population-size-is-about-26000-20000-32000-despite-pbsg-waffling\/\" target=\"_blank\">IUCN Polar Bear Specialist Group<\/a> festgestellt. Das ist ein Anstieg von 1.000 oder 4% gegen\u00fcber\u00a02014\u00a0und damit\u00a0der <strong>h\u00f6chste Wert seit Anfang der Beobachtungen<\/strong> im Jahre 1960.<\/p>\n<p>&nbsp;<\/p>\n","protected":false},"excerpt":{"rendered":"<p>In Paris findet zurzeit\u00a0die UN-Klimakonferenz statt. Es ist bereits die 21. dieser Konferenzen und sie hat das Ziel, eine internationale Klimaschutz-Vereinbarung zu treffen.\u00a0Hier sind ein paar Fakten zum Klimawandel, von denen\u00a0wohl\u00a0die meisten der Konferenzteilnehmer&#46;&#46;&#46;<\/p>\n","protected":false},"author":1,"featured_media":969,"comment_status":"open","ping_status":"open","sticky":false,"template":"","format":"standard","meta":{"footnotes":""},"categories":[4],"tags":[],"class_list":["post-1446","post","type-post","status-publish","format-standard","has-post-thumbnail","hentry","category-klimawandel"],"yoast_head":"<!-- This site is optimized with the Yoast SEO plugin v25.5 - https:\/\/yoast.com\/wordpress\/plugins\/seo\/ -->\n<title>Faktencheck zum Klimawandel - Wetter-Center.de<\/title>\n<meta name=\"robots\" content=\"index, follow, max-snippet:-1, max-image-preview:large, max-video-preview:-1\" \/>\n<link rel=\"canonical\" href=\"https:\/\/www.wetter-center.de\/blog\/faktencheck-zum-klimawandel\/\" \/>\n<meta property=\"og:locale\" content=\"de_DE\" \/>\n<meta property=\"og:type\" content=\"article\" \/>\n<meta property=\"og:title\" content=\"Faktencheck zum Klimawandel - Wetter-Center.de\" \/>\n<meta property=\"og:description\" content=\"In Paris findet zurzeit\u00a0die UN-Klimakonferenz statt. Es ist bereits die 21. dieser Konferenzen und sie hat das Ziel, eine internationale Klimaschutz-Vereinbarung zu treffen.\u00a0Hier sind ein paar Fakten zum Klimawandel, von denen\u00a0wohl\u00a0die meisten der Konferenzteilnehmer&#046;&#046;&#046;\" \/>\n<meta property=\"og:url\" content=\"https:\/\/www.wetter-center.de\/blog\/faktencheck-zum-klimawandel\/\" \/>\n<meta property=\"og:site_name\" content=\"Wetter-Center.de\" \/>\n<meta property=\"article:publisher\" content=\"https:\/\/www.facebook.com\/WetterUndKlima\" \/>\n<meta property=\"article:author\" content=\"https:\/\/www.facebook.com\/WetterUndKlima\" \/>\n<meta property=\"article:published_time\" content=\"2015-12-06T20:56:52+00:00\" \/>\n<meta property=\"article:modified_time\" content=\"2015-12-16T10:41:40+00:00\" \/>\n<meta property=\"og:image\" content=\"https:\/\/www.wetter-center.de\/blog\/wp-content\/uploads\/2014\/08\/800px-Atafutrim.jpg\" \/>\n\t<meta property=\"og:image:width\" content=\"800\" \/>\n\t<meta property=\"og:image:height\" content=\"566\" \/>\n\t<meta property=\"og:image:type\" content=\"image\/jpeg\" \/>\n<meta name=\"author\" content=\"meteomara\" \/>\n<meta name=\"twitter:card\" content=\"summary_large_image\" \/>\n<meta name=\"twitter:creator\" content=\"@https:\/\/twitter.com\/meteomara\" \/>\n<meta name=\"twitter:site\" content=\"@meteomara\" \/>\n<meta name=\"twitter:label1\" content=\"Geschrieben von\" \/>\n\t<meta name=\"twitter:data1\" content=\"meteomara\" \/>\n\t<meta name=\"twitter:label2\" content=\"Gesch\u00e4tzte Lesezeit\" \/>\n\t<meta name=\"twitter:data2\" content=\"2\u00a0Minuten\" \/>\n<script type=\"application\/ld+json\" class=\"yoast-schema-graph\">{\"@context\":\"https:\/\/schema.org\",\"@graph\":[{\"@type\":\"Article\",\"@id\":\"https:\/\/www.wetter-center.de\/blog\/faktencheck-zum-klimawandel\/#article\",\"isPartOf\":{\"@id\":\"https:\/\/www.wetter-center.de\/blog\/faktencheck-zum-klimawandel\/\"},\"author\":{\"name\":\"meteomara\",\"@id\":\"https:\/\/www.wetter-center.de\/blog\/#\/schema\/person\/6c69612ad4763a699cd157cfbbfa6667\"},\"headline\":\"Faktencheck zum Klimawandel\",\"datePublished\":\"2015-12-06T20:56:52+00:00\",\"dateModified\":\"2015-12-16T10:41:40+00:00\",\"mainEntityOfPage\":{\"@id\":\"https:\/\/www.wetter-center.de\/blog\/faktencheck-zum-klimawandel\/\"},\"wordCount\":332,\"commentCount\":2,\"publisher\":{\"@id\":\"https:\/\/www.wetter-center.de\/blog\/#\/schema\/person\/6c69612ad4763a699cd157cfbbfa6667\"},\"image\":{\"@id\":\"https:\/\/www.wetter-center.de\/blog\/faktencheck-zum-klimawandel\/#primaryimage\"},\"thumbnailUrl\":\"https:\/\/www.wetter-center.de\/blog\/wp-content\/uploads\/2014\/08\/800px-Atafutrim.jpg\",\"articleSection\":[\"Klimawandel\"],\"inLanguage\":\"de\",\"potentialAction\":[{\"@type\":\"CommentAction\",\"name\":\"Comment\",\"target\":[\"https:\/\/www.wetter-center.de\/blog\/faktencheck-zum-klimawandel\/#respond\"]}]},{\"@type\":\"WebPage\",\"@id\":\"https:\/\/www.wetter-center.de\/blog\/faktencheck-zum-klimawandel\/\",\"url\":\"https:\/\/www.wetter-center.de\/blog\/faktencheck-zum-klimawandel\/\",\"name\":\"Faktencheck zum Klimawandel - Wetter-Center.de\",\"isPartOf\":{\"@id\":\"https:\/\/www.wetter-center.de\/blog\/#website\"},\"primaryImageOfPage\":{\"@id\":\"https:\/\/www.wetter-center.de\/blog\/faktencheck-zum-klimawandel\/#primaryimage\"},\"image\":{\"@id\":\"https:\/\/www.wetter-center.de\/blog\/faktencheck-zum-klimawandel\/#primaryimage\"},\"thumbnailUrl\":\"https:\/\/www.wetter-center.de\/blog\/wp-content\/uploads\/2014\/08\/800px-Atafutrim.jpg\",\"datePublished\":\"2015-12-06T20:56:52+00:00\",\"dateModified\":\"2015-12-16T10:41:40+00:00\",\"breadcrumb\":{\"@id\":\"https:\/\/www.wetter-center.de\/blog\/faktencheck-zum-klimawandel\/#breadcrumb\"},\"inLanguage\":\"de\",\"potentialAction\":[{\"@type\":\"ReadAction\",\"target\":[\"https:\/\/www.wetter-center.de\/blog\/faktencheck-zum-klimawandel\/\"]}]},{\"@type\":\"ImageObject\",\"inLanguage\":\"de\",\"@id\":\"https:\/\/www.wetter-center.de\/blog\/faktencheck-zum-klimawandel\/#primaryimage\",\"url\":\"https:\/\/www.wetter-center.de\/blog\/wp-content\/uploads\/2014\/08\/800px-Atafutrim.jpg\",\"contentUrl\":\"https:\/\/www.wetter-center.de\/blog\/wp-content\/uploads\/2014\/08\/800px-Atafutrim.jpg\",\"width\":800,\"height\":566},{\"@type\":\"BreadcrumbList\",\"@id\":\"https:\/\/www.wetter-center.de\/blog\/faktencheck-zum-klimawandel\/#breadcrumb\",\"itemListElement\":[{\"@type\":\"ListItem\",\"position\":1,\"name\":\"Startseite\",\"item\":\"https:\/\/www.wetter-center.de\/blog\/\"},{\"@type\":\"ListItem\",\"position\":2,\"name\":\"Faktencheck zum Klimawandel\"}]},{\"@type\":\"WebSite\",\"@id\":\"https:\/\/www.wetter-center.de\/blog\/#website\",\"url\":\"https:\/\/www.wetter-center.de\/blog\/\",\"name\":\"Wetter-Center.de\",\"description\":\"\",\"publisher\":{\"@id\":\"https:\/\/www.wetter-center.de\/blog\/#\/schema\/person\/6c69612ad4763a699cd157cfbbfa6667\"},\"potentialAction\":[{\"@type\":\"SearchAction\",\"target\":{\"@type\":\"EntryPoint\",\"urlTemplate\":\"https:\/\/www.wetter-center.de\/blog\/?s={search_term_string}\"},\"query-input\":{\"@type\":\"PropertyValueSpecification\",\"valueRequired\":true,\"valueName\":\"search_term_string\"}}],\"inLanguage\":\"de\"},{\"@type\":[\"Person\",\"Organization\"],\"@id\":\"https:\/\/www.wetter-center.de\/blog\/#\/schema\/person\/6c69612ad4763a699cd157cfbbfa6667\",\"name\":\"meteomara\",\"image\":{\"@type\":\"ImageObject\",\"inLanguage\":\"de\",\"@id\":\"https:\/\/www.wetter-center.de\/blog\/#\/schema\/person\/image\/\",\"url\":\"https:\/\/www.wetter-center.de\/blog\/wp-content\/uploads\/2022\/08\/sky-1551171_1280.jpg\",\"contentUrl\":\"https:\/\/www.wetter-center.de\/blog\/wp-content\/uploads\/2022\/08\/sky-1551171_1280.jpg\",\"width\":1280,\"height\":643,\"caption\":\"meteomara\"},\"logo\":{\"@id\":\"https:\/\/www.wetter-center.de\/blog\/#\/schema\/person\/image\/\"},\"sameAs\":[\"https:\/\/www.facebook.com\/WetterUndKlima\",\"https:\/\/www.instagram.com\/wettercenterde\/\",\"https:\/\/x.com\/https:\/\/twitter.com\/meteomara\"],\"url\":\"https:\/\/www.wetter-center.de\/blog\/author\/meteomara\/\"}]}<\/script>\n<!-- \/ Yoast SEO plugin. -->","yoast_head_json":{"title":"Faktencheck zum Klimawandel - Wetter-Center.de","robots":{"index":"index","follow":"follow","max-snippet":"max-snippet:-1","max-image-preview":"max-image-preview:large","max-video-preview":"max-video-preview:-1"},"canonical":"https:\/\/www.wetter-center.de\/blog\/faktencheck-zum-klimawandel\/","og_locale":"de_DE","og_type":"article","og_title":"Faktencheck zum Klimawandel - Wetter-Center.de","og_description":"In Paris findet zurzeit\u00a0die UN-Klimakonferenz statt. Es ist bereits die 21. dieser Konferenzen und sie hat das Ziel, eine internationale Klimaschutz-Vereinbarung zu treffen.\u00a0Hier sind ein paar Fakten zum Klimawandel, von denen\u00a0wohl\u00a0die meisten der Konferenzteilnehmer&#46;&#46;&#46;","og_url":"https:\/\/www.wetter-center.de\/blog\/faktencheck-zum-klimawandel\/","og_site_name":"Wetter-Center.de","article_publisher":"https:\/\/www.facebook.com\/WetterUndKlima","article_author":"https:\/\/www.facebook.com\/WetterUndKlima","article_published_time":"2015-12-06T20:56:52+00:00","article_modified_time":"2015-12-16T10:41:40+00:00","og_image":[{"width":800,"height":566,"url":"https:\/\/www.wetter-center.de\/blog\/wp-content\/uploads\/2014\/08\/800px-Atafutrim.jpg","type":"image\/jpeg"}],"author":"meteomara","twitter_card":"summary_large_image","twitter_creator":"@https:\/\/twitter.com\/meteomara","twitter_site":"@meteomara","twitter_misc":{"Geschrieben von":"meteomara","Gesch\u00e4tzte Lesezeit":"2\u00a0Minuten"},"schema":{"@context":"https:\/\/schema.org","@graph":[{"@type":"Article","@id":"https:\/\/www.wetter-center.de\/blog\/faktencheck-zum-klimawandel\/#article","isPartOf":{"@id":"https:\/\/www.wetter-center.de\/blog\/faktencheck-zum-klimawandel\/"},"author":{"name":"meteomara","@id":"https:\/\/www.wetter-center.de\/blog\/#\/schema\/person\/6c69612ad4763a699cd157cfbbfa6667"},"headline":"Faktencheck zum Klimawandel","datePublished":"2015-12-06T20:56:52+00:00","dateModified":"2015-12-16T10:41:40+00:00","mainEntityOfPage":{"@id":"https:\/\/www.wetter-center.de\/blog\/faktencheck-zum-klimawandel\/"},"wordCount":332,"commentCount":2,"publisher":{"@id":"https:\/\/www.wetter-center.de\/blog\/#\/schema\/person\/6c69612ad4763a699cd157cfbbfa6667"},"image":{"@id":"https:\/\/www.wetter-center.de\/blog\/faktencheck-zum-klimawandel\/#primaryimage"},"thumbnailUrl":"https:\/\/www.wetter-center.de\/blog\/wp-content\/uploads\/2014\/08\/800px-Atafutrim.jpg","articleSection":["Klimawandel"],"inLanguage":"de","potentialAction":[{"@type":"CommentAction","name":"Comment","target":["https:\/\/www.wetter-center.de\/blog\/faktencheck-zum-klimawandel\/#respond"]}]},{"@type":"WebPage","@id":"https:\/\/www.wetter-center.de\/blog\/faktencheck-zum-klimawandel\/","url":"https:\/\/www.wetter-center.de\/blog\/faktencheck-zum-klimawandel\/","name":"Faktencheck zum Klimawandel - Wetter-Center.de","isPartOf":{"@id":"https:\/\/www.wetter-center.de\/blog\/#website"},"primaryImageOfPage":{"@id":"https:\/\/www.wetter-center.de\/blog\/faktencheck-zum-klimawandel\/#primaryimage"},"image":{"@id":"https:\/\/www.wetter-center.de\/blog\/faktencheck-zum-klimawandel\/#primaryimage"},"thumbnailUrl":"https:\/\/www.wetter-center.de\/blog\/wp-content\/uploads\/2014\/08\/800px-Atafutrim.jpg","datePublished":"2015-12-06T20:56:52+00:00","dateModified":"2015-12-16T10:41:40+00:00","breadcrumb":{"@id":"https:\/\/www.wetter-center.de\/blog\/faktencheck-zum-klimawandel\/#breadcrumb"},"inLanguage":"de","potentialAction":[{"@type":"ReadAction","target":["https:\/\/www.wetter-center.de\/blog\/faktencheck-zum-klimawandel\/"]}]},{"@type":"ImageObject","inLanguage":"de","@id":"https:\/\/www.wetter-center.de\/blog\/faktencheck-zum-klimawandel\/#primaryimage","url":"https:\/\/www.wetter-center.de\/blog\/wp-content\/uploads\/2014\/08\/800px-Atafutrim.jpg","contentUrl":"https:\/\/www.wetter-center.de\/blog\/wp-content\/uploads\/2014\/08\/800px-Atafutrim.jpg","width":800,"height":566},{"@type":"BreadcrumbList","@id":"https:\/\/www.wetter-center.de\/blog\/faktencheck-zum-klimawandel\/#breadcrumb","itemListElement":[{"@type":"ListItem","position":1,"name":"Startseite","item":"https:\/\/www.wetter-center.de\/blog\/"},{"@type":"ListItem","position":2,"name":"Faktencheck zum Klimawandel"}]},{"@type":"WebSite","@id":"https:\/\/www.wetter-center.de\/blog\/#website","url":"https:\/\/www.wetter-center.de\/blog\/","name":"Wetter-Center.de","description":"","publisher":{"@id":"https:\/\/www.wetter-center.de\/blog\/#\/schema\/person\/6c69612ad4763a699cd157cfbbfa6667"},"potentialAction":[{"@type":"SearchAction","target":{"@type":"EntryPoint","urlTemplate":"https:\/\/www.wetter-center.de\/blog\/?s={search_term_string}"},"query-input":{"@type":"PropertyValueSpecification","valueRequired":true,"valueName":"search_term_string"}}],"inLanguage":"de"},{"@type":["Person","Organization"],"@id":"https:\/\/www.wetter-center.de\/blog\/#\/schema\/person\/6c69612ad4763a699cd157cfbbfa6667","name":"meteomara","image":{"@type":"ImageObject","inLanguage":"de","@id":"https:\/\/www.wetter-center.de\/blog\/#\/schema\/person\/image\/","url":"https:\/\/www.wetter-center.de\/blog\/wp-content\/uploads\/2022\/08\/sky-1551171_1280.jpg","contentUrl":"https:\/\/www.wetter-center.de\/blog\/wp-content\/uploads\/2022\/08\/sky-1551171_1280.jpg","width":1280,"height":643,"caption":"meteomara"},"logo":{"@id":"https:\/\/www.wetter-center.de\/blog\/#\/schema\/person\/image\/"},"sameAs":["https:\/\/www.facebook.com\/WetterUndKlima","https:\/\/www.instagram.com\/wettercenterde\/","https:\/\/x.com\/https:\/\/twitter.com\/meteomara"],"url":"https:\/\/www.wetter-center.de\/blog\/author\/meteomara\/"}]}},"amp_enabled":true,"_links":{"self":[{"href":"https:\/\/www.wetter-center.de\/blog\/wp-json\/wp\/v2\/posts\/1446","targetHints":{"allow":["GET"]}}],"collection":[{"href":"https:\/\/www.wetter-center.de\/blog\/wp-json\/wp\/v2\/posts"}],"about":[{"href":"https:\/\/www.wetter-center.de\/blog\/wp-json\/wp\/v2\/types\/post"}],"author":[{"embeddable":true,"href":"https:\/\/www.wetter-center.de\/blog\/wp-json\/wp\/v2\/users\/1"}],"replies":[{"embeddable":true,"href":"https:\/\/www.wetter-center.de\/blog\/wp-json\/wp\/v2\/comments?post=1446"}],"version-history":[{"count":0,"href":"https:\/\/www.wetter-center.de\/blog\/wp-json\/wp\/v2\/posts\/1446\/revisions"}],"wp:featuredmedia":[{"embeddable":true,"href":"https:\/\/www.wetter-center.de\/blog\/wp-json\/wp\/v2\/media\/969"}],"wp:attachment":[{"href":"https:\/\/www.wetter-center.de\/blog\/wp-json\/wp\/v2\/media?parent=1446"}],"wp:term":[{"taxonomy":"category","embeddable":true,"href":"https:\/\/www.wetter-center.de\/blog\/wp-json\/wp\/v2\/categories?post=1446"},{"taxonomy":"post_tag","embeddable":true,"href":"https:\/\/www.wetter-center.de\/blog\/wp-json\/wp\/v2\/tags?post=1446"}],"curies":[{"name":"wp","href":"https:\/\/api.w.org\/{rel}","templated":true}]}}