{"id":1402,"date":"2015-10-18T22:58:26","date_gmt":"2015-10-18T20:58:26","guid":{"rendered":"http:\/\/www.wetter-center.de\/blog\/?p=1402"},"modified":"2018-09-01T14:00:02","modified_gmt":"2018-09-01T12:00:02","slug":"klimawandel-und-allergien","status":"publish","type":"post","link":"https:\/\/www.wetter-center.de\/blog\/klimawandel-und-allergien\/","title":{"rendered":"Klimawandel und Allergien"},"content":{"rendered":"<p>M\u00fcssen Pollenallergiker wegen des\u00a0Klimawandels\u00a0in Zukunft mit h\u00e4ufigeren und st\u00e4rkeren Beschwerden rechnen?\u00a0Wissenschaftler haben einige Indizien, die darauf hindeuten.\u00a0Bewiesen ist, dass der gesteigerte Kohlendioxidgehalt f\u00fcr Pflanzen wie D\u00fcnger wirkt\u00a0und\u00a0somit eine <a href=\"http:\/\/www.wetter-center.de\/blog\/?p=483\">positive Wirkung auf Pflanzen<\/a>\u00a0hat. In der Landwirtschaft konnten in den letzten 30 Jahren eine <strong>Steigerung der Ertr\u00e4ge<\/strong> um mindestens 10 bis 15% nachgewiesen werden. Diese Produktivit\u00e4tssteigerung des Pflanzenwachstums hat auch nachweislich Auswirkungen auf den Pollenflug.<\/p>\n<p>Forscher der Technischen Universit\u00e4t M\u00fcnchen haben bereits vor einigen Jahren\u00a0<a href=\"http:\/\/portal.mytum.de\/pressestelle\/pressemitteilungen\/NewsArticle_20120413_180644\" target=\"_blank\" rel=\"noopener\">in einer Studie<\/a>\u00a0Pollendaten aus 13 europ\u00e4ischen L\u00e4ndern ausgewertet und f\u00fcr <a href=\"https:\/\/www.doctor-bob.de\/krankheiten\/allergie.html\" target=\"_blank\" rel=\"noopener\">Allergiker<\/a> interessante Ergebnisse gefunden. Dabei wurden die jeweiligen klimatologischen Verh\u00e4ltnisse einer Region durch die Berechnung einheitlicher j\u00e4hrlicher Pollenindizes ber\u00fccksichtigt. Die Forscher fanden, dass in den letzten 10 Jahren in <strong>st\u00e4dtischen Gebieten<\/strong> die Pollenkonzentration im Durchschnitt um etwa <strong>drei Prozent pro Jahr<\/strong> angestiegen ist, in l\u00e4ndlichen Gegenden dagegen nur um ein Prozent pro Jahr.<\/p>\n<p>Als wahrscheinliche Ursache wird dabei die <a href=\"http:\/\/www.wetter-center.de\/blog\/?p=560\">Zunahme des Kohlendioxidgehaltes<\/a> der Atmosph\u00e4re angef\u00fchrt. Das Pflanzenwachstum wird dadurch beschleunigt und damit auch die Pollenproduktion (links im Bild: Beifu\u00df-Pflanze mit Bl\u00fctenstand). H\u00f6here Temperaturen und <strong>zugewanderte Pflanzenarten<\/strong>, wie zum Beispiel die Ambrosia, sorgen au\u00dferdem f\u00fcr eine l\u00e4ngere Pollenflugsaison.<\/p>\n<p>Die besonders starke Zunahme in st\u00e4dtischen Gebieten f\u00fchren die Forscher auf den Effekt der <a href=\"http:\/\/www.wetter-center.de\/blog\/?p=551\">st\u00e4dtischen W\u00e4rmeinsel<\/a> zur\u00fcck. In einer Gro\u00dfstadt kann es <strong>mehrere Grad w\u00e4rmer<\/strong> sein als im Umland. Die Vegetationsperiode und damit die Pollenflugsaison ist also l\u00e4nger. Im Fr\u00fchling beginnen Pflanzen fr\u00fcher\u00a0zu wachsen und k\u00f6nnen fr\u00fcher Bl\u00fctenst\u00e4nde bilden. Allerdings gab es diesen Effekt auch vor 20 Jahren schon.<\/p>\n<p>Wer im Urlaub der Pollenbelastung entfliehen will, sollte sich also\u00a0weder eine\u00a0l\u00e4ndliche Region noch eine Gro\u00dfstadt aussuchen. Am besten eignen sich\u00a0hoch gelegene <strong>Gebirgsregionen<\/strong> wie die Alpen, wo wegen der niedrigeren Temperaturen weniger Pflanzen wachsen.\u00a0Aber auch <strong>K\u00fcstenregionen oder Inseln<\/strong> bieten Erholung, da hier durch die t\u00e4gliche Land-See-Windzirkulation tags\u00fcber pollenfreie Meeresluft\u00a0an die K\u00fcste gef\u00fchrt wird.<\/p>\n","protected":false},"excerpt":{"rendered":"<p>M\u00fcssen Pollenallergiker wegen des\u00a0Klimawandels\u00a0in Zukunft mit h\u00e4ufigeren und st\u00e4rkeren Beschwerden rechnen?\u00a0Wissenschaftler haben einige Indizien, die darauf hindeuten.\u00a0Bewiesen ist, dass der gesteigerte Kohlendioxidgehalt f\u00fcr Pflanzen wie D\u00fcnger wirkt\u00a0und\u00a0somit eine positive Wirkung auf Pflanzen\u00a0hat. In der&#46;&#46;&#46;<\/p>\n","protected":false},"author":1,"featured_media":0,"comment_status":"open","ping_status":"open","sticky":false,"template":"","format":"standard","meta":{"footnotes":""},"categories":[4],"tags":[97,71,102],"class_list":["post-1402","post","type-post","status-publish","format-standard","hentry","category-klimawandel","tag-klimawandel","tag-kohlendioxid","tag-pollen"],"yoast_head":"<!-- This site is optimized with the Yoast SEO plugin v25.5 - https:\/\/yoast.com\/wordpress\/plugins\/seo\/ -->\n<title>Klimawandel und Allergien - Wetter-Center.de<\/title>\n<meta name=\"robots\" content=\"index, follow, max-snippet:-1, max-image-preview:large, max-video-preview:-1\" \/>\n<link rel=\"canonical\" href=\"https:\/\/www.wetter-center.de\/blog\/klimawandel-und-allergien\/\" \/>\n<meta property=\"og:locale\" content=\"de_DE\" \/>\n<meta property=\"og:type\" content=\"article\" \/>\n<meta property=\"og:title\" content=\"Klimawandel und Allergien - Wetter-Center.de\" \/>\n<meta property=\"og:description\" content=\"M\u00fcssen Pollenallergiker wegen des\u00a0Klimawandels\u00a0in Zukunft mit h\u00e4ufigeren und st\u00e4rkeren Beschwerden rechnen?\u00a0Wissenschaftler haben einige Indizien, die darauf hindeuten.\u00a0Bewiesen ist, dass der gesteigerte Kohlendioxidgehalt f\u00fcr Pflanzen wie D\u00fcnger wirkt\u00a0und\u00a0somit eine positive Wirkung auf Pflanzen\u00a0hat. In der&#046;&#046;&#046;\" \/>\n<meta property=\"og:url\" content=\"https:\/\/www.wetter-center.de\/blog\/klimawandel-und-allergien\/\" \/>\n<meta property=\"og:site_name\" content=\"Wetter-Center.de\" \/>\n<meta property=\"article:publisher\" content=\"https:\/\/www.facebook.com\/WetterUndKlima\" \/>\n<meta property=\"article:author\" content=\"https:\/\/www.facebook.com\/WetterUndKlima\" \/>\n<meta property=\"article:published_time\" content=\"2015-10-18T20:58:26+00:00\" \/>\n<meta property=\"article:modified_time\" content=\"2018-09-01T12:00:02+00:00\" \/>\n<meta name=\"author\" content=\"meteomara\" \/>\n<meta name=\"twitter:card\" content=\"summary_large_image\" \/>\n<meta name=\"twitter:creator\" content=\"@https:\/\/twitter.com\/meteomara\" \/>\n<meta name=\"twitter:site\" content=\"@meteomara\" \/>\n<meta name=\"twitter:label1\" content=\"Geschrieben von\" \/>\n\t<meta name=\"twitter:data1\" content=\"meteomara\" \/>\n\t<meta name=\"twitter:label2\" content=\"Gesch\u00e4tzte Lesezeit\" \/>\n\t<meta name=\"twitter:data2\" content=\"2\u00a0Minuten\" \/>\n<script type=\"application\/ld+json\" class=\"yoast-schema-graph\">{\"@context\":\"https:\/\/schema.org\",\"@graph\":[{\"@type\":\"Article\",\"@id\":\"https:\/\/www.wetter-center.de\/blog\/klimawandel-und-allergien\/#article\",\"isPartOf\":{\"@id\":\"https:\/\/www.wetter-center.de\/blog\/klimawandel-und-allergien\/\"},\"author\":{\"name\":\"meteomara\",\"@id\":\"https:\/\/www.wetter-center.de\/blog\/#\/schema\/person\/6c69612ad4763a699cd157cfbbfa6667\"},\"headline\":\"Klimawandel und Allergien\",\"datePublished\":\"2015-10-18T20:58:26+00:00\",\"dateModified\":\"2018-09-01T12:00:02+00:00\",\"mainEntityOfPage\":{\"@id\":\"https:\/\/www.wetter-center.de\/blog\/klimawandel-und-allergien\/\"},\"wordCount\":348,\"commentCount\":0,\"publisher\":{\"@id\":\"https:\/\/www.wetter-center.de\/blog\/#\/schema\/person\/6c69612ad4763a699cd157cfbbfa6667\"},\"keywords\":[\"Klimawandel\",\"Kohlendioxid\",\"Pollen\"],\"articleSection\":[\"Klimawandel\"],\"inLanguage\":\"de\",\"potentialAction\":[{\"@type\":\"CommentAction\",\"name\":\"Comment\",\"target\":[\"https:\/\/www.wetter-center.de\/blog\/klimawandel-und-allergien\/#respond\"]}]},{\"@type\":\"WebPage\",\"@id\":\"https:\/\/www.wetter-center.de\/blog\/klimawandel-und-allergien\/\",\"url\":\"https:\/\/www.wetter-center.de\/blog\/klimawandel-und-allergien\/\",\"name\":\"Klimawandel und Allergien - Wetter-Center.de\",\"isPartOf\":{\"@id\":\"https:\/\/www.wetter-center.de\/blog\/#website\"},\"datePublished\":\"2015-10-18T20:58:26+00:00\",\"dateModified\":\"2018-09-01T12:00:02+00:00\",\"breadcrumb\":{\"@id\":\"https:\/\/www.wetter-center.de\/blog\/klimawandel-und-allergien\/#breadcrumb\"},\"inLanguage\":\"de\",\"potentialAction\":[{\"@type\":\"ReadAction\",\"target\":[\"https:\/\/www.wetter-center.de\/blog\/klimawandel-und-allergien\/\"]}]},{\"@type\":\"BreadcrumbList\",\"@id\":\"https:\/\/www.wetter-center.de\/blog\/klimawandel-und-allergien\/#breadcrumb\",\"itemListElement\":[{\"@type\":\"ListItem\",\"position\":1,\"name\":\"Startseite\",\"item\":\"https:\/\/www.wetter-center.de\/blog\/\"},{\"@type\":\"ListItem\",\"position\":2,\"name\":\"Klimawandel und Allergien\"}]},{\"@type\":\"WebSite\",\"@id\":\"https:\/\/www.wetter-center.de\/blog\/#website\",\"url\":\"https:\/\/www.wetter-center.de\/blog\/\",\"name\":\"Wetter-Center.de\",\"description\":\"\",\"publisher\":{\"@id\":\"https:\/\/www.wetter-center.de\/blog\/#\/schema\/person\/6c69612ad4763a699cd157cfbbfa6667\"},\"potentialAction\":[{\"@type\":\"SearchAction\",\"target\":{\"@type\":\"EntryPoint\",\"urlTemplate\":\"https:\/\/www.wetter-center.de\/blog\/?s={search_term_string}\"},\"query-input\":{\"@type\":\"PropertyValueSpecification\",\"valueRequired\":true,\"valueName\":\"search_term_string\"}}],\"inLanguage\":\"de\"},{\"@type\":[\"Person\",\"Organization\"],\"@id\":\"https:\/\/www.wetter-center.de\/blog\/#\/schema\/person\/6c69612ad4763a699cd157cfbbfa6667\",\"name\":\"meteomara\",\"image\":{\"@type\":\"ImageObject\",\"inLanguage\":\"de\",\"@id\":\"https:\/\/www.wetter-center.de\/blog\/#\/schema\/person\/image\/\",\"url\":\"https:\/\/www.wetter-center.de\/blog\/wp-content\/uploads\/2022\/08\/sky-1551171_1280.jpg\",\"contentUrl\":\"https:\/\/www.wetter-center.de\/blog\/wp-content\/uploads\/2022\/08\/sky-1551171_1280.jpg\",\"width\":1280,\"height\":643,\"caption\":\"meteomara\"},\"logo\":{\"@id\":\"https:\/\/www.wetter-center.de\/blog\/#\/schema\/person\/image\/\"},\"sameAs\":[\"https:\/\/www.facebook.com\/WetterUndKlima\",\"https:\/\/www.instagram.com\/wettercenterde\/\",\"https:\/\/x.com\/https:\/\/twitter.com\/meteomara\"],\"url\":\"https:\/\/www.wetter-center.de\/blog\/author\/meteomara\/\"}]}<\/script>\n<!-- \/ Yoast SEO plugin. -->","yoast_head_json":{"title":"Klimawandel und Allergien - Wetter-Center.de","robots":{"index":"index","follow":"follow","max-snippet":"max-snippet:-1","max-image-preview":"max-image-preview:large","max-video-preview":"max-video-preview:-1"},"canonical":"https:\/\/www.wetter-center.de\/blog\/klimawandel-und-allergien\/","og_locale":"de_DE","og_type":"article","og_title":"Klimawandel und Allergien - Wetter-Center.de","og_description":"M\u00fcssen Pollenallergiker wegen des\u00a0Klimawandels\u00a0in Zukunft mit h\u00e4ufigeren und st\u00e4rkeren Beschwerden rechnen?\u00a0Wissenschaftler haben einige Indizien, die darauf hindeuten.\u00a0Bewiesen ist, dass der gesteigerte Kohlendioxidgehalt f\u00fcr Pflanzen wie D\u00fcnger wirkt\u00a0und\u00a0somit eine positive Wirkung auf Pflanzen\u00a0hat. In der&#46;&#46;&#46;","og_url":"https:\/\/www.wetter-center.de\/blog\/klimawandel-und-allergien\/","og_site_name":"Wetter-Center.de","article_publisher":"https:\/\/www.facebook.com\/WetterUndKlima","article_author":"https:\/\/www.facebook.com\/WetterUndKlima","article_published_time":"2015-10-18T20:58:26+00:00","article_modified_time":"2018-09-01T12:00:02+00:00","author":"meteomara","twitter_card":"summary_large_image","twitter_creator":"@https:\/\/twitter.com\/meteomara","twitter_site":"@meteomara","twitter_misc":{"Geschrieben von":"meteomara","Gesch\u00e4tzte Lesezeit":"2\u00a0Minuten"},"schema":{"@context":"https:\/\/schema.org","@graph":[{"@type":"Article","@id":"https:\/\/www.wetter-center.de\/blog\/klimawandel-und-allergien\/#article","isPartOf":{"@id":"https:\/\/www.wetter-center.de\/blog\/klimawandel-und-allergien\/"},"author":{"name":"meteomara","@id":"https:\/\/www.wetter-center.de\/blog\/#\/schema\/person\/6c69612ad4763a699cd157cfbbfa6667"},"headline":"Klimawandel und Allergien","datePublished":"2015-10-18T20:58:26+00:00","dateModified":"2018-09-01T12:00:02+00:00","mainEntityOfPage":{"@id":"https:\/\/www.wetter-center.de\/blog\/klimawandel-und-allergien\/"},"wordCount":348,"commentCount":0,"publisher":{"@id":"https:\/\/www.wetter-center.de\/blog\/#\/schema\/person\/6c69612ad4763a699cd157cfbbfa6667"},"keywords":["Klimawandel","Kohlendioxid","Pollen"],"articleSection":["Klimawandel"],"inLanguage":"de","potentialAction":[{"@type":"CommentAction","name":"Comment","target":["https:\/\/www.wetter-center.de\/blog\/klimawandel-und-allergien\/#respond"]}]},{"@type":"WebPage","@id":"https:\/\/www.wetter-center.de\/blog\/klimawandel-und-allergien\/","url":"https:\/\/www.wetter-center.de\/blog\/klimawandel-und-allergien\/","name":"Klimawandel und Allergien - Wetter-Center.de","isPartOf":{"@id":"https:\/\/www.wetter-center.de\/blog\/#website"},"datePublished":"2015-10-18T20:58:26+00:00","dateModified":"2018-09-01T12:00:02+00:00","breadcrumb":{"@id":"https:\/\/www.wetter-center.de\/blog\/klimawandel-und-allergien\/#breadcrumb"},"inLanguage":"de","potentialAction":[{"@type":"ReadAction","target":["https:\/\/www.wetter-center.de\/blog\/klimawandel-und-allergien\/"]}]},{"@type":"BreadcrumbList","@id":"https:\/\/www.wetter-center.de\/blog\/klimawandel-und-allergien\/#breadcrumb","itemListElement":[{"@type":"ListItem","position":1,"name":"Startseite","item":"https:\/\/www.wetter-center.de\/blog\/"},{"@type":"ListItem","position":2,"name":"Klimawandel und Allergien"}]},{"@type":"WebSite","@id":"https:\/\/www.wetter-center.de\/blog\/#website","url":"https:\/\/www.wetter-center.de\/blog\/","name":"Wetter-Center.de","description":"","publisher":{"@id":"https:\/\/www.wetter-center.de\/blog\/#\/schema\/person\/6c69612ad4763a699cd157cfbbfa6667"},"potentialAction":[{"@type":"SearchAction","target":{"@type":"EntryPoint","urlTemplate":"https:\/\/www.wetter-center.de\/blog\/?s={search_term_string}"},"query-input":{"@type":"PropertyValueSpecification","valueRequired":true,"valueName":"search_term_string"}}],"inLanguage":"de"},{"@type":["Person","Organization"],"@id":"https:\/\/www.wetter-center.de\/blog\/#\/schema\/person\/6c69612ad4763a699cd157cfbbfa6667","name":"meteomara","image":{"@type":"ImageObject","inLanguage":"de","@id":"https:\/\/www.wetter-center.de\/blog\/#\/schema\/person\/image\/","url":"https:\/\/www.wetter-center.de\/blog\/wp-content\/uploads\/2022\/08\/sky-1551171_1280.jpg","contentUrl":"https:\/\/www.wetter-center.de\/blog\/wp-content\/uploads\/2022\/08\/sky-1551171_1280.jpg","width":1280,"height":643,"caption":"meteomara"},"logo":{"@id":"https:\/\/www.wetter-center.de\/blog\/#\/schema\/person\/image\/"},"sameAs":["https:\/\/www.facebook.com\/WetterUndKlima","https:\/\/www.instagram.com\/wettercenterde\/","https:\/\/x.com\/https:\/\/twitter.com\/meteomara"],"url":"https:\/\/www.wetter-center.de\/blog\/author\/meteomara\/"}]}},"amp_enabled":true,"_links":{"self":[{"href":"https:\/\/www.wetter-center.de\/blog\/wp-json\/wp\/v2\/posts\/1402","targetHints":{"allow":["GET"]}}],"collection":[{"href":"https:\/\/www.wetter-center.de\/blog\/wp-json\/wp\/v2\/posts"}],"about":[{"href":"https:\/\/www.wetter-center.de\/blog\/wp-json\/wp\/v2\/types\/post"}],"author":[{"embeddable":true,"href":"https:\/\/www.wetter-center.de\/blog\/wp-json\/wp\/v2\/users\/1"}],"replies":[{"embeddable":true,"href":"https:\/\/www.wetter-center.de\/blog\/wp-json\/wp\/v2\/comments?post=1402"}],"version-history":[{"count":0,"href":"https:\/\/www.wetter-center.de\/blog\/wp-json\/wp\/v2\/posts\/1402\/revisions"}],"wp:attachment":[{"href":"https:\/\/www.wetter-center.de\/blog\/wp-json\/wp\/v2\/media?parent=1402"}],"wp:term":[{"taxonomy":"category","embeddable":true,"href":"https:\/\/www.wetter-center.de\/blog\/wp-json\/wp\/v2\/categories?post=1402"},{"taxonomy":"post_tag","embeddable":true,"href":"https:\/\/www.wetter-center.de\/blog\/wp-json\/wp\/v2\/tags?post=1402"}],"curies":[{"name":"wp","href":"https:\/\/api.w.org\/{rel}","templated":true}]}}