{"id":13234,"date":"2021-12-27T11:18:41","date_gmt":"2021-12-27T10:18:41","guid":{"rendered":"https:\/\/www.wetter-center.de\/blog\/?p=13234"},"modified":"2021-12-27T11:23:56","modified_gmt":"2021-12-27T10:23:56","slug":"sinterklaas-der-zwarten-piet-und-die-heilige-pappkrone","status":"publish","type":"post","link":"https:\/\/www.wetter-center.de\/blog\/sinterklaas-der-zwarten-piet-und-die-heilige-pappkrone\/","title":{"rendered":"Sinterklaas, der Zwarten Piet und die heilige Pappkrone"},"content":{"rendered":"\n<p>Belgien war bis vor kurzem eine \u00fcberwiegend christliche Gesellschaft und hat Weihnachten schon vor Jahrhunderten als wichtigstes Fest f\u00fcr sich entdeckt. Und obwohl die religi\u00f6se Konnotation deutlich abgenommen hat, <strong>ist das kleine Land immer noch Feuer und Flamme f\u00fcr das Weihnachtsfest<\/strong> und alles, was es mit sich bringt. Gem\u00fctliche D\u00f6rfer aus Holzh\u00fctten und ein famili\u00e4rer Heiligabend im Bredene Ferienhaus am reich gedeckten Tisch vermitteln einen Hauch Tradition, die vielen Belgiern am Herzen liegen.<\/p>\n\n\n\n<h2 class=\"wp-block-heading\">Ein zweiter Weihnachtsmann<\/h2>\n\n\n\n<p>Belgische und niederl\u00e4ndische Kinder haben das Gl\u00fcck, dass <strong>Sinterklaas oder Sankt Nikolaus<\/strong>, eine Art zweiter Weihnachtsmann, aus Spanien kommt, zwanzig Tage bevor der eigentliche Weihnachtsmann den Weg vom Nordpol antritt. Nachdem sie am Vorabend ihre Schuhe mit Karotten (f\u00fcr das Pferd des Sint), Keksen und anderen Leckereien (<a href=\"https:\/\/de.wikipedia.org\/wiki\/Zwarte_Piet\" target=\"_blank\" rel=\"noreferrer noopener\">f\u00fcr den Sint und seinen Helfer Zwarten Piet<\/a>) ausgepackt haben, werden Kinder, die das ganze Jahr \u00fcber brav waren, am 6. Dezember mit Geschenken, Spekulatius und Schokoladenfiguren begr\u00fc\u00dft.<\/p>\n\n\n\n<figure class=\"wp-block-gallery columns-1 is-cropped wp-block-gallery-1 is-layout-flex wp-block-gallery-is-layout-flex\"><ul class=\"blocks-gallery-grid\"><li class=\"blocks-gallery-item\"><figure><a href=\"https:\/\/www.wetter-center.de\/blog\/wp-content\/uploads\/2021\/12\/sinterklaas.jpg\" data-rel=\"lightbox-image-0\" data-rl_title=\"\" data-rl_caption=\"\" title=\"\"><img loading=\"lazy\" decoding=\"async\" width=\"1024\" height=\"576\" src=\"https:\/\/www.wetter-center.de\/blog\/wp-content\/uploads\/2021\/12\/sinterklaas-1024x576.jpg\" alt=\"\" data-id=\"13235\" data-full-url=\"https:\/\/www.wetter-center.de\/blog\/wp-content\/uploads\/2021\/12\/sinterklaas.jpg\" data-link=\"https:\/\/www.wetter-center.de\/blog\/?attachment_id=13235\" class=\"wp-image-13235\" srcset=\"https:\/\/www.wetter-center.de\/blog\/wp-content\/uploads\/2021\/12\/sinterklaas-1024x576.jpg 1024w, https:\/\/www.wetter-center.de\/blog\/wp-content\/uploads\/2021\/12\/sinterklaas-300x169.jpg 300w, https:\/\/www.wetter-center.de\/blog\/wp-content\/uploads\/2021\/12\/sinterklaas-768x432.jpg 768w, https:\/\/www.wetter-center.de\/blog\/wp-content\/uploads\/2021\/12\/sinterklaas-1536x864.jpg 1536w, https:\/\/www.wetter-center.de\/blog\/wp-content\/uploads\/2021\/12\/sinterklaas-600x338.jpg 600w, https:\/\/www.wetter-center.de\/blog\/wp-content\/uploads\/2021\/12\/sinterklaas.jpg 1920w\" sizes=\"auto, (max-width: 1024px) 100vw, 1024px\" \/><\/a><\/figure><\/li><\/ul><\/figure>\n\n\n\n<p>Der Legende nach besucht der sanftm\u00fctige Mann mit dem langen wei\u00dfen Bart und dem eindrucksvollen weinroten Gewand in einer einzigen Nacht alle H\u00e4user in den Niederl\u00e4ndern.<strong> In Belgien k\u00f6nnen Kinder, die ihre Ausbeute verdoppeln wollen, einen Brief an den Sint mit der Post schreiben und erhalten ein Geschenk und einen Brief zur\u00fcck<\/strong>. Eine Briefmarke ist nicht erforderlich, solange man die Adresse des Heiligen Mannes richtig angibt: Sinterklaas, Spain Street, 0621 Heaven.<\/p>\n\n\n\n<h2 class=\"wp-block-heading\"><a><\/a>Weihnachtsd\u00f6rfer in H\u00fclle und F\u00fclle<\/h2>\n\n\n\n<p>Das Wichtigste in der Vorweihnachtszeit in Belgien sind die traditionellen M\u00e4rkte. Nach belgischem Rezept handelt es sich dabei um authentische D\u00f6rfer, die mit Tausenden von Lichterketten und Holzbuden, in denen handwerkliche Leckereien angeboten werden, Charme verspr\u00fchen.<\/p>\n\n\n\n<p><strong>Die Chance, den gr\u00f6\u00dften Weihnachtsbaum des Landes zu sehen<\/strong>, ist auf den Br\u00fcsseler Winterwundern garantiert, einem der meistbesuchten M\u00e4rkte \u00fcberhaupt, der den ganzen Dezember \u00fcber dauert und zahlreiche Nebenaktivit\u00e4ten bietet. Nutzen Sie daher <a href=\"https:\/\/www.interhome.de\/belgien\/kueste\/bredene\/\" target=\"_blank\" rel=\"noreferrer noopener\">gem\u00fctliche \u00dcbernachtungsm\u00f6glichkeiten wie ein Bredene Ferienhaus<\/a>, um die Weihnachtszeit in Belgien in vollem Umfang genie\u00dfen zu k\u00f6nnen.<\/p>\n\n\n\n<p>Der gr\u00f6\u00dfte Weihnachtsbaum steht auf dem Grand-Place und wird von einer beeindruckenden Licht- und Tonshow begleitet. Weitere beliebte M\u00e4rkte sind Leuven, Antwerpen und L\u00fcttich, die alle ihre ganz eigene Atmosph\u00e4re haben. Eines haben sie alle gemeinsam: das Essen und die Getr\u00e4nke: <strong>Gl\u00fchwein, Genever (oder &#8220;fl\u00e4mischer Gin&#8221;) und hei\u00dfe Schokolade, um den Magen zu w\u00e4rmen, und Waffeln, Pfannkuchen und Smoutebollen (frittierte s\u00fc\u00dfe Kn\u00f6del), um den Bauch zu f\u00fcllen<\/strong>. Schlittschuhbahnen und Riesenr\u00e4der sorgen in der Regel f\u00fcr noch mehr Unterhaltung und Spa\u00df f\u00fcr die Kinder.<\/p>\n\n\n\n<h2 class=\"wp-block-heading\"><a><\/a>Die K\u00f6nigin der belgischen Feiertage: Heiligabend<\/h2>\n\n\n\n<p>An Heiligabend versammeln sich die Belgier mit ihrer Familie zu einem gro\u00dfen gemeinsamen Essen und packen die Geschenke unter dem Baum aus. Es ist ein intimer und gem\u00fctlicher Anlass, der zeigt, <strong>wie wichtig die Familie f\u00fcr den Durchschnittsbelgier ist<\/strong>. Die Vorbereitungen f\u00fcr das Essen sind vielleicht nicht ganz so aufwendig wie der ber\u00fchmte <a href=\"https:\/\/www.urlaubsguru.de\/reisemagazin\/thanksgiving-tradition-in-den-usa\/\" target=\"_blank\" rel=\"noreferrer noopener\">Truthahn an Thanksgiving in Nordamerika<\/a>, aber sie kommen dem schon sehr nahe.<\/p>\n\n\n\n<p>Nach dem Essen ist die Freude gro\u00df, wenn man endlich die Geschenke auspackt, auf die man wochenlang gewartet hat, und <strong>oft gibt es auch eine Runde Brettspiele<\/strong>. Einige Familien besuchen die Mitternachtsmesse, obwohl diese Tradition in den letzten Jahrzehnten mit dem wachsenden nicht-religi\u00f6sen Teil der Bev\u00f6lkerung immer mehr abgenommen hat. <strong>Die Belgier, die es an diesem Abend in die Kirche schaffen, haben gro\u00dfe Chancen, auf ihrem Dorfplatz eine lebensgro\u00dfe Krippe zu sehen<\/strong>, oft mit einem echten Esel und einem Schaf, zur Freude der belgischen Kinder ringsum.<\/p>\n\n\n\n<h2 class=\"wp-block-heading\"><a><\/a>Ausschlafen am ersten Weihnachtstag<\/h2>\n\n\n\n<p>Man w\u00fcrde es nicht vermuten, wenn man sich die einigerma\u00dfen aufger\u00e4umten Nachbarn der Deutschen ansieht, aber die Belgier sind weltweit die Vorletzten, die am Weihnachtstag aufstehen, berichtete die New York Times letztes Jahr. <strong>Mit ein paar Minuten R\u00fcckstand auf die Brasilianer stehen die Belgier im Durchschnitt kurz nach 9 Uhr auf<\/strong>. K\u00f6nnte die Gourmet-Extravaganz im Bredene Ferienhaus des Vorabends etwas damit zu tun haben? Oder vielleicht die Mitternachtsmesse?<\/p>\n\n\n\n<p>Wie auch immer die Antwort ausf\u00e4llt, Tatsache ist, dass der Weihnachtstag in Belgien im Allgemeinen ein Tag der Entspannung ist, <strong>an dem man ausgiebig fr\u00fchst\u00fcckt und alte Freunde und entfernte Familienmitglieder besucht<\/strong>, die man am Vortag nicht zu Gesicht bekommen hat. F\u00fcr die meisten ist er wichtig, aber bei weitem nicht so wichtig wie der Abend des 24. Dezember, der belgische Feiertag schlechthin.<\/p>\n\n\n\n<h2 class=\"wp-block-heading\"><a><\/a>Und wie ist das Wetter?<\/h2>\n\n\n\n<p>Durch die N\u00e4he zur Nordsee herrscht vor allem an der belgischen K\u00fcste vorwiegend maritimes Klima, das das Jahr \u00fcber nur wenig schwankt. Besonders zur Weihnachtszeit ist in der K\u00fcstenregion eher mit St\u00fcrmen zu rechnen, die von der Nordsee her in das Land wehen, als mit Schnee.<\/p>\n\n\n\n<p>Auch im Landesinneren ist der Winter nicht allzu kalt, daf\u00fcr regnet es zwischen November und M\u00e4rz mindestens 20 Tage im Monat bei Temperaturen, die hin und wieder unter den Gefrierpunkt sinken. Wer sich den Heiligabend in Belgien weihnachtlich-winterlich-verschneit w\u00fcnscht, sollte den Weihnachtsabend in den Ardennen verbringen. Hier ist im Winter des\u00f6fteren mit Dauerfrost und Schnee zu rechnen.<\/p>\n","protected":false},"excerpt":{"rendered":"<p>Belgien war bis vor kurzem eine \u00fcberwiegend christliche Gesellschaft und hat Weihnachten schon vor Jahrhunderten als wichtigstes Fest f\u00fcr sich entdeckt. Und obwohl die religi\u00f6se Konnotation deutlich abgenommen hat, ist das kleine Land immer&#46;&#46;&#46;<\/p>\n","protected":false},"author":1,"featured_media":13235,"comment_status":"open","ping_status":"open","sticky":false,"template":"","format":"standard","meta":{"footnotes":""},"categories":[5],"tags":[397,398],"class_list":["post-13234","post","type-post","status-publish","format-standard","has-post-thumbnail","hentry","category-reisewetter","tag-belgien","tag-weihnachten"],"yoast_head":"<!-- This site is optimized with the Yoast SEO plugin v25.5 - https:\/\/yoast.com\/wordpress\/plugins\/seo\/ -->\n<title>Sinterklaas, der Zwarten Piet und die heilige Pappkrone - Wetter-Center.de<\/title>\n<meta name=\"robots\" content=\"index, follow, max-snippet:-1, max-image-preview:large, max-video-preview:-1\" \/>\n<link rel=\"canonical\" href=\"https:\/\/www.wetter-center.de\/blog\/sinterklaas-der-zwarten-piet-und-die-heilige-pappkrone\/\" \/>\n<meta property=\"og:locale\" content=\"de_DE\" \/>\n<meta property=\"og:type\" content=\"article\" \/>\n<meta property=\"og:title\" content=\"Sinterklaas, der Zwarten Piet und die heilige Pappkrone - Wetter-Center.de\" \/>\n<meta property=\"og:description\" content=\"Belgien war bis vor kurzem eine \u00fcberwiegend christliche Gesellschaft und hat Weihnachten schon vor Jahrhunderten als wichtigstes Fest f\u00fcr sich entdeckt. Und obwohl die religi\u00f6se Konnotation deutlich abgenommen hat, ist das kleine Land immer&#046;&#046;&#046;\" \/>\n<meta property=\"og:url\" content=\"https:\/\/www.wetter-center.de\/blog\/sinterklaas-der-zwarten-piet-und-die-heilige-pappkrone\/\" \/>\n<meta property=\"og:site_name\" content=\"Wetter-Center.de\" \/>\n<meta property=\"article:publisher\" content=\"https:\/\/www.facebook.com\/WetterUndKlima\" \/>\n<meta property=\"article:author\" content=\"https:\/\/www.facebook.com\/WetterUndKlima\" \/>\n<meta property=\"article:published_time\" content=\"2021-12-27T10:18:41+00:00\" \/>\n<meta property=\"article:modified_time\" content=\"2021-12-27T10:23:56+00:00\" \/>\n<meta property=\"og:image\" content=\"https:\/\/www.wetter-center.de\/blog\/wp-content\/uploads\/2021\/12\/sinterklaas.jpg\" \/>\n\t<meta property=\"og:image:width\" content=\"1920\" \/>\n\t<meta property=\"og:image:height\" content=\"1080\" \/>\n\t<meta property=\"og:image:type\" content=\"image\/jpeg\" \/>\n<meta name=\"author\" content=\"meteomara\" \/>\n<meta name=\"twitter:card\" content=\"summary_large_image\" \/>\n<meta name=\"twitter:creator\" content=\"@https:\/\/twitter.com\/meteomara\" \/>\n<meta name=\"twitter:site\" content=\"@meteomara\" \/>\n<meta name=\"twitter:label1\" content=\"Geschrieben von\" \/>\n\t<meta name=\"twitter:data1\" content=\"meteomara\" \/>\n\t<meta name=\"twitter:label2\" content=\"Gesch\u00e4tzte Lesezeit\" \/>\n\t<meta name=\"twitter:data2\" content=\"4\u00a0Minuten\" \/>\n<script type=\"application\/ld+json\" class=\"yoast-schema-graph\">{\"@context\":\"https:\/\/schema.org\",\"@graph\":[{\"@type\":\"Article\",\"@id\":\"https:\/\/www.wetter-center.de\/blog\/sinterklaas-der-zwarten-piet-und-die-heilige-pappkrone\/#article\",\"isPartOf\":{\"@id\":\"https:\/\/www.wetter-center.de\/blog\/sinterklaas-der-zwarten-piet-und-die-heilige-pappkrone\/\"},\"author\":{\"name\":\"meteomara\",\"@id\":\"https:\/\/www.wetter-center.de\/blog\/#\/schema\/person\/6c69612ad4763a699cd157cfbbfa6667\"},\"headline\":\"Sinterklaas, der Zwarten Piet und die heilige Pappkrone\",\"datePublished\":\"2021-12-27T10:18:41+00:00\",\"dateModified\":\"2021-12-27T10:23:56+00:00\",\"mainEntityOfPage\":{\"@id\":\"https:\/\/www.wetter-center.de\/blog\/sinterklaas-der-zwarten-piet-und-die-heilige-pappkrone\/\"},\"wordCount\":873,\"commentCount\":0,\"publisher\":{\"@id\":\"https:\/\/www.wetter-center.de\/blog\/#\/schema\/person\/6c69612ad4763a699cd157cfbbfa6667\"},\"image\":{\"@id\":\"https:\/\/www.wetter-center.de\/blog\/sinterklaas-der-zwarten-piet-und-die-heilige-pappkrone\/#primaryimage\"},\"thumbnailUrl\":\"https:\/\/www.wetter-center.de\/blog\/wp-content\/uploads\/2021\/12\/sinterklaas.jpg\",\"keywords\":[\"Belgien\",\"Weihnachten\"],\"articleSection\":[\"Reisewetter\"],\"inLanguage\":\"de\",\"potentialAction\":[{\"@type\":\"CommentAction\",\"name\":\"Comment\",\"target\":[\"https:\/\/www.wetter-center.de\/blog\/sinterklaas-der-zwarten-piet-und-die-heilige-pappkrone\/#respond\"]}]},{\"@type\":\"WebPage\",\"@id\":\"https:\/\/www.wetter-center.de\/blog\/sinterklaas-der-zwarten-piet-und-die-heilige-pappkrone\/\",\"url\":\"https:\/\/www.wetter-center.de\/blog\/sinterklaas-der-zwarten-piet-und-die-heilige-pappkrone\/\",\"name\":\"Sinterklaas, der Zwarten Piet und die heilige Pappkrone - Wetter-Center.de\",\"isPartOf\":{\"@id\":\"https:\/\/www.wetter-center.de\/blog\/#website\"},\"primaryImageOfPage\":{\"@id\":\"https:\/\/www.wetter-center.de\/blog\/sinterklaas-der-zwarten-piet-und-die-heilige-pappkrone\/#primaryimage\"},\"image\":{\"@id\":\"https:\/\/www.wetter-center.de\/blog\/sinterklaas-der-zwarten-piet-und-die-heilige-pappkrone\/#primaryimage\"},\"thumbnailUrl\":\"https:\/\/www.wetter-center.de\/blog\/wp-content\/uploads\/2021\/12\/sinterklaas.jpg\",\"datePublished\":\"2021-12-27T10:18:41+00:00\",\"dateModified\":\"2021-12-27T10:23:56+00:00\",\"breadcrumb\":{\"@id\":\"https:\/\/www.wetter-center.de\/blog\/sinterklaas-der-zwarten-piet-und-die-heilige-pappkrone\/#breadcrumb\"},\"inLanguage\":\"de\",\"potentialAction\":[{\"@type\":\"ReadAction\",\"target\":[\"https:\/\/www.wetter-center.de\/blog\/sinterklaas-der-zwarten-piet-und-die-heilige-pappkrone\/\"]}]},{\"@type\":\"ImageObject\",\"inLanguage\":\"de\",\"@id\":\"https:\/\/www.wetter-center.de\/blog\/sinterklaas-der-zwarten-piet-und-die-heilige-pappkrone\/#primaryimage\",\"url\":\"https:\/\/www.wetter-center.de\/blog\/wp-content\/uploads\/2021\/12\/sinterklaas.jpg\",\"contentUrl\":\"https:\/\/www.wetter-center.de\/blog\/wp-content\/uploads\/2021\/12\/sinterklaas.jpg\",\"width\":1920,\"height\":1080},{\"@type\":\"BreadcrumbList\",\"@id\":\"https:\/\/www.wetter-center.de\/blog\/sinterklaas-der-zwarten-piet-und-die-heilige-pappkrone\/#breadcrumb\",\"itemListElement\":[{\"@type\":\"ListItem\",\"position\":1,\"name\":\"Startseite\",\"item\":\"https:\/\/www.wetter-center.de\/blog\/\"},{\"@type\":\"ListItem\",\"position\":2,\"name\":\"Sinterklaas, der Zwarten Piet und die heilige Pappkrone\"}]},{\"@type\":\"WebSite\",\"@id\":\"https:\/\/www.wetter-center.de\/blog\/#website\",\"url\":\"https:\/\/www.wetter-center.de\/blog\/\",\"name\":\"Wetter-Center.de\",\"description\":\"\",\"publisher\":{\"@id\":\"https:\/\/www.wetter-center.de\/blog\/#\/schema\/person\/6c69612ad4763a699cd157cfbbfa6667\"},\"potentialAction\":[{\"@type\":\"SearchAction\",\"target\":{\"@type\":\"EntryPoint\",\"urlTemplate\":\"https:\/\/www.wetter-center.de\/blog\/?s={search_term_string}\"},\"query-input\":{\"@type\":\"PropertyValueSpecification\",\"valueRequired\":true,\"valueName\":\"search_term_string\"}}],\"inLanguage\":\"de\"},{\"@type\":[\"Person\",\"Organization\"],\"@id\":\"https:\/\/www.wetter-center.de\/blog\/#\/schema\/person\/6c69612ad4763a699cd157cfbbfa6667\",\"name\":\"meteomara\",\"image\":{\"@type\":\"ImageObject\",\"inLanguage\":\"de\",\"@id\":\"https:\/\/www.wetter-center.de\/blog\/#\/schema\/person\/image\/\",\"url\":\"https:\/\/www.wetter-center.de\/blog\/wp-content\/uploads\/2022\/08\/sky-1551171_1280.jpg\",\"contentUrl\":\"https:\/\/www.wetter-center.de\/blog\/wp-content\/uploads\/2022\/08\/sky-1551171_1280.jpg\",\"width\":1280,\"height\":643,\"caption\":\"meteomara\"},\"logo\":{\"@id\":\"https:\/\/www.wetter-center.de\/blog\/#\/schema\/person\/image\/\"},\"sameAs\":[\"https:\/\/www.facebook.com\/WetterUndKlima\",\"https:\/\/www.instagram.com\/wettercenterde\/\",\"https:\/\/x.com\/https:\/\/twitter.com\/meteomara\"],\"url\":\"https:\/\/www.wetter-center.de\/blog\/author\/meteomara\/\"}]}<\/script>\n<!-- \/ Yoast SEO plugin. -->","yoast_head_json":{"title":"Sinterklaas, der Zwarten Piet und die heilige Pappkrone - Wetter-Center.de","robots":{"index":"index","follow":"follow","max-snippet":"max-snippet:-1","max-image-preview":"max-image-preview:large","max-video-preview":"max-video-preview:-1"},"canonical":"https:\/\/www.wetter-center.de\/blog\/sinterklaas-der-zwarten-piet-und-die-heilige-pappkrone\/","og_locale":"de_DE","og_type":"article","og_title":"Sinterklaas, der Zwarten Piet und die heilige Pappkrone - Wetter-Center.de","og_description":"Belgien war bis vor kurzem eine \u00fcberwiegend christliche Gesellschaft und hat Weihnachten schon vor Jahrhunderten als wichtigstes Fest f\u00fcr sich entdeckt. Und obwohl die religi\u00f6se Konnotation deutlich abgenommen hat, ist das kleine Land immer&#46;&#46;&#46;","og_url":"https:\/\/www.wetter-center.de\/blog\/sinterklaas-der-zwarten-piet-und-die-heilige-pappkrone\/","og_site_name":"Wetter-Center.de","article_publisher":"https:\/\/www.facebook.com\/WetterUndKlima","article_author":"https:\/\/www.facebook.com\/WetterUndKlima","article_published_time":"2021-12-27T10:18:41+00:00","article_modified_time":"2021-12-27T10:23:56+00:00","og_image":[{"width":1920,"height":1080,"url":"https:\/\/www.wetter-center.de\/blog\/wp-content\/uploads\/2021\/12\/sinterklaas.jpg","type":"image\/jpeg"}],"author":"meteomara","twitter_card":"summary_large_image","twitter_creator":"@https:\/\/twitter.com\/meteomara","twitter_site":"@meteomara","twitter_misc":{"Geschrieben von":"meteomara","Gesch\u00e4tzte Lesezeit":"4\u00a0Minuten"},"schema":{"@context":"https:\/\/schema.org","@graph":[{"@type":"Article","@id":"https:\/\/www.wetter-center.de\/blog\/sinterklaas-der-zwarten-piet-und-die-heilige-pappkrone\/#article","isPartOf":{"@id":"https:\/\/www.wetter-center.de\/blog\/sinterklaas-der-zwarten-piet-und-die-heilige-pappkrone\/"},"author":{"name":"meteomara","@id":"https:\/\/www.wetter-center.de\/blog\/#\/schema\/person\/6c69612ad4763a699cd157cfbbfa6667"},"headline":"Sinterklaas, der Zwarten Piet und die heilige Pappkrone","datePublished":"2021-12-27T10:18:41+00:00","dateModified":"2021-12-27T10:23:56+00:00","mainEntityOfPage":{"@id":"https:\/\/www.wetter-center.de\/blog\/sinterklaas-der-zwarten-piet-und-die-heilige-pappkrone\/"},"wordCount":873,"commentCount":0,"publisher":{"@id":"https:\/\/www.wetter-center.de\/blog\/#\/schema\/person\/6c69612ad4763a699cd157cfbbfa6667"},"image":{"@id":"https:\/\/www.wetter-center.de\/blog\/sinterklaas-der-zwarten-piet-und-die-heilige-pappkrone\/#primaryimage"},"thumbnailUrl":"https:\/\/www.wetter-center.de\/blog\/wp-content\/uploads\/2021\/12\/sinterklaas.jpg","keywords":["Belgien","Weihnachten"],"articleSection":["Reisewetter"],"inLanguage":"de","potentialAction":[{"@type":"CommentAction","name":"Comment","target":["https:\/\/www.wetter-center.de\/blog\/sinterklaas-der-zwarten-piet-und-die-heilige-pappkrone\/#respond"]}]},{"@type":"WebPage","@id":"https:\/\/www.wetter-center.de\/blog\/sinterklaas-der-zwarten-piet-und-die-heilige-pappkrone\/","url":"https:\/\/www.wetter-center.de\/blog\/sinterklaas-der-zwarten-piet-und-die-heilige-pappkrone\/","name":"Sinterklaas, der Zwarten Piet und die heilige Pappkrone - Wetter-Center.de","isPartOf":{"@id":"https:\/\/www.wetter-center.de\/blog\/#website"},"primaryImageOfPage":{"@id":"https:\/\/www.wetter-center.de\/blog\/sinterklaas-der-zwarten-piet-und-die-heilige-pappkrone\/#primaryimage"},"image":{"@id":"https:\/\/www.wetter-center.de\/blog\/sinterklaas-der-zwarten-piet-und-die-heilige-pappkrone\/#primaryimage"},"thumbnailUrl":"https:\/\/www.wetter-center.de\/blog\/wp-content\/uploads\/2021\/12\/sinterklaas.jpg","datePublished":"2021-12-27T10:18:41+00:00","dateModified":"2021-12-27T10:23:56+00:00","breadcrumb":{"@id":"https:\/\/www.wetter-center.de\/blog\/sinterklaas-der-zwarten-piet-und-die-heilige-pappkrone\/#breadcrumb"},"inLanguage":"de","potentialAction":[{"@type":"ReadAction","target":["https:\/\/www.wetter-center.de\/blog\/sinterklaas-der-zwarten-piet-und-die-heilige-pappkrone\/"]}]},{"@type":"ImageObject","inLanguage":"de","@id":"https:\/\/www.wetter-center.de\/blog\/sinterklaas-der-zwarten-piet-und-die-heilige-pappkrone\/#primaryimage","url":"https:\/\/www.wetter-center.de\/blog\/wp-content\/uploads\/2021\/12\/sinterklaas.jpg","contentUrl":"https:\/\/www.wetter-center.de\/blog\/wp-content\/uploads\/2021\/12\/sinterklaas.jpg","width":1920,"height":1080},{"@type":"BreadcrumbList","@id":"https:\/\/www.wetter-center.de\/blog\/sinterklaas-der-zwarten-piet-und-die-heilige-pappkrone\/#breadcrumb","itemListElement":[{"@type":"ListItem","position":1,"name":"Startseite","item":"https:\/\/www.wetter-center.de\/blog\/"},{"@type":"ListItem","position":2,"name":"Sinterklaas, der Zwarten Piet und die heilige Pappkrone"}]},{"@type":"WebSite","@id":"https:\/\/www.wetter-center.de\/blog\/#website","url":"https:\/\/www.wetter-center.de\/blog\/","name":"Wetter-Center.de","description":"","publisher":{"@id":"https:\/\/www.wetter-center.de\/blog\/#\/schema\/person\/6c69612ad4763a699cd157cfbbfa6667"},"potentialAction":[{"@type":"SearchAction","target":{"@type":"EntryPoint","urlTemplate":"https:\/\/www.wetter-center.de\/blog\/?s={search_term_string}"},"query-input":{"@type":"PropertyValueSpecification","valueRequired":true,"valueName":"search_term_string"}}],"inLanguage":"de"},{"@type":["Person","Organization"],"@id":"https:\/\/www.wetter-center.de\/blog\/#\/schema\/person\/6c69612ad4763a699cd157cfbbfa6667","name":"meteomara","image":{"@type":"ImageObject","inLanguage":"de","@id":"https:\/\/www.wetter-center.de\/blog\/#\/schema\/person\/image\/","url":"https:\/\/www.wetter-center.de\/blog\/wp-content\/uploads\/2022\/08\/sky-1551171_1280.jpg","contentUrl":"https:\/\/www.wetter-center.de\/blog\/wp-content\/uploads\/2022\/08\/sky-1551171_1280.jpg","width":1280,"height":643,"caption":"meteomara"},"logo":{"@id":"https:\/\/www.wetter-center.de\/blog\/#\/schema\/person\/image\/"},"sameAs":["https:\/\/www.facebook.com\/WetterUndKlima","https:\/\/www.instagram.com\/wettercenterde\/","https:\/\/x.com\/https:\/\/twitter.com\/meteomara"],"url":"https:\/\/www.wetter-center.de\/blog\/author\/meteomara\/"}]}},"amp_enabled":true,"_links":{"self":[{"href":"https:\/\/www.wetter-center.de\/blog\/wp-json\/wp\/v2\/posts\/13234","targetHints":{"allow":["GET"]}}],"collection":[{"href":"https:\/\/www.wetter-center.de\/blog\/wp-json\/wp\/v2\/posts"}],"about":[{"href":"https:\/\/www.wetter-center.de\/blog\/wp-json\/wp\/v2\/types\/post"}],"author":[{"embeddable":true,"href":"https:\/\/www.wetter-center.de\/blog\/wp-json\/wp\/v2\/users\/1"}],"replies":[{"embeddable":true,"href":"https:\/\/www.wetter-center.de\/blog\/wp-json\/wp\/v2\/comments?post=13234"}],"version-history":[{"count":0,"href":"https:\/\/www.wetter-center.de\/blog\/wp-json\/wp\/v2\/posts\/13234\/revisions"}],"wp:featuredmedia":[{"embeddable":true,"href":"https:\/\/www.wetter-center.de\/blog\/wp-json\/wp\/v2\/media\/13235"}],"wp:attachment":[{"href":"https:\/\/www.wetter-center.de\/blog\/wp-json\/wp\/v2\/media?parent=13234"}],"wp:term":[{"taxonomy":"category","embeddable":true,"href":"https:\/\/www.wetter-center.de\/blog\/wp-json\/wp\/v2\/categories?post=13234"},{"taxonomy":"post_tag","embeddable":true,"href":"https:\/\/www.wetter-center.de\/blog\/wp-json\/wp\/v2\/tags?post=13234"}],"curies":[{"name":"wp","href":"https:\/\/api.w.org\/{rel}","templated":true}]}}