{"id":132,"date":"2009-01-21T23:27:40","date_gmt":"2009-01-21T22:27:40","guid":{"rendered":"http:\/\/www.wetter-center.de\/blog\/?p=132"},"modified":"2009-01-21T23:31:16","modified_gmt":"2009-01-21T22:31:16","slug":"antarktis-erwarmt-sich-starker","status":"publish","type":"post","link":"https:\/\/www.wetter-center.de\/blog\/antarktis-erwarmt-sich-starker\/","title":{"rendered":"Antarktis erw\u00e4rmt sich st\u00e4rker"},"content":{"rendered":"<p>Forscher der <a href=\"http:\/\/www.sciencedaily.com\/releases\/2009\/01\/090121144049.htm\" target=\"_blank\">University of Washington<\/a> haben herausgefunden, dass sich die <a href=\"http:\/\/www.wetter-center.de\/blog\/?p=52\" target=\"_blank\">Antarktis <\/a>wahrscheinlich viel schneller erw\u00e4rmt als bisher vermutet. Die Mehrzahl der Klimaforscher ging eigentlich davon aus, dass die <strong>Erw\u00e4rmung der Westantarktis<\/strong> schw\u00e4cher ist als die durch das <a href=\"http:\/\/www.wetter-center.de\/blog\/?p=76\" target=\"_blank\"><strong>Ozonloch <\/strong><\/a>beg\u00fcnstigte Abk\u00fchlung <strong>des ostantarkischen Eisschildes<\/strong>, sich die Antarktis also im Mittel abk\u00fchlt. Dem ist aber offenbar nicht so.<\/p>\n<p>Die beiden Teile der Antarktis sind durch das Transantarktische Gebirge getrennt, das eine Barriere f\u00fcr die Luftmassen darstellt. W\u00e4hrend die <strong>Westantarktis <\/strong>oft von <strong>Tiefdruckgebieten <\/strong>beeinflusst wird, herrscht in der <strong>Ostantarktis <\/strong>oft trockeneres <strong>Hochdruckwetter <\/strong>vor.<\/p>\n<p><a href=\"http:\/\/www.wetter-center.de\/blog\/wp-content\/uploads\/2009\/01\/antaktis.jpg\" title=\"\" data-rel=\"lightbox-image-0\" data-rl_title=\"\" data-rl_caption=\"\"><img decoding=\"async\" src=\"http:\/\/www.wetter-center.de\/blog\/wp-content\/uploads\/2009\/01\/antaktis.jpg\" title=\"Antarktis\" alt=\"Antarktis\" align=\"left\" border=\"0\" width=\"250\" hspace=\"5\" \/><\/a>In dieser Studie wurden die Daten der seit etwa 1957 in Betrieb befindlichen <strong>Wetterstationen<\/strong> in der Antarktis, die sich meist in K\u00fcstenn\u00e4he befinden, mit Infrarot-<strong>Satellitenbildern<\/strong> kombiniert. Auf diese Weise konnte eine r\u00e4umliche Temperaturverteilung errechnet werden, die viel genauer ist als bisherige Interpolationen, die nur die Daten der Wetterstationen verwendet haben.<\/p>\n<p>Das Ergebnis zeigt die obige Abbildung der University of Washington: Am st\u00e4rksten hat sich die Westantarktis mit <strong>mehr als 0,5 Grad in 50 Jahren<\/strong> erw\u00e4rmt. Damit ist im Mittel die gesamte Antarktis w\u00e4rmer geworden, obwohl sich der ostantarktische Eisschild geringf\u00fcgig abgek\u00fchlt hat.<\/p>\n<p>Offenbar hat man bisher die Wirkung des <strong>Ozonlochs<\/strong> deutlich <strong>\u00fcbersch\u00e4tzt<\/strong>. Da dieses wahrscheinlich in den n\u00e4chsten Jahrzehnten ohnehin wieder geschlossen werden wird, k\u00f6nnte eine weitere <strong>deutliche Erw\u00e4rmung<\/strong> der Antarktis die Folge sein.<\/p>\n","protected":false},"excerpt":{"rendered":"<p>Forscher der University of Washington haben herausgefunden, dass sich die Antarktis wahrscheinlich viel schneller erw\u00e4rmt als bisher vermutet. Die Mehrzahl der Klimaforscher ging eigentlich davon aus, dass die Erw\u00e4rmung der Westantarktis schw\u00e4cher ist als&#46;&#46;&#46;<\/p>\n","protected":false},"author":1,"featured_media":0,"comment_status":"open","ping_status":"open","sticky":false,"template":"","format":"standard","meta":{"footnotes":""},"categories":[],"tags":[],"class_list":["post-132","post","type-post","status-publish","format-standard","hentry"],"yoast_head":"<!-- This site is optimized with the Yoast SEO plugin v25.5 - https:\/\/yoast.com\/wordpress\/plugins\/seo\/ -->\n<title>Antarktis erw\u00e4rmt sich st\u00e4rker - Wetter-Center.de<\/title>\n<meta name=\"robots\" content=\"index, follow, max-snippet:-1, max-image-preview:large, max-video-preview:-1\" \/>\n<link rel=\"canonical\" href=\"https:\/\/www.wetter-center.de\/blog\/antarktis-erwarmt-sich-starker\/\" \/>\n<meta property=\"og:locale\" content=\"de_DE\" \/>\n<meta property=\"og:type\" content=\"article\" \/>\n<meta property=\"og:title\" content=\"Antarktis erw\u00e4rmt sich st\u00e4rker - Wetter-Center.de\" \/>\n<meta property=\"og:description\" content=\"Forscher der University of Washington haben herausgefunden, dass sich die Antarktis wahrscheinlich viel schneller erw\u00e4rmt als bisher vermutet. Die Mehrzahl der Klimaforscher ging eigentlich davon aus, dass die Erw\u00e4rmung der Westantarktis schw\u00e4cher ist als&#046;&#046;&#046;\" \/>\n<meta property=\"og:url\" content=\"https:\/\/www.wetter-center.de\/blog\/antarktis-erwarmt-sich-starker\/\" \/>\n<meta property=\"og:site_name\" content=\"Wetter-Center.de\" \/>\n<meta property=\"article:publisher\" content=\"https:\/\/www.facebook.com\/WetterUndKlima\" \/>\n<meta property=\"article:author\" content=\"https:\/\/www.facebook.com\/WetterUndKlima\" \/>\n<meta property=\"article:published_time\" content=\"2009-01-21T22:27:40+00:00\" \/>\n<meta property=\"article:modified_time\" content=\"2009-01-21T22:31:16+00:00\" \/>\n<meta property=\"og:image\" content=\"http:\/\/www.wetter-center.de\/blog\/wp-content\/uploads\/2009\/01\/antaktis.jpg\" \/>\n<meta name=\"author\" content=\"meteomara\" \/>\n<meta name=\"twitter:card\" content=\"summary_large_image\" \/>\n<meta name=\"twitter:creator\" content=\"@https:\/\/twitter.com\/meteomara\" \/>\n<meta name=\"twitter:site\" content=\"@meteomara\" \/>\n<meta name=\"twitter:label1\" content=\"Geschrieben von\" \/>\n\t<meta name=\"twitter:data1\" content=\"meteomara\" \/>\n\t<meta name=\"twitter:label2\" content=\"Gesch\u00e4tzte Lesezeit\" \/>\n\t<meta name=\"twitter:data2\" content=\"1\u00a0Minute\" \/>\n<script type=\"application\/ld+json\" class=\"yoast-schema-graph\">{\"@context\":\"https:\/\/schema.org\",\"@graph\":[{\"@type\":\"Article\",\"@id\":\"https:\/\/www.wetter-center.de\/blog\/antarktis-erwarmt-sich-starker\/#article\",\"isPartOf\":{\"@id\":\"https:\/\/www.wetter-center.de\/blog\/antarktis-erwarmt-sich-starker\/\"},\"author\":{\"name\":\"meteomara\",\"@id\":\"https:\/\/www.wetter-center.de\/blog\/#\/schema\/person\/6c69612ad4763a699cd157cfbbfa6667\"},\"headline\":\"Antarktis erw\u00e4rmt sich st\u00e4rker\",\"datePublished\":\"2009-01-21T22:27:40+00:00\",\"dateModified\":\"2009-01-21T22:31:16+00:00\",\"mainEntityOfPage\":{\"@id\":\"https:\/\/www.wetter-center.de\/blog\/antarktis-erwarmt-sich-starker\/\"},\"wordCount\":237,\"commentCount\":1,\"publisher\":{\"@id\":\"https:\/\/www.wetter-center.de\/blog\/#\/schema\/person\/6c69612ad4763a699cd157cfbbfa6667\"},\"image\":{\"@id\":\"https:\/\/www.wetter-center.de\/blog\/antarktis-erwarmt-sich-starker\/#primaryimage\"},\"thumbnailUrl\":\"http:\/\/www.wetter-center.de\/blog\/wp-content\/uploads\/2009\/01\/antaktis.jpg\",\"inLanguage\":\"de\",\"potentialAction\":[{\"@type\":\"CommentAction\",\"name\":\"Comment\",\"target\":[\"https:\/\/www.wetter-center.de\/blog\/antarktis-erwarmt-sich-starker\/#respond\"]}]},{\"@type\":\"WebPage\",\"@id\":\"https:\/\/www.wetter-center.de\/blog\/antarktis-erwarmt-sich-starker\/\",\"url\":\"https:\/\/www.wetter-center.de\/blog\/antarktis-erwarmt-sich-starker\/\",\"name\":\"Antarktis erw\u00e4rmt sich st\u00e4rker - Wetter-Center.de\",\"isPartOf\":{\"@id\":\"https:\/\/www.wetter-center.de\/blog\/#website\"},\"primaryImageOfPage\":{\"@id\":\"https:\/\/www.wetter-center.de\/blog\/antarktis-erwarmt-sich-starker\/#primaryimage\"},\"image\":{\"@id\":\"https:\/\/www.wetter-center.de\/blog\/antarktis-erwarmt-sich-starker\/#primaryimage\"},\"thumbnailUrl\":\"http:\/\/www.wetter-center.de\/blog\/wp-content\/uploads\/2009\/01\/antaktis.jpg\",\"datePublished\":\"2009-01-21T22:27:40+00:00\",\"dateModified\":\"2009-01-21T22:31:16+00:00\",\"breadcrumb\":{\"@id\":\"https:\/\/www.wetter-center.de\/blog\/antarktis-erwarmt-sich-starker\/#breadcrumb\"},\"inLanguage\":\"de\",\"potentialAction\":[{\"@type\":\"ReadAction\",\"target\":[\"https:\/\/www.wetter-center.de\/blog\/antarktis-erwarmt-sich-starker\/\"]}]},{\"@type\":\"ImageObject\",\"inLanguage\":\"de\",\"@id\":\"https:\/\/www.wetter-center.de\/blog\/antarktis-erwarmt-sich-starker\/#primaryimage\",\"url\":\"http:\/\/www.wetter-center.de\/blog\/wp-content\/uploads\/2009\/01\/antaktis.jpg\",\"contentUrl\":\"http:\/\/www.wetter-center.de\/blog\/wp-content\/uploads\/2009\/01\/antaktis.jpg\"},{\"@type\":\"BreadcrumbList\",\"@id\":\"https:\/\/www.wetter-center.de\/blog\/antarktis-erwarmt-sich-starker\/#breadcrumb\",\"itemListElement\":[{\"@type\":\"ListItem\",\"position\":1,\"name\":\"Startseite\",\"item\":\"https:\/\/www.wetter-center.de\/blog\/\"},{\"@type\":\"ListItem\",\"position\":2,\"name\":\"Antarktis erw\u00e4rmt sich st\u00e4rker\"}]},{\"@type\":\"WebSite\",\"@id\":\"https:\/\/www.wetter-center.de\/blog\/#website\",\"url\":\"https:\/\/www.wetter-center.de\/blog\/\",\"name\":\"Wetter-Center.de\",\"description\":\"\",\"publisher\":{\"@id\":\"https:\/\/www.wetter-center.de\/blog\/#\/schema\/person\/6c69612ad4763a699cd157cfbbfa6667\"},\"potentialAction\":[{\"@type\":\"SearchAction\",\"target\":{\"@type\":\"EntryPoint\",\"urlTemplate\":\"https:\/\/www.wetter-center.de\/blog\/?s={search_term_string}\"},\"query-input\":{\"@type\":\"PropertyValueSpecification\",\"valueRequired\":true,\"valueName\":\"search_term_string\"}}],\"inLanguage\":\"de\"},{\"@type\":[\"Person\",\"Organization\"],\"@id\":\"https:\/\/www.wetter-center.de\/blog\/#\/schema\/person\/6c69612ad4763a699cd157cfbbfa6667\",\"name\":\"meteomara\",\"image\":{\"@type\":\"ImageObject\",\"inLanguage\":\"de\",\"@id\":\"https:\/\/www.wetter-center.de\/blog\/#\/schema\/person\/image\/\",\"url\":\"https:\/\/www.wetter-center.de\/blog\/wp-content\/uploads\/2022\/08\/sky-1551171_1280.jpg\",\"contentUrl\":\"https:\/\/www.wetter-center.de\/blog\/wp-content\/uploads\/2022\/08\/sky-1551171_1280.jpg\",\"width\":1280,\"height\":643,\"caption\":\"meteomara\"},\"logo\":{\"@id\":\"https:\/\/www.wetter-center.de\/blog\/#\/schema\/person\/image\/\"},\"sameAs\":[\"https:\/\/www.facebook.com\/WetterUndKlima\",\"https:\/\/www.instagram.com\/wettercenterde\/\",\"https:\/\/x.com\/https:\/\/twitter.com\/meteomara\"],\"url\":\"https:\/\/www.wetter-center.de\/blog\/author\/meteomara\/\"}]}<\/script>\n<!-- \/ Yoast SEO plugin. -->","yoast_head_json":{"title":"Antarktis erw\u00e4rmt sich st\u00e4rker - Wetter-Center.de","robots":{"index":"index","follow":"follow","max-snippet":"max-snippet:-1","max-image-preview":"max-image-preview:large","max-video-preview":"max-video-preview:-1"},"canonical":"https:\/\/www.wetter-center.de\/blog\/antarktis-erwarmt-sich-starker\/","og_locale":"de_DE","og_type":"article","og_title":"Antarktis erw\u00e4rmt sich st\u00e4rker - Wetter-Center.de","og_description":"Forscher der University of Washington haben herausgefunden, dass sich die Antarktis wahrscheinlich viel schneller erw\u00e4rmt als bisher vermutet. Die Mehrzahl der Klimaforscher ging eigentlich davon aus, dass die Erw\u00e4rmung der Westantarktis schw\u00e4cher ist als&#46;&#46;&#46;","og_url":"https:\/\/www.wetter-center.de\/blog\/antarktis-erwarmt-sich-starker\/","og_site_name":"Wetter-Center.de","article_publisher":"https:\/\/www.facebook.com\/WetterUndKlima","article_author":"https:\/\/www.facebook.com\/WetterUndKlima","article_published_time":"2009-01-21T22:27:40+00:00","article_modified_time":"2009-01-21T22:31:16+00:00","og_image":[{"url":"http:\/\/www.wetter-center.de\/blog\/wp-content\/uploads\/2009\/01\/antaktis.jpg","type":"","width":"","height":""}],"author":"meteomara","twitter_card":"summary_large_image","twitter_creator":"@https:\/\/twitter.com\/meteomara","twitter_site":"@meteomara","twitter_misc":{"Geschrieben von":"meteomara","Gesch\u00e4tzte Lesezeit":"1\u00a0Minute"},"schema":{"@context":"https:\/\/schema.org","@graph":[{"@type":"Article","@id":"https:\/\/www.wetter-center.de\/blog\/antarktis-erwarmt-sich-starker\/#article","isPartOf":{"@id":"https:\/\/www.wetter-center.de\/blog\/antarktis-erwarmt-sich-starker\/"},"author":{"name":"meteomara","@id":"https:\/\/www.wetter-center.de\/blog\/#\/schema\/person\/6c69612ad4763a699cd157cfbbfa6667"},"headline":"Antarktis erw\u00e4rmt sich st\u00e4rker","datePublished":"2009-01-21T22:27:40+00:00","dateModified":"2009-01-21T22:31:16+00:00","mainEntityOfPage":{"@id":"https:\/\/www.wetter-center.de\/blog\/antarktis-erwarmt-sich-starker\/"},"wordCount":237,"commentCount":1,"publisher":{"@id":"https:\/\/www.wetter-center.de\/blog\/#\/schema\/person\/6c69612ad4763a699cd157cfbbfa6667"},"image":{"@id":"https:\/\/www.wetter-center.de\/blog\/antarktis-erwarmt-sich-starker\/#primaryimage"},"thumbnailUrl":"http:\/\/www.wetter-center.de\/blog\/wp-content\/uploads\/2009\/01\/antaktis.jpg","inLanguage":"de","potentialAction":[{"@type":"CommentAction","name":"Comment","target":["https:\/\/www.wetter-center.de\/blog\/antarktis-erwarmt-sich-starker\/#respond"]}]},{"@type":"WebPage","@id":"https:\/\/www.wetter-center.de\/blog\/antarktis-erwarmt-sich-starker\/","url":"https:\/\/www.wetter-center.de\/blog\/antarktis-erwarmt-sich-starker\/","name":"Antarktis erw\u00e4rmt sich st\u00e4rker - Wetter-Center.de","isPartOf":{"@id":"https:\/\/www.wetter-center.de\/blog\/#website"},"primaryImageOfPage":{"@id":"https:\/\/www.wetter-center.de\/blog\/antarktis-erwarmt-sich-starker\/#primaryimage"},"image":{"@id":"https:\/\/www.wetter-center.de\/blog\/antarktis-erwarmt-sich-starker\/#primaryimage"},"thumbnailUrl":"http:\/\/www.wetter-center.de\/blog\/wp-content\/uploads\/2009\/01\/antaktis.jpg","datePublished":"2009-01-21T22:27:40+00:00","dateModified":"2009-01-21T22:31:16+00:00","breadcrumb":{"@id":"https:\/\/www.wetter-center.de\/blog\/antarktis-erwarmt-sich-starker\/#breadcrumb"},"inLanguage":"de","potentialAction":[{"@type":"ReadAction","target":["https:\/\/www.wetter-center.de\/blog\/antarktis-erwarmt-sich-starker\/"]}]},{"@type":"ImageObject","inLanguage":"de","@id":"https:\/\/www.wetter-center.de\/blog\/antarktis-erwarmt-sich-starker\/#primaryimage","url":"http:\/\/www.wetter-center.de\/blog\/wp-content\/uploads\/2009\/01\/antaktis.jpg","contentUrl":"http:\/\/www.wetter-center.de\/blog\/wp-content\/uploads\/2009\/01\/antaktis.jpg"},{"@type":"BreadcrumbList","@id":"https:\/\/www.wetter-center.de\/blog\/antarktis-erwarmt-sich-starker\/#breadcrumb","itemListElement":[{"@type":"ListItem","position":1,"name":"Startseite","item":"https:\/\/www.wetter-center.de\/blog\/"},{"@type":"ListItem","position":2,"name":"Antarktis erw\u00e4rmt sich st\u00e4rker"}]},{"@type":"WebSite","@id":"https:\/\/www.wetter-center.de\/blog\/#website","url":"https:\/\/www.wetter-center.de\/blog\/","name":"Wetter-Center.de","description":"","publisher":{"@id":"https:\/\/www.wetter-center.de\/blog\/#\/schema\/person\/6c69612ad4763a699cd157cfbbfa6667"},"potentialAction":[{"@type":"SearchAction","target":{"@type":"EntryPoint","urlTemplate":"https:\/\/www.wetter-center.de\/blog\/?s={search_term_string}"},"query-input":{"@type":"PropertyValueSpecification","valueRequired":true,"valueName":"search_term_string"}}],"inLanguage":"de"},{"@type":["Person","Organization"],"@id":"https:\/\/www.wetter-center.de\/blog\/#\/schema\/person\/6c69612ad4763a699cd157cfbbfa6667","name":"meteomara","image":{"@type":"ImageObject","inLanguage":"de","@id":"https:\/\/www.wetter-center.de\/blog\/#\/schema\/person\/image\/","url":"https:\/\/www.wetter-center.de\/blog\/wp-content\/uploads\/2022\/08\/sky-1551171_1280.jpg","contentUrl":"https:\/\/www.wetter-center.de\/blog\/wp-content\/uploads\/2022\/08\/sky-1551171_1280.jpg","width":1280,"height":643,"caption":"meteomara"},"logo":{"@id":"https:\/\/www.wetter-center.de\/blog\/#\/schema\/person\/image\/"},"sameAs":["https:\/\/www.facebook.com\/WetterUndKlima","https:\/\/www.instagram.com\/wettercenterde\/","https:\/\/x.com\/https:\/\/twitter.com\/meteomara"],"url":"https:\/\/www.wetter-center.de\/blog\/author\/meteomara\/"}]}},"amp_enabled":true,"_links":{"self":[{"href":"https:\/\/www.wetter-center.de\/blog\/wp-json\/wp\/v2\/posts\/132","targetHints":{"allow":["GET"]}}],"collection":[{"href":"https:\/\/www.wetter-center.de\/blog\/wp-json\/wp\/v2\/posts"}],"about":[{"href":"https:\/\/www.wetter-center.de\/blog\/wp-json\/wp\/v2\/types\/post"}],"author":[{"embeddable":true,"href":"https:\/\/www.wetter-center.de\/blog\/wp-json\/wp\/v2\/users\/1"}],"replies":[{"embeddable":true,"href":"https:\/\/www.wetter-center.de\/blog\/wp-json\/wp\/v2\/comments?post=132"}],"version-history":[{"count":0,"href":"https:\/\/www.wetter-center.de\/blog\/wp-json\/wp\/v2\/posts\/132\/revisions"}],"wp:attachment":[{"href":"https:\/\/www.wetter-center.de\/blog\/wp-json\/wp\/v2\/media?parent=132"}],"wp:term":[{"taxonomy":"category","embeddable":true,"href":"https:\/\/www.wetter-center.de\/blog\/wp-json\/wp\/v2\/categories?post=132"},{"taxonomy":"post_tag","embeddable":true,"href":"https:\/\/www.wetter-center.de\/blog\/wp-json\/wp\/v2\/tags?post=132"}],"curies":[{"name":"wp","href":"https:\/\/api.w.org\/{rel}","templated":true}]}}