{"id":1298,"date":"2015-06-28T22:02:08","date_gmt":"2015-06-28T20:02:08","guid":{"rendered":"http:\/\/www.wetter-center.de\/blog\/?p=1298"},"modified":"2015-06-28T22:08:30","modified_gmt":"2015-06-28T20:08:30","slug":"schwaechelnde-sonne-beguenstigt-kalte-winter","status":"publish","type":"post","link":"https:\/\/www.wetter-center.de\/blog\/schwaechelnde-sonne-beguenstigt-kalte-winter\/","title":{"rendered":"Schw\u00e4chelnde Sonne beg\u00fcnstigt kalte Winter"},"content":{"rendered":"<p>Forscher des britischen Wetterdienstes haben mit einem Klimamodell <a href=\"http:\/\/www.nature.com\/ncomms\/2015\/150623\/ncomms8535\/full\/ncomms8535.html\" target=\"_blank\">untersucht<\/a>, welchen Einfluss die deutlich <strong>zur\u00fcckgehende Aktivit\u00e4t der Sonne<\/strong> auf das zuk\u00fcnftige Klima haben k\u00f6nnte. Danach\u00a0k\u00f6nnte ein m\u00f6glicher, vom Menschen verursachter Anstieg\u00a0der Temperaturen besonders im Winter regional durch die niedrige Sonnenaktivit\u00e4t kompensiert werden.<\/p>\n<p>Die Aktivit\u00e4t der Sonne\u00a0folgt einem rund <strong>11-j\u00e4hrigen Zyklus<\/strong>, dessen Maxima\u00a0in den letzten zwei Zyklen deutlich\u00a0r\u00fcckl\u00e4ufig sind. Die folgende Abbildung (Quelle: <a href=\"http:\/\/solarscience.msfc.nasa.gov\/predict.shtml\" target=\"_blank\">NASA<\/a>) zeigt die Entwicklung der <a href=\"http:\/\/www.wetter-center.de\/blog\/?p=392\">Sonnenflecken<\/a> seit 1985.<\/p>\n<p><a href=\"http:\/\/www.wetter-center.de\/blog\/wp-content\/uploads\/2015\/06\/Cycle22Cycle23Cycle24big.gif\" data-rel=\"lightbox-image-0\" data-rl_title=\"\" data-rl_caption=\"\" title=\"\"><img loading=\"lazy\" decoding=\"async\" class=\"alignnone size-full wp-image-1299\" src=\"http:\/\/www.wetter-center.de\/blog\/wp-content\/uploads\/2015\/06\/Cycle22Cycle23Cycle24big.gif\" alt=\"Solarzyklen 22-24\" width=\"500\" height=\"414\" \/><\/a><\/p>\n<p>Im Jahre 1991 zum Maximum von Zyklus 22 wurden in der Spitze noch <strong>200 Sonnenflecken<\/strong> registriert,\u00a0im aktuellen Zyklus, dessen Maximum im Jahre 2014 lag, waren es nur noch <strong>100 Sonnenflecken<\/strong>. Dieser drastische R\u00fcckgang ist seit \u00fcber 200 Jahren nicht mehr aufgetreten.<\/p>\n<p>Einige\u00a0Forscher halten sogar ein neues sogenanntes <b><a href=\"https:\/\/de.wikipedia.org\/wiki\/Maunderminimum\" target=\"_blank\">Maunderminimum <\/a><\/b>f\u00fcr m\u00f6glich.\u00a0Das Maunderminimum zwischen 1645 und 1715, bei dem kaum Sonnenflecken beobachtet wurden,\u00a0fiel mit den k\u00e4ltesten Jahren der &#8220;Kleinen Eiszeit&#8221; zusammen, in der\u00a0viele sehr kalte Winter auftraten.<\/p>\n<p>Die Forscher simulierten ein solches Maunderminimum\u00a0mit Beginn des Jahres\u00a02050 und\u00a0untersuchten die Auswirkungen mit\u00a0einem <strong>Klimamodell<\/strong>. Interessanterweise hat dabei\u00a0der R\u00fcckgang der solaren Einstrahlung\u00a0nur einen sehr geringen Einfluss auf die Temperatur. Der gr\u00f6\u00dfere Effekt kommt indirekt durch die zur\u00fcckgehende <strong><a href=\"http:\/\/www.wetter-center.de\/blog\/?p=470\">UV-Strahlung<\/a><\/strong> zustande.\u00a0Die geringere\u00a0Absorption in der Ozonschicht bewirkt eine R\u00fcckkoppelung auf zwei gro\u00dfr\u00e4umige Str\u00f6mungsmuster auf der Nordhalbkugel: die Arktische (AO) und Nordatlantische Oszillation (NAO).<\/p>\n<p>Das Modell zeigt deutliche, aber regional begrenzte Effekte auf die Witterung insbesondere im Winter. Die Wahrscheinlichkeit f\u00fcr <strong>k\u00e4ltere Winter<\/strong> in\u00a0den n\u00f6rdlichen Teilen\u00a0Europas und\u00a0Russlands\u00a0sowie in den \u00f6stlichen USA ist deutlich erh\u00f6ht.\u00a0Damit wirkt\u00a0die\u00a0schw\u00e4chelnde Sonne einer m\u00f6glichen\u00a0Globalen Erw\u00e4rmung entgegen.<\/p>\n<p>Allerdings sind die Forschungsergebnisse mit Vorsicht zu genie\u00dfen, da viele\u00a0<a href=\"http:\/\/www.wetter-center.de\/blog\/?p=504\">Klimamodelle<\/a>\u00a0heutzutage immer noch nicht\u00a0in der Lage sind, die unmittelbare Vergangenheit richtig zu simulieren.<\/p>\n","protected":false},"excerpt":{"rendered":"<p>Forscher des britischen Wetterdienstes haben mit einem Klimamodell untersucht, welchen Einfluss die deutlich zur\u00fcckgehende Aktivit\u00e4t der Sonne auf das zuk\u00fcnftige Klima haben k\u00f6nnte. Danach\u00a0k\u00f6nnte ein m\u00f6glicher, vom Menschen verursachter Anstieg\u00a0der Temperaturen besonders im Winter&#46;&#46;&#46;<\/p>\n","protected":false},"author":1,"featured_media":1299,"comment_status":"open","ping_status":"open","sticky":false,"template":"","format":"standard","meta":{"footnotes":""},"categories":[15,4],"tags":[100,97,81,94,21],"class_list":["post-1298","post","type-post","status-publish","format-standard","has-post-thumbnail","hentry","category-forschung","category-klimawandel","tag-forschung","tag-klimawandel","tag-sonne","tag-sonnenflecken","tag-winter"],"yoast_head":"<!-- This site is optimized with the Yoast SEO plugin v25.5 - https:\/\/yoast.com\/wordpress\/plugins\/seo\/ -->\n<title>Schw\u00e4chelnde Sonne beg\u00fcnstigt kalte Winter - Wetter-Center.de<\/title>\n<meta name=\"robots\" content=\"index, follow, max-snippet:-1, max-image-preview:large, max-video-preview:-1\" \/>\n<link rel=\"canonical\" href=\"https:\/\/www.wetter-center.de\/blog\/schwaechelnde-sonne-beguenstigt-kalte-winter\/\" \/>\n<meta property=\"og:locale\" content=\"de_DE\" \/>\n<meta property=\"og:type\" content=\"article\" \/>\n<meta property=\"og:title\" content=\"Schw\u00e4chelnde Sonne beg\u00fcnstigt kalte Winter - Wetter-Center.de\" \/>\n<meta property=\"og:description\" content=\"Forscher des britischen Wetterdienstes haben mit einem Klimamodell untersucht, welchen Einfluss die deutlich zur\u00fcckgehende Aktivit\u00e4t der Sonne auf das zuk\u00fcnftige Klima haben k\u00f6nnte. Danach\u00a0k\u00f6nnte ein m\u00f6glicher, vom Menschen verursachter Anstieg\u00a0der Temperaturen besonders im Winter&#046;&#046;&#046;\" \/>\n<meta property=\"og:url\" content=\"https:\/\/www.wetter-center.de\/blog\/schwaechelnde-sonne-beguenstigt-kalte-winter\/\" \/>\n<meta property=\"og:site_name\" content=\"Wetter-Center.de\" \/>\n<meta property=\"article:publisher\" content=\"https:\/\/www.facebook.com\/WetterUndKlima\" \/>\n<meta property=\"article:author\" content=\"https:\/\/www.facebook.com\/WetterUndKlima\" \/>\n<meta property=\"article:published_time\" content=\"2015-06-28T20:02:08+00:00\" \/>\n<meta property=\"article:modified_time\" content=\"2015-06-28T20:08:30+00:00\" \/>\n<meta property=\"og:image\" content=\"https:\/\/www.wetter-center.de\/blog\/wp-content\/uploads\/2015\/06\/Cycle22Cycle23Cycle24big.gif\" \/>\n\t<meta property=\"og:image:width\" content=\"500\" \/>\n\t<meta property=\"og:image:height\" content=\"414\" \/>\n\t<meta property=\"og:image:type\" content=\"image\/gif\" \/>\n<meta name=\"author\" content=\"meteomara\" \/>\n<meta name=\"twitter:card\" content=\"summary_large_image\" \/>\n<meta name=\"twitter:creator\" content=\"@https:\/\/twitter.com\/meteomara\" \/>\n<meta name=\"twitter:site\" content=\"@meteomara\" \/>\n<meta name=\"twitter:label1\" content=\"Geschrieben von\" \/>\n\t<meta name=\"twitter:data1\" content=\"meteomara\" \/>\n\t<meta name=\"twitter:label2\" content=\"Gesch\u00e4tzte Lesezeit\" \/>\n\t<meta name=\"twitter:data2\" content=\"2\u00a0Minuten\" \/>\n<script type=\"application\/ld+json\" class=\"yoast-schema-graph\">{\"@context\":\"https:\/\/schema.org\",\"@graph\":[{\"@type\":\"Article\",\"@id\":\"https:\/\/www.wetter-center.de\/blog\/schwaechelnde-sonne-beguenstigt-kalte-winter\/#article\",\"isPartOf\":{\"@id\":\"https:\/\/www.wetter-center.de\/blog\/schwaechelnde-sonne-beguenstigt-kalte-winter\/\"},\"author\":{\"name\":\"meteomara\",\"@id\":\"https:\/\/www.wetter-center.de\/blog\/#\/schema\/person\/6c69612ad4763a699cd157cfbbfa6667\"},\"headline\":\"Schw\u00e4chelnde Sonne beg\u00fcnstigt kalte Winter\",\"datePublished\":\"2015-06-28T20:02:08+00:00\",\"dateModified\":\"2015-06-28T20:08:30+00:00\",\"mainEntityOfPage\":{\"@id\":\"https:\/\/www.wetter-center.de\/blog\/schwaechelnde-sonne-beguenstigt-kalte-winter\/\"},\"wordCount\":317,\"commentCount\":0,\"publisher\":{\"@id\":\"https:\/\/www.wetter-center.de\/blog\/#\/schema\/person\/6c69612ad4763a699cd157cfbbfa6667\"},\"image\":{\"@id\":\"https:\/\/www.wetter-center.de\/blog\/schwaechelnde-sonne-beguenstigt-kalte-winter\/#primaryimage\"},\"thumbnailUrl\":\"https:\/\/www.wetter-center.de\/blog\/wp-content\/uploads\/2015\/06\/Cycle22Cycle23Cycle24big.gif\",\"keywords\":[\"Forschung\",\"Klimawandel\",\"Sonne\",\"Sonnenflecken\",\"Winter\"],\"articleSection\":[\"Forschung\",\"Klimawandel\"],\"inLanguage\":\"de\",\"potentialAction\":[{\"@type\":\"CommentAction\",\"name\":\"Comment\",\"target\":[\"https:\/\/www.wetter-center.de\/blog\/schwaechelnde-sonne-beguenstigt-kalte-winter\/#respond\"]}]},{\"@type\":\"WebPage\",\"@id\":\"https:\/\/www.wetter-center.de\/blog\/schwaechelnde-sonne-beguenstigt-kalte-winter\/\",\"url\":\"https:\/\/www.wetter-center.de\/blog\/schwaechelnde-sonne-beguenstigt-kalte-winter\/\",\"name\":\"Schw\u00e4chelnde Sonne beg\u00fcnstigt kalte Winter - Wetter-Center.de\",\"isPartOf\":{\"@id\":\"https:\/\/www.wetter-center.de\/blog\/#website\"},\"primaryImageOfPage\":{\"@id\":\"https:\/\/www.wetter-center.de\/blog\/schwaechelnde-sonne-beguenstigt-kalte-winter\/#primaryimage\"},\"image\":{\"@id\":\"https:\/\/www.wetter-center.de\/blog\/schwaechelnde-sonne-beguenstigt-kalte-winter\/#primaryimage\"},\"thumbnailUrl\":\"https:\/\/www.wetter-center.de\/blog\/wp-content\/uploads\/2015\/06\/Cycle22Cycle23Cycle24big.gif\",\"datePublished\":\"2015-06-28T20:02:08+00:00\",\"dateModified\":\"2015-06-28T20:08:30+00:00\",\"breadcrumb\":{\"@id\":\"https:\/\/www.wetter-center.de\/blog\/schwaechelnde-sonne-beguenstigt-kalte-winter\/#breadcrumb\"},\"inLanguage\":\"de\",\"potentialAction\":[{\"@type\":\"ReadAction\",\"target\":[\"https:\/\/www.wetter-center.de\/blog\/schwaechelnde-sonne-beguenstigt-kalte-winter\/\"]}]},{\"@type\":\"ImageObject\",\"inLanguage\":\"de\",\"@id\":\"https:\/\/www.wetter-center.de\/blog\/schwaechelnde-sonne-beguenstigt-kalte-winter\/#primaryimage\",\"url\":\"https:\/\/www.wetter-center.de\/blog\/wp-content\/uploads\/2015\/06\/Cycle22Cycle23Cycle24big.gif\",\"contentUrl\":\"https:\/\/www.wetter-center.de\/blog\/wp-content\/uploads\/2015\/06\/Cycle22Cycle23Cycle24big.gif\",\"width\":500,\"height\":414},{\"@type\":\"BreadcrumbList\",\"@id\":\"https:\/\/www.wetter-center.de\/blog\/schwaechelnde-sonne-beguenstigt-kalte-winter\/#breadcrumb\",\"itemListElement\":[{\"@type\":\"ListItem\",\"position\":1,\"name\":\"Startseite\",\"item\":\"https:\/\/www.wetter-center.de\/blog\/\"},{\"@type\":\"ListItem\",\"position\":2,\"name\":\"Schw\u00e4chelnde Sonne beg\u00fcnstigt kalte Winter\"}]},{\"@type\":\"WebSite\",\"@id\":\"https:\/\/www.wetter-center.de\/blog\/#website\",\"url\":\"https:\/\/www.wetter-center.de\/blog\/\",\"name\":\"Wetter-Center.de\",\"description\":\"\",\"publisher\":{\"@id\":\"https:\/\/www.wetter-center.de\/blog\/#\/schema\/person\/6c69612ad4763a699cd157cfbbfa6667\"},\"potentialAction\":[{\"@type\":\"SearchAction\",\"target\":{\"@type\":\"EntryPoint\",\"urlTemplate\":\"https:\/\/www.wetter-center.de\/blog\/?s={search_term_string}\"},\"query-input\":{\"@type\":\"PropertyValueSpecification\",\"valueRequired\":true,\"valueName\":\"search_term_string\"}}],\"inLanguage\":\"de\"},{\"@type\":[\"Person\",\"Organization\"],\"@id\":\"https:\/\/www.wetter-center.de\/blog\/#\/schema\/person\/6c69612ad4763a699cd157cfbbfa6667\",\"name\":\"meteomara\",\"image\":{\"@type\":\"ImageObject\",\"inLanguage\":\"de\",\"@id\":\"https:\/\/www.wetter-center.de\/blog\/#\/schema\/person\/image\/\",\"url\":\"https:\/\/www.wetter-center.de\/blog\/wp-content\/uploads\/2022\/08\/sky-1551171_1280.jpg\",\"contentUrl\":\"https:\/\/www.wetter-center.de\/blog\/wp-content\/uploads\/2022\/08\/sky-1551171_1280.jpg\",\"width\":1280,\"height\":643,\"caption\":\"meteomara\"},\"logo\":{\"@id\":\"https:\/\/www.wetter-center.de\/blog\/#\/schema\/person\/image\/\"},\"sameAs\":[\"https:\/\/www.facebook.com\/WetterUndKlima\",\"https:\/\/www.instagram.com\/wettercenterde\/\",\"https:\/\/x.com\/https:\/\/twitter.com\/meteomara\"],\"url\":\"https:\/\/www.wetter-center.de\/blog\/author\/meteomara\/\"}]}<\/script>\n<!-- \/ Yoast SEO plugin. -->","yoast_head_json":{"title":"Schw\u00e4chelnde Sonne beg\u00fcnstigt kalte Winter - Wetter-Center.de","robots":{"index":"index","follow":"follow","max-snippet":"max-snippet:-1","max-image-preview":"max-image-preview:large","max-video-preview":"max-video-preview:-1"},"canonical":"https:\/\/www.wetter-center.de\/blog\/schwaechelnde-sonne-beguenstigt-kalte-winter\/","og_locale":"de_DE","og_type":"article","og_title":"Schw\u00e4chelnde Sonne beg\u00fcnstigt kalte Winter - Wetter-Center.de","og_description":"Forscher des britischen Wetterdienstes haben mit einem Klimamodell untersucht, welchen Einfluss die deutlich zur\u00fcckgehende Aktivit\u00e4t der Sonne auf das zuk\u00fcnftige Klima haben k\u00f6nnte. Danach\u00a0k\u00f6nnte ein m\u00f6glicher, vom Menschen verursachter Anstieg\u00a0der Temperaturen besonders im Winter&#46;&#46;&#46;","og_url":"https:\/\/www.wetter-center.de\/blog\/schwaechelnde-sonne-beguenstigt-kalte-winter\/","og_site_name":"Wetter-Center.de","article_publisher":"https:\/\/www.facebook.com\/WetterUndKlima","article_author":"https:\/\/www.facebook.com\/WetterUndKlima","article_published_time":"2015-06-28T20:02:08+00:00","article_modified_time":"2015-06-28T20:08:30+00:00","og_image":[{"width":500,"height":414,"url":"https:\/\/www.wetter-center.de\/blog\/wp-content\/uploads\/2015\/06\/Cycle22Cycle23Cycle24big.gif","type":"image\/gif"}],"author":"meteomara","twitter_card":"summary_large_image","twitter_creator":"@https:\/\/twitter.com\/meteomara","twitter_site":"@meteomara","twitter_misc":{"Geschrieben von":"meteomara","Gesch\u00e4tzte Lesezeit":"2\u00a0Minuten"},"schema":{"@context":"https:\/\/schema.org","@graph":[{"@type":"Article","@id":"https:\/\/www.wetter-center.de\/blog\/schwaechelnde-sonne-beguenstigt-kalte-winter\/#article","isPartOf":{"@id":"https:\/\/www.wetter-center.de\/blog\/schwaechelnde-sonne-beguenstigt-kalte-winter\/"},"author":{"name":"meteomara","@id":"https:\/\/www.wetter-center.de\/blog\/#\/schema\/person\/6c69612ad4763a699cd157cfbbfa6667"},"headline":"Schw\u00e4chelnde Sonne beg\u00fcnstigt kalte Winter","datePublished":"2015-06-28T20:02:08+00:00","dateModified":"2015-06-28T20:08:30+00:00","mainEntityOfPage":{"@id":"https:\/\/www.wetter-center.de\/blog\/schwaechelnde-sonne-beguenstigt-kalte-winter\/"},"wordCount":317,"commentCount":0,"publisher":{"@id":"https:\/\/www.wetter-center.de\/blog\/#\/schema\/person\/6c69612ad4763a699cd157cfbbfa6667"},"image":{"@id":"https:\/\/www.wetter-center.de\/blog\/schwaechelnde-sonne-beguenstigt-kalte-winter\/#primaryimage"},"thumbnailUrl":"https:\/\/www.wetter-center.de\/blog\/wp-content\/uploads\/2015\/06\/Cycle22Cycle23Cycle24big.gif","keywords":["Forschung","Klimawandel","Sonne","Sonnenflecken","Winter"],"articleSection":["Forschung","Klimawandel"],"inLanguage":"de","potentialAction":[{"@type":"CommentAction","name":"Comment","target":["https:\/\/www.wetter-center.de\/blog\/schwaechelnde-sonne-beguenstigt-kalte-winter\/#respond"]}]},{"@type":"WebPage","@id":"https:\/\/www.wetter-center.de\/blog\/schwaechelnde-sonne-beguenstigt-kalte-winter\/","url":"https:\/\/www.wetter-center.de\/blog\/schwaechelnde-sonne-beguenstigt-kalte-winter\/","name":"Schw\u00e4chelnde Sonne beg\u00fcnstigt kalte Winter - Wetter-Center.de","isPartOf":{"@id":"https:\/\/www.wetter-center.de\/blog\/#website"},"primaryImageOfPage":{"@id":"https:\/\/www.wetter-center.de\/blog\/schwaechelnde-sonne-beguenstigt-kalte-winter\/#primaryimage"},"image":{"@id":"https:\/\/www.wetter-center.de\/blog\/schwaechelnde-sonne-beguenstigt-kalte-winter\/#primaryimage"},"thumbnailUrl":"https:\/\/www.wetter-center.de\/blog\/wp-content\/uploads\/2015\/06\/Cycle22Cycle23Cycle24big.gif","datePublished":"2015-06-28T20:02:08+00:00","dateModified":"2015-06-28T20:08:30+00:00","breadcrumb":{"@id":"https:\/\/www.wetter-center.de\/blog\/schwaechelnde-sonne-beguenstigt-kalte-winter\/#breadcrumb"},"inLanguage":"de","potentialAction":[{"@type":"ReadAction","target":["https:\/\/www.wetter-center.de\/blog\/schwaechelnde-sonne-beguenstigt-kalte-winter\/"]}]},{"@type":"ImageObject","inLanguage":"de","@id":"https:\/\/www.wetter-center.de\/blog\/schwaechelnde-sonne-beguenstigt-kalte-winter\/#primaryimage","url":"https:\/\/www.wetter-center.de\/blog\/wp-content\/uploads\/2015\/06\/Cycle22Cycle23Cycle24big.gif","contentUrl":"https:\/\/www.wetter-center.de\/blog\/wp-content\/uploads\/2015\/06\/Cycle22Cycle23Cycle24big.gif","width":500,"height":414},{"@type":"BreadcrumbList","@id":"https:\/\/www.wetter-center.de\/blog\/schwaechelnde-sonne-beguenstigt-kalte-winter\/#breadcrumb","itemListElement":[{"@type":"ListItem","position":1,"name":"Startseite","item":"https:\/\/www.wetter-center.de\/blog\/"},{"@type":"ListItem","position":2,"name":"Schw\u00e4chelnde Sonne beg\u00fcnstigt kalte Winter"}]},{"@type":"WebSite","@id":"https:\/\/www.wetter-center.de\/blog\/#website","url":"https:\/\/www.wetter-center.de\/blog\/","name":"Wetter-Center.de","description":"","publisher":{"@id":"https:\/\/www.wetter-center.de\/blog\/#\/schema\/person\/6c69612ad4763a699cd157cfbbfa6667"},"potentialAction":[{"@type":"SearchAction","target":{"@type":"EntryPoint","urlTemplate":"https:\/\/www.wetter-center.de\/blog\/?s={search_term_string}"},"query-input":{"@type":"PropertyValueSpecification","valueRequired":true,"valueName":"search_term_string"}}],"inLanguage":"de"},{"@type":["Person","Organization"],"@id":"https:\/\/www.wetter-center.de\/blog\/#\/schema\/person\/6c69612ad4763a699cd157cfbbfa6667","name":"meteomara","image":{"@type":"ImageObject","inLanguage":"de","@id":"https:\/\/www.wetter-center.de\/blog\/#\/schema\/person\/image\/","url":"https:\/\/www.wetter-center.de\/blog\/wp-content\/uploads\/2022\/08\/sky-1551171_1280.jpg","contentUrl":"https:\/\/www.wetter-center.de\/blog\/wp-content\/uploads\/2022\/08\/sky-1551171_1280.jpg","width":1280,"height":643,"caption":"meteomara"},"logo":{"@id":"https:\/\/www.wetter-center.de\/blog\/#\/schema\/person\/image\/"},"sameAs":["https:\/\/www.facebook.com\/WetterUndKlima","https:\/\/www.instagram.com\/wettercenterde\/","https:\/\/x.com\/https:\/\/twitter.com\/meteomara"],"url":"https:\/\/www.wetter-center.de\/blog\/author\/meteomara\/"}]}},"amp_enabled":true,"_links":{"self":[{"href":"https:\/\/www.wetter-center.de\/blog\/wp-json\/wp\/v2\/posts\/1298","targetHints":{"allow":["GET"]}}],"collection":[{"href":"https:\/\/www.wetter-center.de\/blog\/wp-json\/wp\/v2\/posts"}],"about":[{"href":"https:\/\/www.wetter-center.de\/blog\/wp-json\/wp\/v2\/types\/post"}],"author":[{"embeddable":true,"href":"https:\/\/www.wetter-center.de\/blog\/wp-json\/wp\/v2\/users\/1"}],"replies":[{"embeddable":true,"href":"https:\/\/www.wetter-center.de\/blog\/wp-json\/wp\/v2\/comments?post=1298"}],"version-history":[{"count":0,"href":"https:\/\/www.wetter-center.de\/blog\/wp-json\/wp\/v2\/posts\/1298\/revisions"}],"wp:featuredmedia":[{"embeddable":true,"href":"https:\/\/www.wetter-center.de\/blog\/wp-json\/wp\/v2\/media\/1299"}],"wp:attachment":[{"href":"https:\/\/www.wetter-center.de\/blog\/wp-json\/wp\/v2\/media?parent=1298"}],"wp:term":[{"taxonomy":"category","embeddable":true,"href":"https:\/\/www.wetter-center.de\/blog\/wp-json\/wp\/v2\/categories?post=1298"},{"taxonomy":"post_tag","embeddable":true,"href":"https:\/\/www.wetter-center.de\/blog\/wp-json\/wp\/v2\/tags?post=1298"}],"curies":[{"name":"wp","href":"https:\/\/api.w.org\/{rel}","templated":true}]}}