{"id":10556,"date":"2020-03-21T19:47:43","date_gmt":"2020-03-21T18:47:43","guid":{"rendered":"https:\/\/www.wetter-center.de\/blog\/?p=10556"},"modified":"2020-04-12T20:17:17","modified_gmt":"2020-04-12T18:17:17","slug":"corona-virus-und-luftverschmutzung","status":"publish","type":"post","link":"https:\/\/www.wetter-center.de\/blog\/corona-virus-und-luftverschmutzung\/","title":{"rendered":"Corona-Virus und Luftverschmutzung"},"content":{"rendered":"\n<p>Flugzeuge bleiben am Boden, Menschen bleiben zu Hause und Fabriken werden geschlossen. W\u00e4hrend die wirtschaftlichen Aktivit\u00e4ten verlangsamt werden, um die Ausbreitung von COVID-19 zu verhindern, scheint die Natur aufatmen zu k\u00f6nnen. Die Luftqualit\u00e4t in China und Europa hat sich dadurch nachweislich verbessert. <\/p>\n\n\n\n<p>Die folgende Animation, die Daten des europ\u00e4ischen <a rel=\"noreferrer noopener\" aria-label=\"Copernicus-Satelliten Sentinel-5P (\u00f6ffnet in einem neuem Tab)\" href=\"https:\/\/www.esa.int\/Applications\/Observing_the_Earth\/Copernicus\/Sentinel-5P\" target=\"_blank\">Copernicus-Satelliten Sentinel-5P<\/a> verwendet, zeigt die Stickstoffdioxid-Emissionen vom 20. Dezember 2019 bis zum 16. M\u00e4rz 2020 &#8211; unter Verwendung eines gleitenden 10-t\u00e4gigen Durchschnitts. Der R\u00fcckgang der Emissionen Ende Januar ist deutlich sichtbar. Er f\u00e4llt mit der landesweiten Quarant\u00e4ne zusammen. Seit Anfang M\u00e4rz steigen die Stickstoffdioxidwerte wieder: <\/p>\n\n\n\n<iframe loading=\"lazy\" width=\"540\" height=\"310\" src=\"https:\/\/www.youtube.com\/embed\/6DWBhp-oKOI\" frameborder=\"0\" allow=\"accelerometer; autoplay; encrypted-media; gyroscope; picture-in-picture\" allowfullscreen=\"\"><\/iframe>\n\n\n\n<p>Auch f\u00fcr Teile Europas ist eine Verbesserung der Luftqualit\u00e4t mit Hilfe der Satellitendaten nachweisbar, insbesondere in Norditalien:<\/p>\n\n\n\n<iframe loading=\"lazy\" width=\"540\" height=\"310\" src=\"https:\/\/www.youtube.com\/embed\/ARpxtAKsORw\" frameborder=\"0\" allow=\"accelerometer; autoplay; encrypted-media; gyroscope; picture-in-picture\" allowfullscreen=\"\"><\/iframe>\n\n\n\n<p>Einige Forscher sch\u00e4tzen, dass die Verringerung der Umweltverschmutzung m\u00f6glicherweise sogar <strong>mehr Leben gerettet<\/strong> hat als die durch das Virus in China verursachte Zahl der Todesopfer. Nach groben Berechnungen des Wissenschaftlers <a rel=\"noreferrer noopener\" aria-label=\"Marshall Burke (\u00f6ffnet in einem neuem Tab)\" href=\"http:\/\/www.g-feed.com\/2020\/03\/covid-19-reduces-economic-activity.html\" target=\"_blank\">Marshall Burke<\/a> von der Stanford University k\u00f6nnte die Verringerung der Luftverschmutzung dazu beigetragen haben, das Leben von 77.000 Menschen unter f\u00fcnf Jahren und \u00fcber 70 Jahren in China zu retten.<\/p>\n\n\n\n<hr class=\"wp-block-separator\"\/>\n\n\n\n\n\n<hr class=\"wp-block-separator\"\/>\n\n\n\n<p>&#8220;Angesichts der zahlreichen Beweise daf\u00fcr, dass das Einatmen von schmutziger Luft in hohem Ma\u00dfe zu vorzeitiger Sterblichkeit beitr\u00e4gt, stellt sich nat\u00fcrlich &#8211; wenn auch zugegebenerma\u00dfen seltsam &#8211; die Frage, ob die durch die Verringerung der durch COVID-19 verursachten Luftverschmutzung geretteten Leben die durch das Virus selbst verursachte Todesrate \u00fcbersteigen&#8221;, schrieb er im Wissenschaftsblog G-FEED.  <\/p>\n\n\n\n<p>Auch die Treibhausgasemissionen aus dem Verkehrs- und Industriesektor werden in der n\u00e4chsten Zeit deutlich zur\u00fcckgehen. Dies wird aber vermutlich dem Klimawandel nicht viel nutzen, da nach der Corona-Pandemie die Emissionen schnell wieder auf das alte Niveau steigen werden. <\/p>\n\n\n\n<p>Allerdings zeigen die dramatischen Ver\u00e4nderungen, wie die Welt mobilisiert werden kann, um gegen den Klimawandel vorzugehen. Es ist offenbar m\u00f6glich, dass sich die Gesellschaft recht schnell ver\u00e4ndern kann. wenn nur der Wille dazu da ist.<\/p>\n\n\n\n<p><\/p>\n","protected":false},"excerpt":{"rendered":"<p>Flugzeuge bleiben am Boden, Menschen bleiben zu Hause und Fabriken werden geschlossen. W\u00e4hrend die wirtschaftlichen Aktivit\u00e4ten verlangsamt werden, um die Ausbreitung von COVID-19 zu verhindern, scheint die Natur aufatmen zu k\u00f6nnen. Die Luftqualit\u00e4t in&#46;&#46;&#46;<\/p>\n","protected":false},"author":1,"featured_media":10559,"comment_status":"open","ping_status":"open","sticky":false,"template":"","format":"standard","meta":{"footnotes":""},"categories":[15,4],"tags":[334,97,145,88],"class_list":["post-10556","post","type-post","status-publish","format-standard","has-post-thumbnail","hentry","category-forschung","category-klimawandel","tag-corona","tag-klimawandel","tag-luftqualitaet","tag-virus"],"yoast_head":"<!-- This site is optimized with the Yoast SEO plugin v25.5 - https:\/\/yoast.com\/wordpress\/plugins\/seo\/ -->\n<title>Corona-Virus und Luftverschmutzung - Wetter-Center.de<\/title>\n<meta name=\"robots\" content=\"index, follow, max-snippet:-1, max-image-preview:large, max-video-preview:-1\" \/>\n<link rel=\"canonical\" href=\"https:\/\/www.wetter-center.de\/blog\/corona-virus-und-luftverschmutzung\/\" \/>\n<meta property=\"og:locale\" content=\"de_DE\" \/>\n<meta property=\"og:type\" content=\"article\" \/>\n<meta property=\"og:title\" content=\"Corona-Virus und Luftverschmutzung - Wetter-Center.de\" \/>\n<meta property=\"og:description\" content=\"Flugzeuge bleiben am Boden, Menschen bleiben zu Hause und Fabriken werden geschlossen. W\u00e4hrend die wirtschaftlichen Aktivit\u00e4ten verlangsamt werden, um die Ausbreitung von COVID-19 zu verhindern, scheint die Natur aufatmen zu k\u00f6nnen. Die Luftqualit\u00e4t in&#046;&#046;&#046;\" \/>\n<meta property=\"og:url\" content=\"https:\/\/www.wetter-center.de\/blog\/corona-virus-und-luftverschmutzung\/\" \/>\n<meta property=\"og:site_name\" content=\"Wetter-Center.de\" \/>\n<meta property=\"article:publisher\" content=\"https:\/\/www.facebook.com\/WetterUndKlima\" \/>\n<meta property=\"article:author\" content=\"https:\/\/www.facebook.com\/WetterUndKlima\" \/>\n<meta property=\"article:published_time\" content=\"2020-03-21T18:47:43+00:00\" \/>\n<meta property=\"article:modified_time\" content=\"2020-04-12T18:17:17+00:00\" \/>\n<meta property=\"og:image\" content=\"https:\/\/www.wetter-center.de\/blog\/wp-content\/uploads\/2020\/03\/airquality.jpg\" \/>\n\t<meta property=\"og:image:width\" content=\"702\" \/>\n\t<meta property=\"og:image:height\" content=\"370\" \/>\n\t<meta property=\"og:image:type\" content=\"image\/jpeg\" \/>\n<meta name=\"author\" content=\"meteomara\" \/>\n<meta name=\"twitter:card\" content=\"summary_large_image\" \/>\n<meta name=\"twitter:creator\" content=\"@https:\/\/twitter.com\/meteomara\" \/>\n<meta name=\"twitter:site\" content=\"@meteomara\" \/>\n<meta name=\"twitter:label1\" content=\"Geschrieben von\" \/>\n\t<meta name=\"twitter:data1\" content=\"meteomara\" \/>\n\t<meta name=\"twitter:label2\" content=\"Gesch\u00e4tzte Lesezeit\" \/>\n\t<meta name=\"twitter:data2\" content=\"2\u00a0Minuten\" \/>\n<script type=\"application\/ld+json\" class=\"yoast-schema-graph\">{\"@context\":\"https:\/\/schema.org\",\"@graph\":[{\"@type\":\"Article\",\"@id\":\"https:\/\/www.wetter-center.de\/blog\/corona-virus-und-luftverschmutzung\/#article\",\"isPartOf\":{\"@id\":\"https:\/\/www.wetter-center.de\/blog\/corona-virus-und-luftverschmutzung\/\"},\"author\":{\"name\":\"meteomara\",\"@id\":\"https:\/\/www.wetter-center.de\/blog\/#\/schema\/person\/6c69612ad4763a699cd157cfbbfa6667\"},\"headline\":\"Corona-Virus und Luftverschmutzung\",\"datePublished\":\"2020-03-21T18:47:43+00:00\",\"dateModified\":\"2020-04-12T18:17:17+00:00\",\"mainEntityOfPage\":{\"@id\":\"https:\/\/www.wetter-center.de\/blog\/corona-virus-und-luftverschmutzung\/\"},\"wordCount\":323,\"commentCount\":0,\"publisher\":{\"@id\":\"https:\/\/www.wetter-center.de\/blog\/#\/schema\/person\/6c69612ad4763a699cd157cfbbfa6667\"},\"image\":{\"@id\":\"https:\/\/www.wetter-center.de\/blog\/corona-virus-und-luftverschmutzung\/#primaryimage\"},\"thumbnailUrl\":\"https:\/\/www.wetter-center.de\/blog\/wp-content\/uploads\/2020\/03\/airquality.jpg\",\"keywords\":[\"corona\",\"Klimawandel\",\"Luftqualit\u00e4t\",\"Virus\"],\"articleSection\":[\"Forschung\",\"Klimawandel\"],\"inLanguage\":\"de\",\"potentialAction\":[{\"@type\":\"CommentAction\",\"name\":\"Comment\",\"target\":[\"https:\/\/www.wetter-center.de\/blog\/corona-virus-und-luftverschmutzung\/#respond\"]}]},{\"@type\":\"WebPage\",\"@id\":\"https:\/\/www.wetter-center.de\/blog\/corona-virus-und-luftverschmutzung\/\",\"url\":\"https:\/\/www.wetter-center.de\/blog\/corona-virus-und-luftverschmutzung\/\",\"name\":\"Corona-Virus und Luftverschmutzung - Wetter-Center.de\",\"isPartOf\":{\"@id\":\"https:\/\/www.wetter-center.de\/blog\/#website\"},\"primaryImageOfPage\":{\"@id\":\"https:\/\/www.wetter-center.de\/blog\/corona-virus-und-luftverschmutzung\/#primaryimage\"},\"image\":{\"@id\":\"https:\/\/www.wetter-center.de\/blog\/corona-virus-und-luftverschmutzung\/#primaryimage\"},\"thumbnailUrl\":\"https:\/\/www.wetter-center.de\/blog\/wp-content\/uploads\/2020\/03\/airquality.jpg\",\"datePublished\":\"2020-03-21T18:47:43+00:00\",\"dateModified\":\"2020-04-12T18:17:17+00:00\",\"breadcrumb\":{\"@id\":\"https:\/\/www.wetter-center.de\/blog\/corona-virus-und-luftverschmutzung\/#breadcrumb\"},\"inLanguage\":\"de\",\"potentialAction\":[{\"@type\":\"ReadAction\",\"target\":[\"https:\/\/www.wetter-center.de\/blog\/corona-virus-und-luftverschmutzung\/\"]}]},{\"@type\":\"ImageObject\",\"inLanguage\":\"de\",\"@id\":\"https:\/\/www.wetter-center.de\/blog\/corona-virus-und-luftverschmutzung\/#primaryimage\",\"url\":\"https:\/\/www.wetter-center.de\/blog\/wp-content\/uploads\/2020\/03\/airquality.jpg\",\"contentUrl\":\"https:\/\/www.wetter-center.de\/blog\/wp-content\/uploads\/2020\/03\/airquality.jpg\",\"width\":702,\"height\":370},{\"@type\":\"BreadcrumbList\",\"@id\":\"https:\/\/www.wetter-center.de\/blog\/corona-virus-und-luftverschmutzung\/#breadcrumb\",\"itemListElement\":[{\"@type\":\"ListItem\",\"position\":1,\"name\":\"Startseite\",\"item\":\"https:\/\/www.wetter-center.de\/blog\/\"},{\"@type\":\"ListItem\",\"position\":2,\"name\":\"Corona-Virus und Luftverschmutzung\"}]},{\"@type\":\"WebSite\",\"@id\":\"https:\/\/www.wetter-center.de\/blog\/#website\",\"url\":\"https:\/\/www.wetter-center.de\/blog\/\",\"name\":\"Wetter-Center.de\",\"description\":\"\",\"publisher\":{\"@id\":\"https:\/\/www.wetter-center.de\/blog\/#\/schema\/person\/6c69612ad4763a699cd157cfbbfa6667\"},\"potentialAction\":[{\"@type\":\"SearchAction\",\"target\":{\"@type\":\"EntryPoint\",\"urlTemplate\":\"https:\/\/www.wetter-center.de\/blog\/?s={search_term_string}\"},\"query-input\":{\"@type\":\"PropertyValueSpecification\",\"valueRequired\":true,\"valueName\":\"search_term_string\"}}],\"inLanguage\":\"de\"},{\"@type\":[\"Person\",\"Organization\"],\"@id\":\"https:\/\/www.wetter-center.de\/blog\/#\/schema\/person\/6c69612ad4763a699cd157cfbbfa6667\",\"name\":\"meteomara\",\"image\":{\"@type\":\"ImageObject\",\"inLanguage\":\"de\",\"@id\":\"https:\/\/www.wetter-center.de\/blog\/#\/schema\/person\/image\/\",\"url\":\"https:\/\/www.wetter-center.de\/blog\/wp-content\/uploads\/2022\/08\/sky-1551171_1280.jpg\",\"contentUrl\":\"https:\/\/www.wetter-center.de\/blog\/wp-content\/uploads\/2022\/08\/sky-1551171_1280.jpg\",\"width\":1280,\"height\":643,\"caption\":\"meteomara\"},\"logo\":{\"@id\":\"https:\/\/www.wetter-center.de\/blog\/#\/schema\/person\/image\/\"},\"sameAs\":[\"https:\/\/www.facebook.com\/WetterUndKlima\",\"https:\/\/www.instagram.com\/wettercenterde\/\",\"https:\/\/x.com\/https:\/\/twitter.com\/meteomara\"],\"url\":\"https:\/\/www.wetter-center.de\/blog\/author\/meteomara\/\"}]}<\/script>\n<!-- \/ Yoast SEO plugin. -->","yoast_head_json":{"title":"Corona-Virus und Luftverschmutzung - Wetter-Center.de","robots":{"index":"index","follow":"follow","max-snippet":"max-snippet:-1","max-image-preview":"max-image-preview:large","max-video-preview":"max-video-preview:-1"},"canonical":"https:\/\/www.wetter-center.de\/blog\/corona-virus-und-luftverschmutzung\/","og_locale":"de_DE","og_type":"article","og_title":"Corona-Virus und Luftverschmutzung - Wetter-Center.de","og_description":"Flugzeuge bleiben am Boden, Menschen bleiben zu Hause und Fabriken werden geschlossen. W\u00e4hrend die wirtschaftlichen Aktivit\u00e4ten verlangsamt werden, um die Ausbreitung von COVID-19 zu verhindern, scheint die Natur aufatmen zu k\u00f6nnen. Die Luftqualit\u00e4t in&#46;&#46;&#46;","og_url":"https:\/\/www.wetter-center.de\/blog\/corona-virus-und-luftverschmutzung\/","og_site_name":"Wetter-Center.de","article_publisher":"https:\/\/www.facebook.com\/WetterUndKlima","article_author":"https:\/\/www.facebook.com\/WetterUndKlima","article_published_time":"2020-03-21T18:47:43+00:00","article_modified_time":"2020-04-12T18:17:17+00:00","og_image":[{"width":702,"height":370,"url":"https:\/\/www.wetter-center.de\/blog\/wp-content\/uploads\/2020\/03\/airquality.jpg","type":"image\/jpeg"}],"author":"meteomara","twitter_card":"summary_large_image","twitter_creator":"@https:\/\/twitter.com\/meteomara","twitter_site":"@meteomara","twitter_misc":{"Geschrieben von":"meteomara","Gesch\u00e4tzte Lesezeit":"2\u00a0Minuten"},"schema":{"@context":"https:\/\/schema.org","@graph":[{"@type":"Article","@id":"https:\/\/www.wetter-center.de\/blog\/corona-virus-und-luftverschmutzung\/#article","isPartOf":{"@id":"https:\/\/www.wetter-center.de\/blog\/corona-virus-und-luftverschmutzung\/"},"author":{"name":"meteomara","@id":"https:\/\/www.wetter-center.de\/blog\/#\/schema\/person\/6c69612ad4763a699cd157cfbbfa6667"},"headline":"Corona-Virus und Luftverschmutzung","datePublished":"2020-03-21T18:47:43+00:00","dateModified":"2020-04-12T18:17:17+00:00","mainEntityOfPage":{"@id":"https:\/\/www.wetter-center.de\/blog\/corona-virus-und-luftverschmutzung\/"},"wordCount":323,"commentCount":0,"publisher":{"@id":"https:\/\/www.wetter-center.de\/blog\/#\/schema\/person\/6c69612ad4763a699cd157cfbbfa6667"},"image":{"@id":"https:\/\/www.wetter-center.de\/blog\/corona-virus-und-luftverschmutzung\/#primaryimage"},"thumbnailUrl":"https:\/\/www.wetter-center.de\/blog\/wp-content\/uploads\/2020\/03\/airquality.jpg","keywords":["corona","Klimawandel","Luftqualit\u00e4t","Virus"],"articleSection":["Forschung","Klimawandel"],"inLanguage":"de","potentialAction":[{"@type":"CommentAction","name":"Comment","target":["https:\/\/www.wetter-center.de\/blog\/corona-virus-und-luftverschmutzung\/#respond"]}]},{"@type":"WebPage","@id":"https:\/\/www.wetter-center.de\/blog\/corona-virus-und-luftverschmutzung\/","url":"https:\/\/www.wetter-center.de\/blog\/corona-virus-und-luftverschmutzung\/","name":"Corona-Virus und Luftverschmutzung - Wetter-Center.de","isPartOf":{"@id":"https:\/\/www.wetter-center.de\/blog\/#website"},"primaryImageOfPage":{"@id":"https:\/\/www.wetter-center.de\/blog\/corona-virus-und-luftverschmutzung\/#primaryimage"},"image":{"@id":"https:\/\/www.wetter-center.de\/blog\/corona-virus-und-luftverschmutzung\/#primaryimage"},"thumbnailUrl":"https:\/\/www.wetter-center.de\/blog\/wp-content\/uploads\/2020\/03\/airquality.jpg","datePublished":"2020-03-21T18:47:43+00:00","dateModified":"2020-04-12T18:17:17+00:00","breadcrumb":{"@id":"https:\/\/www.wetter-center.de\/blog\/corona-virus-und-luftverschmutzung\/#breadcrumb"},"inLanguage":"de","potentialAction":[{"@type":"ReadAction","target":["https:\/\/www.wetter-center.de\/blog\/corona-virus-und-luftverschmutzung\/"]}]},{"@type":"ImageObject","inLanguage":"de","@id":"https:\/\/www.wetter-center.de\/blog\/corona-virus-und-luftverschmutzung\/#primaryimage","url":"https:\/\/www.wetter-center.de\/blog\/wp-content\/uploads\/2020\/03\/airquality.jpg","contentUrl":"https:\/\/www.wetter-center.de\/blog\/wp-content\/uploads\/2020\/03\/airquality.jpg","width":702,"height":370},{"@type":"BreadcrumbList","@id":"https:\/\/www.wetter-center.de\/blog\/corona-virus-und-luftverschmutzung\/#breadcrumb","itemListElement":[{"@type":"ListItem","position":1,"name":"Startseite","item":"https:\/\/www.wetter-center.de\/blog\/"},{"@type":"ListItem","position":2,"name":"Corona-Virus und Luftverschmutzung"}]},{"@type":"WebSite","@id":"https:\/\/www.wetter-center.de\/blog\/#website","url":"https:\/\/www.wetter-center.de\/blog\/","name":"Wetter-Center.de","description":"","publisher":{"@id":"https:\/\/www.wetter-center.de\/blog\/#\/schema\/person\/6c69612ad4763a699cd157cfbbfa6667"},"potentialAction":[{"@type":"SearchAction","target":{"@type":"EntryPoint","urlTemplate":"https:\/\/www.wetter-center.de\/blog\/?s={search_term_string}"},"query-input":{"@type":"PropertyValueSpecification","valueRequired":true,"valueName":"search_term_string"}}],"inLanguage":"de"},{"@type":["Person","Organization"],"@id":"https:\/\/www.wetter-center.de\/blog\/#\/schema\/person\/6c69612ad4763a699cd157cfbbfa6667","name":"meteomara","image":{"@type":"ImageObject","inLanguage":"de","@id":"https:\/\/www.wetter-center.de\/blog\/#\/schema\/person\/image\/","url":"https:\/\/www.wetter-center.de\/blog\/wp-content\/uploads\/2022\/08\/sky-1551171_1280.jpg","contentUrl":"https:\/\/www.wetter-center.de\/blog\/wp-content\/uploads\/2022\/08\/sky-1551171_1280.jpg","width":1280,"height":643,"caption":"meteomara"},"logo":{"@id":"https:\/\/www.wetter-center.de\/blog\/#\/schema\/person\/image\/"},"sameAs":["https:\/\/www.facebook.com\/WetterUndKlima","https:\/\/www.instagram.com\/wettercenterde\/","https:\/\/x.com\/https:\/\/twitter.com\/meteomara"],"url":"https:\/\/www.wetter-center.de\/blog\/author\/meteomara\/"}]}},"amp_enabled":true,"_links":{"self":[{"href":"https:\/\/www.wetter-center.de\/blog\/wp-json\/wp\/v2\/posts\/10556","targetHints":{"allow":["GET"]}}],"collection":[{"href":"https:\/\/www.wetter-center.de\/blog\/wp-json\/wp\/v2\/posts"}],"about":[{"href":"https:\/\/www.wetter-center.de\/blog\/wp-json\/wp\/v2\/types\/post"}],"author":[{"embeddable":true,"href":"https:\/\/www.wetter-center.de\/blog\/wp-json\/wp\/v2\/users\/1"}],"replies":[{"embeddable":true,"href":"https:\/\/www.wetter-center.de\/blog\/wp-json\/wp\/v2\/comments?post=10556"}],"version-history":[{"count":0,"href":"https:\/\/www.wetter-center.de\/blog\/wp-json\/wp\/v2\/posts\/10556\/revisions"}],"wp:featuredmedia":[{"embeddable":true,"href":"https:\/\/www.wetter-center.de\/blog\/wp-json\/wp\/v2\/media\/10559"}],"wp:attachment":[{"href":"https:\/\/www.wetter-center.de\/blog\/wp-json\/wp\/v2\/media?parent=10556"}],"wp:term":[{"taxonomy":"category","embeddable":true,"href":"https:\/\/www.wetter-center.de\/blog\/wp-json\/wp\/v2\/categories?post=10556"},{"taxonomy":"post_tag","embeddable":true,"href":"https:\/\/www.wetter-center.de\/blog\/wp-json\/wp\/v2\/tags?post=10556"}],"curies":[{"name":"wp","href":"https:\/\/api.w.org\/{rel}","templated":true}]}}