{"id":10538,"date":"2020-03-02T17:53:13","date_gmt":"2020-03-02T16:53:13","guid":{"rendered":"https:\/\/www.wetter-center.de\/blog\/?p=10538"},"modified":"2020-03-02T17:53:53","modified_gmt":"2020-03-02T16:53:53","slug":"holen-sie-sich-mit-blumen-den-fruehling-ins-haus","status":"publish","type":"post","link":"https:\/\/www.wetter-center.de\/blog\/holen-sie-sich-mit-blumen-den-fruehling-ins-haus\/","title":{"rendered":"Holen Sie sich mit Blumen den Fr\u00fchling ins Haus"},"content":{"rendered":"\n<p>Am 1. M\u00e4rz 2020 hat der meteorologische Fr\u00fchling begonnen. Dieser umfasst die Monate M\u00e4rz, April und Mai. Astronomischer, also <strong>kalendarischer Fr\u00fchlingsanfang ist jedoch erst am 20. M\u00e4rz 2020<\/strong>, denn dieser bringt die Sonne mit. Der kalendarische Fr\u00fchling wird \u00fcber den Sonnenstand festgelegt und ist dann, wenn die Sonne \u00fcber dem \u00c4quator senkrecht steht. Mit der Sonne gedeihen auch die <strong>sch\u00f6nsten Fr\u00fchlingsblumen<\/strong> und lassen nicht nur Ihren Garten, sondern auch den Wohnraum in neuem Glanz erscheinen. Mit welchen <strong>fr\u00fchlingshaften Blumentrends Sie sich das Fr\u00fchlingserwachen regelrecht ins Haus<\/strong> holen und wie sich der <strong>diesj\u00e4hrige Fr\u00fchling wettertechnisch gestaltet<\/strong>, finden Sie in folgendem Artikel.<\/p>\n\n\n\n<p><strong>Wetterprognose f\u00fcr den diesj\u00e4hrigen Fr\u00fchling<\/strong> <br>Wann kommt der Fr\u00fchling und wie warm wird es? Hatte das Fr\u00fchjahr bisher zwar einige warme Tage parat, gestaltete es sich in den meisten Regionen Deutschlands doch eher kalt, verregnet und mit einigen Sturmtiefs. <strong>Im Fr\u00fchling 2020 soll es allerdings deutlich w\u00e4rmer werden<\/strong>. Wer also an Ostern zum Skifahren m\u00f6chte, sollte sich hohe Berge oder Gletscher suchen. Wetterexperten sehen den Wettertrend in Richtung eines warmen Fr\u00fchjahrs auf uns zukommen. <strong>Im M\u00e4rz k\u00f6nne bereits die 25-Grad-Marke geknackt werden<\/strong>. Bei diesen Temperaturen wachsen und gedeihen die <strong>Fr\u00fchjahrsblumen ganz besonders gut und versch\u00f6nern jeden Garten sowie Wohnraum<\/strong>.<\/p>\n\n\n\n<p><strong>Blumentrends im Fr\u00fchjahr 2020<\/strong><br>Helle, weiche Blumen mit runden Formen bringen Ihnen das <strong>Fr\u00fchlingserwachen ins Haus<\/strong>. Blumen, insbesondere <a rel=\"noreferrer noopener\" aria-label=\" (\u00f6ffnet in einem neuem Tab)\" href=\"https:\/\/www.floraqueen.com\/de\/weisse-blumen\" target=\"_blank\">wei\u00dfe Blumen<\/a> sind ein Muss f\u00fcr jede <strong>Fr\u00fchlingsdeko<\/strong>. Str\u00e4u\u00dfe und Gestecke aus Tulpen in jeglicher Variation, Narzissen, Osterglocken etc. vermitteln, in Verbindung mit dem fr\u00fchlingshaften Wetter, <strong>neues bl\u00fchendes Leben<\/strong> und bringen einen ganz wunderbaren Duft in Ihre Wohnung. Der Winter, die K\u00e4lte, das neblige Wetter sind vor\u00fcber und machen Platz f\u00fcr die Sonne und alles was durch sie zu Bl\u00fchen beginnt. <\/p>\n\n\n\n<div class=\"wp-block-image\"><figure class=\"alignleft size-large is-resized\"><img loading=\"lazy\" decoding=\"async\" src=\"https:\/\/www.wetter-center.de\/blog\/wp-content\/uploads\/2020\/03\/hisu-lee-AbkBVd1gbVA-unsplash-742x1024.jpg\" alt=\"\" class=\"wp-image-10540\" width=\"371\" height=\"512\" srcset=\"https:\/\/www.wetter-center.de\/blog\/wp-content\/uploads\/2020\/03\/hisu-lee-AbkBVd1gbVA-unsplash-742x1024.jpg 742w, https:\/\/www.wetter-center.de\/blog\/wp-content\/uploads\/2020\/03\/hisu-lee-AbkBVd1gbVA-unsplash-600x828.jpg 600w, https:\/\/www.wetter-center.de\/blog\/wp-content\/uploads\/2020\/03\/hisu-lee-AbkBVd1gbVA-unsplash-218x300.jpg 218w, https:\/\/www.wetter-center.de\/blog\/wp-content\/uploads\/2020\/03\/hisu-lee-AbkBVd1gbVA-unsplash-768x1059.jpg 768w, https:\/\/www.wetter-center.de\/blog\/wp-content\/uploads\/2020\/03\/hisu-lee-AbkBVd1gbVA-unsplash.jpg 783w\" sizes=\"auto, (max-width: 371px) 100vw, 371px\" \/><\/figure><\/div>\n\n\n\n<p>Ein Trend diesen Fr\u00fchling gestaltet sich in der <strong>Kunst des Weglassens<\/strong>. Hierbei geht es nicht darum, den Raum voller Blumen und Pflanzen zu stellen, sondern den einzelnen Blumen und Pflanzen Raum f\u00fcr ihre Sch\u00f6nheit zu geben. Es geht um Balance und Proportionen \u2013 weniger ist hier mehr. Ein weiterer Trend bildet die <strong>horizontale Blumenkunst<\/strong>. Klassische Blumenbouquets gestalten sich mit den Bl\u00fcten nach oben, in der Horizontalen k\u00f6nnen einzelne oder mehrere Blumen beispielsweise aufgeh\u00e4ngt oder im Raum und Regalen arrangiert werden. <\/p>\n\n\n\n<p><strong>Statement-Blumen<\/strong> sind ebenfalls angesagt in diesem Fr\u00fchling. Sehr gro\u00dfe Bl\u00fcten sind damit gemeint. Mit der richtigen Vase kommen weniger gro\u00dfe Bl\u00fcten mit langen Stielen wesentlich besser zur Geltung als viele kleine Blumen. Des Weiteren sind <strong>unverwechselbare Vasen<\/strong> in Mode. Die passende Vase ist n\u00e4mlich nicht nur ein Wasserbeh\u00e4lter, sondern geben dem Blumenarrangement den letzten Schliff. Setzen Sie mit einer au\u00dfergew\u00f6hnlichen Vase Ihres Geschmacks ein Statement in Ihrem Wohnbereich. <strong>Und nicht vergessen<\/strong>: Viele Blumen lassen sich sehr gut trocknen und sind im Anschluss ein tolles nachhaltiges Dekoelement, dass Ihnen lange Freude bereitet.<\/p>\n\n\n\n<p><strong>Typische Fr\u00fchlingsblumen<\/strong><br>Im M\u00e4rz und April gestalten sich Fr\u00fchlingsblumen in jeglicher Form von <strong>Tulpen<\/strong>. Es gibt eine Vielzahl verschiedener Sorten und Farben. Tulpen sind Klassiker im Fr\u00fchling. Besonders die franz\u00f6sische Tulpe, mit ihrem langen Stiel, wirkt sehr elegant und l\u00e4sst sich gut mit anderen Blumen oder Beiwerk kombinieren. <strong>Ranunkeln<\/strong> sind ebenfalls klassische Fr\u00fchjahrsbl\u00fcher. Auch sie gibt es in vielen verschiedenen Farben und Varianten, beispielsweise mit gro\u00dfen Bl\u00fcten oder gesprenkeltem Bl\u00fctenverlauf. <\/p>\n\n\n\n<p><strong>Anemonen<\/strong> sind besonders ausdrucksvolle Blumen, die hervorragend mit <strong>Ranunkeln und Freesien, ebenfalls tolle Fr\u00fchlingsblumen,<\/strong> kombinierbar sind. Im Mai kommen dann noch die <strong>Pfingstrosen<\/strong> hinzu, deren Farbwechsel im Bl\u00fchverlauf spektakul\u00e4r sein kann. <strong>Hortensien<\/strong> haben dann auch ihre Zeit und bl\u00fchen meist in klaren Farben und Pastellt\u00f6nen. <strong>Bartnelken <\/strong>sind nicht nur sch\u00f6n anzusehen, sondern sind auch f\u00fcr ihre Haltbarkeit bekannt. Sie werden gerne mit Pfingstrosen kombiniert.<\/p>\n\n\n\n<p>In der Hoffnung, Ihnen Anregungen f\u00fcr den Fr\u00fchlingsbeginn geben zu k\u00f6nnen, w\u00fcnschen wir viel Spa\u00df beim fr\u00fchlingshaften Dekorieren mit Blumen in Ihrem Wohnraum.<\/p>\n\n\n\n<p><\/p>\n","protected":false},"excerpt":{"rendered":"<p>Am 1. M\u00e4rz 2020 hat der meteorologische Fr\u00fchling begonnen. Dieser umfasst die Monate M\u00e4rz, April und Mai. Astronomischer, also kalendarischer Fr\u00fchlingsanfang ist jedoch erst am 20. M\u00e4rz 2020, denn dieser bringt die Sonne mit.&#46;&#46;&#46;<\/p>\n","protected":false},"author":1,"featured_media":10540,"comment_status":"open","ping_status":"open","sticky":false,"template":"","format":"standard","meta":{"footnotes":""},"categories":[1],"tags":[],"class_list":["post-10538","post","type-post","status-publish","format-standard","has-post-thumbnail","hentry","category-allgemein"],"yoast_head":"<!-- This site is optimized with the Yoast SEO plugin v25.5 - https:\/\/yoast.com\/wordpress\/plugins\/seo\/ -->\n<title>Holen Sie sich mit Blumen den Fr\u00fchling ins Haus - Wetter-Center.de<\/title>\n<meta name=\"robots\" content=\"index, follow, max-snippet:-1, max-image-preview:large, max-video-preview:-1\" \/>\n<link rel=\"canonical\" href=\"https:\/\/www.wetter-center.de\/blog\/holen-sie-sich-mit-blumen-den-fruehling-ins-haus\/\" \/>\n<meta property=\"og:locale\" content=\"de_DE\" \/>\n<meta property=\"og:type\" content=\"article\" \/>\n<meta property=\"og:title\" content=\"Holen Sie sich mit Blumen den Fr\u00fchling ins Haus - Wetter-Center.de\" \/>\n<meta property=\"og:description\" content=\"Am 1. M\u00e4rz 2020 hat der meteorologische Fr\u00fchling begonnen. Dieser umfasst die Monate M\u00e4rz, April und Mai. Astronomischer, also kalendarischer Fr\u00fchlingsanfang ist jedoch erst am 20. M\u00e4rz 2020, denn dieser bringt die Sonne mit.&#046;&#046;&#046;\" \/>\n<meta property=\"og:url\" content=\"https:\/\/www.wetter-center.de\/blog\/holen-sie-sich-mit-blumen-den-fruehling-ins-haus\/\" \/>\n<meta property=\"og:site_name\" content=\"Wetter-Center.de\" \/>\n<meta property=\"article:publisher\" content=\"https:\/\/www.facebook.com\/WetterUndKlima\" \/>\n<meta property=\"article:author\" content=\"https:\/\/www.facebook.com\/WetterUndKlima\" \/>\n<meta property=\"article:published_time\" content=\"2020-03-02T16:53:13+00:00\" \/>\n<meta property=\"article:modified_time\" content=\"2020-03-02T16:53:53+00:00\" \/>\n<meta property=\"og:image\" content=\"https:\/\/www.wetter-center.de\/blog\/wp-content\/uploads\/2020\/03\/hisu-lee-AbkBVd1gbVA-unsplash.jpg\" \/>\n\t<meta property=\"og:image:width\" content=\"783\" \/>\n\t<meta property=\"og:image:height\" content=\"1080\" \/>\n\t<meta property=\"og:image:type\" content=\"image\/jpeg\" \/>\n<meta name=\"author\" content=\"meteomara\" \/>\n<meta name=\"twitter:card\" content=\"summary_large_image\" \/>\n<meta name=\"twitter:creator\" content=\"@https:\/\/twitter.com\/meteomara\" \/>\n<meta name=\"twitter:site\" content=\"@meteomara\" \/>\n<meta name=\"twitter:label1\" content=\"Geschrieben von\" \/>\n\t<meta name=\"twitter:data1\" content=\"meteomara\" \/>\n\t<meta name=\"twitter:label2\" content=\"Gesch\u00e4tzte Lesezeit\" \/>\n\t<meta name=\"twitter:data2\" content=\"3\u00a0Minuten\" \/>\n<script type=\"application\/ld+json\" class=\"yoast-schema-graph\">{\"@context\":\"https:\/\/schema.org\",\"@graph\":[{\"@type\":\"Article\",\"@id\":\"https:\/\/www.wetter-center.de\/blog\/holen-sie-sich-mit-blumen-den-fruehling-ins-haus\/#article\",\"isPartOf\":{\"@id\":\"https:\/\/www.wetter-center.de\/blog\/holen-sie-sich-mit-blumen-den-fruehling-ins-haus\/\"},\"author\":{\"name\":\"meteomara\",\"@id\":\"https:\/\/www.wetter-center.de\/blog\/#\/schema\/person\/6c69612ad4763a699cd157cfbbfa6667\"},\"headline\":\"Holen Sie sich mit Blumen den Fr\u00fchling ins Haus\",\"datePublished\":\"2020-03-02T16:53:13+00:00\",\"dateModified\":\"2020-03-02T16:53:53+00:00\",\"mainEntityOfPage\":{\"@id\":\"https:\/\/www.wetter-center.de\/blog\/holen-sie-sich-mit-blumen-den-fruehling-ins-haus\/\"},\"wordCount\":685,\"commentCount\":0,\"publisher\":{\"@id\":\"https:\/\/www.wetter-center.de\/blog\/#\/schema\/person\/6c69612ad4763a699cd157cfbbfa6667\"},\"image\":{\"@id\":\"https:\/\/www.wetter-center.de\/blog\/holen-sie-sich-mit-blumen-den-fruehling-ins-haus\/#primaryimage\"},\"thumbnailUrl\":\"https:\/\/www.wetter-center.de\/blog\/wp-content\/uploads\/2020\/03\/hisu-lee-AbkBVd1gbVA-unsplash.jpg\",\"inLanguage\":\"de\",\"potentialAction\":[{\"@type\":\"CommentAction\",\"name\":\"Comment\",\"target\":[\"https:\/\/www.wetter-center.de\/blog\/holen-sie-sich-mit-blumen-den-fruehling-ins-haus\/#respond\"]}]},{\"@type\":\"WebPage\",\"@id\":\"https:\/\/www.wetter-center.de\/blog\/holen-sie-sich-mit-blumen-den-fruehling-ins-haus\/\",\"url\":\"https:\/\/www.wetter-center.de\/blog\/holen-sie-sich-mit-blumen-den-fruehling-ins-haus\/\",\"name\":\"Holen Sie sich mit Blumen den Fr\u00fchling ins Haus - Wetter-Center.de\",\"isPartOf\":{\"@id\":\"https:\/\/www.wetter-center.de\/blog\/#website\"},\"primaryImageOfPage\":{\"@id\":\"https:\/\/www.wetter-center.de\/blog\/holen-sie-sich-mit-blumen-den-fruehling-ins-haus\/#primaryimage\"},\"image\":{\"@id\":\"https:\/\/www.wetter-center.de\/blog\/holen-sie-sich-mit-blumen-den-fruehling-ins-haus\/#primaryimage\"},\"thumbnailUrl\":\"https:\/\/www.wetter-center.de\/blog\/wp-content\/uploads\/2020\/03\/hisu-lee-AbkBVd1gbVA-unsplash.jpg\",\"datePublished\":\"2020-03-02T16:53:13+00:00\",\"dateModified\":\"2020-03-02T16:53:53+00:00\",\"breadcrumb\":{\"@id\":\"https:\/\/www.wetter-center.de\/blog\/holen-sie-sich-mit-blumen-den-fruehling-ins-haus\/#breadcrumb\"},\"inLanguage\":\"de\",\"potentialAction\":[{\"@type\":\"ReadAction\",\"target\":[\"https:\/\/www.wetter-center.de\/blog\/holen-sie-sich-mit-blumen-den-fruehling-ins-haus\/\"]}]},{\"@type\":\"ImageObject\",\"inLanguage\":\"de\",\"@id\":\"https:\/\/www.wetter-center.de\/blog\/holen-sie-sich-mit-blumen-den-fruehling-ins-haus\/#primaryimage\",\"url\":\"https:\/\/www.wetter-center.de\/blog\/wp-content\/uploads\/2020\/03\/hisu-lee-AbkBVd1gbVA-unsplash.jpg\",\"contentUrl\":\"https:\/\/www.wetter-center.de\/blog\/wp-content\/uploads\/2020\/03\/hisu-lee-AbkBVd1gbVA-unsplash.jpg\",\"width\":783,\"height\":1080},{\"@type\":\"BreadcrumbList\",\"@id\":\"https:\/\/www.wetter-center.de\/blog\/holen-sie-sich-mit-blumen-den-fruehling-ins-haus\/#breadcrumb\",\"itemListElement\":[{\"@type\":\"ListItem\",\"position\":1,\"name\":\"Startseite\",\"item\":\"https:\/\/www.wetter-center.de\/blog\/\"},{\"@type\":\"ListItem\",\"position\":2,\"name\":\"Holen Sie sich mit Blumen den Fr\u00fchling ins Haus\"}]},{\"@type\":\"WebSite\",\"@id\":\"https:\/\/www.wetter-center.de\/blog\/#website\",\"url\":\"https:\/\/www.wetter-center.de\/blog\/\",\"name\":\"Wetter-Center.de\",\"description\":\"\",\"publisher\":{\"@id\":\"https:\/\/www.wetter-center.de\/blog\/#\/schema\/person\/6c69612ad4763a699cd157cfbbfa6667\"},\"potentialAction\":[{\"@type\":\"SearchAction\",\"target\":{\"@type\":\"EntryPoint\",\"urlTemplate\":\"https:\/\/www.wetter-center.de\/blog\/?s={search_term_string}\"},\"query-input\":{\"@type\":\"PropertyValueSpecification\",\"valueRequired\":true,\"valueName\":\"search_term_string\"}}],\"inLanguage\":\"de\"},{\"@type\":[\"Person\",\"Organization\"],\"@id\":\"https:\/\/www.wetter-center.de\/blog\/#\/schema\/person\/6c69612ad4763a699cd157cfbbfa6667\",\"name\":\"meteomara\",\"image\":{\"@type\":\"ImageObject\",\"inLanguage\":\"de\",\"@id\":\"https:\/\/www.wetter-center.de\/blog\/#\/schema\/person\/image\/\",\"url\":\"https:\/\/www.wetter-center.de\/blog\/wp-content\/uploads\/2022\/08\/sky-1551171_1280.jpg\",\"contentUrl\":\"https:\/\/www.wetter-center.de\/blog\/wp-content\/uploads\/2022\/08\/sky-1551171_1280.jpg\",\"width\":1280,\"height\":643,\"caption\":\"meteomara\"},\"logo\":{\"@id\":\"https:\/\/www.wetter-center.de\/blog\/#\/schema\/person\/image\/\"},\"sameAs\":[\"https:\/\/www.facebook.com\/WetterUndKlima\",\"https:\/\/www.instagram.com\/wettercenterde\/\",\"https:\/\/x.com\/https:\/\/twitter.com\/meteomara\"],\"url\":\"https:\/\/www.wetter-center.de\/blog\/author\/meteomara\/\"}]}<\/script>\n<!-- \/ Yoast SEO plugin. -->","yoast_head_json":{"title":"Holen Sie sich mit Blumen den Fr\u00fchling ins Haus - Wetter-Center.de","robots":{"index":"index","follow":"follow","max-snippet":"max-snippet:-1","max-image-preview":"max-image-preview:large","max-video-preview":"max-video-preview:-1"},"canonical":"https:\/\/www.wetter-center.de\/blog\/holen-sie-sich-mit-blumen-den-fruehling-ins-haus\/","og_locale":"de_DE","og_type":"article","og_title":"Holen Sie sich mit Blumen den Fr\u00fchling ins Haus - Wetter-Center.de","og_description":"Am 1. M\u00e4rz 2020 hat der meteorologische Fr\u00fchling begonnen. Dieser umfasst die Monate M\u00e4rz, April und Mai. Astronomischer, also kalendarischer Fr\u00fchlingsanfang ist jedoch erst am 20. M\u00e4rz 2020, denn dieser bringt die Sonne mit.&#46;&#46;&#46;","og_url":"https:\/\/www.wetter-center.de\/blog\/holen-sie-sich-mit-blumen-den-fruehling-ins-haus\/","og_site_name":"Wetter-Center.de","article_publisher":"https:\/\/www.facebook.com\/WetterUndKlima","article_author":"https:\/\/www.facebook.com\/WetterUndKlima","article_published_time":"2020-03-02T16:53:13+00:00","article_modified_time":"2020-03-02T16:53:53+00:00","og_image":[{"width":783,"height":1080,"url":"https:\/\/www.wetter-center.de\/blog\/wp-content\/uploads\/2020\/03\/hisu-lee-AbkBVd1gbVA-unsplash.jpg","type":"image\/jpeg"}],"author":"meteomara","twitter_card":"summary_large_image","twitter_creator":"@https:\/\/twitter.com\/meteomara","twitter_site":"@meteomara","twitter_misc":{"Geschrieben von":"meteomara","Gesch\u00e4tzte Lesezeit":"3\u00a0Minuten"},"schema":{"@context":"https:\/\/schema.org","@graph":[{"@type":"Article","@id":"https:\/\/www.wetter-center.de\/blog\/holen-sie-sich-mit-blumen-den-fruehling-ins-haus\/#article","isPartOf":{"@id":"https:\/\/www.wetter-center.de\/blog\/holen-sie-sich-mit-blumen-den-fruehling-ins-haus\/"},"author":{"name":"meteomara","@id":"https:\/\/www.wetter-center.de\/blog\/#\/schema\/person\/6c69612ad4763a699cd157cfbbfa6667"},"headline":"Holen Sie sich mit Blumen den Fr\u00fchling ins Haus","datePublished":"2020-03-02T16:53:13+00:00","dateModified":"2020-03-02T16:53:53+00:00","mainEntityOfPage":{"@id":"https:\/\/www.wetter-center.de\/blog\/holen-sie-sich-mit-blumen-den-fruehling-ins-haus\/"},"wordCount":685,"commentCount":0,"publisher":{"@id":"https:\/\/www.wetter-center.de\/blog\/#\/schema\/person\/6c69612ad4763a699cd157cfbbfa6667"},"image":{"@id":"https:\/\/www.wetter-center.de\/blog\/holen-sie-sich-mit-blumen-den-fruehling-ins-haus\/#primaryimage"},"thumbnailUrl":"https:\/\/www.wetter-center.de\/blog\/wp-content\/uploads\/2020\/03\/hisu-lee-AbkBVd1gbVA-unsplash.jpg","inLanguage":"de","potentialAction":[{"@type":"CommentAction","name":"Comment","target":["https:\/\/www.wetter-center.de\/blog\/holen-sie-sich-mit-blumen-den-fruehling-ins-haus\/#respond"]}]},{"@type":"WebPage","@id":"https:\/\/www.wetter-center.de\/blog\/holen-sie-sich-mit-blumen-den-fruehling-ins-haus\/","url":"https:\/\/www.wetter-center.de\/blog\/holen-sie-sich-mit-blumen-den-fruehling-ins-haus\/","name":"Holen Sie sich mit Blumen den Fr\u00fchling ins Haus - Wetter-Center.de","isPartOf":{"@id":"https:\/\/www.wetter-center.de\/blog\/#website"},"primaryImageOfPage":{"@id":"https:\/\/www.wetter-center.de\/blog\/holen-sie-sich-mit-blumen-den-fruehling-ins-haus\/#primaryimage"},"image":{"@id":"https:\/\/www.wetter-center.de\/blog\/holen-sie-sich-mit-blumen-den-fruehling-ins-haus\/#primaryimage"},"thumbnailUrl":"https:\/\/www.wetter-center.de\/blog\/wp-content\/uploads\/2020\/03\/hisu-lee-AbkBVd1gbVA-unsplash.jpg","datePublished":"2020-03-02T16:53:13+00:00","dateModified":"2020-03-02T16:53:53+00:00","breadcrumb":{"@id":"https:\/\/www.wetter-center.de\/blog\/holen-sie-sich-mit-blumen-den-fruehling-ins-haus\/#breadcrumb"},"inLanguage":"de","potentialAction":[{"@type":"ReadAction","target":["https:\/\/www.wetter-center.de\/blog\/holen-sie-sich-mit-blumen-den-fruehling-ins-haus\/"]}]},{"@type":"ImageObject","inLanguage":"de","@id":"https:\/\/www.wetter-center.de\/blog\/holen-sie-sich-mit-blumen-den-fruehling-ins-haus\/#primaryimage","url":"https:\/\/www.wetter-center.de\/blog\/wp-content\/uploads\/2020\/03\/hisu-lee-AbkBVd1gbVA-unsplash.jpg","contentUrl":"https:\/\/www.wetter-center.de\/blog\/wp-content\/uploads\/2020\/03\/hisu-lee-AbkBVd1gbVA-unsplash.jpg","width":783,"height":1080},{"@type":"BreadcrumbList","@id":"https:\/\/www.wetter-center.de\/blog\/holen-sie-sich-mit-blumen-den-fruehling-ins-haus\/#breadcrumb","itemListElement":[{"@type":"ListItem","position":1,"name":"Startseite","item":"https:\/\/www.wetter-center.de\/blog\/"},{"@type":"ListItem","position":2,"name":"Holen Sie sich mit Blumen den Fr\u00fchling ins Haus"}]},{"@type":"WebSite","@id":"https:\/\/www.wetter-center.de\/blog\/#website","url":"https:\/\/www.wetter-center.de\/blog\/","name":"Wetter-Center.de","description":"","publisher":{"@id":"https:\/\/www.wetter-center.de\/blog\/#\/schema\/person\/6c69612ad4763a699cd157cfbbfa6667"},"potentialAction":[{"@type":"SearchAction","target":{"@type":"EntryPoint","urlTemplate":"https:\/\/www.wetter-center.de\/blog\/?s={search_term_string}"},"query-input":{"@type":"PropertyValueSpecification","valueRequired":true,"valueName":"search_term_string"}}],"inLanguage":"de"},{"@type":["Person","Organization"],"@id":"https:\/\/www.wetter-center.de\/blog\/#\/schema\/person\/6c69612ad4763a699cd157cfbbfa6667","name":"meteomara","image":{"@type":"ImageObject","inLanguage":"de","@id":"https:\/\/www.wetter-center.de\/blog\/#\/schema\/person\/image\/","url":"https:\/\/www.wetter-center.de\/blog\/wp-content\/uploads\/2022\/08\/sky-1551171_1280.jpg","contentUrl":"https:\/\/www.wetter-center.de\/blog\/wp-content\/uploads\/2022\/08\/sky-1551171_1280.jpg","width":1280,"height":643,"caption":"meteomara"},"logo":{"@id":"https:\/\/www.wetter-center.de\/blog\/#\/schema\/person\/image\/"},"sameAs":["https:\/\/www.facebook.com\/WetterUndKlima","https:\/\/www.instagram.com\/wettercenterde\/","https:\/\/x.com\/https:\/\/twitter.com\/meteomara"],"url":"https:\/\/www.wetter-center.de\/blog\/author\/meteomara\/"}]}},"amp_enabled":true,"_links":{"self":[{"href":"https:\/\/www.wetter-center.de\/blog\/wp-json\/wp\/v2\/posts\/10538","targetHints":{"allow":["GET"]}}],"collection":[{"href":"https:\/\/www.wetter-center.de\/blog\/wp-json\/wp\/v2\/posts"}],"about":[{"href":"https:\/\/www.wetter-center.de\/blog\/wp-json\/wp\/v2\/types\/post"}],"author":[{"embeddable":true,"href":"https:\/\/www.wetter-center.de\/blog\/wp-json\/wp\/v2\/users\/1"}],"replies":[{"embeddable":true,"href":"https:\/\/www.wetter-center.de\/blog\/wp-json\/wp\/v2\/comments?post=10538"}],"version-history":[{"count":0,"href":"https:\/\/www.wetter-center.de\/blog\/wp-json\/wp\/v2\/posts\/10538\/revisions"}],"wp:featuredmedia":[{"embeddable":true,"href":"https:\/\/www.wetter-center.de\/blog\/wp-json\/wp\/v2\/media\/10540"}],"wp:attachment":[{"href":"https:\/\/www.wetter-center.de\/blog\/wp-json\/wp\/v2\/media?parent=10538"}],"wp:term":[{"taxonomy":"category","embeddable":true,"href":"https:\/\/www.wetter-center.de\/blog\/wp-json\/wp\/v2\/categories?post=10538"},{"taxonomy":"post_tag","embeddable":true,"href":"https:\/\/www.wetter-center.de\/blog\/wp-json\/wp\/v2\/tags?post=10538"}],"curies":[{"name":"wp","href":"https:\/\/api.w.org\/{rel}","templated":true}]}}