{"id":10176,"date":"2020-01-18T19:04:57","date_gmt":"2020-01-18T18:04:57","guid":{"rendered":"https:\/\/www.wetter-center.de\/blog\/?p=10176"},"modified":"2020-02-09T18:21:17","modified_gmt":"2020-02-09T17:21:17","slug":"neun-fakten-zum-wind","status":"publish","type":"post","link":"https:\/\/www.wetter-center.de\/blog\/neun-fakten-zum-wind\/","title":{"rendered":"Neun Fakten zum Wetterparameter Wind"},"content":{"rendered":"\n<p>Der Wind ist nach Temperatur, Luftfeuchte und Niederschlag eines der wichtigsten Wetterparameter. Wir haben uns vor einiger Zeit schon damit besch\u00e4ftigt, was man bei der <a href=\"https:\/\/www.wetter-center.de\/blog\/so-wird-wind-richtig-gemessen\/\"><strong>Messung des Windes<\/strong><\/a> beachten sollte. Hier sind weitere interessante Fakten.<\/p>\n\n\n\n<hr class=\"wp-block-separator\"\/>\n\n\n\nHier k\u00f6nnen Sie sich \u00fcbrigens zu unserem Newsletter anmelden und Sie verpassen keine Tipps &amp; Tricks sowie Angebote zum Thema Wetter.<br>\n<center><script id=\"n2g_script2\">!function(e,t,n,c,r,a,i){e.Newsletter2GoTrackingObject=r,e[r]=e[r]||function(){(e[r].q=e[r].q||[]).push(arguments)},e[r].l=1*new Date,a=t.createElement(n),i=t.getElementsByTagName(n)[0],a.async=1,a.src=c,i.parentNode.insertBefore(a,i)}(window,document,\"script\",\"https:\/\/static.newsletter2go.com\/utils.js\",\"n2g\");var config = {\"container\": {\"type\": \"div\",\"class\": \"\",\"style\": \"\"},\"row\": {\"type\": \"div\",\"class\": \"\",\"style\": \"margin-top: 15px;\"},\"columnLeft\": {\"type\": \"div\",\"class\": \"\",\"style\": \"\"},\"columnRight\": {\"type\": \"div\",\"class\": \"\",\"style\": \"\"},\"button\": {\"type\": \"button\",\"class\": \"\",\"style\": \"background-color: #5B82C9;\"},\"label\": {\"type\": \"label\",\"class\": \"\",\"style\": \"\"}};n2g('create', 'pklp4nsn-ch18kc77-m5b');n2g('subscribe:createForm', config, 'n2g_script2');<\/script><\/center>\n\n\n\n<hr class=\"wp-block-separator\"\/>\n\n\n\n<p class=\"has-drop-cap\">1 Der Wind ist im Gegensatz zu den meisten anderen Wetterparametern eine <strong>3-dimensionale Gr\u00f6\u00dfe<\/strong>. Das hei\u00dft, man m\u00fcsste eigentlich 3 Werte angeben, um Betrag und Richtung zu bestimmen. Am Boden wird normalerweise die <strong>vertikale<\/strong> Komponente vernachl\u00e4ssigt, so dass man nur <strong>Richtung<\/strong> und <strong>Geschwindigkeit<\/strong> angibt.<\/p>\n\n\n\n<p class=\"has-drop-cap\">2 Bei der Messung der Windgeschwindigkeit unterscheidet man <strong>Mittelwind<\/strong> und <strong>Windb\u00f6en<\/strong>. Letztere beschreiben die zeitliche Variabilit\u00e4t des Windes. Der Mittelwind wird dabei in der Regel \u00fcber einen Zeitraum von <strong>10 min<\/strong> gemessen, die Windb\u00f6en dagegen \u00fcber eine Zeitraum von <strong>3 Sekunden<\/strong>.<\/p>\n\n\n\n<p class=\"has-drop-cap\">3 Von <strong>b\u00f6igem Wind<\/strong> spricht man, wenn der 10-min-Mittelwert der Windgeschwindigkeit innerhalb eines Zeitraums von 3 bis 20 Sekunden um mindestens 5 m\/s (18 km\/h) \u00fcberschritten wird. Bei einer Abweichung von 8 m\/s (29 km\/h) oder mehr spricht man von &#8220;<strong>markanten B\u00f6en<\/strong>&#8220;. <\/p>\n\n\n\n<p class=\"has-drop-cap\">4 F\u00fcr die Windgeschwindigkeit gibt es zahlreiche Einheiten. Die wichtigsten sind <strong>Meter pro Sekunde<\/strong> (m\/s), <strong>Knoten<\/strong> (kn) identisch mit <strong>Seemeilen pro Stunde<\/strong> (NM\/h), <strong>Kilometer pro Stunde<\/strong> (km\/h). In USA und Gro\u00dfbritannien nutzt man auch <strong>Meilen pro Stunde<\/strong> (mph). Dar\u00fcber hinaus gibt es noch die <a rel=\"noreferrer noopener\" aria-label=\"Beaufort-Skala (\u00f6ffnet in einem neuem Tab)\" href=\"https:\/\/de.wikipedia.org\/wiki\/Beaufortskala\" target=\"_blank\"><strong>Beaufort-Skala<\/strong><\/a> (Windst\u00e4rke 0 bis 12).<\/p>\n\n\n\n<p class=\"has-drop-cap\">5 Die Windrichtung gibt immer an, <strong>woher der Wind<\/strong> weht, bezogen auf den Nordpol, 0\u00b0 ist also Wind aus Norden, 90\u00b0 Wind aus Osten usw. Bei den <strong>Meeresstr\u00f6mungen<\/strong> ist das \u00fcbrigens anders herum: eine S\u00fcdstr\u00f6mung kommt von Norden und flie\u00dft nach S\u00fcden.<\/p>\n\n\n\n<hr class=\"wp-block-separator\"\/>\n\n\n\n\n\n<hr class=\"wp-block-separator\"\/>\n\n\n\n<p class=\"has-drop-cap\">6 Wind kann man auf verschiedene Weise messen. Am h\u00e4ufigsten ist das  <strong>Rotationsanemometer<\/strong> (oder auch Schalenkreuzanemometer), das sich im Wind dreht. Aus der Anzahl Umdrehungen pro Zeit kann man die Windgeschwindigkeit ausrechnen. Eine zus\u00e4tzliche <strong>Windfahne<\/strong> dreht sich immer in Richtung des Windes. Mit Hilfe eines Drehwiderstandes l\u00e4sst sich daraus elektronisch die Windrichtung ableiten.<\/p>\n\n\n\n<p class=\"has-drop-cap\">7 Professionelle Wetterdienste nutzen zunehmend sogenannte <strong>Ultraschallanemometer<\/strong>, die v\u00f6llig ohne Bewegung und damit verschlei\u00dffrei messen. Das Messprinzip basiert auf der Bestimmung der Laufzeit von Ultraschallwellen in zwei oder drei Raumrichtungen. Dabei wird ausgenutzt, dass der Wind die <strong>Ausbreitung des Schallimpulses<\/strong> beeinflusst, indem er die Schallwelle abbremst oder beschleunigt. Aus den Laufzeitunterschieden in drei Richtungen lassen sich Windgeschwindigkeit und Richtung ausrechnen.<\/p>\n\n\n\n<p class=\"has-drop-cap\">8 Kennen Sie den <strong>windigsten Ort Deutschlands<\/strong>? Das ist weder eine Nordseeinsel, noch der h\u00f6chste Punkt Deutschlands, die Zugspitze, sondern der <strong>Brocken<\/strong> im Harz. Da er sozusagen aus dem Norddeutschen Flachland herausragt, werden hier die h\u00f6chsten Windgeschwindigkeiten innerhalb Deutschlands gemessen. Das Jahr 1990 war besonders windig. Da gab es hier 26 Tage mit Orkanb\u00f6en oberhalb 118 km\/h. Die bisher h\u00f6chste B\u00f6e auf dem Brocken wurde am 24. November 1984 mit <strong>263 km\/h<\/strong> gemessen. Der <a rel=\"noreferrer noopener\" aria-label=\"inoffizielle Rekord (\u00f6ffnet in einem neuem Tab)\" href=\"https:\/\/www.mz-web.de\/landkreis-harz\/wetter-auf-dem-brocken-der-verschollene-orkan-vom-januar-1938-28596612\" target=\"_blank\">inoffizielle Rekord<\/a> liegt sogar bei  292 km\/h und stammt vom Januar 1938.<\/p>\n\n\n\n<p class=\"has-drop-cap\">9 Die h\u00f6chste Windgeschwindigkeit weltweit wurde w\u00e4hrend des tropischen Zyklons Olivia am 10. April 1996 auf Barrow Island, Australien mit <strong>407,5 km\/h<\/strong> gemessen. Diese Rekord wurde von der Weltorganisation f\u00fcr Meteorologie (WMO) <a rel=\"noreferrer noopener\" aria-label=\"untersucht und offiziell best\u00e4tigt (\u00f6ffnet in einem neuem Tab)\" href=\"https:\/\/wmo.asu.edu\/content\/world-maximum-surface-wind-gust\" target=\"_blank\">untersucht und offiziell best\u00e4tigt<\/a>.<\/p>\n","protected":false},"excerpt":{"rendered":"<p>Der Wind ist nach Temperatur, Luftfeuchte und Niederschlag eines der wichtigsten Wetterparameter. Wir haben uns vor einiger Zeit schon damit besch\u00e4ftigt, was man bei der Messung des Windes beachten sollte. Hier sind weitere interessante&#46;&#46;&#46;<\/p>\n","protected":false},"author":1,"featured_media":10177,"comment_status":"open","ping_status":"open","sticky":false,"template":"","format":"standard","meta":{"footnotes":""},"categories":[207],"tags":[24,74,33],"class_list":["post-10176","post","type-post","status-publish","format-standard","has-post-thumbnail","hentry","category-wetterstation","tag-sturm","tag-wetterstation","tag-wind"],"yoast_head":"<!-- This site is optimized with the Yoast SEO plugin v25.5 - https:\/\/yoast.com\/wordpress\/plugins\/seo\/ -->\n<title>Neun Fakten zum Wetterparameter Wind - Wetter-Center.de<\/title>\n<meta name=\"robots\" content=\"index, follow, max-snippet:-1, max-image-preview:large, max-video-preview:-1\" \/>\n<link rel=\"canonical\" href=\"https:\/\/www.wetter-center.de\/blog\/neun-fakten-zum-wind\/\" \/>\n<meta property=\"og:locale\" content=\"de_DE\" \/>\n<meta property=\"og:type\" content=\"article\" \/>\n<meta property=\"og:title\" content=\"Neun Fakten zum Wetterparameter Wind - Wetter-Center.de\" \/>\n<meta property=\"og:description\" content=\"Der Wind ist nach Temperatur, Luftfeuchte und Niederschlag eines der wichtigsten Wetterparameter. Wir haben uns vor einiger Zeit schon damit besch\u00e4ftigt, was man bei der Messung des Windes beachten sollte. Hier sind weitere interessante&#046;&#046;&#046;\" \/>\n<meta property=\"og:url\" content=\"https:\/\/www.wetter-center.de\/blog\/neun-fakten-zum-wind\/\" \/>\n<meta property=\"og:site_name\" content=\"Wetter-Center.de\" \/>\n<meta property=\"article:publisher\" content=\"https:\/\/www.facebook.com\/WetterUndKlima\" \/>\n<meta property=\"article:author\" content=\"https:\/\/www.facebook.com\/WetterUndKlima\" \/>\n<meta property=\"article:published_time\" content=\"2020-01-18T18:04:57+00:00\" \/>\n<meta property=\"article:modified_time\" content=\"2020-02-09T17:21:17+00:00\" \/>\n<meta property=\"og:image\" content=\"https:\/\/www.wetter-center.de\/blog\/wp-content\/uploads\/2020\/01\/air-bag-1857099_640.jpg\" \/>\n\t<meta property=\"og:image:width\" content=\"640\" \/>\n\t<meta property=\"og:image:height\" content=\"426\" \/>\n\t<meta property=\"og:image:type\" content=\"image\/jpeg\" \/>\n<meta name=\"author\" content=\"meteomara\" \/>\n<meta name=\"twitter:card\" content=\"summary_large_image\" \/>\n<meta name=\"twitter:creator\" content=\"@https:\/\/twitter.com\/meteomara\" \/>\n<meta name=\"twitter:site\" content=\"@meteomara\" \/>\n<meta name=\"twitter:label1\" content=\"Geschrieben von\" \/>\n\t<meta name=\"twitter:data1\" content=\"meteomara\" \/>\n\t<meta name=\"twitter:label2\" content=\"Gesch\u00e4tzte Lesezeit\" \/>\n\t<meta name=\"twitter:data2\" content=\"3\u00a0Minuten\" \/>\n<script type=\"application\/ld+json\" class=\"yoast-schema-graph\">{\"@context\":\"https:\/\/schema.org\",\"@graph\":[{\"@type\":\"Article\",\"@id\":\"https:\/\/www.wetter-center.de\/blog\/neun-fakten-zum-wind\/#article\",\"isPartOf\":{\"@id\":\"https:\/\/www.wetter-center.de\/blog\/neun-fakten-zum-wind\/\"},\"author\":{\"name\":\"meteomara\",\"@id\":\"https:\/\/www.wetter-center.de\/blog\/#\/schema\/person\/6c69612ad4763a699cd157cfbbfa6667\"},\"headline\":\"Neun Fakten zum Wetterparameter Wind\",\"datePublished\":\"2020-01-18T18:04:57+00:00\",\"dateModified\":\"2020-02-09T17:21:17+00:00\",\"mainEntityOfPage\":{\"@id\":\"https:\/\/www.wetter-center.de\/blog\/neun-fakten-zum-wind\/\"},\"wordCount\":526,\"commentCount\":0,\"publisher\":{\"@id\":\"https:\/\/www.wetter-center.de\/blog\/#\/schema\/person\/6c69612ad4763a699cd157cfbbfa6667\"},\"image\":{\"@id\":\"https:\/\/www.wetter-center.de\/blog\/neun-fakten-zum-wind\/#primaryimage\"},\"thumbnailUrl\":\"https:\/\/www.wetter-center.de\/blog\/wp-content\/uploads\/2020\/01\/air-bag-1857099_640.jpg\",\"keywords\":[\"Sturm\",\"Wetterstation\",\"wind\"],\"articleSection\":[\"Wetterstation\"],\"inLanguage\":\"de\",\"potentialAction\":[{\"@type\":\"CommentAction\",\"name\":\"Comment\",\"target\":[\"https:\/\/www.wetter-center.de\/blog\/neun-fakten-zum-wind\/#respond\"]}]},{\"@type\":\"WebPage\",\"@id\":\"https:\/\/www.wetter-center.de\/blog\/neun-fakten-zum-wind\/\",\"url\":\"https:\/\/www.wetter-center.de\/blog\/neun-fakten-zum-wind\/\",\"name\":\"Neun Fakten zum Wetterparameter Wind - Wetter-Center.de\",\"isPartOf\":{\"@id\":\"https:\/\/www.wetter-center.de\/blog\/#website\"},\"primaryImageOfPage\":{\"@id\":\"https:\/\/www.wetter-center.de\/blog\/neun-fakten-zum-wind\/#primaryimage\"},\"image\":{\"@id\":\"https:\/\/www.wetter-center.de\/blog\/neun-fakten-zum-wind\/#primaryimage\"},\"thumbnailUrl\":\"https:\/\/www.wetter-center.de\/blog\/wp-content\/uploads\/2020\/01\/air-bag-1857099_640.jpg\",\"datePublished\":\"2020-01-18T18:04:57+00:00\",\"dateModified\":\"2020-02-09T17:21:17+00:00\",\"breadcrumb\":{\"@id\":\"https:\/\/www.wetter-center.de\/blog\/neun-fakten-zum-wind\/#breadcrumb\"},\"inLanguage\":\"de\",\"potentialAction\":[{\"@type\":\"ReadAction\",\"target\":[\"https:\/\/www.wetter-center.de\/blog\/neun-fakten-zum-wind\/\"]}]},{\"@type\":\"ImageObject\",\"inLanguage\":\"de\",\"@id\":\"https:\/\/www.wetter-center.de\/blog\/neun-fakten-zum-wind\/#primaryimage\",\"url\":\"https:\/\/www.wetter-center.de\/blog\/wp-content\/uploads\/2020\/01\/air-bag-1857099_640.jpg\",\"contentUrl\":\"https:\/\/www.wetter-center.de\/blog\/wp-content\/uploads\/2020\/01\/air-bag-1857099_640.jpg\",\"width\":640,\"height\":426},{\"@type\":\"BreadcrumbList\",\"@id\":\"https:\/\/www.wetter-center.de\/blog\/neun-fakten-zum-wind\/#breadcrumb\",\"itemListElement\":[{\"@type\":\"ListItem\",\"position\":1,\"name\":\"Startseite\",\"item\":\"https:\/\/www.wetter-center.de\/blog\/\"},{\"@type\":\"ListItem\",\"position\":2,\"name\":\"Neun Fakten zum Wetterparameter Wind\"}]},{\"@type\":\"WebSite\",\"@id\":\"https:\/\/www.wetter-center.de\/blog\/#website\",\"url\":\"https:\/\/www.wetter-center.de\/blog\/\",\"name\":\"Wetter-Center.de\",\"description\":\"\",\"publisher\":{\"@id\":\"https:\/\/www.wetter-center.de\/blog\/#\/schema\/person\/6c69612ad4763a699cd157cfbbfa6667\"},\"potentialAction\":[{\"@type\":\"SearchAction\",\"target\":{\"@type\":\"EntryPoint\",\"urlTemplate\":\"https:\/\/www.wetter-center.de\/blog\/?s={search_term_string}\"},\"query-input\":{\"@type\":\"PropertyValueSpecification\",\"valueRequired\":true,\"valueName\":\"search_term_string\"}}],\"inLanguage\":\"de\"},{\"@type\":[\"Person\",\"Organization\"],\"@id\":\"https:\/\/www.wetter-center.de\/blog\/#\/schema\/person\/6c69612ad4763a699cd157cfbbfa6667\",\"name\":\"meteomara\",\"image\":{\"@type\":\"ImageObject\",\"inLanguage\":\"de\",\"@id\":\"https:\/\/www.wetter-center.de\/blog\/#\/schema\/person\/image\/\",\"url\":\"https:\/\/www.wetter-center.de\/blog\/wp-content\/uploads\/2022\/08\/sky-1551171_1280.jpg\",\"contentUrl\":\"https:\/\/www.wetter-center.de\/blog\/wp-content\/uploads\/2022\/08\/sky-1551171_1280.jpg\",\"width\":1280,\"height\":643,\"caption\":\"meteomara\"},\"logo\":{\"@id\":\"https:\/\/www.wetter-center.de\/blog\/#\/schema\/person\/image\/\"},\"sameAs\":[\"https:\/\/www.facebook.com\/WetterUndKlima\",\"https:\/\/www.instagram.com\/wettercenterde\/\",\"https:\/\/x.com\/https:\/\/twitter.com\/meteomara\"],\"url\":\"https:\/\/www.wetter-center.de\/blog\/author\/meteomara\/\"}]}<\/script>\n<!-- \/ Yoast SEO plugin. -->","yoast_head_json":{"title":"Neun Fakten zum Wetterparameter Wind - Wetter-Center.de","robots":{"index":"index","follow":"follow","max-snippet":"max-snippet:-1","max-image-preview":"max-image-preview:large","max-video-preview":"max-video-preview:-1"},"canonical":"https:\/\/www.wetter-center.de\/blog\/neun-fakten-zum-wind\/","og_locale":"de_DE","og_type":"article","og_title":"Neun Fakten zum Wetterparameter Wind - Wetter-Center.de","og_description":"Der Wind ist nach Temperatur, Luftfeuchte und Niederschlag eines der wichtigsten Wetterparameter. Wir haben uns vor einiger Zeit schon damit besch\u00e4ftigt, was man bei der Messung des Windes beachten sollte. Hier sind weitere interessante&#46;&#46;&#46;","og_url":"https:\/\/www.wetter-center.de\/blog\/neun-fakten-zum-wind\/","og_site_name":"Wetter-Center.de","article_publisher":"https:\/\/www.facebook.com\/WetterUndKlima","article_author":"https:\/\/www.facebook.com\/WetterUndKlima","article_published_time":"2020-01-18T18:04:57+00:00","article_modified_time":"2020-02-09T17:21:17+00:00","og_image":[{"width":640,"height":426,"url":"https:\/\/www.wetter-center.de\/blog\/wp-content\/uploads\/2020\/01\/air-bag-1857099_640.jpg","type":"image\/jpeg"}],"author":"meteomara","twitter_card":"summary_large_image","twitter_creator":"@https:\/\/twitter.com\/meteomara","twitter_site":"@meteomara","twitter_misc":{"Geschrieben von":"meteomara","Gesch\u00e4tzte Lesezeit":"3\u00a0Minuten"},"schema":{"@context":"https:\/\/schema.org","@graph":[{"@type":"Article","@id":"https:\/\/www.wetter-center.de\/blog\/neun-fakten-zum-wind\/#article","isPartOf":{"@id":"https:\/\/www.wetter-center.de\/blog\/neun-fakten-zum-wind\/"},"author":{"name":"meteomara","@id":"https:\/\/www.wetter-center.de\/blog\/#\/schema\/person\/6c69612ad4763a699cd157cfbbfa6667"},"headline":"Neun Fakten zum Wetterparameter Wind","datePublished":"2020-01-18T18:04:57+00:00","dateModified":"2020-02-09T17:21:17+00:00","mainEntityOfPage":{"@id":"https:\/\/www.wetter-center.de\/blog\/neun-fakten-zum-wind\/"},"wordCount":526,"commentCount":0,"publisher":{"@id":"https:\/\/www.wetter-center.de\/blog\/#\/schema\/person\/6c69612ad4763a699cd157cfbbfa6667"},"image":{"@id":"https:\/\/www.wetter-center.de\/blog\/neun-fakten-zum-wind\/#primaryimage"},"thumbnailUrl":"https:\/\/www.wetter-center.de\/blog\/wp-content\/uploads\/2020\/01\/air-bag-1857099_640.jpg","keywords":["Sturm","Wetterstation","wind"],"articleSection":["Wetterstation"],"inLanguage":"de","potentialAction":[{"@type":"CommentAction","name":"Comment","target":["https:\/\/www.wetter-center.de\/blog\/neun-fakten-zum-wind\/#respond"]}]},{"@type":"WebPage","@id":"https:\/\/www.wetter-center.de\/blog\/neun-fakten-zum-wind\/","url":"https:\/\/www.wetter-center.de\/blog\/neun-fakten-zum-wind\/","name":"Neun Fakten zum Wetterparameter Wind - Wetter-Center.de","isPartOf":{"@id":"https:\/\/www.wetter-center.de\/blog\/#website"},"primaryImageOfPage":{"@id":"https:\/\/www.wetter-center.de\/blog\/neun-fakten-zum-wind\/#primaryimage"},"image":{"@id":"https:\/\/www.wetter-center.de\/blog\/neun-fakten-zum-wind\/#primaryimage"},"thumbnailUrl":"https:\/\/www.wetter-center.de\/blog\/wp-content\/uploads\/2020\/01\/air-bag-1857099_640.jpg","datePublished":"2020-01-18T18:04:57+00:00","dateModified":"2020-02-09T17:21:17+00:00","breadcrumb":{"@id":"https:\/\/www.wetter-center.de\/blog\/neun-fakten-zum-wind\/#breadcrumb"},"inLanguage":"de","potentialAction":[{"@type":"ReadAction","target":["https:\/\/www.wetter-center.de\/blog\/neun-fakten-zum-wind\/"]}]},{"@type":"ImageObject","inLanguage":"de","@id":"https:\/\/www.wetter-center.de\/blog\/neun-fakten-zum-wind\/#primaryimage","url":"https:\/\/www.wetter-center.de\/blog\/wp-content\/uploads\/2020\/01\/air-bag-1857099_640.jpg","contentUrl":"https:\/\/www.wetter-center.de\/blog\/wp-content\/uploads\/2020\/01\/air-bag-1857099_640.jpg","width":640,"height":426},{"@type":"BreadcrumbList","@id":"https:\/\/www.wetter-center.de\/blog\/neun-fakten-zum-wind\/#breadcrumb","itemListElement":[{"@type":"ListItem","position":1,"name":"Startseite","item":"https:\/\/www.wetter-center.de\/blog\/"},{"@type":"ListItem","position":2,"name":"Neun Fakten zum Wetterparameter Wind"}]},{"@type":"WebSite","@id":"https:\/\/www.wetter-center.de\/blog\/#website","url":"https:\/\/www.wetter-center.de\/blog\/","name":"Wetter-Center.de","description":"","publisher":{"@id":"https:\/\/www.wetter-center.de\/blog\/#\/schema\/person\/6c69612ad4763a699cd157cfbbfa6667"},"potentialAction":[{"@type":"SearchAction","target":{"@type":"EntryPoint","urlTemplate":"https:\/\/www.wetter-center.de\/blog\/?s={search_term_string}"},"query-input":{"@type":"PropertyValueSpecification","valueRequired":true,"valueName":"search_term_string"}}],"inLanguage":"de"},{"@type":["Person","Organization"],"@id":"https:\/\/www.wetter-center.de\/blog\/#\/schema\/person\/6c69612ad4763a699cd157cfbbfa6667","name":"meteomara","image":{"@type":"ImageObject","inLanguage":"de","@id":"https:\/\/www.wetter-center.de\/blog\/#\/schema\/person\/image\/","url":"https:\/\/www.wetter-center.de\/blog\/wp-content\/uploads\/2022\/08\/sky-1551171_1280.jpg","contentUrl":"https:\/\/www.wetter-center.de\/blog\/wp-content\/uploads\/2022\/08\/sky-1551171_1280.jpg","width":1280,"height":643,"caption":"meteomara"},"logo":{"@id":"https:\/\/www.wetter-center.de\/blog\/#\/schema\/person\/image\/"},"sameAs":["https:\/\/www.facebook.com\/WetterUndKlima","https:\/\/www.instagram.com\/wettercenterde\/","https:\/\/x.com\/https:\/\/twitter.com\/meteomara"],"url":"https:\/\/www.wetter-center.de\/blog\/author\/meteomara\/"}]}},"amp_enabled":true,"_links":{"self":[{"href":"https:\/\/www.wetter-center.de\/blog\/wp-json\/wp\/v2\/posts\/10176","targetHints":{"allow":["GET"]}}],"collection":[{"href":"https:\/\/www.wetter-center.de\/blog\/wp-json\/wp\/v2\/posts"}],"about":[{"href":"https:\/\/www.wetter-center.de\/blog\/wp-json\/wp\/v2\/types\/post"}],"author":[{"embeddable":true,"href":"https:\/\/www.wetter-center.de\/blog\/wp-json\/wp\/v2\/users\/1"}],"replies":[{"embeddable":true,"href":"https:\/\/www.wetter-center.de\/blog\/wp-json\/wp\/v2\/comments?post=10176"}],"version-history":[{"count":0,"href":"https:\/\/www.wetter-center.de\/blog\/wp-json\/wp\/v2\/posts\/10176\/revisions"}],"wp:featuredmedia":[{"embeddable":true,"href":"https:\/\/www.wetter-center.de\/blog\/wp-json\/wp\/v2\/media\/10177"}],"wp:attachment":[{"href":"https:\/\/www.wetter-center.de\/blog\/wp-json\/wp\/v2\/media?parent=10176"}],"wp:term":[{"taxonomy":"category","embeddable":true,"href":"https:\/\/www.wetter-center.de\/blog\/wp-json\/wp\/v2\/categories?post=10176"},{"taxonomy":"post_tag","embeddable":true,"href":"https:\/\/www.wetter-center.de\/blog\/wp-json\/wp\/v2\/tags?post=10176"}],"curies":[{"name":"wp","href":"https:\/\/api.w.org\/{rel}","templated":true}]}}